{"id":2823,"date":"2018-04-24T14:07:40","date_gmt":"2018-04-24T12:07:40","guid":{"rendered":"http:\/\/dypall.com\/?p=2823"},"modified":"2018-04-24T14:07:40","modified_gmt":"2018-04-24T12:07:40","slug":"seminar-models-of-youth-participation-at-the-local-level-in-europe","status":"publish","type":"post","link":"https:\/\/dypall.com\/pl\/activity\/seminar-models-of-youth-participation-at-the-local-level-in-europe\/","title":{"rendered":"Seminarium pt. \u201eModele uczestnictwa m\u0142odzie\u017cy na szczeblu lokalnym w Europie\u201d"},"content":{"rendered":"<p>Seminarium pt. \u201eModele uczestnictwa m\u0142odzie\u017cy na szczeblu lokalnym w Europie\u201d zorganizowano 19 kwietnia 2018 r. w Set\u00fabal w Portugalii. Zaprezentowano r\u00f3\u017cne ciekawe praktyki anga\u017cowania m\u0142odzie\u017cy w procesy decyzyjne na szczeblu lokalnym z Belgii, Portugalii, Polski, Hiszpanii, W\u0142och, Macedonii, Rumunii i S\u0142owenii. Ponad 30 uczestnik\u00f3w z organizacji spo\u0142ecze\u0144stwa obywatelskiego i gmin z ca\u0142ej Europy om\u00f3wi\u0142o wyzwania zwi\u0105zane z uczestnictwem m\u0142odzie\u017cy w procesach decyzyjnych i podzieli\u0142o si\u0119 najlepszymi praktykami. Seminarium pomog\u0142o zwi\u0119kszy\u0107 \u015bwiadomo\u015b\u0107, \u017ce uczestnictwo w budowaniu autonomii i poczucia obywatelstwa m\u0142odzie\u017cy ma zasadnicze znaczenie dla tworzenia spo\u0142ecze\u0144stw europejskich opartych na warto\u015bciach demokratycznych i aktywnym uczestnictwie obywateli.<\/p>\n<p>By\u0142o to pierwsze dzia\u0142anie w ramach d\u0142ugoterminowego projektu \u201eUczestnictwo m\u0142odzie\u017cy\u201d zorganizowanego przez sie\u0107 DYPALL i jej partner\u00f3w. <span style=\"color: #000080;\"><a style=\"color: #000080;\" href=\"http:\/\/www.arsprogress.eu\/\">ARS dla post\u0119pu ludzi<\/a><\/span> (Belgia), <span style=\"color: #000080;\"><a style=\"color: #000080;\" href=\"http:\/\/cid.mk\/\">CID<\/a><\/span> (Macedonia), <span style=\"color: #000080;\"><a style=\"color: #000080;\" href=\"http:\/\/www.europe4youth.eu\/\">Europe4Youth<\/a><\/span> (Polska) oraz <span style=\"color: #000080;\"><a style=\"color: #000080;\" href=\"http:\/\/www.consiglio.regione.campania.it\/forumgiovani\">FRG Kampania<\/a><\/span> (W\u0142ochy) w ramach akcji kluczowej 2 programu Erasmus+: Wsp\u00f3\u0142praca na rzecz innowacji i wymiany dobrych praktyk. Nast\u0119pnie odby\u0142o si\u0119 pierwsze spotkanie partner\u00f3w konsorcjum projektu oraz wizyta studyjna w Centrum Aktywnego Obywatelstwa.<\/p>\n<p>Opr\u00f3cz seminarium w ramach projektu odb\u0119dzie si\u0119 szkolenie, konferencja oraz <span style=\"color: #000080;\"><a style=\"color: #000080;\" href=\"http:\/\/dypall.com\/pl\/2017\/11\/25\/survey-on-models-of-youth-participation-in-decision-making-processes-in-the-local-government\/\">Badanie <\/a><\/span>w sprawie modeli, instrument\u00f3w i najlepszych praktyk w zakresie uczestnictwa m\u0142odzie\u017cy na szczeblu krajowym, prowadzonych przez ka\u017cd\u0105 z organizacji partnerskich w ich krajach.<\/p>\n<p>Seminarium zosta\u0142o zorganizowane przy wsparciu finansowym programu Erasmus+ we wsp\u00f3\u0142pracy z IPDJ (Portugalskim Instytutem Sportu i M\u0142odzie\u017cy) przy wsparciu gminy Set\u00fabal (Gabinete de Juventude Set\u00fabal).<\/p>\n<p><img decoding=\"async\" class=\"alignnone size-column211 wp-image-2839\" src=\"http:\/\/dypall.com\/wp-content\/uploads\/2018\/04\/DSC0249.jpg\" alt=\"\" \/><\/p>\n<p><img decoding=\"async\" class=\"alignnone size-column211 wp-image-2838\" src=\"http:\/\/dypall.com\/wp-content\/uploads\/2018\/04\/DSC0232.jpg\" alt=\"\" \/><\/p>\n<p><img decoding=\"async\" class=\"alignnone size-column211 wp-image-2836\" src=\"http:\/\/dypall.com\/wp-content\/uploads\/2018\/04\/DSC0181.jpg\" alt=\"\" \/><\/p>\n<p><img decoding=\"async\" class=\"alignnone size-column211 wp-image-2834\" src=\"http:\/\/dypall.com\/wp-content\/uploads\/2018\/04\/DSC0143.jpg\" alt=\"\" \/><\/p>\n<p><img decoding=\"async\" class=\"alignnone size-column211 wp-image-2833\" src=\"http:\/\/dypall.com\/wp-content\/uploads\/2018\/04\/DSC0141.jpg\" alt=\"\" \/><\/p>\n<p><img decoding=\"async\" class=\"alignnone size-column211 wp-image-2832\" src=\"http:\/\/dypall.com\/wp-content\/uploads\/2018\/04\/DSC0137.jpg\" alt=\"\" \/><\/p>\n<p><img decoding=\"async\" class=\"alignnone size-column211 wp-image-2831\" src=\"http:\/\/dypall.com\/wp-content\/uploads\/2018\/04\/DSC0093.jpg\" alt=\"\" \/><\/p>\n<p><img decoding=\"async\" class=\"alignnone size-column211 wp-image-2830\" src=\"http:\/\/dypall.com\/wp-content\/uploads\/2018\/04\/DSC0086.jpg\" alt=\"\" \/><\/p>\n<p><img decoding=\"async\" class=\"alignnone size-column211 wp-image-2829\" src=\"http:\/\/dypall.com\/wp-content\/uploads\/2018\/04\/DSC0082.jpg\" alt=\"\" \/><\/p>\n<p><img decoding=\"async\" class=\"alignnone size-column211 wp-image-2828\" src=\"http:\/\/dypall.com\/wp-content\/uploads\/2018\/04\/DSC0058.jpg\" alt=\"\" \/><\/p>\n<p><img decoding=\"async\" class=\"alignnone size-column211 wp-image-2827\" src=\"http:\/\/dypall.com\/wp-content\/uploads\/2018\/04\/DSC0030.jpg\" alt=\"\" \/><\/p>\n<p><img decoding=\"async\" class=\"alignnone size-column211 wp-image-2826\" src=\"http:\/\/dypall.com\/wp-content\/uploads\/2018\/04\/DSC0026.jpg\" alt=\"\" \/><\/p>\n<p><img decoding=\"async\" class=\"alignnone size-column211 wp-image-2825\" src=\"http:\/\/dypall.com\/wp-content\/uploads\/2018\/04\/DSC0008.jpg\" alt=\"\" \/><\/p>","protected":false},"excerpt":{"rendered":"<p>Seminarium pt. \u201eModele uczestnictwa m\u0142odzie\u017cy na szczeblu lokalnym w Europie\u201d zorganizowano 19 kwietnia 2018 r. w Set\u00fabal w Portugalii. Zaprezentowano r\u00f3\u017cne ciekawe praktyki anga\u017cowania m\u0142odzie\u017cy w procesy decyzyjne na szczeblu lokalnym z Belgii, Portugalii, Polski, Hiszpanii, W\u0142och, Macedonii, Rumunii i S\u0142owenii. Ponad 30 uczestnik\u00f3w z organizacji spo\u0142ecze\u0144stwa obywatelskiego i gmin... <a class=\"more-link\" href=\"https:\/\/dypall.com\/pl\/activity\/seminar-models-of-youth-participation-at-the-local-level-in-europe\/\">Czytaj dalej <span class=\"screen-reader-text\">Seminarium pt. \u201eModele uczestnictwa m\u0142odzie\u017cy na szczeblu lokalnym w Europie\u201d<\/span><\/a><\/p>","protected":false},"author":1,"featured_media":2844,"comment_status":"closed","ping_status":"open","sticky":false,"template":"","format":"standard","meta":{"_acf_changed":false,"_jetpack_memberships_contains_paid_content":false,"footnotes":""},"categories":[111,112],"tags":[113,115],"class_list":["post-2823","post","type-post","status-publish","format-standard","has-post-thumbnail","hentry","category-activity","category-conference","tag-conference","tag-seminar","entry"],"acf":[],"yoast_head":"<!-- This site is optimized with the Yoast SEO plugin v22.8 - https:\/\/yoast.com\/wordpress\/plugins\/seo\/ -->\n<title>Seminar &quot;Models of youth participation at the local level in Europe&quot; - DYPALL Network<\/title>\n<meta name=\"robots\" content=\"index, follow, max-snippet:-1, max-image-preview:large, max-video-preview:-1\" \/>\n<link rel=\"canonical\" href=\"https:\/\/dypall.com\/pl\/activity\/seminar-models-of-youth-participation-at-the-local-level-in-europe\/\" \/>\n<meta property=\"og:locale\" content=\"pl_PL\" \/>\n<meta property=\"og:type\" content=\"article\" \/>\n<meta property=\"og:title\" content=\"Seminar &quot;Models of youth participation at the local level in Europe&quot; - DYPALL Network\" \/>\n<meta property=\"og:description\" content=\"Seminar &#8220;Models of youth participation at the local level in Europe&#8221; was organised on 19th April 2018 in Set\u00fabal, Portugal. Various interesting practices of engaging youth in decision-making processes at the local level from Belgium, Portugal, Poland, Spain, Italy, Macedonia, Romania, and Slovenia were presented. More than 30 participants from civil society organisations and municipalities&hellip; Czytaj dalej Seminar &#8220;Models of youth participation at the local level in Europe&#8221;\" \/>\n<meta property=\"og:url\" content=\"https:\/\/dypall.com\/pl\/activity\/seminar-models-of-youth-participation-at-the-local-level-in-europe\/\" \/>\n<meta property=\"og:site_name\" content=\"DYPALL Network\" \/>\n<meta property=\"article:published_time\" content=\"2018-04-24T12:07:40+00:00\" \/>\n<meta name=\"author\" content=\"DYPALL Network\" \/>\n<meta name=\"twitter:card\" content=\"summary_large_image\" \/>\n<meta name=\"twitter:label1\" content=\"Written by\" \/>\n\t<meta name=\"twitter:data1\" content=\"DYPALL Network\" \/>\n\t<meta name=\"twitter:label2\" content=\"Est. reading time\" \/>\n\t<meta name=\"twitter:data2\" content=\"1 minuta\" \/>\n<script type=\"application\/ld+json\" class=\"yoast-schema-graph\">{\"@context\":\"https:\/\/schema.org\",\"@graph\":[{\"@type\":\"WebPage\",\"@id\":\"https:\/\/dypall.com\/activity\/seminar-models-of-youth-participation-at-the-local-level-in-europe\/\",\"url\":\"https:\/\/dypall.com\/activity\/seminar-models-of-youth-participation-at-the-local-level-in-europe\/\",\"name\":\"Seminar \\\"Models of youth participation at the local level in Europe\\\" - DYPALL Network\",\"isPartOf\":{\"@id\":\"https:\/\/dypall.com\/#website\"},\"primaryImageOfPage\":{\"@id\":\"https:\/\/dypall.com\/activity\/seminar-models-of-youth-participation-at-the-local-level-in-europe\/#primaryimage\"},\"image\":{\"@id\":\"https:\/\/dypall.com\/activity\/seminar-models-of-youth-participation-at-the-local-level-in-europe\/#primaryimage\"},\"thumbnailUrl\":\"\",\"datePublished\":\"2018-04-24T12:07:40+00:00\",\"dateModified\":\"2018-04-24T12:07:40+00:00\",\"author\":{\"@id\":\"https:\/\/dypall.com\/#\/schema\/person\/f92e08aa15c8ba711a9d153129f03377\"},\"breadcrumb\":{\"@id\":\"https:\/\/dypall.com\/activity\/seminar-models-of-youth-participation-at-the-local-level-in-europe\/#breadcrumb\"},\"inLanguage\":\"pl-PL\",\"potentialAction\":[{\"@type\":\"ReadAction\",\"target\":[\"https:\/\/dypall.com\/activity\/seminar-models-of-youth-participation-at-the-local-level-in-europe\/\"]}]},{\"@type\":\"ImageObject\",\"inLanguage\":\"pl-PL\",\"@id\":\"https:\/\/dypall.com\/activity\/seminar-models-of-youth-participation-at-the-local-level-in-europe\/#primaryimage\",\"url\":\"\",\"contentUrl\":\"\"},{\"@type\":\"BreadcrumbList\",\"@id\":\"https:\/\/dypall.com\/activity\/seminar-models-of-youth-participation-at-the-local-level-in-europe\/#breadcrumb\",\"itemListElement\":[{\"@type\":\"ListItem\",\"position\":1,\"name\":\"Home\",\"item\":\"https:\/\/dypall.com\/\"},{\"@type\":\"ListItem\",\"position\":2,\"name\":\"Seminar &#8220;Models of youth participation at the local level in Europe&#8221;\"}]},{\"@type\":\"WebSite\",\"@id\":\"https:\/\/dypall.com\/#website\",\"url\":\"https:\/\/dypall.com\/\",\"name\":\"DYPALL Network\",\"description\":\"We are a European network of civil society organisations, municipalities and research institutions dedicated to improving democracy through youth participation.\",\"potentialAction\":[{\"@type\":\"SearchAction\",\"target\":{\"@type\":\"EntryPoint\",\"urlTemplate\":\"https:\/\/dypall.com\/?s={search_term_string}\"},\"query-input\":\"required name=search_term_string\"}],\"inLanguage\":\"pl-PL\"},{\"@type\":\"Person\",\"@id\":\"https:\/\/dypall.com\/#\/schema\/person\/f92e08aa15c8ba711a9d153129f03377\",\"name\":\"DYPALL Network\",\"image\":{\"@type\":\"ImageObject\",\"inLanguage\":\"pl-PL\",\"@id\":\"https:\/\/dypall.com\/#\/schema\/person\/image\/\",\"url\":\"https:\/\/secure.gravatar.com\/avatar\/9c39e299279800c6d69c5e02cf613e7bab060889f373052a03d7ac399e8f0d3c?s=96&d=mm&r=g\",\"contentUrl\":\"https:\/\/secure.gravatar.com\/avatar\/9c39e299279800c6d69c5e02cf613e7bab060889f373052a03d7ac399e8f0d3c?s=96&d=mm&r=g\",\"caption\":\"DYPALL Network\"},\"sameAs\":[\"https:\/\/dypall.com\"],\"url\":\"https:\/\/dypall.com\/pl\/author\/dypall\/\"}]}<\/script>\n<!-- \/ Yoast SEO plugin. -->","yoast_head_json":{"title":"Seminar \"Models of youth participation at the local level in Europe\" - DYPALL Network","robots":{"index":"index","follow":"follow","max-snippet":"max-snippet:-1","max-image-preview":"max-image-preview:large","max-video-preview":"max-video-preview:-1"},"canonical":"https:\/\/dypall.com\/pl\/activity\/seminar-models-of-youth-participation-at-the-local-level-in-europe\/","og_locale":"pl_PL","og_type":"article","og_title":"Seminar \"Models of youth participation at the local level in Europe\" - DYPALL Network","og_description":"Seminar &#8220;Models of youth participation at the local level in Europe&#8221; was organised on 19th April 2018 in Set\u00fabal, Portugal. Various interesting practices of engaging youth in decision-making processes at the local level from Belgium, Portugal, Poland, Spain, Italy, Macedonia, Romania, and Slovenia were presented. More than 30 participants from civil society organisations and municipalities&hellip; Czytaj dalej Seminar &#8220;Models of youth participation at the local level in Europe&#8221;","og_url":"https:\/\/dypall.com\/pl\/activity\/seminar-models-of-youth-participation-at-the-local-level-in-europe\/","og_site_name":"DYPALL Network","article_published_time":"2018-04-24T12:07:40+00:00","author":"DYPALL Network","twitter_card":"summary_large_image","twitter_misc":{"Written by":"DYPALL Network","Est. reading time":"1 minuta"},"schema":{"@context":"https:\/\/schema.org","@graph":[{"@type":"WebPage","@id":"https:\/\/dypall.com\/activity\/seminar-models-of-youth-participation-at-the-local-level-in-europe\/","url":"https:\/\/dypall.com\/activity\/seminar-models-of-youth-participation-at-the-local-level-in-europe\/","name":"Seminar \"Models of youth participation at the local level in Europe\" - DYPALL Network","isPartOf":{"@id":"https:\/\/dypall.com\/#website"},"primaryImageOfPage":{"@id":"https:\/\/dypall.com\/activity\/seminar-models-of-youth-participation-at-the-local-level-in-europe\/#primaryimage"},"image":{"@id":"https:\/\/dypall.com\/activity\/seminar-models-of-youth-participation-at-the-local-level-in-europe\/#primaryimage"},"thumbnailUrl":"","datePublished":"2018-04-24T12:07:40+00:00","dateModified":"2018-04-24T12:07:40+00:00","author":{"@id":"https:\/\/dypall.com\/#\/schema\/person\/f92e08aa15c8ba711a9d153129f03377"},"breadcrumb":{"@id":"https:\/\/dypall.com\/activity\/seminar-models-of-youth-participation-at-the-local-level-in-europe\/#breadcrumb"},"inLanguage":"pl-PL","potentialAction":[{"@type":"ReadAction","target":["https:\/\/dypall.com\/activity\/seminar-models-of-youth-participation-at-the-local-level-in-europe\/"]}]},{"@type":"ImageObject","inLanguage":"pl-PL","@id":"https:\/\/dypall.com\/activity\/seminar-models-of-youth-participation-at-the-local-level-in-europe\/#primaryimage","url":"","contentUrl":""},{"@type":"BreadcrumbList","@id":"https:\/\/dypall.com\/activity\/seminar-models-of-youth-participation-at-the-local-level-in-europe\/#breadcrumb","itemListElement":[{"@type":"ListItem","position":1,"name":"Home","item":"https:\/\/dypall.com\/"},{"@type":"ListItem","position":2,"name":"Seminar &#8220;Models of youth participation at the local level in Europe&#8221;"}]},{"@type":"WebSite","@id":"https:\/\/dypall.com\/#website","url":"https:\/\/dypall.com\/","name":"DYPALL Network","description":"We are a European network of civil society organisations, municipalities and research institutions dedicated to improving democracy through youth participation.","potentialAction":[{"@type":"SearchAction","target":{"@type":"EntryPoint","urlTemplate":"https:\/\/dypall.com\/?s={search_term_string}"},"query-input":"required name=search_term_string"}],"inLanguage":"pl-PL"},{"@type":"Person","@id":"https:\/\/dypall.com\/#\/schema\/person\/f92e08aa15c8ba711a9d153129f03377","name":"DYPALL Network","image":{"@type":"ImageObject","inLanguage":"pl-PL","@id":"https:\/\/dypall.com\/#\/schema\/person\/image\/","url":"https:\/\/secure.gravatar.com\/avatar\/9c39e299279800c6d69c5e02cf613e7bab060889f373052a03d7ac399e8f0d3c?s=96&d=mm&r=g","contentUrl":"https:\/\/secure.gravatar.com\/avatar\/9c39e299279800c6d69c5e02cf613e7bab060889f373052a03d7ac399e8f0d3c?s=96&d=mm&r=g","caption":"DYPALL Network"},"sameAs":["https:\/\/dypall.com"],"url":"https:\/\/dypall.com\/pl\/author\/dypall\/"}]}},"jetpack_featured_media_url":"","jetpack_sharing_enabled":true,"_links":{"self":[{"href":"https:\/\/dypall.com\/pl\/wp-json\/wp\/v2\/posts\/2823","targetHints":{"allow":["GET"]}}],"collection":[{"href":"https:\/\/dypall.com\/pl\/wp-json\/wp\/v2\/posts"}],"about":[{"href":"https:\/\/dypall.com\/pl\/wp-json\/wp\/v2\/types\/post"}],"author":[{"embeddable":true,"href":"https:\/\/dypall.com\/pl\/wp-json\/wp\/v2\/users\/1"}],"replies":[{"embeddable":true,"href":"https:\/\/dypall.com\/pl\/wp-json\/wp\/v2\/comments?post=2823"}],"version-history":[{"count":0,"href":"https:\/\/dypall.com\/pl\/wp-json\/wp\/v2\/posts\/2823\/revisions"}],"wp:featuredmedia":[{"embeddable":true,"href":"https:\/\/dypall.com\/pl\/wp-json\/"}],"wp:attachment":[{"href":"https:\/\/dypall.com\/pl\/wp-json\/wp\/v2\/media?parent=2823"}],"wp:term":[{"taxonomy":"category","embeddable":true,"href":"https:\/\/dypall.com\/pl\/wp-json\/wp\/v2\/categories?post=2823"},{"taxonomy":"post_tag","embeddable":true,"href":"https:\/\/dypall.com\/pl\/wp-json\/wp\/v2\/tags?post=2823"}],"curies":[{"name":"wp","href":"https:\/\/api.w.org\/{rel}","templated":true}]}}