{"id":2730,"date":"2017-12-13T15:04:15","date_gmt":"2017-12-13T14:04:15","guid":{"rendered":"http:\/\/dypall.com\/?p=2730"},"modified":"2017-12-13T15:04:15","modified_gmt":"2017-12-13T14:04:15","slug":"training-course-young-migrant-voices","status":"publish","type":"post","link":"https:\/\/dypall.com\/pl\/activity\/training-course-young-migrant-voices\/","title":{"rendered":"Szkolenie \u201eYoung Migrant Voices\u201d"},"content":{"rendered":"<p>\u201eYoung Migrant Voices: szkolenie maj\u0105ce na celu zwi\u0119kszenie udzia\u0142u m\u0142odych migrant\u00f3w w procesach decyzyjnych na szczeblu lokalnym\u201d, kt\u00f3re odby\u0142o si\u0119 w dniach 3\u20139 grudnia 2017 r. w Lizbonie (Portugalia). Wzi\u0119\u0142o w nim udzia\u0142 30 os\u00f3b pracuj\u0105cych z m\u0142odzie\u017c\u0105 z dziesi\u0119ciu r\u00f3\u017cnych kraj\u00f3w (Niemcy, Niderlandy, Turcja, Macedonia, Finlandia, Malta, Rumunia, W\u0142ochy, S\u0142owacja i Portugalia), aby zbada\u0107 znaczenie i wyzwania zwi\u0105zane z uczestnictwem m\u0142odych migrant\u00f3w i m\u0142odzie\u017cy ze \u015brodowisk migracyjnych na szczeblu lokalnym.<\/p>\n<p>Podczas szkolenia uczestnicy mieli okazj\u0119 do wymiany i promowania reali\u00f3w i dobrych praktyk w zakresie wsp\u00f3\u0142pracy mi\u0119dzy w\u0142adzami lokalnymi a organizacjami spo\u0142ecze\u0144stwa obywatelskiego w celu w\u0142\u0105czenia m\u0142odych migrant\u00f3w w procesy decyzyjne. podnoszenie umiej\u0119tno\u015bci w zakresie motywowania i aktywnego anga\u017cowania m\u0142odych migrant\u00f3w i m\u0142odzie\u017cy ze \u015brodowisk migracyjnych w popraw\u0119 sytuacji spo\u0142eczno\u015bci, w kt\u00f3rych mieszkaj\u0105; jak zwi\u0119kszy\u0107 zaanga\u017cowanie wszystkich zainteresowanych stron w proces integracji m\u0142odych migrant\u00f3w w procesach decyzyjnych oraz jak wspiera\u0107 integracj\u0119 m\u0142odych migrant\u00f3w i rozwija\u0107 w\u015br\u00f3d nich poczucie przynale\u017cno\u015bci do spo\u0142eczno\u015bci przyjmuj\u0105cych.<\/p>\n<p>W ramach programu szkolenia odwiedzili\u015bmy\u00a0<span style=\"color: #3366ff;\"><a style=\"color: #3366ff;\" href=\"http:\/\/www.acm.gov.pt\/acm\">Wysoki Komisarz ds. Migracji<\/a><\/span>\u00a0oraz dwa projekty w ramach <span style=\"color: #3366ff;\"><a style=\"color: #3366ff;\" href=\"http:\/\/www.programaescolhas.pt\/\">Program \u201eWybory\u201d\u00a0<\/a><\/span>, rz\u0105dowy program wspieraj\u0105cy w\u0142\u0105czenie spo\u0142eczne m\u0142odych ludzi znajduj\u0105cych si\u0119 w trudnej sytuacji, w dzielnicach Apela\u00e7\u00e3o i Quinta do Mocho w Lizbonie.<\/p>\n<p>Jedn\u0105 z sesji szkolenia, w\u0142\u0105czon\u0105 do \u201eTygodnia Otwartego\u201d w Lizbo\u0144skim Centrum M\u0142odzie\u017cy, w kt\u00f3rym odby\u0142o si\u0119 szkolenie, by\u0142 okr\u0105g\u0142y st\u00f3\u0142 \u201eWsp\u00f3\u0142praca na rzecz inkluzywnego uczestnictwa m\u0142odzie\u017cy\u201d, kt\u00f3ry do\u0142\u0105czy\u0142 do uczestnik\u00f3w szkolenia wraz z lokalnymi dzia\u0142aczami m\u0142odzie\u017cowymi, uczestnikami obozu Boot na temat wolontariatu zorganizowanego przez Youth Coop.\u00a0 Zaproszeni prelegenci Luisa Magnano (program \u201eWybory\u201d), Cristina Silva (kierownik departamentu ds. m\u0142odzie\u017cy w gminie Almada), Ana Morgado (pracownik m\u0142odzie\u017cowy), Nuno Loureiro (krajowa rada m\u0142odzie\u017cy w Potuguese) i Ludgero Teixeira przedstawili swoje prace, w kt\u00f3rych zastanawiali si\u0119 nad w\u0142\u0105czeniem m\u0142odzie\u017cy migruj\u0105cej i m\u0142odzie\u017cy ze \u015brodowisk migracyjnych oraz nad znaczeniem ich aktywnego uczestnictwa w tworzeniu poczucia przynale\u017cno\u015bci do spo\u0142eczno\u015bci, a tym samym w budowaniu silnego i integracyjnego spo\u0142ecze\u0144stwa demokratycznego.<\/p>\n<p>By\u0142a to druga edycja szkolenia \u201eG\u0142osy m\u0142odych migrant\u00f3w\u201d, zorganizowanego przez sie\u0107 DYPALL we wsp\u00f3\u0142pracy z Migrafric\u0105 przy wsparciu programu Erasmus+.<\/p>\n<p><img loading=\"lazy\" decoding=\"async\" class=\"alignnone size-full wp-image-2756\" src=\"http:\/\/dypall.com\/wp-content\/uploads\/2017\/12\/IMG_0558-1.jpg\" alt=\"\" width=\"1920\" height=\"1280\" \/><\/p>\n<p><img loading=\"lazy\" decoding=\"async\" class=\"alignnone size-full wp-image-2755\" src=\"http:\/\/dypall.com\/wp-content\/uploads\/2017\/12\/IMG_0514.jpg\" alt=\"\" width=\"1920\" height=\"1280\" \/><\/p>\n<p><img loading=\"lazy\" decoding=\"async\" class=\"alignnone size-full wp-image-2751\" src=\"http:\/\/dypall.com\/wp-content\/uploads\/2017\/12\/IMG_0554-1.jpg\" alt=\"\" width=\"1920\" height=\"1280\" \/><\/p>\n<p><img loading=\"lazy\" decoding=\"async\" class=\"alignnone size-full wp-image-2750\" src=\"http:\/\/dypall.com\/wp-content\/uploads\/2017\/12\/IMG_0513.jpg\" alt=\"\" width=\"1920\" height=\"1280\" \/><\/p>\n<p><img loading=\"lazy\" decoding=\"async\" class=\"alignnone size-full wp-image-2748\" src=\"http:\/\/dypall.com\/wp-content\/uploads\/2017\/12\/IMG_0466-1-1.jpg\" alt=\"\" width=\"1920\" height=\"1280\" \/><\/p>\n<p><img loading=\"lazy\" decoding=\"async\" class=\"alignnone size-full wp-image-2747\" src=\"http:\/\/dypall.com\/wp-content\/uploads\/2017\/12\/IMG_0447-1.jpg\" alt=\"\" width=\"1920\" height=\"1280\" \/><\/p>\n<p><img loading=\"lazy\" decoding=\"async\" class=\"alignnone size-full wp-image-2744\" src=\"http:\/\/dypall.com\/wp-content\/uploads\/2017\/12\/IMG_0508-1.jpg\" alt=\"\" width=\"1920\" height=\"1280\" \/><\/p>\n<p><img loading=\"lazy\" decoding=\"async\" class=\"alignnone size-full wp-image-2743\" src=\"http:\/\/dypall.com\/wp-content\/uploads\/2017\/12\/IMG_0491-1.jpg\" alt=\"\" width=\"1920\" height=\"1280\" \/><\/p>\n<p><img loading=\"lazy\" decoding=\"async\" class=\"alignnone size-full wp-image-2738\" src=\"http:\/\/dypall.com\/wp-content\/uploads\/2017\/12\/YMVK-2-page-001.jpg\" alt=\"\" width=\"3508\" height=\"4961\" \/><\/p>","protected":false},"excerpt":{"rendered":"<p>\u201eYoung Migrant Voices: szkolenie maj\u0105ce na celu zwi\u0119kszenie udzia\u0142u m\u0142odych migrant\u00f3w w procesach decyzyjnych na szczeblu lokalnym\u201d, kt\u00f3re odby\u0142o si\u0119 w dniach 3\u20139 grudnia 2017 r. w Lizbonie (Portugalia). Wzi\u0119\u0142o w nim udzia\u0142 30 os\u00f3b pracuj\u0105cych z m\u0142odzie\u017c\u0105 z dziesi\u0119ciu r\u00f3\u017cnych kraj\u00f3w (Niemcy, Holandia, Turcja, Macedonia, Finlandia, Malta, Rumunia, W\u0142ochy, S\u0142owacja i Portugalia). <a class=\"more-link\" href=\"https:\/\/dypall.com\/pl\/activity\/training-course-young-migrant-voices\/\">Czytaj dalej <span class=\"screen-reader-text\">Szkolenie \u201eYoung Migrant Voices\u201d<\/span><\/a><\/p>","protected":false},"author":1,"featured_media":2747,"comment_status":"closed","ping_status":"open","sticky":false,"template":"","format":"standard","meta":{"_acf_changed":false,"_jetpack_memberships_contains_paid_content":false,"footnotes":""},"categories":[111,141],"tags":[136],"class_list":["post-2730","post","type-post","status-publish","format-standard","has-post-thumbnail","hentry","category-activity","category-training-course","tag-training-course","entry"],"acf":[],"yoast_head":"<!-- This site is optimized with the Yoast SEO plugin v22.8 - https:\/\/yoast.com\/wordpress\/plugins\/seo\/ -->\n<title>Training Course &quot;Young Migrant Voices&quot; - DYPALL Network<\/title>\n<meta name=\"robots\" content=\"index, follow, max-snippet:-1, max-image-preview:large, max-video-preview:-1\" \/>\n<link rel=\"canonical\" href=\"https:\/\/dypall.com\/pl\/activity\/training-course-young-migrant-voices\/\" \/>\n<meta property=\"og:locale\" content=\"pl_PL\" \/>\n<meta property=\"og:type\" content=\"article\" \/>\n<meta property=\"og:title\" content=\"Training Course &quot;Young Migrant Voices&quot; - DYPALL Network\" \/>\n<meta property=\"og:description\" content=\"&#8220;Young Migrant Voices: a training course for boosting participation of young migrants in decision-making processes at local level&#8221; took place from 3rd &#8211; 9th December 2017 in in Lisbon, Portugal. It brought together 30 youth workers from ten different countries (Germany, Netherlands, Turkey, Macedonia, Finland, Malta, Romania, Italy, Slovakia and Portugal) to explore the importance&hellip; Czytaj dalej Training Course &#8220;Young Migrant Voices&#8221;\" \/>\n<meta property=\"og:url\" content=\"https:\/\/dypall.com\/pl\/activity\/training-course-young-migrant-voices\/\" \/>\n<meta property=\"og:site_name\" content=\"DYPALL Network\" \/>\n<meta property=\"article:published_time\" content=\"2017-12-13T14:04:15+00:00\" \/>\n<meta name=\"author\" content=\"DYPALL Network\" \/>\n<meta name=\"twitter:card\" content=\"summary_large_image\" \/>\n<meta name=\"twitter:label1\" content=\"Written by\" \/>\n\t<meta name=\"twitter:data1\" content=\"DYPALL Network\" \/>\n\t<meta name=\"twitter:label2\" content=\"Est. reading time\" \/>\n\t<meta name=\"twitter:data2\" content=\"2 minuty\" \/>\n<script type=\"application\/ld+json\" class=\"yoast-schema-graph\">{\"@context\":\"https:\/\/schema.org\",\"@graph\":[{\"@type\":\"WebPage\",\"@id\":\"https:\/\/dypall.com\/activity\/training-course-young-migrant-voices\/\",\"url\":\"https:\/\/dypall.com\/activity\/training-course-young-migrant-voices\/\",\"name\":\"Training Course \\\"Young Migrant Voices\\\" - DYPALL Network\",\"isPartOf\":{\"@id\":\"https:\/\/dypall.com\/#website\"},\"primaryImageOfPage\":{\"@id\":\"https:\/\/dypall.com\/activity\/training-course-young-migrant-voices\/#primaryimage\"},\"image\":{\"@id\":\"https:\/\/dypall.com\/activity\/training-course-young-migrant-voices\/#primaryimage\"},\"thumbnailUrl\":\"\",\"datePublished\":\"2017-12-13T14:04:15+00:00\",\"dateModified\":\"2017-12-13T14:04:15+00:00\",\"author\":{\"@id\":\"https:\/\/dypall.com\/#\/schema\/person\/f92e08aa15c8ba711a9d153129f03377\"},\"breadcrumb\":{\"@id\":\"https:\/\/dypall.com\/activity\/training-course-young-migrant-voices\/#breadcrumb\"},\"inLanguage\":\"pl-PL\",\"potentialAction\":[{\"@type\":\"ReadAction\",\"target\":[\"https:\/\/dypall.com\/activity\/training-course-young-migrant-voices\/\"]}]},{\"@type\":\"ImageObject\",\"inLanguage\":\"pl-PL\",\"@id\":\"https:\/\/dypall.com\/activity\/training-course-young-migrant-voices\/#primaryimage\",\"url\":\"\",\"contentUrl\":\"\"},{\"@type\":\"BreadcrumbList\",\"@id\":\"https:\/\/dypall.com\/activity\/training-course-young-migrant-voices\/#breadcrumb\",\"itemListElement\":[{\"@type\":\"ListItem\",\"position\":1,\"name\":\"Home\",\"item\":\"https:\/\/dypall.com\/\"},{\"@type\":\"ListItem\",\"position\":2,\"name\":\"Training Course &#8220;Young Migrant Voices&#8221;\"}]},{\"@type\":\"WebSite\",\"@id\":\"https:\/\/dypall.com\/#website\",\"url\":\"https:\/\/dypall.com\/\",\"name\":\"DYPALL Network\",\"description\":\"We are a European network of civil society organisations, municipalities and research institutions dedicated to improving democracy through youth participation.\",\"potentialAction\":[{\"@type\":\"SearchAction\",\"target\":{\"@type\":\"EntryPoint\",\"urlTemplate\":\"https:\/\/dypall.com\/?s={search_term_string}\"},\"query-input\":\"required name=search_term_string\"}],\"inLanguage\":\"pl-PL\"},{\"@type\":\"Person\",\"@id\":\"https:\/\/dypall.com\/#\/schema\/person\/f92e08aa15c8ba711a9d153129f03377\",\"name\":\"DYPALL Network\",\"image\":{\"@type\":\"ImageObject\",\"inLanguage\":\"pl-PL\",\"@id\":\"https:\/\/dypall.com\/#\/schema\/person\/image\/\",\"url\":\"https:\/\/secure.gravatar.com\/avatar\/9c39e299279800c6d69c5e02cf613e7bab060889f373052a03d7ac399e8f0d3c?s=96&d=mm&r=g\",\"contentUrl\":\"https:\/\/secure.gravatar.com\/avatar\/9c39e299279800c6d69c5e02cf613e7bab060889f373052a03d7ac399e8f0d3c?s=96&d=mm&r=g\",\"caption\":\"DYPALL Network\"},\"sameAs\":[\"https:\/\/dypall.com\"],\"url\":\"https:\/\/dypall.com\/pl\/author\/dypall\/\"}]}<\/script>\n<!-- \/ Yoast SEO plugin. -->","yoast_head_json":{"title":"Training Course \"Young Migrant Voices\" - DYPALL Network","robots":{"index":"index","follow":"follow","max-snippet":"max-snippet:-1","max-image-preview":"max-image-preview:large","max-video-preview":"max-video-preview:-1"},"canonical":"https:\/\/dypall.com\/pl\/activity\/training-course-young-migrant-voices\/","og_locale":"pl_PL","og_type":"article","og_title":"Training Course \"Young Migrant Voices\" - DYPALL Network","og_description":"&#8220;Young Migrant Voices: a training course for boosting participation of young migrants in decision-making processes at local level&#8221; took place from 3rd &#8211; 9th December 2017 in in Lisbon, Portugal. It brought together 30 youth workers from ten different countries (Germany, Netherlands, Turkey, Macedonia, Finland, Malta, Romania, Italy, Slovakia and Portugal) to explore the importance&hellip; Czytaj dalej Training Course &#8220;Young Migrant Voices&#8221;","og_url":"https:\/\/dypall.com\/pl\/activity\/training-course-young-migrant-voices\/","og_site_name":"DYPALL Network","article_published_time":"2017-12-13T14:04:15+00:00","author":"DYPALL Network","twitter_card":"summary_large_image","twitter_misc":{"Written by":"DYPALL Network","Est. reading time":"2 minuty"},"schema":{"@context":"https:\/\/schema.org","@graph":[{"@type":"WebPage","@id":"https:\/\/dypall.com\/activity\/training-course-young-migrant-voices\/","url":"https:\/\/dypall.com\/activity\/training-course-young-migrant-voices\/","name":"Training Course \"Young Migrant Voices\" - DYPALL Network","isPartOf":{"@id":"https:\/\/dypall.com\/#website"},"primaryImageOfPage":{"@id":"https:\/\/dypall.com\/activity\/training-course-young-migrant-voices\/#primaryimage"},"image":{"@id":"https:\/\/dypall.com\/activity\/training-course-young-migrant-voices\/#primaryimage"},"thumbnailUrl":"","datePublished":"2017-12-13T14:04:15+00:00","dateModified":"2017-12-13T14:04:15+00:00","author":{"@id":"https:\/\/dypall.com\/#\/schema\/person\/f92e08aa15c8ba711a9d153129f03377"},"breadcrumb":{"@id":"https:\/\/dypall.com\/activity\/training-course-young-migrant-voices\/#breadcrumb"},"inLanguage":"pl-PL","potentialAction":[{"@type":"ReadAction","target":["https:\/\/dypall.com\/activity\/training-course-young-migrant-voices\/"]}]},{"@type":"ImageObject","inLanguage":"pl-PL","@id":"https:\/\/dypall.com\/activity\/training-course-young-migrant-voices\/#primaryimage","url":"","contentUrl":""},{"@type":"BreadcrumbList","@id":"https:\/\/dypall.com\/activity\/training-course-young-migrant-voices\/#breadcrumb","itemListElement":[{"@type":"ListItem","position":1,"name":"Home","item":"https:\/\/dypall.com\/"},{"@type":"ListItem","position":2,"name":"Training Course &#8220;Young Migrant Voices&#8221;"}]},{"@type":"WebSite","@id":"https:\/\/dypall.com\/#website","url":"https:\/\/dypall.com\/","name":"DYPALL Network","description":"We are a European network of civil society organisations, municipalities and research institutions dedicated to improving democracy through youth participation.","potentialAction":[{"@type":"SearchAction","target":{"@type":"EntryPoint","urlTemplate":"https:\/\/dypall.com\/?s={search_term_string}"},"query-input":"required name=search_term_string"}],"inLanguage":"pl-PL"},{"@type":"Person","@id":"https:\/\/dypall.com\/#\/schema\/person\/f92e08aa15c8ba711a9d153129f03377","name":"DYPALL Network","image":{"@type":"ImageObject","inLanguage":"pl-PL","@id":"https:\/\/dypall.com\/#\/schema\/person\/image\/","url":"https:\/\/secure.gravatar.com\/avatar\/9c39e299279800c6d69c5e02cf613e7bab060889f373052a03d7ac399e8f0d3c?s=96&d=mm&r=g","contentUrl":"https:\/\/secure.gravatar.com\/avatar\/9c39e299279800c6d69c5e02cf613e7bab060889f373052a03d7ac399e8f0d3c?s=96&d=mm&r=g","caption":"DYPALL Network"},"sameAs":["https:\/\/dypall.com"],"url":"https:\/\/dypall.com\/pl\/author\/dypall\/"}]}},"jetpack_featured_media_url":"","jetpack_sharing_enabled":true,"_links":{"self":[{"href":"https:\/\/dypall.com\/pl\/wp-json\/wp\/v2\/posts\/2730","targetHints":{"allow":["GET"]}}],"collection":[{"href":"https:\/\/dypall.com\/pl\/wp-json\/wp\/v2\/posts"}],"about":[{"href":"https:\/\/dypall.com\/pl\/wp-json\/wp\/v2\/types\/post"}],"author":[{"embeddable":true,"href":"https:\/\/dypall.com\/pl\/wp-json\/wp\/v2\/users\/1"}],"replies":[{"embeddable":true,"href":"https:\/\/dypall.com\/pl\/wp-json\/wp\/v2\/comments?post=2730"}],"version-history":[{"count":0,"href":"https:\/\/dypall.com\/pl\/wp-json\/wp\/v2\/posts\/2730\/revisions"}],"wp:featuredmedia":[{"embeddable":true,"href":"https:\/\/dypall.com\/pl\/wp-json\/"}],"wp:attachment":[{"href":"https:\/\/dypall.com\/pl\/wp-json\/wp\/v2\/media?parent=2730"}],"wp:term":[{"taxonomy":"category","embeddable":true,"href":"https:\/\/dypall.com\/pl\/wp-json\/wp\/v2\/categories?post=2730"},{"taxonomy":"post_tag","embeddable":true,"href":"https:\/\/dypall.com\/pl\/wp-json\/wp\/v2\/tags?post=2730"}],"curies":[{"name":"wp","href":"https:\/\/api.w.org\/{rel}","templated":true}]}}