{"id":2149,"date":"2017-06-22T20:18:43","date_gmt":"2017-06-22T18:18:43","guid":{"rendered":"http:\/\/dypall.com\/?p=2149"},"modified":"2017-06-22T20:18:43","modified_gmt":"2017-06-22T18:18:43","slug":"conclusions-from-the-symposium-youth-policy-responses-to-the-contemporary-challenges-faced-by-young-people-12-14-june-prague","status":"publish","type":"post","link":"https:\/\/dypall.com\/pl\/activity\/conclusions-from-the-symposium-youth-policy-responses-to-the-contemporary-challenges-faced-by-young-people-12-14-june-prague\/","title":{"rendered":"Wnioski z sympozjum \u201eReakcje polityczne m\u0142odzie\u017cy na wsp\u00f3\u0142czesne wyzwania stoj\u0105ce przed m\u0142odzie\u017c\u0105\u201d (12\u201314 czerwca, Praga)"},"content":{"rendered":"<p>Elena Ceban z Centrum Dialogu Mi\u0119dzykulturowego w Macedonii i cz\u0142onkini DYPALL Network podzieli\u0142a si\u0119 wnioskami z <strong>Sy<img loading=\"lazy\" decoding=\"async\" class=\"size-medium wp-image-2152 alignright\" src=\"http:\/\/dypall.com\/wp-content\/uploads\/2017\/06\/19059304_1811740415508035_4880887241793676795_n-300x225.jpg\" alt=\"\" width=\"300\" height=\"225\" \/> mposium \u201eYouth Policy Responses to the Contemporary Challenges Faced by Young People\u201d [Reakcje polityczne m\u0142odzie\u017cy na wsp\u00f3\u0142czesne wyzwania stoj\u0105ce przed m\u0142odymi lud\u017ami]<\/strong> kt\u00f3re odby\u0142o si\u0119 w Pradze w dniach 12\u201314 czerwca 2017 r.:<\/p>\n<p><em>Sympozjum, kt\u00f3re odby\u0142o si\u0119 w dniach 12-14 czerwca w ramach czeskiego przewodnictwa w Komitecie Ministr\u00f3w Rady Europy, zgromadzi\u0142o 110 przedstawicieli rz\u0105d\u00f3w, organizacji pozarz\u0105dowych i mi\u0119dzynarodowych, uniwersytet\u00f3w i instytut\u00f3w badawczych itp.<\/em><\/p>\n<p><em>Sympozjum zintegrowa\u0142o sesje plenarne, grupy tematyczne i nieformalne tworzenie sieci kontakt\u00f3w w celu u\u0142atwienia wymiany praktyk i pomys\u0142\u00f3w. Sze\u015b\u0107 grup tematycznych pracowa\u0142o nad okre\u015bleniem wyzwa\u0144 i reakcji politycznych, kt\u00f3re je rozwi\u0105zuj\u0105, patrz\u0105c z perspektywy nast\u0119puj\u0105cych temat\u00f3w: \u201eprzynale\u017cno\u015b\u0107\u201d, \u201eagencja i wzmocnienie pozycji\u201d, \u201euczestnictwo i ekspresja\u201d, \u201ewolontariat\u201d, \u201euczenie si\u0119 i szkolenie\u201d oraz \u201epraca i tworzenie\u201d.<\/em><\/p>\n<p><em><img loading=\"lazy\" decoding=\"async\" class=\"size-medium wp-image-2154 alignleft\" src=\"http:\/\/dypall.com\/wp-content\/uploads\/2017\/06\/board-300x224.jpg\" alt=\"\" width=\"300\" height=\"224\" \/><\/em><\/p>\n<p><em>Podczas sesji plenarnej po\u015bwi\u0119conej opowiadaniu historii Bruno Antonio (DYPALL) podzieli\u0142 si\u0119 swoj\u0105 osobist\u0105 histori\u0105 jako mo\u017cliw\u0105 reakcj\u0105 na polityk\u0119 m\u0142odzie\u017cow\u0105, podkre\u015blaj\u0105c, \u017ce polityka m\u0142odzie\u017cowa nie jest \u017cyczeniem \u2013 jest konieczno\u015bci\u0105 nie tylko dla m\u0142odzie\u017cy, ale tak\u017ce dla spo\u0142eczno\u015bci lokalnej. Przedstawi\u0142 koncepcj\u0119 sieci DYPALL w kontek\u015bcie wzmacniania zdolno\u015bci podmiot\u00f3w na szczeblu lokalnym, kt\u00f3re pracuj\u0105 nad kwestiami zwi\u0105zanymi z m\u0142odzie\u017c\u0105, do sprostania wyzwaniom, przed kt\u00f3rymi stoi m\u0142odzie\u017c.<\/em><\/p>\n<p><em>Kluczowe przes\u0142ania zebrane przez uczestnik\u00f3w po burzy m\u00f3zg\u00f3w w grupach tematycznych zostan\u0105 wkr\u00f3tce opublikowane na oficjalnej stronie internetowej Rady Europy. W mi\u0119dzyczasie niekt\u00f3re wnioski grup roboczych mo\u017cna przeczyta\u0107 poni\u017cej:<\/em><\/p>\n<ul>\n<li><em>Polityka m\u0142odzie\u017cowa istnieje w kontek\u015bcie politycznym, w zwi\u0105zku z czym nale\u017cy uzna\u0107 nier\u00f3wno\u015b\u0107<img loading=\"lazy\" decoding=\"async\" class=\"size-medium wp-image-2151 alignright\" src=\"http:\/\/dypall.com\/wp-content\/uploads\/2017\/06\/speaker-300x224.jpg\" alt=\"\" width=\"300\" height=\"224\" \/>poruszona z perspektywy polityki;<\/em><\/li>\n<li><em>Ramy wolontariatu wymagaj\u0105 przegl\u0105du i aktualizacji, z uwzgl\u0119dnieniem obecnych reali\u00f3w i r\u00f3\u017cnorodnych ram krajowych;<\/em><\/li>\n<li><em>Solidarno\u015b\u0107 odgrywa kluczow\u0105 rol\u0119 w propagowaniu poczucia przynale\u017cno\u015bci i akceptacji r\u00f3\u017cnych to\u017csamo\u015bci;<\/em><\/li>\n<li><em>Nale\u017cy promowa\u0107 zorganizowany dialog jako praktyk\u0119 stosowan\u0105 na szczeblu krajowym i lokalnym, aby osi\u0105gn\u0105\u0107 rzeczywisty dialog mi\u0119dzy decydentami a m\u0142odymi lud\u017ami.<\/em><\/li>\n<li><em>Uznanie pracy z m\u0142odzie\u017c\u0105 za podej\u015bcie w edukacji i kszta\u0142cenia pozaformalnego za metodologi\u0119 przyczyni\u0142oby si\u0119 do stworzenia polityki m\u0142odzie\u017cowej bardziej sprzyjaj\u0105cej w\u0142\u0105czeniu spo\u0142ecznemu i ukierunkowanej na potrzeby;<\/em><\/li>\n<li><em>Nale\u017cy zwr\u00f3ci\u0107 wi\u0119ksz\u0105 uwag\u0119 na wsp\u00f3\u0142prac\u0119 mi\u0119dzysektorow\u0105 i podej\u015bcie mi\u0119dzypokoleniowe, aby po\u0142\u0105czy\u0107 do\u015bwiadczone i sprawdzone metody z nowymi i innowacyjnymi pomys\u0142ami.<\/em><\/li>\n<\/ul>\n<p><em>Jacob Kornbeck, urz\u0119dnik w Dyrekcji Generalnej ds. Edukacji i Kultury Komisji Europejskiej, podsumowa\u0142 sympozjum, stwierdzaj\u0105c, \u017ce m\u0142odzi ludzie powinni by\u0107 w centrum wszystkich proces\u00f3w kszta\u0142towania polityki, poniewa\u017c \u201eje\u015bli nie jeste\u015b przy stole, jeste\u015b w menu\u201d.<\/em><\/p>\n<p><em>Wszystkie istotne dokumenty zwi\u0105zane z sympozjum mo\u017cna znale\u017a\u0107 <a href=\"http:\/\/pjp-eu.coe.int\/en\/web\/youth-partnership\/symposium\">tutaj<\/a>.<\/em><\/p>","protected":false},"excerpt":{"rendered":"<p>Elena Ceban z Centrum Dialogu Mi\u0119dzykulturowego w Macedonii i cz\u0142onkini sieci DYPALL podzieli\u0142y si\u0119 wnioskami z sympozjum \u201eYouth Policy Responses to the Contemporary Challenges Faced by Young People\u201d, kt\u00f3re odby\u0142o si\u0119 w Pradze w dniach 12\u201314 czerwca 2017 r.: Sympozjum, kt\u00f3re odby\u0142o si\u0119 w dniach 12-14 czerwca w ramach... <a class=\"more-link\" href=\"https:\/\/dypall.com\/pl\/activity\/conclusions-from-the-symposium-youth-policy-responses-to-the-contemporary-challenges-faced-by-young-people-12-14-june-prague\/\">Czytaj dalej <span class=\"screen-reader-text\">Wnioski z sympozjum \u201eReakcje polityczne m\u0142odzie\u017cy na wsp\u00f3\u0142czesne wyzwania stoj\u0105ce przed m\u0142odzie\u017c\u0105\u201d (12\u201314 czerwca, Praga)<\/span><\/a><\/p>","protected":false},"author":1,"featured_media":2150,"comment_status":"closed","ping_status":"open","sticky":false,"template":"","format":"standard","meta":{"_acf_changed":false,"_jetpack_memberships_contains_paid_content":false,"footnotes":""},"categories":[111,112],"tags":[113,115],"class_list":["post-2149","post","type-post","status-publish","format-standard","has-post-thumbnail","hentry","category-activity","category-conference","tag-conference","tag-seminar","entry"],"acf":[],"yoast_head":"<!-- This site is optimized with the Yoast SEO plugin v22.8 - https:\/\/yoast.com\/wordpress\/plugins\/seo\/ -->\n<title>Conclusions from the Symposium &#039;Youth Policy Responses to the Contemporary Challenges Faced by Young People\u2019 (12-14 June, Prague) - DYPALL Network<\/title>\n<meta name=\"robots\" content=\"index, follow, max-snippet:-1, max-image-preview:large, max-video-preview:-1\" \/>\n<link rel=\"canonical\" href=\"https:\/\/dypall.com\/pl\/activity\/conclusions-from-the-symposium-youth-policy-responses-to-the-contemporary-challenges-faced-by-young-people-12-14-june-prague\/\" \/>\n<meta property=\"og:locale\" content=\"pl_PL\" \/>\n<meta property=\"og:type\" content=\"article\" \/>\n<meta property=\"og:title\" content=\"Conclusions from the Symposium &#039;Youth Policy Responses to the Contemporary Challenges Faced by Young People\u2019 (12-14 June, Prague) - DYPALL Network\" \/>\n<meta property=\"og:description\" content=\"Elena Ceban, from the Center for Intercultural Dialogue in Macedonia, and a member of DYPALL Network shared the conclusions from the Sy mposium &#8216;Youth Policy Responses to the Contemporary Challenges Faced by Young People\u2019 held in Prague, from 12 to 14 June 2017: The Symposium that was held between 12-14 of June in the framework&hellip; Czytaj dalej Conclusions from the Symposium &#8216;Youth Policy Responses to the Contemporary Challenges Faced by Young People\u2019 (12-14 June, Prague)\" \/>\n<meta property=\"og:url\" content=\"https:\/\/dypall.com\/pl\/activity\/conclusions-from-the-symposium-youth-policy-responses-to-the-contemporary-challenges-faced-by-young-people-12-14-june-prague\/\" \/>\n<meta property=\"og:site_name\" content=\"DYPALL Network\" \/>\n<meta property=\"article:published_time\" content=\"2017-06-22T18:18:43+00:00\" \/>\n<meta name=\"author\" content=\"DYPALL Network\" \/>\n<meta name=\"twitter:card\" content=\"summary_large_image\" \/>\n<meta name=\"twitter:label1\" content=\"Written by\" \/>\n\t<meta name=\"twitter:data1\" content=\"DYPALL Network\" \/>\n\t<meta name=\"twitter:label2\" content=\"Est. reading time\" \/>\n\t<meta name=\"twitter:data2\" content=\"2 minuty\" \/>\n<script type=\"application\/ld+json\" class=\"yoast-schema-graph\">{\"@context\":\"https:\/\/schema.org\",\"@graph\":[{\"@type\":\"WebPage\",\"@id\":\"https:\/\/dypall.com\/activity\/conclusions-from-the-symposium-youth-policy-responses-to-the-contemporary-challenges-faced-by-young-people-12-14-june-prague\/\",\"url\":\"https:\/\/dypall.com\/activity\/conclusions-from-the-symposium-youth-policy-responses-to-the-contemporary-challenges-faced-by-young-people-12-14-june-prague\/\",\"name\":\"Conclusions from the Symposium 'Youth Policy Responses to the Contemporary Challenges Faced by Young People\u2019 (12-14 June, Prague) - DYPALL Network\",\"isPartOf\":{\"@id\":\"https:\/\/dypall.com\/#website\"},\"primaryImageOfPage\":{\"@id\":\"https:\/\/dypall.com\/activity\/conclusions-from-the-symposium-youth-policy-responses-to-the-contemporary-challenges-faced-by-young-people-12-14-june-prague\/#primaryimage\"},\"image\":{\"@id\":\"https:\/\/dypall.com\/activity\/conclusions-from-the-symposium-youth-policy-responses-to-the-contemporary-challenges-faced-by-young-people-12-14-june-prague\/#primaryimage\"},\"thumbnailUrl\":\"\",\"datePublished\":\"2017-06-22T18:18:43+00:00\",\"dateModified\":\"2017-06-22T18:18:43+00:00\",\"author\":{\"@id\":\"https:\/\/dypall.com\/#\/schema\/person\/f92e08aa15c8ba711a9d153129f03377\"},\"breadcrumb\":{\"@id\":\"https:\/\/dypall.com\/activity\/conclusions-from-the-symposium-youth-policy-responses-to-the-contemporary-challenges-faced-by-young-people-12-14-june-prague\/#breadcrumb\"},\"inLanguage\":\"pl-PL\",\"potentialAction\":[{\"@type\":\"ReadAction\",\"target\":[\"https:\/\/dypall.com\/activity\/conclusions-from-the-symposium-youth-policy-responses-to-the-contemporary-challenges-faced-by-young-people-12-14-june-prague\/\"]}]},{\"@type\":\"ImageObject\",\"inLanguage\":\"pl-PL\",\"@id\":\"https:\/\/dypall.com\/activity\/conclusions-from-the-symposium-youth-policy-responses-to-the-contemporary-challenges-faced-by-young-people-12-14-june-prague\/#primaryimage\",\"url\":\"\",\"contentUrl\":\"\"},{\"@type\":\"BreadcrumbList\",\"@id\":\"https:\/\/dypall.com\/activity\/conclusions-from-the-symposium-youth-policy-responses-to-the-contemporary-challenges-faced-by-young-people-12-14-june-prague\/#breadcrumb\",\"itemListElement\":[{\"@type\":\"ListItem\",\"position\":1,\"name\":\"Home\",\"item\":\"https:\/\/dypall.com\/\"},{\"@type\":\"ListItem\",\"position\":2,\"name\":\"Conclusions from the Symposium &#8216;Youth Policy Responses to the Contemporary Challenges Faced by Young People\u2019 (12-14 June, Prague)\"}]},{\"@type\":\"WebSite\",\"@id\":\"https:\/\/dypall.com\/#website\",\"url\":\"https:\/\/dypall.com\/\",\"name\":\"DYPALL Network\",\"description\":\"We are a European network of civil society organisations, municipalities and research institutions dedicated to improving democracy through youth participation.\",\"potentialAction\":[{\"@type\":\"SearchAction\",\"target\":{\"@type\":\"EntryPoint\",\"urlTemplate\":\"https:\/\/dypall.com\/?s={search_term_string}\"},\"query-input\":\"required name=search_term_string\"}],\"inLanguage\":\"pl-PL\"},{\"@type\":\"Person\",\"@id\":\"https:\/\/dypall.com\/#\/schema\/person\/f92e08aa15c8ba711a9d153129f03377\",\"name\":\"DYPALL Network\",\"image\":{\"@type\":\"ImageObject\",\"inLanguage\":\"pl-PL\",\"@id\":\"https:\/\/dypall.com\/#\/schema\/person\/image\/\",\"url\":\"https:\/\/secure.gravatar.com\/avatar\/9c39e299279800c6d69c5e02cf613e7bab060889f373052a03d7ac399e8f0d3c?s=96&d=mm&r=g\",\"contentUrl\":\"https:\/\/secure.gravatar.com\/avatar\/9c39e299279800c6d69c5e02cf613e7bab060889f373052a03d7ac399e8f0d3c?s=96&d=mm&r=g\",\"caption\":\"DYPALL Network\"},\"sameAs\":[\"https:\/\/dypall.com\"],\"url\":\"https:\/\/dypall.com\/pl\/author\/dypall\/\"}]}<\/script>\n<!-- \/ Yoast SEO plugin. -->","yoast_head_json":{"title":"Conclusions from the Symposium 'Youth Policy Responses to the Contemporary Challenges Faced by Young People\u2019 (12-14 June, Prague) - DYPALL Network","robots":{"index":"index","follow":"follow","max-snippet":"max-snippet:-1","max-image-preview":"max-image-preview:large","max-video-preview":"max-video-preview:-1"},"canonical":"https:\/\/dypall.com\/pl\/activity\/conclusions-from-the-symposium-youth-policy-responses-to-the-contemporary-challenges-faced-by-young-people-12-14-june-prague\/","og_locale":"pl_PL","og_type":"article","og_title":"Conclusions from the Symposium 'Youth Policy Responses to the Contemporary Challenges Faced by Young People\u2019 (12-14 June, Prague) - DYPALL Network","og_description":"Elena Ceban, from the Center for Intercultural Dialogue in Macedonia, and a member of DYPALL Network shared the conclusions from the Sy mposium &#8216;Youth Policy Responses to the Contemporary Challenges Faced by Young People\u2019 held in Prague, from 12 to 14 June 2017: The Symposium that was held between 12-14 of June in the framework&hellip; Czytaj dalej Conclusions from the Symposium &#8216;Youth Policy Responses to the Contemporary Challenges Faced by Young People\u2019 (12-14 June, Prague)","og_url":"https:\/\/dypall.com\/pl\/activity\/conclusions-from-the-symposium-youth-policy-responses-to-the-contemporary-challenges-faced-by-young-people-12-14-june-prague\/","og_site_name":"DYPALL Network","article_published_time":"2017-06-22T18:18:43+00:00","author":"DYPALL Network","twitter_card":"summary_large_image","twitter_misc":{"Written by":"DYPALL Network","Est. reading time":"2 minuty"},"schema":{"@context":"https:\/\/schema.org","@graph":[{"@type":"WebPage","@id":"https:\/\/dypall.com\/activity\/conclusions-from-the-symposium-youth-policy-responses-to-the-contemporary-challenges-faced-by-young-people-12-14-june-prague\/","url":"https:\/\/dypall.com\/activity\/conclusions-from-the-symposium-youth-policy-responses-to-the-contemporary-challenges-faced-by-young-people-12-14-june-prague\/","name":"Conclusions from the Symposium 'Youth Policy Responses to the Contemporary Challenges Faced by Young People\u2019 (12-14 June, Prague) - DYPALL Network","isPartOf":{"@id":"https:\/\/dypall.com\/#website"},"primaryImageOfPage":{"@id":"https:\/\/dypall.com\/activity\/conclusions-from-the-symposium-youth-policy-responses-to-the-contemporary-challenges-faced-by-young-people-12-14-june-prague\/#primaryimage"},"image":{"@id":"https:\/\/dypall.com\/activity\/conclusions-from-the-symposium-youth-policy-responses-to-the-contemporary-challenges-faced-by-young-people-12-14-june-prague\/#primaryimage"},"thumbnailUrl":"","datePublished":"2017-06-22T18:18:43+00:00","dateModified":"2017-06-22T18:18:43+00:00","author":{"@id":"https:\/\/dypall.com\/#\/schema\/person\/f92e08aa15c8ba711a9d153129f03377"},"breadcrumb":{"@id":"https:\/\/dypall.com\/activity\/conclusions-from-the-symposium-youth-policy-responses-to-the-contemporary-challenges-faced-by-young-people-12-14-june-prague\/#breadcrumb"},"inLanguage":"pl-PL","potentialAction":[{"@type":"ReadAction","target":["https:\/\/dypall.com\/activity\/conclusions-from-the-symposium-youth-policy-responses-to-the-contemporary-challenges-faced-by-young-people-12-14-june-prague\/"]}]},{"@type":"ImageObject","inLanguage":"pl-PL","@id":"https:\/\/dypall.com\/activity\/conclusions-from-the-symposium-youth-policy-responses-to-the-contemporary-challenges-faced-by-young-people-12-14-june-prague\/#primaryimage","url":"","contentUrl":""},{"@type":"BreadcrumbList","@id":"https:\/\/dypall.com\/activity\/conclusions-from-the-symposium-youth-policy-responses-to-the-contemporary-challenges-faced-by-young-people-12-14-june-prague\/#breadcrumb","itemListElement":[{"@type":"ListItem","position":1,"name":"Home","item":"https:\/\/dypall.com\/"},{"@type":"ListItem","position":2,"name":"Conclusions from the Symposium &#8216;Youth Policy Responses to the Contemporary Challenges Faced by Young People\u2019 (12-14 June, Prague)"}]},{"@type":"WebSite","@id":"https:\/\/dypall.com\/#website","url":"https:\/\/dypall.com\/","name":"DYPALL Network","description":"We are a European network of civil society organisations, municipalities and research institutions dedicated to improving democracy through youth participation.","potentialAction":[{"@type":"SearchAction","target":{"@type":"EntryPoint","urlTemplate":"https:\/\/dypall.com\/?s={search_term_string}"},"query-input":"required name=search_term_string"}],"inLanguage":"pl-PL"},{"@type":"Person","@id":"https:\/\/dypall.com\/#\/schema\/person\/f92e08aa15c8ba711a9d153129f03377","name":"DYPALL Network","image":{"@type":"ImageObject","inLanguage":"pl-PL","@id":"https:\/\/dypall.com\/#\/schema\/person\/image\/","url":"https:\/\/secure.gravatar.com\/avatar\/9c39e299279800c6d69c5e02cf613e7bab060889f373052a03d7ac399e8f0d3c?s=96&d=mm&r=g","contentUrl":"https:\/\/secure.gravatar.com\/avatar\/9c39e299279800c6d69c5e02cf613e7bab060889f373052a03d7ac399e8f0d3c?s=96&d=mm&r=g","caption":"DYPALL Network"},"sameAs":["https:\/\/dypall.com"],"url":"https:\/\/dypall.com\/pl\/author\/dypall\/"}]}},"jetpack_featured_media_url":"","jetpack_sharing_enabled":true,"_links":{"self":[{"href":"https:\/\/dypall.com\/pl\/wp-json\/wp\/v2\/posts\/2149","targetHints":{"allow":["GET"]}}],"collection":[{"href":"https:\/\/dypall.com\/pl\/wp-json\/wp\/v2\/posts"}],"about":[{"href":"https:\/\/dypall.com\/pl\/wp-json\/wp\/v2\/types\/post"}],"author":[{"embeddable":true,"href":"https:\/\/dypall.com\/pl\/wp-json\/wp\/v2\/users\/1"}],"replies":[{"embeddable":true,"href":"https:\/\/dypall.com\/pl\/wp-json\/wp\/v2\/comments?post=2149"}],"version-history":[{"count":0,"href":"https:\/\/dypall.com\/pl\/wp-json\/wp\/v2\/posts\/2149\/revisions"}],"wp:featuredmedia":[{"embeddable":true,"href":"https:\/\/dypall.com\/pl\/wp-json\/"}],"wp:attachment":[{"href":"https:\/\/dypall.com\/pl\/wp-json\/wp\/v2\/media?parent=2149"}],"wp:term":[{"taxonomy":"category","embeddable":true,"href":"https:\/\/dypall.com\/pl\/wp-json\/wp\/v2\/categories?post=2149"},{"taxonomy":"post_tag","embeddable":true,"href":"https:\/\/dypall.com\/pl\/wp-json\/wp\/v2\/tags?post=2149"}],"curies":[{"name":"wp","href":"https:\/\/api.w.org\/{rel}","templated":true}]}}