{"id":2117,"date":"2017-06-16T18:36:38","date_gmt":"2017-06-16T16:36:38","guid":{"rendered":"http:\/\/dypall.com\/?p=2117"},"modified":"2017-06-16T18:36:38","modified_gmt":"2017-06-16T16:36:38","slug":"feedback-on-the-impact-of-the-training-course-young-migrant-voices-held-in-november-2016","status":"publish","type":"post","link":"https:\/\/dypall.com\/pl\/activity\/feedback-on-the-impact-of-the-training-course-young-migrant-voices-held-in-november-2016\/","title":{"rendered":"Informacje zwrotne na temat wp\u0142ywu szkolenia \u201eYoung Migrant Voices\u201d, kt\u00f3re odby\u0142o si\u0119 w listopadzie 2016 r."},"content":{"rendered":"<p>Inicjatywa \u201eYoung Migrant Voices: szkolenie maj\u0105ce na celu zwi\u0119kszenie udzia\u0142u m\u0142odych migrant\u00f3w w procesach decyzyjnych na szczeblu lokalnym\u201d zosta\u0142 zorganizowany przez ADYNE Netherlands we wsp\u00f3\u0142pracy z sieci\u0105 DYPALL i wdro\u017cony w listopadzie 2016 r. Pisali\u015bmy o tym na naszej stronie internetowej <a href=\"https:\/\/dypall.com\/pl\/activity\/international-training-course-young-migrant-voices-a-training-course-for-boosting-participation-of-young-migrants-in-decision-making-processes-at-local-level\/\">tutaj<\/a> oraz <a href=\"https:\/\/dypall.com\/pl\/activity\/picture-review-young-migrant-voices-training-course\/\">tutaj<\/a>.<\/p>\n<p>Eva Lindberg i Anna Beata Ekstr\u00f6m uczestniczy\u0142y w tym szkoleniu i komunikowa\u0142y si\u0119 z DYPALL Network w bardziej kompleksowy spos\u00f3b, co to do\u015bwiadczenie dla nich oznacza\u0142o, a tak\u017ce wp\u0142yw na grupy docelowe, z kt\u00f3rymi pracuj\u0105.<\/p>\n<p><strong>Eva Lindberg<\/strong> pracuje w <strong>gminie Karlstad<\/strong> (Szwecja) z m\u0142odzie\u017c\u0105 (w wieku 18\u201321 lat), kt\u00f3ra przyby\u0142a bez opieki i kt\u00f3ra mieszka\u0142a w schroniskach miejskich do uko\u0144czenia 18. roku \u017cycia. Po 18 roku \u017cycia gmina wspiera t\u0119 m\u0142odzie\u017c mieszkaniami, kontaktami ze szko\u0142ami, kontaktami ze spo\u0142ecze\u0144stwem obywatelskim, kontaktami z \u015bwiadczeniodawcami oraz udziela wsparcia psychospo\u0142ecznego. Gmina nadal zapewnia to wsparcie w ich integracji, a\u017c do uko\u0144czenia 21 roku \u017cycia.<\/p>\n<p><strong>Anna BeataEkstr\u00f6m<\/strong> dzia\u0142a w organizacji <strong>Ratujmy dzieci Szwecja<\/strong> w projektach dla dzieci i m\u0142odzie\u017cy bez opieki. Wa\u017cn\u0105 cz\u0119\u015bci\u0105 prac jest zebranie g\u0142os\u00f3w dzieci i m\u0142odzie\u017cy bez opieki na temat ich sytuacji za po\u015brednictwem punkt\u00f3w spotka\u0144, kt\u00f3re s\u0105 warsztatami, podczas kt\u00f3rych zdobyta wiedza jest nast\u0119pnie przekazywana r\u00f3wnie\u017c gminom i innym zainteresowanym stronom, aby umo\u017cliwi\u0107 lepszy system wsparcia dzia\u0142aj\u0105cy na rzecz poprawy ich sytuacji.<img loading=\"lazy\" decoding=\"async\" class=\"size-medium wp-image-2119 aligncenter\" src=\"http:\/\/dypall.com\/wp-content\/uploads\/2017\/06\/IMG_3133-300x200.jpg\" alt=\"\" width=\"300\" height=\"200\" \/><\/p>\n<p><strong>Na temat wp\u0142ywu tego szkolenia na ich prac\u0119 podzielili si\u0119 oni nast\u0119puj\u0105cymi informacjami:<\/strong><\/p>\n<p><em>Karlstad Kommun jest bardzo zainteresowany poszukiwaniem wi\u0119kszej liczby sposob\u00f3w wsp\u00f3\u0142pracy ze spo\u0142ecze\u0144stwem obywatelskim, aby m\u00f3c udzieli\u0107 wi\u0119kszego wsparcia grupie docelowej.<\/em><\/p>\n<p><em>Z drugiej strony, dzi\u0119ki pracy w Meetingpoint, kt\u00f3re odby\u0142o si\u0119 w V\u00e4rmand, Save the Children opracowa\u0142o platform\u0119 do dyskusji i wymiany mi\u0119dzy r\u00f3\u017cnymi organizacjami zaanga\u017cowanymi w dzia\u0142ania na rzecz dzieci bez opieki w V\u00e4rmland. Spowodowa\u0142o to wygenerowanie pomys\u0142\u00f3w na to, jak sprawi\u0107, by grupa docelowa sama sta\u0142a si\u0119 w\u0142a\u015bcicielem pyta\u0144 i potrzeb, kt\u00f3re s\u0105 badane w punktach spotka\u0144.<\/em><\/p>\n<p><em>Aby przedstawi\u0107 og\u00f3lny pogl\u0105d: Szwedzkie gminy maj\u0105 zar\u00f3wno du\u017ce obowi\u0105zki w zakresie pracy socjalnej, jak i odpowiednie zasoby i wiedz\u0119 w zakresie wspierania r\u00f3\u017cnych s\u0142abszych grup spo\u0142ecznych. Ale wiele zyskuj\u0105, gdy znajd\u0105 strategie wsp\u00f3\u0142pracy ze spo\u0142ecze\u0144stwem obywatelskim, aby by\u0107 jeszcze bardziej skutecznym w znajdowaniu i spotykaniu si\u0119 z s\u0142abszymi grupami. Obecnie istnieje ogromna potrzeba znalezienia strategii dla tego rodzaju wsp\u00f3\u0142pracy, zw\u0142aszcza w pracy z uchod\u017acami i dzie\u0107mi bez opieki. Zar\u00f3wno spo\u0142ecze\u0144stwo obywatelskie, jak i gminy nawi\u0105zuj\u0105 kontakty i tworz\u0105 sieci i partnerstwa w celu zwi\u0119kszenia wsparcia dla tych grup.\u00a0<\/em><\/p>\n<p><em>To w\u0142a\u015bnie w tym kontek\u015bcie Save the Children i Karlstad Kommun mia\u0142y okazj\u0119 wsp\u00f3\u0142pracowa\u0107, pr\u00f3buj\u0105c znale\u017a\u0107 lepsze sposoby wspierania dzieci bez opieki w gminie. Szkolenie w Odiliapeel by\u0142o dobr\u0105 okazj\u0105 do wsp\u00f3lnego zbadania tych mo\u017cliwo\u015bci i podj\u0119cia wsp\u00f3lnego pierwszego kroku w poszukiwaniu sposob\u00f3w przysz\u0142ej wsp\u00f3\u0142pracy.<\/em><\/p>\n<p><em>Podczas szkolenia mieli\u015bmy dost\u0119p do przydatnych informacji dla naszej pracy, zar\u00f3wno poprzez nasze codzienne spotkanie <img loading=\"lazy\" decoding=\"async\" class=\"size-medium wp-image-2123 alignleft\" src=\"http:\/\/dypall.com\/wp-content\/uploads\/2017\/06\/IMG_3465-300x200.jpg\" alt=\"\" width=\"300\" height=\"200\" \/>z grup\u0105 docelow\u0105, a tak\u017ce we wsp\u00f3lnej pracy z innymi organizacjami. Spotkali\u015bmy r\u00f3wnie\u017c ludzi z ca\u0142ej Europy, kt\u00f3rzy pracowali z m\u0142odymi migrantami lub uchod\u017acami, jako profesjonali\u015bci lub wolontariusze.<\/em><\/p>\n<p><em>Wymienili si\u0119 do\u015bwiadczeniami z tych spotka\u0144, a tak\u017ce z kurs\u00f3w szkoleniowych po\u015bwi\u0119conych temu zagadnieniu, co pozwoli\u0142o lepiej zrozumie\u0107 znaczenie i zalety wsp\u00f3\u0142pracy mi\u0119dzy spo\u0142ecze\u0144stwem obywatelskim a w\u0142adzami lokalnymi oraz r\u00f3\u017cnych strategii na rzecz osi\u0105gni\u0119cia wsp\u00f3\u0142pracy korzystnej zar\u00f3wno dla obu stron, jak i dla grupy docelowej.<\/em><\/p>\n<p><em>Poniewa\u017c wszyscy uczestnicy byli w stanie opracowa\u0107 plan projektu, przedstawi\u0107 go i przedyskutowa\u0107 razem, mo\u017cna by\u0142o przetestowa\u0107 my\u015bli o tym, jak kontynuowa\u0107 i rozwija\u0107 prac\u0119 z dzie\u0107mi bez opieki. Da\u0142o to wiele inspiracji i motywacji do rozpocz\u0119cia stosowania zdobytej wiedzy.<\/em><\/p>\n<p><em>Save the children w ci\u0105gu ostatnich dw\u00f3ch lat pracowa\u0142o nad samoorganizacj\u0105 w\u015br\u00f3d doros\u0142ych uchod\u017ac\u00f3w jako sposobem na zmniejszenie ryzyka bezczynno\u015bci i chor\u00f3b psychicznych w procesie azylowym, a tak\u017ce na rozpocz\u0119cie procesu tworzenia od pierwszego dnia w Szwecji. W powi\u0105zaniu z samoorganizacj\u0105 istnieje sie\u0107 wsp\u00f3\u0142pracuj\u0105cych organizacji (spo\u0142ecze\u0144stwa obywatelskiego i w\u0142adz lokalnych), kt\u00f3ra obejmuje samoorganizowan\u0105 grup\u0119 docelow\u0105. To <img loading=\"lazy\" decoding=\"async\" class=\"size-medium wp-image-2121 alignright\" src=\"http:\/\/dypall.com\/wp-content\/uploads\/2017\/06\/IMG_3264-300x200.jpg\" alt=\"\" width=\"300\" height=\"200\" \/>praca by\u0142a bardzo udana i przyczynia si\u0119 do zmiany my\u015blenia w spo\u0142ecze\u0144stwie, w kt\u00f3rym praca z osobami ubiegaj\u0105cymi si\u0119 o azyl zmienia si\u0119 z powy\u017cszej perspektywy dbania o siebie na wewn\u0119trzn\u0105 perspektyw\u0119 uczestnictwa i partnerstwa.<\/em><\/p>\n<p><em>Plan projektu, kt\u00f3ry Save the Children zainicjowa\u0142o po kursie szkoleniowym, to \u201eCrea Diem \u2013 samoorganizacja i strategiczna wsp\u00f3\u0142praca na rzecz dzieci bez opieki\u201d.<\/em><\/p>\n<p><em>Karlstad Kommun chce znale\u017a\u0107 bardziej skuteczne i konstruktywne sposoby wsp\u00f3\u0142pracy ze spo\u0142ecze\u0144stwem obywatelskim i rozwija\u0107 prac\u0119 z dzie\u0107mi bez opieki, aby zwi\u0119kszy\u0107 ich szanse na pozostanie w Karlstad Kommun, znalezienie pracy, osiedlenie si\u0119, znalezienie sensu i wniesienie wk\u0142adu w spo\u0142ecze\u0144stwo. W tym celu Karlstad Kommun chce stworzy\u0107 platform\u0119 wsp\u00f3\u0142pracy mi\u0119dzy r\u00f3\u017cnymi cz\u0119\u015bciami gminy a spo\u0142ecze\u0144stwem obywatelskim ze spo\u0142eczno\u015bci\u0105 lokaln\u0105, w kt\u00f3rej dzia\u0142ania, wsparcie i informacje dla grupy docelowej mog\u0142yby mie\u0107 kolokacj\u0119 i koncepcj\u0119 \u201ejednokierunkow\u0105\u201d dla grupy docelowej. Projekt ten nosi nazw\u0119 \u201eMeetingpoint Galaxen\u201d.<\/em><\/p>\n<p><em>Razem te dwa projekty mog\u0142yby stworzy\u0107 miejsce spotka\u0144 dla dzieci bez opieki, gdzie mog\u0142yby znale\u017a\u0107 i uzyska\u0107 informacje i wsparcie od organizacji zaanga\u017cowanych w proces ich zak\u0142adania. Miejsce spotka\u0144 to tak\u017ce miejsce, w kt\u00f3rym zaanga\u017cowane organizacje tworz\u0105 sie\u0107 w celu znalezienia skuteczniejszych sposob\u00f3w wsp\u00f3\u0142pracy z grup\u0105 docelow\u0105. W miejscu spotkania dzieci bez opieki mog\u0105 organizowa\u0107 si\u0119 wok\u00f3\u0142 pyta\u0144, kt\u00f3re uwa\u017caj\u0105 za wa\u017cne. Wraz z organizacjami sieciowymi mog\u0105 dzia\u0142a\u0107 na te pytania, a przy wsparciu sami tworzy\u0107 dzia\u0142ania, kt\u00f3re poprawi\u0105 ich samopoczucie i usprawni\u0105 proces ich zak\u0142adania.<\/em><\/p>","protected":false},"excerpt":{"rendered":"<p>Inicjatywa \u201eYoung Migrant Voices: szkolenie maj\u0105ce na celu zwi\u0119kszenie udzia\u0142u m\u0142odych migrant\u00f3w w procesach decyzyjnych na szczeblu lokalnym\u201d zosta\u0142 zorganizowany przez ADYNE Netherlands we wsp\u00f3\u0142pracy z sieci\u0105 DYPALL i wdro\u017cony w listopadzie 2016 r. Pisali\u015bmy o tym na naszej stronie internetowej tutaj i tutaj. Eva Lindberg i Anna Beata Ekstr\u00f6m, by\u0142y uczestnikami tego... <a class=\"more-link\" href=\"https:\/\/dypall.com\/pl\/activity\/feedback-on-the-impact-of-the-training-course-young-migrant-voices-held-in-november-2016\/\">Czytaj dalej <span class=\"screen-reader-text\">Informacje zwrotne na temat wp\u0142ywu szkolenia \u201eYoung Migrant Voices\u201d, kt\u00f3re odby\u0142o si\u0119 w listopadzie 2016 r.<\/span><\/a><\/p>","protected":false},"author":2,"featured_media":2118,"comment_status":"closed","ping_status":"open","sticky":false,"template":"","format":"standard","meta":{"_acf_changed":false,"_jetpack_memberships_contains_paid_content":false,"footnotes":""},"categories":[111,141],"tags":[136],"class_list":["post-2117","post","type-post","status-publish","format-standard","has-post-thumbnail","hentry","category-activity","category-training-course","tag-training-course","entry"],"acf":[],"yoast_head":"<!-- This site is optimized with the Yoast SEO plugin v22.8 - https:\/\/yoast.com\/wordpress\/plugins\/seo\/ -->\n<title>Feedback on the impact of the training course \u201cYoung Migrant Voices\u201d held in November 2016. - DYPALL Network<\/title>\n<meta name=\"robots\" content=\"index, follow, max-snippet:-1, max-image-preview:large, max-video-preview:-1\" \/>\n<link rel=\"canonical\" href=\"https:\/\/dypall.com\/pl\/activity\/feedback-on-the-impact-of-the-training-course-young-migrant-voices-held-in-november-2016\/\" \/>\n<meta property=\"og:locale\" content=\"pl_PL\" \/>\n<meta property=\"og:type\" content=\"article\" \/>\n<meta property=\"og:title\" content=\"Feedback on the impact of the training course \u201cYoung Migrant Voices\u201d held in November 2016. - DYPALL Network\" \/>\n<meta property=\"og:description\" content=\"The initiative \u201cYoung Migrant Voices: a training course for boosting participation of young migrants in decision-making processes at local level\u201d was organized by ADYNE Netherlands in partnership with DYPALL Network, and was implemented in November 2016. We wrote about it on our\u00a0\u00a0website here and here. Eva Lindberg \u00a0and Anna Beata Ekstr\u00f6m, were participants in this&hellip; Czytaj dalej Feedback on the impact of the training course \u201cYoung Migrant Voices\u201d held in November 2016.\" \/>\n<meta property=\"og:url\" content=\"https:\/\/dypall.com\/pl\/activity\/feedback-on-the-impact-of-the-training-course-young-migrant-voices-held-in-november-2016\/\" \/>\n<meta property=\"og:site_name\" content=\"DYPALL Network\" \/>\n<meta property=\"article:published_time\" content=\"2017-06-16T16:36:38+00:00\" \/>\n<meta name=\"author\" content=\"dypall\" \/>\n<meta name=\"twitter:card\" content=\"summary_large_image\" \/>\n<meta name=\"twitter:label1\" content=\"Written by\" \/>\n\t<meta name=\"twitter:data1\" content=\"dypall\" \/>\n\t<meta name=\"twitter:label2\" content=\"Est. reading time\" \/>\n\t<meta name=\"twitter:data2\" content=\"5 minut\" \/>\n<script type=\"application\/ld+json\" class=\"yoast-schema-graph\">{\"@context\":\"https:\/\/schema.org\",\"@graph\":[{\"@type\":\"WebPage\",\"@id\":\"https:\/\/dypall.com\/activity\/feedback-on-the-impact-of-the-training-course-young-migrant-voices-held-in-november-2016\/\",\"url\":\"https:\/\/dypall.com\/activity\/feedback-on-the-impact-of-the-training-course-young-migrant-voices-held-in-november-2016\/\",\"name\":\"Feedback on the impact of the training course \u201cYoung Migrant Voices\u201d held in November 2016. - DYPALL Network\",\"isPartOf\":{\"@id\":\"https:\/\/dypall.com\/#website\"},\"primaryImageOfPage\":{\"@id\":\"https:\/\/dypall.com\/activity\/feedback-on-the-impact-of-the-training-course-young-migrant-voices-held-in-november-2016\/#primaryimage\"},\"image\":{\"@id\":\"https:\/\/dypall.com\/activity\/feedback-on-the-impact-of-the-training-course-young-migrant-voices-held-in-november-2016\/#primaryimage\"},\"thumbnailUrl\":\"\",\"datePublished\":\"2017-06-16T16:36:38+00:00\",\"dateModified\":\"2017-06-16T16:36:38+00:00\",\"author\":{\"@id\":\"https:\/\/dypall.com\/#\/schema\/person\/206350efe851997fcdedef75d118766b\"},\"breadcrumb\":{\"@id\":\"https:\/\/dypall.com\/activity\/feedback-on-the-impact-of-the-training-course-young-migrant-voices-held-in-november-2016\/#breadcrumb\"},\"inLanguage\":\"pl-PL\",\"potentialAction\":[{\"@type\":\"ReadAction\",\"target\":[\"https:\/\/dypall.com\/activity\/feedback-on-the-impact-of-the-training-course-young-migrant-voices-held-in-november-2016\/\"]}]},{\"@type\":\"ImageObject\",\"inLanguage\":\"pl-PL\",\"@id\":\"https:\/\/dypall.com\/activity\/feedback-on-the-impact-of-the-training-course-young-migrant-voices-held-in-november-2016\/#primaryimage\",\"url\":\"\",\"contentUrl\":\"\"},{\"@type\":\"BreadcrumbList\",\"@id\":\"https:\/\/dypall.com\/activity\/feedback-on-the-impact-of-the-training-course-young-migrant-voices-held-in-november-2016\/#breadcrumb\",\"itemListElement\":[{\"@type\":\"ListItem\",\"position\":1,\"name\":\"Home\",\"item\":\"https:\/\/dypall.com\/\"},{\"@type\":\"ListItem\",\"position\":2,\"name\":\"Feedback on the impact of the training course \u201cYoung Migrant Voices\u201d held in November 2016.\"}]},{\"@type\":\"WebSite\",\"@id\":\"https:\/\/dypall.com\/#website\",\"url\":\"https:\/\/dypall.com\/\",\"name\":\"DYPALL Network\",\"description\":\"We are a European network of civil society organisations, municipalities and research institutions dedicated to improving democracy through youth participation.\",\"potentialAction\":[{\"@type\":\"SearchAction\",\"target\":{\"@type\":\"EntryPoint\",\"urlTemplate\":\"https:\/\/dypall.com\/?s={search_term_string}\"},\"query-input\":\"required name=search_term_string\"}],\"inLanguage\":\"pl-PL\"},{\"@type\":\"Person\",\"@id\":\"https:\/\/dypall.com\/#\/schema\/person\/206350efe851997fcdedef75d118766b\",\"name\":\"dypall\",\"image\":{\"@type\":\"ImageObject\",\"inLanguage\":\"pl-PL\",\"@id\":\"https:\/\/dypall.com\/#\/schema\/person\/image\/\",\"url\":\"https:\/\/secure.gravatar.com\/avatar\/14e8d3d8841cd0bdf69915120bcf9fcfac1567f1dc7035664907322ac47efe29?s=96&d=mm&r=g\",\"contentUrl\":\"https:\/\/secure.gravatar.com\/avatar\/14e8d3d8841cd0bdf69915120bcf9fcfac1567f1dc7035664907322ac47efe29?s=96&d=mm&r=g\",\"caption\":\"dypall\"},\"url\":\"https:\/\/dypall.com\/pl\/author\/dypall_info\/\"}]}<\/script>\n<!-- \/ Yoast SEO plugin. -->","yoast_head_json":{"title":"Feedback on the impact of the training course \u201cYoung Migrant Voices\u201d held in November 2016. - DYPALL Network","robots":{"index":"index","follow":"follow","max-snippet":"max-snippet:-1","max-image-preview":"max-image-preview:large","max-video-preview":"max-video-preview:-1"},"canonical":"https:\/\/dypall.com\/pl\/activity\/feedback-on-the-impact-of-the-training-course-young-migrant-voices-held-in-november-2016\/","og_locale":"pl_PL","og_type":"article","og_title":"Feedback on the impact of the training course \u201cYoung Migrant Voices\u201d held in November 2016. - DYPALL Network","og_description":"The initiative \u201cYoung Migrant Voices: a training course for boosting participation of young migrants in decision-making processes at local level\u201d was organized by ADYNE Netherlands in partnership with DYPALL Network, and was implemented in November 2016. We wrote about it on our\u00a0\u00a0website here and here. Eva Lindberg \u00a0and Anna Beata Ekstr\u00f6m, were participants in this&hellip; Czytaj dalej Feedback on the impact of the training course \u201cYoung Migrant Voices\u201d held in November 2016.","og_url":"https:\/\/dypall.com\/pl\/activity\/feedback-on-the-impact-of-the-training-course-young-migrant-voices-held-in-november-2016\/","og_site_name":"DYPALL Network","article_published_time":"2017-06-16T16:36:38+00:00","author":"dypall","twitter_card":"summary_large_image","twitter_misc":{"Written by":"dypall","Est. reading time":"5 minut"},"schema":{"@context":"https:\/\/schema.org","@graph":[{"@type":"WebPage","@id":"https:\/\/dypall.com\/activity\/feedback-on-the-impact-of-the-training-course-young-migrant-voices-held-in-november-2016\/","url":"https:\/\/dypall.com\/activity\/feedback-on-the-impact-of-the-training-course-young-migrant-voices-held-in-november-2016\/","name":"Feedback on the impact of the training course \u201cYoung Migrant Voices\u201d held in November 2016. - DYPALL Network","isPartOf":{"@id":"https:\/\/dypall.com\/#website"},"primaryImageOfPage":{"@id":"https:\/\/dypall.com\/activity\/feedback-on-the-impact-of-the-training-course-young-migrant-voices-held-in-november-2016\/#primaryimage"},"image":{"@id":"https:\/\/dypall.com\/activity\/feedback-on-the-impact-of-the-training-course-young-migrant-voices-held-in-november-2016\/#primaryimage"},"thumbnailUrl":"","datePublished":"2017-06-16T16:36:38+00:00","dateModified":"2017-06-16T16:36:38+00:00","author":{"@id":"https:\/\/dypall.com\/#\/schema\/person\/206350efe851997fcdedef75d118766b"},"breadcrumb":{"@id":"https:\/\/dypall.com\/activity\/feedback-on-the-impact-of-the-training-course-young-migrant-voices-held-in-november-2016\/#breadcrumb"},"inLanguage":"pl-PL","potentialAction":[{"@type":"ReadAction","target":["https:\/\/dypall.com\/activity\/feedback-on-the-impact-of-the-training-course-young-migrant-voices-held-in-november-2016\/"]}]},{"@type":"ImageObject","inLanguage":"pl-PL","@id":"https:\/\/dypall.com\/activity\/feedback-on-the-impact-of-the-training-course-young-migrant-voices-held-in-november-2016\/#primaryimage","url":"","contentUrl":""},{"@type":"BreadcrumbList","@id":"https:\/\/dypall.com\/activity\/feedback-on-the-impact-of-the-training-course-young-migrant-voices-held-in-november-2016\/#breadcrumb","itemListElement":[{"@type":"ListItem","position":1,"name":"Home","item":"https:\/\/dypall.com\/"},{"@type":"ListItem","position":2,"name":"Feedback on the impact of the training course \u201cYoung Migrant Voices\u201d held in November 2016."}]},{"@type":"WebSite","@id":"https:\/\/dypall.com\/#website","url":"https:\/\/dypall.com\/","name":"DYPALL Network","description":"We are a European network of civil society organisations, municipalities and research institutions dedicated to improving democracy through youth participation.","potentialAction":[{"@type":"SearchAction","target":{"@type":"EntryPoint","urlTemplate":"https:\/\/dypall.com\/?s={search_term_string}"},"query-input":"required name=search_term_string"}],"inLanguage":"pl-PL"},{"@type":"Person","@id":"https:\/\/dypall.com\/#\/schema\/person\/206350efe851997fcdedef75d118766b","name":"dypall","image":{"@type":"ImageObject","inLanguage":"pl-PL","@id":"https:\/\/dypall.com\/#\/schema\/person\/image\/","url":"https:\/\/secure.gravatar.com\/avatar\/14e8d3d8841cd0bdf69915120bcf9fcfac1567f1dc7035664907322ac47efe29?s=96&d=mm&r=g","contentUrl":"https:\/\/secure.gravatar.com\/avatar\/14e8d3d8841cd0bdf69915120bcf9fcfac1567f1dc7035664907322ac47efe29?s=96&d=mm&r=g","caption":"dypall"},"url":"https:\/\/dypall.com\/pl\/author\/dypall_info\/"}]}},"jetpack_featured_media_url":"","jetpack_sharing_enabled":true,"_links":{"self":[{"href":"https:\/\/dypall.com\/pl\/wp-json\/wp\/v2\/posts\/2117","targetHints":{"allow":["GET"]}}],"collection":[{"href":"https:\/\/dypall.com\/pl\/wp-json\/wp\/v2\/posts"}],"about":[{"href":"https:\/\/dypall.com\/pl\/wp-json\/wp\/v2\/types\/post"}],"author":[{"embeddable":true,"href":"https:\/\/dypall.com\/pl\/wp-json\/wp\/v2\/users\/2"}],"replies":[{"embeddable":true,"href":"https:\/\/dypall.com\/pl\/wp-json\/wp\/v2\/comments?post=2117"}],"version-history":[{"count":0,"href":"https:\/\/dypall.com\/pl\/wp-json\/wp\/v2\/posts\/2117\/revisions"}],"wp:featuredmedia":[{"embeddable":true,"href":"https:\/\/dypall.com\/pl\/wp-json\/"}],"wp:attachment":[{"href":"https:\/\/dypall.com\/pl\/wp-json\/wp\/v2\/media?parent=2117"}],"wp:term":[{"taxonomy":"category","embeddable":true,"href":"https:\/\/dypall.com\/pl\/wp-json\/wp\/v2\/categories?post=2117"},{"taxonomy":"post_tag","embeddable":true,"href":"https:\/\/dypall.com\/pl\/wp-json\/wp\/v2\/tags?post=2117"}],"curies":[{"name":"wp","href":"https:\/\/api.w.org\/{rel}","templated":true}]}}