{"id":2086,"date":"2017-05-30T12:51:42","date_gmt":"2017-05-30T10:51:42","guid":{"rendered":"http:\/\/dypall.com\/?p=2086"},"modified":"2017-05-30T12:51:42","modified_gmt":"2017-05-30T10:51:42","slug":"europe-goes-local-academia-de-desenvolvimento-juvenil-youth-development-academy","status":"publish","type":"post","link":"https:\/\/dypall.com\/pl\/activity\/europe-goes-local-academia-de-desenvolvimento-juvenil-youth-development-academy\/","title":{"rendered":"Europa dzia\u0142a lokalnie  \u2047  Academia de Desenvolvimento Juvenil (Akademia Rozwoju M\u0142odzie\u017cy)"},"content":{"rendered":"<p>Europe Goes Local to d\u0142ugoterminowa wsp\u00f3\u0142praca w ramach programu Erasmus+ na rzecz m\u0142odzie\u017cy w celu wspierania pracy z m\u0142odzie\u017c\u0105 na szczeblu gminnym. W zwi\u0105zku z tym 21 agencji narodowych programu Erasmus+ w sektorze m\u0142odzie\u017cy d\u0105\u017cy w ramach tej inicjatywy do poprawy jako\u015bci pracy z m\u0142odzie\u017c\u0105 poprzez \u015bci\u015blejsz\u0105 wsp\u00f3\u0142prac\u0119 mi\u0119dzy kilkoma zainteresowanymi stronami i zainteresowanymi stronami.<\/p>\n<p>R\u00f3wnie\u017c zgodnie z tymi celami, w dniach 20\u201322 maja 2017 r. w O\u015brodku M\u0142odzie\u017cowym w Faro (IPDJ) w portugalskim regionie Algarve, druga edycja <strong>Academia de Desenvolvimento Juvenil<\/strong> (Akademia Rozwoju M\u0142odzie\u017cy) zosta\u0142a uruchomiona. Wydarzenie to ma na celu stworzenie przestrzeni do wymiany dobrych praktyk, a tak\u017ce budowania zdolno\u015bci i szkolenia os\u00f3b pracuj\u0105cych z m\u0142odzie\u017c\u0105, lider\u00f3w i organizacji m\u0142odzie\u017cowych.<\/p>\n<p><img loading=\"lazy\" decoding=\"async\" class=\"wp-image-2088 aligncenter\" src=\"http:\/\/dypall.com\/wp-content\/uploads\/2017\/05\/IMG_20170522_141310-300x169.jpg\" alt=\"\" width=\"327\" height=\"184\" \/><\/p>\n<p>Bruno Ant\u00f3nio, cz\u0142onek zespo\u0142u i przedstawiciel sieci DYPALL, by\u0142 obecny na tym wydarzeniu jako trener reprezentuj\u0105cy portugalsk\u0105 agencj\u0119 narodow\u0105 Erasmus+. W ramach przeprowadzonych \u201eszkole\u0144 dla trener\u00f3w\u201d osoby pracuj\u0105ce z m\u0142odzie\u017c\u0105, urz\u0119dnicy gminni i przedstawiciele m\u0142odzie\u017cy mieli okazj\u0119 dog\u0142\u0119bnie zbada\u0107 tematy uczenia si\u0119 w kontek\u015bcie kszta\u0142cenia pozaformalnego, tworz\u0105c program szkolenia m\u0142odzie\u017cy i dynamik\u0119 grupy. By\u0142a to r\u00f3wnie\u017c okazja, aby umo\u017cliwi\u0107 osobom pracuj\u0105cym z m\u0142odzie\u017c\u0105 w gminach i organizacjach poznanie sieci DYPALL jako mo\u017cliwego partnera i zwolennika w projektach i budowaniu synergii.<img loading=\"lazy\" decoding=\"async\" class=\"size-medium wp-image-2089 alignright\" src=\"http:\/\/dypall.com\/wp-content\/uploads\/2017\/05\/IMG_20170521_122253-300x169.jpg\" alt=\"\" width=\"300\" height=\"169\" \/><\/p>\n<p>W ten spos\u00f3b powszechnie uwa\u017cano, \u017ce po tej inicjatywie osi\u0105gni\u0119to nast\u0119puj\u0105ce cele programu \u201eEuropa w terenie\u201d na szczeblu krajowym:<\/p>\n<ul>\n<li>przybli\u017cenie agencji narodowej do pracy z m\u0142odzie\u017c\u0105 na szczeblu lokalnym;<\/li>\n<li>wprowadzenie do gmin elementu mi\u0119dzynarodowego\/europejskiego (mi\u0119dzynarodowa praca z m\u0142odzie\u017c\u0105);<\/li>\n<li>mapowanie potrzeb w zakresie pracy z m\u0142odzie\u017c\u0105 i pracy z m\u0142odzie\u017c\u0105 na szczeblu gminy;<\/li>\n<li>budowanie sieci z zainteresowanymi stronami (pracownikami m\u0142odzie\u017cowymi, urz\u0119dnikami gminnymi i politykami) na szczeblu lokalnym;<\/li>\n<li>wymiana praktyk w zakresie towar\u00f3w i dzielenie si\u0119 przyk\u0142adami dobrych projekt\u00f3w, kt\u00f3re by\u0142y budowane i wdra\u017cane lokalnie;<\/li>\n<li>Podnoszenie \u015bwiadomo\u015bci os\u00f3b pracuj\u0105cych z m\u0142odzie\u017c\u0105 na temat europejskiego programu dzia\u0142a\u0144.<\/li>\n<\/ul>\n<p><img loading=\"lazy\" decoding=\"async\" class=\"wp-image-2090 aligncenter\" src=\"http:\/\/dypall.com\/wp-content\/uploads\/2017\/05\/IMG_20170522_101150-300x169.jpg\" alt=\"\" width=\"311\" height=\"175\" \/><\/p>","protected":false},"excerpt":{"rendered":"<p>Europe Goes Local to d\u0142ugoterminowa wsp\u00f3\u0142praca w ramach programu Erasmus+ na rzecz m\u0142odzie\u017cy w celu wspierania pracy z m\u0142odzie\u017c\u0105 na szczeblu gminnym. W zwi\u0105zku z tym 21 agencji narodowych programu Erasmus+ w sektorze m\u0142odzie\u017cy d\u0105\u017cy w ramach tej inicjatywy do poprawy jako\u015bci pracy z m\u0142odzie\u017c\u0105 poprzez \u015bci\u015blejsz\u0105 wsp\u00f3\u0142prac\u0119 mi\u0119dzy kilkoma zainteresowanymi stronami i zainteresowanymi stronami. R\u00f3wnie\u017c zgodnie z... <a class=\"more-link\" href=\"https:\/\/dypall.com\/pl\/activity\/europe-goes-local-academia-de-desenvolvimento-juvenil-youth-development-academy\/\">Czytaj dalej <span class=\"screen-reader-text\">Europa dzia\u0142a lokalnie  \u2047  Academia de Desenvolvimento Juvenil (Akademia Rozwoju M\u0142odzie\u017cy)<\/span><\/a><\/p>","protected":false},"author":1,"featured_media":2087,"comment_status":"closed","ping_status":"open","sticky":false,"template":"","format":"standard","meta":{"_acf_changed":false,"_jetpack_memberships_contains_paid_content":false,"footnotes":""},"categories":[111,141],"tags":[136],"class_list":["post-2086","post","type-post","status-publish","format-standard","has-post-thumbnail","hentry","category-activity","category-training-course","tag-training-course","entry"],"acf":[],"yoast_head":"<!-- This site is optimized with the Yoast SEO plugin v22.8 - https:\/\/yoast.com\/wordpress\/plugins\/seo\/ -->\n<title>Europe Goes Local | Academia de Desenvolvimento Juvenil (Youth Development Academy) - DYPALL Network<\/title>\n<meta name=\"robots\" content=\"index, follow, max-snippet:-1, max-image-preview:large, max-video-preview:-1\" \/>\n<link rel=\"canonical\" href=\"https:\/\/dypall.com\/pl\/activity\/europe-goes-local-academia-de-desenvolvimento-juvenil-youth-development-academy\/\" \/>\n<meta property=\"og:locale\" content=\"pl_PL\" \/>\n<meta property=\"og:type\" content=\"article\" \/>\n<meta property=\"og:title\" content=\"Europe Goes Local | Academia de Desenvolvimento Juvenil (Youth Development Academy) - DYPALL Network\" \/>\n<meta property=\"og:description\" content=\"Europe Goes Local is a long-term cooperation within the Erasmus+ youth programme to support youth work at the municipal level. Thus, 21 National Agencies of the Erasmus+ programme in the youth sector aim with this initiative, to improve work quality with youth, through strengthened cooperation between several interested parties and stakeholders. Also in line with&hellip; Czytaj dalej Europe Goes Local | Academia de Desenvolvimento Juvenil (Youth Development Academy)\" \/>\n<meta property=\"og:url\" content=\"https:\/\/dypall.com\/pl\/activity\/europe-goes-local-academia-de-desenvolvimento-juvenil-youth-development-academy\/\" \/>\n<meta property=\"og:site_name\" content=\"DYPALL Network\" \/>\n<meta property=\"article:published_time\" content=\"2017-05-30T10:51:42+00:00\" \/>\n<meta name=\"author\" content=\"DYPALL Network\" \/>\n<meta name=\"twitter:card\" content=\"summary_large_image\" \/>\n<meta name=\"twitter:label1\" content=\"Written by\" \/>\n\t<meta name=\"twitter:data1\" content=\"DYPALL Network\" \/>\n\t<meta name=\"twitter:label2\" content=\"Est. reading time\" \/>\n\t<meta name=\"twitter:data2\" content=\"1 minuta\" \/>\n<script type=\"application\/ld+json\" class=\"yoast-schema-graph\">{\"@context\":\"https:\/\/schema.org\",\"@graph\":[{\"@type\":\"WebPage\",\"@id\":\"https:\/\/dypall.com\/activity\/europe-goes-local-academia-de-desenvolvimento-juvenil-youth-development-academy\/\",\"url\":\"https:\/\/dypall.com\/activity\/europe-goes-local-academia-de-desenvolvimento-juvenil-youth-development-academy\/\",\"name\":\"Europe Goes Local | Academia de Desenvolvimento Juvenil (Youth Development Academy) - DYPALL Network\",\"isPartOf\":{\"@id\":\"https:\/\/dypall.com\/#website\"},\"primaryImageOfPage\":{\"@id\":\"https:\/\/dypall.com\/activity\/europe-goes-local-academia-de-desenvolvimento-juvenil-youth-development-academy\/#primaryimage\"},\"image\":{\"@id\":\"https:\/\/dypall.com\/activity\/europe-goes-local-academia-de-desenvolvimento-juvenil-youth-development-academy\/#primaryimage\"},\"thumbnailUrl\":\"\",\"datePublished\":\"2017-05-30T10:51:42+00:00\",\"dateModified\":\"2017-05-30T10:51:42+00:00\",\"author\":{\"@id\":\"https:\/\/dypall.com\/#\/schema\/person\/f92e08aa15c8ba711a9d153129f03377\"},\"breadcrumb\":{\"@id\":\"https:\/\/dypall.com\/activity\/europe-goes-local-academia-de-desenvolvimento-juvenil-youth-development-academy\/#breadcrumb\"},\"inLanguage\":\"pl-PL\",\"potentialAction\":[{\"@type\":\"ReadAction\",\"target\":[\"https:\/\/dypall.com\/activity\/europe-goes-local-academia-de-desenvolvimento-juvenil-youth-development-academy\/\"]}]},{\"@type\":\"ImageObject\",\"inLanguage\":\"pl-PL\",\"@id\":\"https:\/\/dypall.com\/activity\/europe-goes-local-academia-de-desenvolvimento-juvenil-youth-development-academy\/#primaryimage\",\"url\":\"\",\"contentUrl\":\"\"},{\"@type\":\"BreadcrumbList\",\"@id\":\"https:\/\/dypall.com\/activity\/europe-goes-local-academia-de-desenvolvimento-juvenil-youth-development-academy\/#breadcrumb\",\"itemListElement\":[{\"@type\":\"ListItem\",\"position\":1,\"name\":\"Home\",\"item\":\"https:\/\/dypall.com\/\"},{\"@type\":\"ListItem\",\"position\":2,\"name\":\"Europe Goes Local | Academia de Desenvolvimento Juvenil (Youth Development Academy)\"}]},{\"@type\":\"WebSite\",\"@id\":\"https:\/\/dypall.com\/#website\",\"url\":\"https:\/\/dypall.com\/\",\"name\":\"DYPALL Network\",\"description\":\"We are a European network of civil society organisations, municipalities and research institutions dedicated to improving democracy through youth participation.\",\"potentialAction\":[{\"@type\":\"SearchAction\",\"target\":{\"@type\":\"EntryPoint\",\"urlTemplate\":\"https:\/\/dypall.com\/?s={search_term_string}\"},\"query-input\":\"required name=search_term_string\"}],\"inLanguage\":\"pl-PL\"},{\"@type\":\"Person\",\"@id\":\"https:\/\/dypall.com\/#\/schema\/person\/f92e08aa15c8ba711a9d153129f03377\",\"name\":\"DYPALL Network\",\"image\":{\"@type\":\"ImageObject\",\"inLanguage\":\"pl-PL\",\"@id\":\"https:\/\/dypall.com\/#\/schema\/person\/image\/\",\"url\":\"https:\/\/secure.gravatar.com\/avatar\/9c39e299279800c6d69c5e02cf613e7bab060889f373052a03d7ac399e8f0d3c?s=96&d=mm&r=g\",\"contentUrl\":\"https:\/\/secure.gravatar.com\/avatar\/9c39e299279800c6d69c5e02cf613e7bab060889f373052a03d7ac399e8f0d3c?s=96&d=mm&r=g\",\"caption\":\"DYPALL Network\"},\"sameAs\":[\"https:\/\/dypall.com\"],\"url\":\"https:\/\/dypall.com\/pl\/author\/dypall\/\"}]}<\/script>\n<!-- \/ Yoast SEO plugin. -->","yoast_head_json":{"title":"Europe Goes Local | Academia de Desenvolvimento Juvenil (Youth Development Academy) - DYPALL Network","robots":{"index":"index","follow":"follow","max-snippet":"max-snippet:-1","max-image-preview":"max-image-preview:large","max-video-preview":"max-video-preview:-1"},"canonical":"https:\/\/dypall.com\/pl\/activity\/europe-goes-local-academia-de-desenvolvimento-juvenil-youth-development-academy\/","og_locale":"pl_PL","og_type":"article","og_title":"Europe Goes Local | Academia de Desenvolvimento Juvenil (Youth Development Academy) - DYPALL Network","og_description":"Europe Goes Local is a long-term cooperation within the Erasmus+ youth programme to support youth work at the municipal level. Thus, 21 National Agencies of the Erasmus+ programme in the youth sector aim with this initiative, to improve work quality with youth, through strengthened cooperation between several interested parties and stakeholders. Also in line with&hellip; Czytaj dalej Europe Goes Local | Academia de Desenvolvimento Juvenil (Youth Development Academy)","og_url":"https:\/\/dypall.com\/pl\/activity\/europe-goes-local-academia-de-desenvolvimento-juvenil-youth-development-academy\/","og_site_name":"DYPALL Network","article_published_time":"2017-05-30T10:51:42+00:00","author":"DYPALL Network","twitter_card":"summary_large_image","twitter_misc":{"Written by":"DYPALL Network","Est. reading time":"1 minuta"},"schema":{"@context":"https:\/\/schema.org","@graph":[{"@type":"WebPage","@id":"https:\/\/dypall.com\/activity\/europe-goes-local-academia-de-desenvolvimento-juvenil-youth-development-academy\/","url":"https:\/\/dypall.com\/activity\/europe-goes-local-academia-de-desenvolvimento-juvenil-youth-development-academy\/","name":"Europe Goes Local | Academia de Desenvolvimento Juvenil (Youth Development Academy) - DYPALL Network","isPartOf":{"@id":"https:\/\/dypall.com\/#website"},"primaryImageOfPage":{"@id":"https:\/\/dypall.com\/activity\/europe-goes-local-academia-de-desenvolvimento-juvenil-youth-development-academy\/#primaryimage"},"image":{"@id":"https:\/\/dypall.com\/activity\/europe-goes-local-academia-de-desenvolvimento-juvenil-youth-development-academy\/#primaryimage"},"thumbnailUrl":"","datePublished":"2017-05-30T10:51:42+00:00","dateModified":"2017-05-30T10:51:42+00:00","author":{"@id":"https:\/\/dypall.com\/#\/schema\/person\/f92e08aa15c8ba711a9d153129f03377"},"breadcrumb":{"@id":"https:\/\/dypall.com\/activity\/europe-goes-local-academia-de-desenvolvimento-juvenil-youth-development-academy\/#breadcrumb"},"inLanguage":"pl-PL","potentialAction":[{"@type":"ReadAction","target":["https:\/\/dypall.com\/activity\/europe-goes-local-academia-de-desenvolvimento-juvenil-youth-development-academy\/"]}]},{"@type":"ImageObject","inLanguage":"pl-PL","@id":"https:\/\/dypall.com\/activity\/europe-goes-local-academia-de-desenvolvimento-juvenil-youth-development-academy\/#primaryimage","url":"","contentUrl":""},{"@type":"BreadcrumbList","@id":"https:\/\/dypall.com\/activity\/europe-goes-local-academia-de-desenvolvimento-juvenil-youth-development-academy\/#breadcrumb","itemListElement":[{"@type":"ListItem","position":1,"name":"Home","item":"https:\/\/dypall.com\/"},{"@type":"ListItem","position":2,"name":"Europe Goes Local | Academia de Desenvolvimento Juvenil (Youth Development Academy)"}]},{"@type":"WebSite","@id":"https:\/\/dypall.com\/#website","url":"https:\/\/dypall.com\/","name":"DYPALL Network","description":"We are a European network of civil society organisations, municipalities and research institutions dedicated to improving democracy through youth participation.","potentialAction":[{"@type":"SearchAction","target":{"@type":"EntryPoint","urlTemplate":"https:\/\/dypall.com\/?s={search_term_string}"},"query-input":"required name=search_term_string"}],"inLanguage":"pl-PL"},{"@type":"Person","@id":"https:\/\/dypall.com\/#\/schema\/person\/f92e08aa15c8ba711a9d153129f03377","name":"DYPALL Network","image":{"@type":"ImageObject","inLanguage":"pl-PL","@id":"https:\/\/dypall.com\/#\/schema\/person\/image\/","url":"https:\/\/secure.gravatar.com\/avatar\/9c39e299279800c6d69c5e02cf613e7bab060889f373052a03d7ac399e8f0d3c?s=96&d=mm&r=g","contentUrl":"https:\/\/secure.gravatar.com\/avatar\/9c39e299279800c6d69c5e02cf613e7bab060889f373052a03d7ac399e8f0d3c?s=96&d=mm&r=g","caption":"DYPALL Network"},"sameAs":["https:\/\/dypall.com"],"url":"https:\/\/dypall.com\/pl\/author\/dypall\/"}]}},"jetpack_featured_media_url":"","jetpack_sharing_enabled":true,"_links":{"self":[{"href":"https:\/\/dypall.com\/pl\/wp-json\/wp\/v2\/posts\/2086","targetHints":{"allow":["GET"]}}],"collection":[{"href":"https:\/\/dypall.com\/pl\/wp-json\/wp\/v2\/posts"}],"about":[{"href":"https:\/\/dypall.com\/pl\/wp-json\/wp\/v2\/types\/post"}],"author":[{"embeddable":true,"href":"https:\/\/dypall.com\/pl\/wp-json\/wp\/v2\/users\/1"}],"replies":[{"embeddable":true,"href":"https:\/\/dypall.com\/pl\/wp-json\/wp\/v2\/comments?post=2086"}],"version-history":[{"count":0,"href":"https:\/\/dypall.com\/pl\/wp-json\/wp\/v2\/posts\/2086\/revisions"}],"wp:featuredmedia":[{"embeddable":true,"href":"https:\/\/dypall.com\/pl\/wp-json\/"}],"wp:attachment":[{"href":"https:\/\/dypall.com\/pl\/wp-json\/wp\/v2\/media?parent=2086"}],"wp:term":[{"taxonomy":"category","embeddable":true,"href":"https:\/\/dypall.com\/pl\/wp-json\/wp\/v2\/categories?post=2086"},{"taxonomy":"post_tag","embeddable":true,"href":"https:\/\/dypall.com\/pl\/wp-json\/wp\/v2\/tags?post=2086"}],"curies":[{"name":"wp","href":"https:\/\/api.w.org\/{rel}","templated":true}]}}