{"id":2006,"date":"2017-05-05T15:31:43","date_gmt":"2017-05-05T13:31:43","guid":{"rendered":"http:\/\/dypall.com\/?p=2006"},"modified":"2017-05-05T15:31:43","modified_gmt":"2017-05-05T13:31:43","slug":"european-youth-week-2017-information-sessions-in-portimao-portugal","status":"publish","type":"post","link":"https:\/\/dypall.com\/pl\/activity\/european-youth-week-2017-information-sessions-in-portimao-portugal\/","title":{"rendered":"Europejski Tydzie\u0144 M\u0142odzie\u017cy 2017: Sesje informacyjne w Portim\u00e3o w Portugalii."},"content":{"rendered":"<p>W ramach Europejskiego Tygodnia M\u0142odzie\u017cy sie\u0107 DYPALL zorganizowa\u0142a 2 maja dwie sesje informacyjne skierowane do m\u0142odzie\u017cy i przedstawicieli organizacji m\u0142odzie\u017cowych w Portim\u00e3o. W sesji porannej 60 lokalnych uczni\u00f3w szk\u00f3\u0142 \u015brednich zebra\u0142o si\u0119 w Bibliotece Miejskiej Portim\u00e3o, aby uzyska\u0107 dost\u0119p do informacji na temat mo\u017cliwo\u015bci oferowanych m\u0142odzie\u017cy w ramach programu Erasmus+.<\/p>\n<p class=\"alignnone\"><a href=\"http:\/\/dypall.com\/pl\/2017\/05\/05\/european-youth-week-2017-information-sessions-in-portimao-portugal\/18253804_1951357291744149_357261958_n\/#main\" rel=\"attachment wp-att-2007\"><img loading=\"lazy\" decoding=\"async\" class=\"wp-image-2007 alignleft\" src=\"http:\/\/dypall.com\/wp-content\/uploads\/2017\/05\/18253804_1951357291744149_357261958_n.jpg\" alt=\"\" width=\"235\" height=\"177\" \/><\/a>\u00a0 \u00a0 \u00a0<a href=\"http:\/\/dypall.com\/pl\/2017\/05\/05\/european-youth-week-2017-information-sessions-in-portimao-portugal\/18254315_1951356448410900_1429763080_n\/#main\" rel=\"attachment wp-att-2008\"><img loading=\"lazy\" decoding=\"async\" class=\"wp-image-2008 alignleft\" src=\"http:\/\/dypall.com\/wp-content\/uploads\/2017\/05\/18254315_1951356448410900_1429763080_n.jpg\" alt=\"\" width=\"235\" height=\"177\" \/><\/a> <a href=\"http:\/\/dypall.com\/pl\/2017\/05\/05\/european-youth-week-2017-information-sessions-in-portimao-portugal\/18254612_1951824338364111_858877064_n\/#main\" rel=\"attachment wp-att-2009\"><br \/>\n<\/a><\/p>\n<p>&nbsp;<\/p>\n<p>&nbsp;<\/p>\n<p>&nbsp;<\/p>\n<p>&nbsp;<\/p>\n<p>Studenci ci s\u0142yszeli r\u00f3wnie\u017c o do\u015bwiadczeniach os\u00f3b, kt\u00f3re prowadzi\u0142y programy wymiany, a tak\u017ce podj\u0119li sesj\u0119 grupowej burzy m\u00f3zg\u00f3w na temat projekt\u00f3w, kt\u00f3re chcieliby zrealizowa\u0107 w ramach programu Erasmus+. Promowano takie warto\u015bci jak r\u00f3\u017cnorodno\u015b\u0107, obywatelstwo europejskie i r\u00f3wno\u015b\u0107 szans.<\/p>\n<p>Ponadto popo\u0142udniowa sesja informacyjna dla przedstawicieli organizacji m\u0142odzie\u017cowych koncentrowa\u0142a si\u0119 na mo\u017cliwo\u015bciach finansowania w ramach programu oraz na budowaniu synergii mi\u0119dzy r\u00f3\u017cnymi grupami.<\/p>\n<p><img loading=\"lazy\" decoding=\"async\" class=\"wp-image-2010 alignleft\" src=\"http:\/\/dypall.com\/wp-content\/uploads\/2017\/05\/18254731_1951354065077805_1354425318_n.jpg\" alt=\"\" width=\"234\" height=\"175\" \/>\u00a0 \u00a0 \u00a0<img loading=\"lazy\" decoding=\"async\" class=\"wp-image-2009 alignleft\" src=\"http:\/\/dypall.com\/wp-content\/uploads\/2017\/05\/18254612_1951824338364111_858877064_n.jpg\" alt=\"\" width=\"233\" height=\"175\" \/><\/p>\n<p>&nbsp;<\/p>\n<p>&nbsp;<\/p>\n<p>&nbsp;<\/p>\n<p>&nbsp;<\/p>","protected":false},"excerpt":{"rendered":"<p>W ramach Europejskiego Tygodnia M\u0142odzie\u017cy sie\u0107 DYPALL zorganizowa\u0142a 2 maja dwie sesje informacyjne skierowane do m\u0142odzie\u017cy i przedstawicieli organizacji m\u0142odzie\u017cowych w Portim\u00e3o. W sesji porannej 60 lokalnych uczni\u00f3w szk\u00f3\u0142 \u015brednich zebra\u0142o si\u0119 w Bibliotece Miejskiej Portim\u00e3o, aby uzyska\u0107 dost\u0119p do informacji na temat mo\u017cliwo\u015bci oferowanych m\u0142odzie\u017cy w ramach programu Erasmus+. \u00a0 \u00a0 \u00a0... <a class=\"more-link\" href=\"https:\/\/dypall.com\/pl\/activity\/european-youth-week-2017-information-sessions-in-portimao-portugal\/\">Czytaj dalej <span class=\"screen-reader-text\">Europejski Tydzie\u0144 M\u0142odzie\u017cy 2017: Sesje informacyjne w Portim\u00e3o w Portugalii.<\/span><\/a><\/p>","protected":false},"author":1,"featured_media":2044,"comment_status":"closed","ping_status":"open","sticky":false,"template":"","format":"standard","meta":{"_acf_changed":false,"_jetpack_memberships_contains_paid_content":false,"footnotes":""},"categories":[111],"tags":[149],"class_list":["post-2006","post","type-post","status-publish","format-standard","has-post-thumbnail","hentry","category-activity","tag-european-youth-week","entry"],"acf":[],"yoast_head":"<!-- This site is optimized with the Yoast SEO plugin v22.8 - https:\/\/yoast.com\/wordpress\/plugins\/seo\/ -->\n<title>European Youth Week 2017: Information sessions in Portim\u00e3o, Portugal. - DYPALL Network<\/title>\n<meta name=\"robots\" content=\"index, follow, max-snippet:-1, max-image-preview:large, max-video-preview:-1\" \/>\n<link rel=\"canonical\" href=\"https:\/\/dypall.com\/pl\/activity\/european-youth-week-2017-information-sessions-in-portimao-portugal\/\" \/>\n<meta property=\"og:locale\" content=\"pl_PL\" \/>\n<meta property=\"og:type\" content=\"article\" \/>\n<meta property=\"og:title\" content=\"European Youth Week 2017: Information sessions in Portim\u00e3o, Portugal. - DYPALL Network\" \/>\n<meta property=\"og:description\" content=\"Within the Framework of the European Youth Week, DYPALL Network organized in the 2nd of May two information sessions targeting youth and representatives of youth organizations in Portim\u00e3o. In the morning session, 60 local high school students were gathered in Portim\u00e3o\u2019s Municipal Library, to have access to information on Erasmus+ youth opportunities. \u00a0 \u00a0 \u00a0&hellip; Czytaj dalej European Youth Week 2017: Information sessions in Portim\u00e3o, Portugal.\" \/>\n<meta property=\"og:url\" content=\"https:\/\/dypall.com\/pl\/activity\/european-youth-week-2017-information-sessions-in-portimao-portugal\/\" \/>\n<meta property=\"og:site_name\" content=\"DYPALL Network\" \/>\n<meta property=\"article:published_time\" content=\"2017-05-05T13:31:43+00:00\" \/>\n<meta name=\"author\" content=\"DYPALL Network\" \/>\n<meta name=\"twitter:card\" content=\"summary_large_image\" \/>\n<meta name=\"twitter:label1\" content=\"Written by\" \/>\n\t<meta name=\"twitter:data1\" content=\"DYPALL Network\" \/>\n\t<meta name=\"twitter:label2\" content=\"Est. reading time\" \/>\n\t<meta name=\"twitter:data2\" content=\"1 minuta\" \/>\n<script type=\"application\/ld+json\" class=\"yoast-schema-graph\">{\"@context\":\"https:\/\/schema.org\",\"@graph\":[{\"@type\":\"WebPage\",\"@id\":\"https:\/\/dypall.com\/activity\/european-youth-week-2017-information-sessions-in-portimao-portugal\/\",\"url\":\"https:\/\/dypall.com\/activity\/european-youth-week-2017-information-sessions-in-portimao-portugal\/\",\"name\":\"European Youth Week 2017: Information sessions in Portim\u00e3o, Portugal. - DYPALL Network\",\"isPartOf\":{\"@id\":\"https:\/\/dypall.com\/#website\"},\"primaryImageOfPage\":{\"@id\":\"https:\/\/dypall.com\/activity\/european-youth-week-2017-information-sessions-in-portimao-portugal\/#primaryimage\"},\"image\":{\"@id\":\"https:\/\/dypall.com\/activity\/european-youth-week-2017-information-sessions-in-portimao-portugal\/#primaryimage\"},\"thumbnailUrl\":\"\",\"datePublished\":\"2017-05-05T13:31:43+00:00\",\"dateModified\":\"2017-05-05T13:31:43+00:00\",\"author\":{\"@id\":\"https:\/\/dypall.com\/#\/schema\/person\/f92e08aa15c8ba711a9d153129f03377\"},\"breadcrumb\":{\"@id\":\"https:\/\/dypall.com\/activity\/european-youth-week-2017-information-sessions-in-portimao-portugal\/#breadcrumb\"},\"inLanguage\":\"pl-PL\",\"potentialAction\":[{\"@type\":\"ReadAction\",\"target\":[\"https:\/\/dypall.com\/activity\/european-youth-week-2017-information-sessions-in-portimao-portugal\/\"]}]},{\"@type\":\"ImageObject\",\"inLanguage\":\"pl-PL\",\"@id\":\"https:\/\/dypall.com\/activity\/european-youth-week-2017-information-sessions-in-portimao-portugal\/#primaryimage\",\"url\":\"\",\"contentUrl\":\"\"},{\"@type\":\"BreadcrumbList\",\"@id\":\"https:\/\/dypall.com\/activity\/european-youth-week-2017-information-sessions-in-portimao-portugal\/#breadcrumb\",\"itemListElement\":[{\"@type\":\"ListItem\",\"position\":1,\"name\":\"Home\",\"item\":\"https:\/\/dypall.com\/\"},{\"@type\":\"ListItem\",\"position\":2,\"name\":\"European Youth Week 2017: Information sessions in Portim\u00e3o, Portugal.\"}]},{\"@type\":\"WebSite\",\"@id\":\"https:\/\/dypall.com\/#website\",\"url\":\"https:\/\/dypall.com\/\",\"name\":\"DYPALL Network\",\"description\":\"We are a European network of civil society organisations, municipalities and research institutions dedicated to improving democracy through youth participation.\",\"potentialAction\":[{\"@type\":\"SearchAction\",\"target\":{\"@type\":\"EntryPoint\",\"urlTemplate\":\"https:\/\/dypall.com\/?s={search_term_string}\"},\"query-input\":\"required name=search_term_string\"}],\"inLanguage\":\"pl-PL\"},{\"@type\":\"Person\",\"@id\":\"https:\/\/dypall.com\/#\/schema\/person\/f92e08aa15c8ba711a9d153129f03377\",\"name\":\"DYPALL Network\",\"image\":{\"@type\":\"ImageObject\",\"inLanguage\":\"pl-PL\",\"@id\":\"https:\/\/dypall.com\/#\/schema\/person\/image\/\",\"url\":\"https:\/\/secure.gravatar.com\/avatar\/9c39e299279800c6d69c5e02cf613e7bab060889f373052a03d7ac399e8f0d3c?s=96&d=mm&r=g\",\"contentUrl\":\"https:\/\/secure.gravatar.com\/avatar\/9c39e299279800c6d69c5e02cf613e7bab060889f373052a03d7ac399e8f0d3c?s=96&d=mm&r=g\",\"caption\":\"DYPALL Network\"},\"sameAs\":[\"https:\/\/dypall.com\"],\"url\":\"https:\/\/dypall.com\/pl\/author\/dypall\/\"}]}<\/script>\n<!-- \/ Yoast SEO plugin. -->","yoast_head_json":{"title":"European Youth Week 2017: Information sessions in Portim\u00e3o, Portugal. - DYPALL Network","robots":{"index":"index","follow":"follow","max-snippet":"max-snippet:-1","max-image-preview":"max-image-preview:large","max-video-preview":"max-video-preview:-1"},"canonical":"https:\/\/dypall.com\/pl\/activity\/european-youth-week-2017-information-sessions-in-portimao-portugal\/","og_locale":"pl_PL","og_type":"article","og_title":"European Youth Week 2017: Information sessions in Portim\u00e3o, Portugal. - DYPALL Network","og_description":"Within the Framework of the European Youth Week, DYPALL Network organized in the 2nd of May two information sessions targeting youth and representatives of youth organizations in Portim\u00e3o. In the morning session, 60 local high school students were gathered in Portim\u00e3o\u2019s Municipal Library, to have access to information on Erasmus+ youth opportunities. \u00a0 \u00a0 \u00a0&hellip; Czytaj dalej European Youth Week 2017: Information sessions in Portim\u00e3o, Portugal.","og_url":"https:\/\/dypall.com\/pl\/activity\/european-youth-week-2017-information-sessions-in-portimao-portugal\/","og_site_name":"DYPALL Network","article_published_time":"2017-05-05T13:31:43+00:00","author":"DYPALL Network","twitter_card":"summary_large_image","twitter_misc":{"Written by":"DYPALL Network","Est. reading time":"1 minuta"},"schema":{"@context":"https:\/\/schema.org","@graph":[{"@type":"WebPage","@id":"https:\/\/dypall.com\/activity\/european-youth-week-2017-information-sessions-in-portimao-portugal\/","url":"https:\/\/dypall.com\/activity\/european-youth-week-2017-information-sessions-in-portimao-portugal\/","name":"European Youth Week 2017: Information sessions in Portim\u00e3o, Portugal. - DYPALL Network","isPartOf":{"@id":"https:\/\/dypall.com\/#website"},"primaryImageOfPage":{"@id":"https:\/\/dypall.com\/activity\/european-youth-week-2017-information-sessions-in-portimao-portugal\/#primaryimage"},"image":{"@id":"https:\/\/dypall.com\/activity\/european-youth-week-2017-information-sessions-in-portimao-portugal\/#primaryimage"},"thumbnailUrl":"","datePublished":"2017-05-05T13:31:43+00:00","dateModified":"2017-05-05T13:31:43+00:00","author":{"@id":"https:\/\/dypall.com\/#\/schema\/person\/f92e08aa15c8ba711a9d153129f03377"},"breadcrumb":{"@id":"https:\/\/dypall.com\/activity\/european-youth-week-2017-information-sessions-in-portimao-portugal\/#breadcrumb"},"inLanguage":"pl-PL","potentialAction":[{"@type":"ReadAction","target":["https:\/\/dypall.com\/activity\/european-youth-week-2017-information-sessions-in-portimao-portugal\/"]}]},{"@type":"ImageObject","inLanguage":"pl-PL","@id":"https:\/\/dypall.com\/activity\/european-youth-week-2017-information-sessions-in-portimao-portugal\/#primaryimage","url":"","contentUrl":""},{"@type":"BreadcrumbList","@id":"https:\/\/dypall.com\/activity\/european-youth-week-2017-information-sessions-in-portimao-portugal\/#breadcrumb","itemListElement":[{"@type":"ListItem","position":1,"name":"Home","item":"https:\/\/dypall.com\/"},{"@type":"ListItem","position":2,"name":"European Youth Week 2017: Information sessions in Portim\u00e3o, Portugal."}]},{"@type":"WebSite","@id":"https:\/\/dypall.com\/#website","url":"https:\/\/dypall.com\/","name":"DYPALL Network","description":"We are a European network of civil society organisations, municipalities and research institutions dedicated to improving democracy through youth participation.","potentialAction":[{"@type":"SearchAction","target":{"@type":"EntryPoint","urlTemplate":"https:\/\/dypall.com\/?s={search_term_string}"},"query-input":"required name=search_term_string"}],"inLanguage":"pl-PL"},{"@type":"Person","@id":"https:\/\/dypall.com\/#\/schema\/person\/f92e08aa15c8ba711a9d153129f03377","name":"DYPALL Network","image":{"@type":"ImageObject","inLanguage":"pl-PL","@id":"https:\/\/dypall.com\/#\/schema\/person\/image\/","url":"https:\/\/secure.gravatar.com\/avatar\/9c39e299279800c6d69c5e02cf613e7bab060889f373052a03d7ac399e8f0d3c?s=96&d=mm&r=g","contentUrl":"https:\/\/secure.gravatar.com\/avatar\/9c39e299279800c6d69c5e02cf613e7bab060889f373052a03d7ac399e8f0d3c?s=96&d=mm&r=g","caption":"DYPALL Network"},"sameAs":["https:\/\/dypall.com"],"url":"https:\/\/dypall.com\/pl\/author\/dypall\/"}]}},"jetpack_featured_media_url":"","jetpack_sharing_enabled":true,"_links":{"self":[{"href":"https:\/\/dypall.com\/pl\/wp-json\/wp\/v2\/posts\/2006","targetHints":{"allow":["GET"]}}],"collection":[{"href":"https:\/\/dypall.com\/pl\/wp-json\/wp\/v2\/posts"}],"about":[{"href":"https:\/\/dypall.com\/pl\/wp-json\/wp\/v2\/types\/post"}],"author":[{"embeddable":true,"href":"https:\/\/dypall.com\/pl\/wp-json\/wp\/v2\/users\/1"}],"replies":[{"embeddable":true,"href":"https:\/\/dypall.com\/pl\/wp-json\/wp\/v2\/comments?post=2006"}],"version-history":[{"count":0,"href":"https:\/\/dypall.com\/pl\/wp-json\/wp\/v2\/posts\/2006\/revisions"}],"wp:featuredmedia":[{"embeddable":true,"href":"https:\/\/dypall.com\/pl\/wp-json\/"}],"wp:attachment":[{"href":"https:\/\/dypall.com\/pl\/wp-json\/wp\/v2\/media?parent=2006"}],"wp:term":[{"taxonomy":"category","embeddable":true,"href":"https:\/\/dypall.com\/pl\/wp-json\/wp\/v2\/categories?post=2006"},{"taxonomy":"post_tag","embeddable":true,"href":"https:\/\/dypall.com\/pl\/wp-json\/wp\/v2\/tags?post=2006"}],"curies":[{"name":"wp","href":"https:\/\/api.w.org\/{rel}","templated":true}]}}