{"id":1484,"date":"2016-04-12T18:12:45","date_gmt":"2016-04-12T16:12:45","guid":{"rendered":"http:\/\/dypall.com\/?p=1484"},"modified":"2016-04-12T18:12:45","modified_gmt":"2016-04-12T16:12:45","slug":"hearyourvoices2","status":"publish","type":"post","link":"https:\/\/dypall.com\/pl\/activity\/hearyourvoices2\/","title":{"rendered":"#wys\u0142uchaj swoich g\u0142os\u00f3w: przeb\u0142yski konferencji"},"content":{"rendered":"<p><em><a href=\"http:\/\/dypall.com\/pl\/2016\/04\/12\/hearyourvoices2\/ioana\/#main\" rel=\"attachment wp-att-1487\"><img loading=\"lazy\" decoding=\"async\" class=\"size-medium wp-image-1487 alignleft\" src=\"http:\/\/dypall.com\/wp-content\/uploads\/2016\/11\/Ioana-300x226.png\" alt=\"joana\" width=\"300\" height=\"226\" \/><\/a>\u201eReprezentuj\u0119 gmin\u0119 Saloniki (Grecja) na mi\u0119dzynarodowej konferencji \u201ePolityka m\u0142odzie\u017cowa na szczeblu lokalnym i regionalnym\u201d zorganizowanej przez ECOS i sie\u0107 DYPALL; Jestem wybranym cz\u0142onkiem w gminie jako doradca spo\u0142eczno\u015bci.<\/em><em><br \/>\nPodczas tej konferencji oczekuj\u0119, \u017ce poznam nowych ludzi, zobacz\u0119, jak inne kraje wykonuj\u0105 prac\u0119 z m\u0142odzie\u017c\u0105 i jak wspieraj\u0105 uczestnictwo m\u0142odzie\u017cy, a tak\u017ce nawi\u0105\u017c\u0119 kontakty z przysz\u0142ymi projektami.<br \/>\n<\/em><\/p>\n<p><em><br \/>\nUczestnictwo m\u0142odzie\u017cy jest jedn\u0105 z najwa\u017cniejszych rzeczy, jestem r\u00f3wnie\u017c osob\u0105 m\u0142od\u0105 i widzia\u0142em ludzi bior\u0105cych udzia\u0142 w procesach decyzyjnych, a tak\u017ce tych, kt\u00f3rzy nie s\u0105 zainteresowani i dlatego g\u0142\u0119boko wierz\u0119, \u017ce wa\u017cne jest, aby\u015bmy wszyscy stali si\u0119 bardziej aktywni, ale szczeg\u00f3lnie m\u0142odzi, poniewa\u017c przysz\u0142o\u015b\u0107 nale\u017cy do nich.\u00a0W Grecji cz\u0119\u015bciej spotyka si\u0119 osoby aktywne na szczeblu regionalnym ni\u017c lokalnym. W Salonikach obecny burmistrz pe\u0142ni t\u0119 funkcj\u0119 od 6 lat i wiele pracuje na rzecz promowania uczestnictwa m\u0142odzie\u017cy, dzi\u0119ki czemu wielu m\u0142odych ludzi ma zosta\u0107 wybranych i zaanga\u017cowanych w dzia\u0142alno\u015b\u0107 gminy i rady miejskiej.<\/em><\/p>\n<p><strong>Ioanna Dagdileli, gmina Saloniki (Grecja)<\/strong><\/p>\n<p>&nbsp;<\/p>\n<p>Przeczytaj o mi\u0119dzynarodowej konferencji na temat <a href=\"https:\/\/dypall.com\/pl\/activity\/international-conference-developing-our-territories-through-youth-participation-in-decision-making\/\">\u201ePolityka m\u0142odzie\u017cowa na szczeblu lokalnym i regionalnym \u2013 rozw\u00f3j naszych terytori\u00f3w poprzez uczestnictwo m\u0142odzie\u017cy w podejmowaniu decyzji\u201d<\/a> Portim\u00e3o (Portugalia) 12\u201315 kwietnia 2016 r.<\/p>","protected":false},"excerpt":{"rendered":"<p>\u201eReprezentuj\u0119 gmin\u0119 Saloniki (Grecja) na mi\u0119dzynarodowej konferencji \u201ePolityka m\u0142odzie\u017cowa na szczeblu lokalnym i regionalnym\u201d zorganizowanej przez ECOS i sie\u0107 DYPALL; Jestem wybranym cz\u0142onkiem w gminie jako doradca spo\u0142eczno\u015bci. Podczas tej konferencji oczekuj\u0119, \u017ce poznam nowych ludzi, zobacz\u0119, jak inne kraje pracuj\u0105 z m\u0142odzie\u017c\u0105 i jak... <a class=\"more-link\" href=\"https:\/\/dypall.com\/pl\/activity\/hearyourvoices2\/\">Czytaj dalej <span class=\"screen-reader-text\">#wys\u0142uchaj swoich g\u0142os\u00f3w: przeb\u0142yski konferencji<\/span><\/a><\/p>","protected":false},"author":2,"featured_media":1487,"comment_status":"closed","ping_status":"open","sticky":false,"template":"","format":"standard","meta":{"_acf_changed":false,"_jetpack_memberships_contains_paid_content":false,"footnotes":""},"categories":[111,112],"tags":[113,115,121],"class_list":["post-1484","post","type-post","status-publish","format-standard","has-post-thumbnail","hentry","category-activity","category-conference","tag-conference","tag-seminar","tag-testimony","entry"],"acf":[],"yoast_head":"<!-- This site is optimized with the Yoast SEO plugin v22.8 - https:\/\/yoast.com\/wordpress\/plugins\/seo\/ -->\n<title>#hearyourvoices: glimpses of the Conference - DYPALL Network<\/title>\n<meta name=\"robots\" content=\"index, follow, max-snippet:-1, max-image-preview:large, max-video-preview:-1\" \/>\n<link rel=\"canonical\" href=\"https:\/\/dypall.com\/pl\/activity\/hearyourvoices2\/\" \/>\n<meta property=\"og:locale\" content=\"pl_PL\" \/>\n<meta property=\"og:type\" content=\"article\" \/>\n<meta property=\"og:title\" content=\"#hearyourvoices: glimpses of the Conference - DYPALL Network\" \/>\n<meta property=\"og:description\" content=\"&#8220;I am representing the Municipality of Thessaloniki, Greece, in the International Conference \u201cYouth Policy at Local and Regional level\u201d organized by ECOS and DYPALL Network; I am an elected member in the municipality as a community\u00a0advisor. During this Conference, I expect to meet new people, see how other countries do youth work and how they&hellip; Czytaj dalej #hearyourvoices: glimpses of the Conference\" \/>\n<meta property=\"og:url\" content=\"https:\/\/dypall.com\/pl\/activity\/hearyourvoices2\/\" \/>\n<meta property=\"og:site_name\" content=\"DYPALL Network\" \/>\n<meta property=\"article:published_time\" content=\"2016-04-12T16:12:45+00:00\" \/>\n<meta name=\"author\" content=\"dypall\" \/>\n<meta name=\"twitter:card\" content=\"summary_large_image\" \/>\n<meta name=\"twitter:label1\" content=\"Written by\" \/>\n\t<meta name=\"twitter:data1\" content=\"dypall\" \/>\n\t<meta name=\"twitter:label2\" content=\"Est. reading time\" \/>\n\t<meta name=\"twitter:data2\" content=\"1 minuta\" \/>\n<script type=\"application\/ld+json\" class=\"yoast-schema-graph\">{\"@context\":\"https:\/\/schema.org\",\"@graph\":[{\"@type\":\"WebPage\",\"@id\":\"https:\/\/dypall.com\/activity\/hearyourvoices2\/\",\"url\":\"https:\/\/dypall.com\/activity\/hearyourvoices2\/\",\"name\":\"#hearyourvoices: glimpses of the Conference - DYPALL Network\",\"isPartOf\":{\"@id\":\"https:\/\/dypall.com\/#website\"},\"primaryImageOfPage\":{\"@id\":\"https:\/\/dypall.com\/activity\/hearyourvoices2\/#primaryimage\"},\"image\":{\"@id\":\"https:\/\/dypall.com\/activity\/hearyourvoices2\/#primaryimage\"},\"thumbnailUrl\":\"\",\"datePublished\":\"2016-04-12T16:12:45+00:00\",\"dateModified\":\"2016-04-12T16:12:45+00:00\",\"author\":{\"@id\":\"https:\/\/dypall.com\/#\/schema\/person\/206350efe851997fcdedef75d118766b\"},\"breadcrumb\":{\"@id\":\"https:\/\/dypall.com\/activity\/hearyourvoices2\/#breadcrumb\"},\"inLanguage\":\"pl-PL\",\"potentialAction\":[{\"@type\":\"ReadAction\",\"target\":[\"https:\/\/dypall.com\/activity\/hearyourvoices2\/\"]}]},{\"@type\":\"ImageObject\",\"inLanguage\":\"pl-PL\",\"@id\":\"https:\/\/dypall.com\/activity\/hearyourvoices2\/#primaryimage\",\"url\":\"\",\"contentUrl\":\"\"},{\"@type\":\"BreadcrumbList\",\"@id\":\"https:\/\/dypall.com\/activity\/hearyourvoices2\/#breadcrumb\",\"itemListElement\":[{\"@type\":\"ListItem\",\"position\":1,\"name\":\"Home\",\"item\":\"https:\/\/dypall.com\/\"},{\"@type\":\"ListItem\",\"position\":2,\"name\":\"#hearyourvoices: glimpses of the Conference\"}]},{\"@type\":\"WebSite\",\"@id\":\"https:\/\/dypall.com\/#website\",\"url\":\"https:\/\/dypall.com\/\",\"name\":\"DYPALL Network\",\"description\":\"We are a European network of civil society organisations, municipalities and research institutions dedicated to improving democracy through youth participation.\",\"potentialAction\":[{\"@type\":\"SearchAction\",\"target\":{\"@type\":\"EntryPoint\",\"urlTemplate\":\"https:\/\/dypall.com\/?s={search_term_string}\"},\"query-input\":\"required name=search_term_string\"}],\"inLanguage\":\"pl-PL\"},{\"@type\":\"Person\",\"@id\":\"https:\/\/dypall.com\/#\/schema\/person\/206350efe851997fcdedef75d118766b\",\"name\":\"dypall\",\"image\":{\"@type\":\"ImageObject\",\"inLanguage\":\"pl-PL\",\"@id\":\"https:\/\/dypall.com\/#\/schema\/person\/image\/\",\"url\":\"https:\/\/secure.gravatar.com\/avatar\/14e8d3d8841cd0bdf69915120bcf9fcfac1567f1dc7035664907322ac47efe29?s=96&d=mm&r=g\",\"contentUrl\":\"https:\/\/secure.gravatar.com\/avatar\/14e8d3d8841cd0bdf69915120bcf9fcfac1567f1dc7035664907322ac47efe29?s=96&d=mm&r=g\",\"caption\":\"dypall\"},\"url\":\"https:\/\/dypall.com\/pl\/author\/dypall_info\/\"}]}<\/script>\n<!-- \/ Yoast SEO plugin. -->","yoast_head_json":{"title":"#hearyourvoices: glimpses of the Conference - DYPALL Network","robots":{"index":"index","follow":"follow","max-snippet":"max-snippet:-1","max-image-preview":"max-image-preview:large","max-video-preview":"max-video-preview:-1"},"canonical":"https:\/\/dypall.com\/pl\/activity\/hearyourvoices2\/","og_locale":"pl_PL","og_type":"article","og_title":"#hearyourvoices: glimpses of the Conference - DYPALL Network","og_description":"&#8220;I am representing the Municipality of Thessaloniki, Greece, in the International Conference \u201cYouth Policy at Local and Regional level\u201d organized by ECOS and DYPALL Network; I am an elected member in the municipality as a community\u00a0advisor. During this Conference, I expect to meet new people, see how other countries do youth work and how they&hellip; Czytaj dalej #hearyourvoices: glimpses of the Conference","og_url":"https:\/\/dypall.com\/pl\/activity\/hearyourvoices2\/","og_site_name":"DYPALL Network","article_published_time":"2016-04-12T16:12:45+00:00","author":"dypall","twitter_card":"summary_large_image","twitter_misc":{"Written by":"dypall","Est. reading time":"1 minuta"},"schema":{"@context":"https:\/\/schema.org","@graph":[{"@type":"WebPage","@id":"https:\/\/dypall.com\/activity\/hearyourvoices2\/","url":"https:\/\/dypall.com\/activity\/hearyourvoices2\/","name":"#hearyourvoices: glimpses of the Conference - DYPALL Network","isPartOf":{"@id":"https:\/\/dypall.com\/#website"},"primaryImageOfPage":{"@id":"https:\/\/dypall.com\/activity\/hearyourvoices2\/#primaryimage"},"image":{"@id":"https:\/\/dypall.com\/activity\/hearyourvoices2\/#primaryimage"},"thumbnailUrl":"","datePublished":"2016-04-12T16:12:45+00:00","dateModified":"2016-04-12T16:12:45+00:00","author":{"@id":"https:\/\/dypall.com\/#\/schema\/person\/206350efe851997fcdedef75d118766b"},"breadcrumb":{"@id":"https:\/\/dypall.com\/activity\/hearyourvoices2\/#breadcrumb"},"inLanguage":"pl-PL","potentialAction":[{"@type":"ReadAction","target":["https:\/\/dypall.com\/activity\/hearyourvoices2\/"]}]},{"@type":"ImageObject","inLanguage":"pl-PL","@id":"https:\/\/dypall.com\/activity\/hearyourvoices2\/#primaryimage","url":"","contentUrl":""},{"@type":"BreadcrumbList","@id":"https:\/\/dypall.com\/activity\/hearyourvoices2\/#breadcrumb","itemListElement":[{"@type":"ListItem","position":1,"name":"Home","item":"https:\/\/dypall.com\/"},{"@type":"ListItem","position":2,"name":"#hearyourvoices: glimpses of the Conference"}]},{"@type":"WebSite","@id":"https:\/\/dypall.com\/#website","url":"https:\/\/dypall.com\/","name":"DYPALL Network","description":"We are a European network of civil society organisations, municipalities and research institutions dedicated to improving democracy through youth participation.","potentialAction":[{"@type":"SearchAction","target":{"@type":"EntryPoint","urlTemplate":"https:\/\/dypall.com\/?s={search_term_string}"},"query-input":"required name=search_term_string"}],"inLanguage":"pl-PL"},{"@type":"Person","@id":"https:\/\/dypall.com\/#\/schema\/person\/206350efe851997fcdedef75d118766b","name":"dypall","image":{"@type":"ImageObject","inLanguage":"pl-PL","@id":"https:\/\/dypall.com\/#\/schema\/person\/image\/","url":"https:\/\/secure.gravatar.com\/avatar\/14e8d3d8841cd0bdf69915120bcf9fcfac1567f1dc7035664907322ac47efe29?s=96&d=mm&r=g","contentUrl":"https:\/\/secure.gravatar.com\/avatar\/14e8d3d8841cd0bdf69915120bcf9fcfac1567f1dc7035664907322ac47efe29?s=96&d=mm&r=g","caption":"dypall"},"url":"https:\/\/dypall.com\/pl\/author\/dypall_info\/"}]}},"jetpack_featured_media_url":"","jetpack_sharing_enabled":true,"_links":{"self":[{"href":"https:\/\/dypall.com\/pl\/wp-json\/wp\/v2\/posts\/1484","targetHints":{"allow":["GET"]}}],"collection":[{"href":"https:\/\/dypall.com\/pl\/wp-json\/wp\/v2\/posts"}],"about":[{"href":"https:\/\/dypall.com\/pl\/wp-json\/wp\/v2\/types\/post"}],"author":[{"embeddable":true,"href":"https:\/\/dypall.com\/pl\/wp-json\/wp\/v2\/users\/2"}],"replies":[{"embeddable":true,"href":"https:\/\/dypall.com\/pl\/wp-json\/wp\/v2\/comments?post=1484"}],"version-history":[{"count":0,"href":"https:\/\/dypall.com\/pl\/wp-json\/wp\/v2\/posts\/1484\/revisions"}],"wp:featuredmedia":[{"embeddable":true,"href":"https:\/\/dypall.com\/pl\/wp-json\/"}],"wp:attachment":[{"href":"https:\/\/dypall.com\/pl\/wp-json\/wp\/v2\/media?parent=1484"}],"wp:term":[{"taxonomy":"category","embeddable":true,"href":"https:\/\/dypall.com\/pl\/wp-json\/wp\/v2\/categories?post=1484"},{"taxonomy":"post_tag","embeddable":true,"href":"https:\/\/dypall.com\/pl\/wp-json\/wp\/v2\/tags?post=1484"}],"curies":[{"name":"wp","href":"https:\/\/api.w.org\/{rel}","templated":true}]}}