{"id":8196,"date":"2025-01-24T11:12:33","date_gmt":"2025-01-24T11:12:33","guid":{"rendered":"https:\/\/dypall.com\/?p=8196"},"modified":"2025-01-24T11:12:33","modified_gmt":"2025-01-24T11:12:33","slug":"winter-democracy-academy-2nd-editionyouth-and-democracy-bridging-the-gap","status":"publish","type":"post","link":"https:\/\/dypall.com\/nl\/activity\/winter-democracy-academy-2nd-editionyouth-and-democracy-bridging-the-gap\/","title":{"rendered":"Winter Democracy Academy \u2013 2e editie \u201cJeugd en democratie, overbrugging van de kloof\u201d"},"content":{"rendered":"<p>De tweede editie van de <strong>Winder Democracy Academy (WDA) aan Favorieten toegevoegd<\/strong> vond plaats van 8 tot en met 15 december 2024 in Lissabon, Portugal. Het werd mede georganiseerd door het DYPALL-netwerk, het Portugees Instituut voor Sport en Jeugd, het Jeugdcentrum van Lissabon, het liaisonbureau van het Europees Parlement in Portugal en de vertegenwoordiging van de Europese Commissie in Portugal. Het was een ruimte om te discussi\u00ebren, samen te werken en een dialoog aan te gaan over de participatie van jongeren in de lokale democratie. De WDA omvat verschillende activiteiten die in de loop van de week parallel plaatsvinden en hieronder staan enkele van de hoogtepunten van de editie van dit jaar.<\/p>\n\n\n\n<p>Ter gelegenheid van 10 december, Internationale Dag van de Mensenrechten, de conferentie <strong>\"Jeugd en democratie, overbrugging van de kloof\"<\/strong> was het hoogtepunt van de Winter Democracy Academy, als het gezamenlijke moment, waarbij deelnemers aan alle activiteiten samenkwamen. Na de welkomstwoorden van Bruno Antonio, uitvoerend directeur van het DYPALL-netwerk, opende Sofia Moreira de Sousa, hoofd van de vertegenwoordiging van de Europese Commissie in Portugal, de conferentie met een toespraak waarin zij het belang van jongerenparticipatie en hun betrokkenheid bij de democratie benadrukte. Zij noemt de EU-verkiezingen van 2024, waar 30 miljoen jongeren voor het eerst hebben gestemd, en de doelstelling van de jongerenbeleidsdialoog om de interactie tussen jongeren en beleidsmakers te bevorderen.&nbsp;<\/p>\n\n\n\n<p>Filipe Silva Fernandes van het Political Science Research Centre van de Universiteit van Minho (Portugal) wees op de aandacht die nodig is voor de betrokkenheid van jongeren en zijn bezorgdheid over de afname van de institutionele participatie. De rondetafeldiscussie, \u201cYouth-Driven Change: Bridging the Gap\u201d bevatte inzichten van sprekers als Aida Clarke Stavdal, leider van de gemeenteraad van Kristiansand uit Noorwegen en Dimitris Manoukas van de Panteion-universiteit in Athene uit Griekenland. De deelnemers benadrukten dat instellingen contact moeten leggen met jongeren, met name in afgelegen gebieden, en toegankelijke ruimten en mogelijkheden voor betrokkenheid moeten cre\u00ebren. Belangrijke thema's waren alternatieve participatiemethoden, respect en informaliteit in de betrokkenheid van jongeren. Het programma bevatte ook een presentatie over de Sacharovprijs 2024 en presenteerde innovatieve praktijken voor jonge betrokkenheid, zoals het \u201cOs 230\u201d-project, het Phygital-project en waardevolle inzichten van de jongerenraad van Parijs.<\/p>\n\n\n\n<p>De <strong>Opleidingscursus \"Lokale jongerenraden voor hoogwaardige lokale democratie\u00ebn\"<\/strong>, waaraan 30 deelnemers uit zeven landen deelnamen (Noorwegen, Finland, Frankrijk, Kroati\u00eb, Portugal, Estland en Turkije). Het doel was om lokale jeugdraden (LYC\u2019s) te versterken door veerkracht, inclusiviteit en kwaliteitsnormen te bevorderen om beter tegemoet te komen aan de behoeften van jongeren in hun gemeenschappen.<\/p>\n\n\n\n<p>Deelnemers evalueerden hun LYC\u2019s met behulp van DYPALL\u2019s <a href=\"https:\/\/drive.google.com\/file\/d\/1wmZgWujqUUvix5NTesulcZt8h4w9IHRY\/view\">\"Kwaliteitshandvest voor participatieve en inclusieve lokale jeugdraden\"<\/a> en ge\u00efdentificeerde verbeterpunten en uitwisseling van beste praktijken. Zij reflecteerden ook op bedreigingen voor de democratie en ontwikkelden uitvoerbare strategie\u00ebn om hun LYC\u2019s te verbeteren, waarbij de nadruk lag op de gevolgen op korte en lange termijn. Belangrijke resultaten waren onder meer de ontwikkeling van het Europees netwerk van lokale jeugdraden, dat tot doel heeft de betrokkenheid van jongeren bij lokaal bestuur in heel Europa te verbeteren. De training bood tools, kennis en samenwerkingsmogelijkheden om deelnemers te empoweren als pleitbezorgers voor democratische en zinvolle participatie van jongeren. De deelnemers kregen ook de kans om de gemeente Cascais te bezoeken, evenals de vertegenwoordiging van de Europese Commissie in Portugal en het liaisonbureau van het Europees Parlement in Lissabon, waar zij actief deelnamen aan een rollenspelsimulatiespel dat hen in staat stelde het democratische besluitvormingsproces van de EU te begrijpen. Daarna leerden ze meer over de EU via \u201cValues that Move Me\u201d, een leuk en interactief bordspel van het liaisonbureau van het Europees Parlement in Portugal. Dit bezoek bood een zinvolle educatieve ervaring over de Europese Unie en haar beginselen. Tegen het einde van de activiteit hebben de deelnemers nagedacht over de huidige bedreigingen voor de democratie en onderzocht hoe zij als ge\u00efnformeerde pleitbezorgers in hun lokale gemeenschappen actief kunnen deelnemen om deze uitdagingen aan te pakken, door deze bedreigingen van lokaal tot mondiaal niveau te schetsen en door middel van een debatsimulatie te bespreken.<\/p>\n\n\n\n<p>De opleiding werd georganiseerd door het DYPALL-netwerk in samenwerking met de gemeente Kristiansand, gefinancierd door het Erasmus+-programma via het Noorse nationale agentschap.<\/p>\n\n\n\n<p>Een andere activiteit die tijdens de WDA door DYPALL Network werd geco\u00f6rdineerd, was de opleiding <strong>\u201cPhygitale participatie van jongeren \u2013 Digitale innovatie voor sterkere lokale democratie\u00ebn\u201d <\/strong>dat jongerenwerkers uit gemeenten in Belgi\u00eb, Sloveni\u00eb en Portugal samenbracht om het \u201cfygitale\u201d instrument te verkennen dat digitale elementen combineert met persoonlijke activiteiten, bedoeld om jongeren te betrekken bij lokale beleidsvorming.<\/p>\n\n\n\n<p>De deelnemers deelden ervaringen uit de eerste testfase, waarbij het instrument werd gebruikt tijdens de Europese verkiezingen van 2024. Zij hebben ook actieplannen ontwikkeld om het instrument in hun gemeenten uit te voeren als onderdeel van het \u201cjongerendialoog 2.0\u201d-proces, dat in 2025 zal plaatsvinden. De besprekingen waren gericht op geleerde lessen, het waarborgen van hoogwaardige participatie van jongeren en het ontwikkelen van de nodige vaardigheden en waarden voor effectief fygitaal jeugdwerk.<\/p>\n\n\n\n<p>Deze training maakte deel uit van een tweejarig Erasmus+ KA2-project, geco\u00f6rdineerd door Tree Company (Belgi\u00eb) en DYPALL Network, in samenwerking met Levuur (Belgi\u00eb) Danes Je Nov Dan (Sloveni\u00eb) en de gemeente Sint-Niklaas (Belgi\u00eb) gefinancierd door het Belgisch Nationaal Agentschap JINT. Het project werd tijdens de WDA-conferentie \"Youth and Democracy, Bridging the Gap\" gepresenteerd als een innovatieve praktijk van Europees jeugdwerk.<\/p>\n\n\n\n<p>DYPALL-netwerk <strong>Stuurgroep<\/strong> kwam op 8 december in Lissabon bijeen om updates te delen en toekomstplannen te bespreken. De leden wijzen op recente activiteiten, zoals het bijwonen van internationale conferenties en het vertegenwoordigen van het netwerk in relevante Europese ruimten. Velen van hen hebben bijgedragen door evenementen te organiseren en projecten te leiden die gericht zijn op het bevorderen van de participatie en integratie van jongeren.&nbsp;<\/p>\n\n\n\n<p>Een belangrijk discussiepunt waren de herziene lidmaatschapscriteria die eerder dit jaar werden ingevoerd. De opname van onderzoeksinstellingen als nieuwe categorie was bijzonder belangrijk om partnerschappen te versterken en de capaciteit van het netwerk te vergroten. De stuurgroep heeft ook het activiteitenplan 2025 ge\u00ebvalueerd en een aantal leden is naar voren gekomen om tijdens de ledenvergadering verschillende sessies te leiden die gericht waren op netwerk- en communicatiestrategie\u00ebn. Aankomende evenementen en kansen werden onder de aandacht gebracht, zoals de II-conferentie over het plattelandspact en de Europese Week van de Regio\u2019s. De bijeenkomst was bedoeld om een platform te bieden dat samenwerking bevordert, expertise deelt en een duidelijke routekaart biedt voor toekomstige initiatieven binnen DYPALL Network.<\/p>\n\n\n\n<p>DYPALL-netwerk <strong>Ledenvergadering<\/strong> vond plaats op 9 december en bracht de leden samen om de belangrijkste prioriteiten van het netwerk aan te pakken en hun samenwerking te versterken. Het evenement omvatte updates over de werkprogramma\u2019s 2024-2025 en een overzicht van de lopende projecten van het DYPALL-netwerk binnen de vier programmagebieden.&nbsp;<\/p>\n\n\n\n<p>De deelnemers namen deel aan werkgroepen voor de ontwikkeling van de communicatiestrategie en de strategische prioriteiten van het DYPALL-netwerk voor 2026-2030. Deze discussies benadrukten de noodzaak van een uniforme belangenbehartigingscampagne, verbeterde interne communicatie, capaciteitsopbouw en financi\u00eble duurzaamheidsmaatregelen zoals subsidiefinanciering en mentorprogramma's voor nieuwere leden. Een netwerksessie bood mogelijkheden om projectidee\u00ebn te delen, samenwerkingen te verkennen en sterkere verbindingen op te bouwen die het gemeenschapsgevoel binnen het netwerk versterken.<\/p>\n\n\n\n<p>De voltallige vergadering benadrukte de waarde van voortdurende samenwerking en stelde een routekaart vast voor toekomstige activiteiten, waaronder studiesessies en opleidingen. Het diende als platform om idee\u00ebn uit te wisselen, strategie\u00ebn uit te stippelen en de inzet van het netwerk voor jongerenparticipatie en democratie te versterken.<\/p>\n\n\n\n<p>De Winter Democracy Academy van een week bood een breed scala aan activiteiten, waarbij het belang werd benadrukt van het betrekken van jongeren bij democratische processen en het bevorderen van duurzame democratie\u00ebn door het lokale jeugdbeleid te versterken. De editie van dit jaar<strong> <\/strong>werd georganiseerd in samenwerking met het Portugese Instituut voor Sport en Jeugd, het Lissabon Youth Center (CJL), het liaisonbureau van het Europees Parlement in Portugal en de vertegenwoordiging van de Europese Commissie in Portugal met de steun van het Erasmus+-programma via het Portugese nationale agentschap en de Europese Commissie.<\/p>\n\n\n\n<figure class=\"wp-block-gallery has-nested-images columns-default is-cropped wp-block-gallery-1 is-layout-flex wp-block-gallery-is-layout-flex\">\n<figure class=\"wp-block-image size-large\"><img loading=\"lazy\" decoding=\"async\" width=\"2560\" height=\"1703\" data-id=\"8208\" src=\"https:\/\/dypall.com\/wp-content\/uploads\/2025\/01\/DSC_5659-scaled.jpg\" alt=\"\" class=\"wp-image-8208\" srcset=\"https:\/\/dypall.com\/wp-content\/uploads\/2025\/01\/DSC_5659-scaled.jpg 2560w, https:\/\/dypall.com\/wp-content\/uploads\/2025\/01\/DSC_5659-768x511.jpg 768w, https:\/\/dypall.com\/wp-content\/uploads\/2025\/01\/DSC_5659-1536x1022.jpg 1536w, https:\/\/dypall.com\/wp-content\/uploads\/2025\/01\/DSC_5659-2048x1363.jpg 2048w, https:\/\/dypall.com\/wp-content\/uploads\/2025\/01\/DSC_5659-1568x1043.jpg 1568w\" sizes=\"auto, (max-width: 2560px) 100vw, 2560px\" \/><\/figure>\n\n\n\n<figure class=\"wp-block-image size-large\"><img loading=\"lazy\" decoding=\"async\" width=\"2560\" height=\"1703\" data-id=\"8213\" src=\"https:\/\/dypall.com\/wp-content\/uploads\/2025\/01\/DSC_5540-1-scaled.jpg\" alt=\"\" class=\"wp-image-8213\" srcset=\"https:\/\/dypall.com\/wp-content\/uploads\/2025\/01\/DSC_5540-1-scaled.jpg 2560w, https:\/\/dypall.com\/wp-content\/uploads\/2025\/01\/DSC_5540-1-768x511.jpg 768w, https:\/\/dypall.com\/wp-content\/uploads\/2025\/01\/DSC_5540-1-1536x1022.jpg 1536w, https:\/\/dypall.com\/wp-content\/uploads\/2025\/01\/DSC_5540-1-2048x1363.jpg 2048w, https:\/\/dypall.com\/wp-content\/uploads\/2025\/01\/DSC_5540-1-1568x1043.jpg 1568w\" sizes=\"auto, (max-width: 2560px) 100vw, 2560px\" \/><\/figure>\n\n\n\n<figure class=\"wp-block-image size-large\"><img loading=\"lazy\" decoding=\"async\" width=\"2560\" height=\"1703\" data-id=\"8214\" src=\"https:\/\/dypall.com\/wp-content\/uploads\/2025\/01\/DSC_5679-1-scaled.jpg\" alt=\"\" class=\"wp-image-8214\" srcset=\"https:\/\/dypall.com\/wp-content\/uploads\/2025\/01\/DSC_5679-1-scaled.jpg 2560w, https:\/\/dypall.com\/wp-content\/uploads\/2025\/01\/DSC_5679-1-768x511.jpg 768w, https:\/\/dypall.com\/wp-content\/uploads\/2025\/01\/DSC_5679-1-1536x1022.jpg 1536w, https:\/\/dypall.com\/wp-content\/uploads\/2025\/01\/DSC_5679-1-2048x1363.jpg 2048w, https:\/\/dypall.com\/wp-content\/uploads\/2025\/01\/DSC_5679-1-1568x1043.jpg 1568w\" sizes=\"auto, (max-width: 2560px) 100vw, 2560px\" \/><\/figure>\n<\/figure>\n\n\n\n<figure class=\"wp-block-gallery has-nested-images columns-default is-cropped wp-block-gallery-2 is-layout-flex wp-block-gallery-is-layout-flex\">\n<figure class=\"wp-block-image size-large\"><img loading=\"lazy\" decoding=\"async\" width=\"2560\" height=\"1703\" data-id=\"8215\" src=\"https:\/\/dypall.com\/wp-content\/uploads\/2025\/01\/DSC_5831-scaled.jpg\" alt=\"\" class=\"wp-image-8215\" srcset=\"https:\/\/dypall.com\/wp-content\/uploads\/2025\/01\/DSC_5831-scaled.jpg 2560w, https:\/\/dypall.com\/wp-content\/uploads\/2025\/01\/DSC_5831-768x511.jpg 768w, https:\/\/dypall.com\/wp-content\/uploads\/2025\/01\/DSC_5831-1536x1022.jpg 1536w, https:\/\/dypall.com\/wp-content\/uploads\/2025\/01\/DSC_5831-2048x1363.jpg 2048w, https:\/\/dypall.com\/wp-content\/uploads\/2025\/01\/DSC_5831-1568x1043.jpg 1568w\" sizes=\"auto, (max-width: 2560px) 100vw, 2560px\" \/><\/figure>\n\n\n\n<figure class=\"wp-block-image size-large\"><img loading=\"lazy\" decoding=\"async\" width=\"2560\" height=\"1703\" data-id=\"8207\" src=\"https:\/\/dypall.com\/wp-content\/uploads\/2025\/01\/DSC_5587-1-scaled.jpg\" alt=\"\" class=\"wp-image-8207\" srcset=\"https:\/\/dypall.com\/wp-content\/uploads\/2025\/01\/DSC_5587-1-scaled.jpg 2560w, https:\/\/dypall.com\/wp-content\/uploads\/2025\/01\/DSC_5587-1-768x511.jpg 768w, https:\/\/dypall.com\/wp-content\/uploads\/2025\/01\/DSC_5587-1-1536x1022.jpg 1536w, https:\/\/dypall.com\/wp-content\/uploads\/2025\/01\/DSC_5587-1-2048x1363.jpg 2048w, https:\/\/dypall.com\/wp-content\/uploads\/2025\/01\/DSC_5587-1-1568x1043.jpg 1568w\" sizes=\"auto, (max-width: 2560px) 100vw, 2560px\" \/><\/figure>\n\n\n\n<figure class=\"wp-block-image size-large\"><img loading=\"lazy\" decoding=\"async\" width=\"2560\" height=\"1703\" data-id=\"8209\" src=\"https:\/\/dypall.com\/wp-content\/uploads\/2025\/01\/DSC_5903-scaled.jpg\" alt=\"\" class=\"wp-image-8209\" srcset=\"https:\/\/dypall.com\/wp-content\/uploads\/2025\/01\/DSC_5903-scaled.jpg 2560w, https:\/\/dypall.com\/wp-content\/uploads\/2025\/01\/DSC_5903-768x511.jpg 768w, https:\/\/dypall.com\/wp-content\/uploads\/2025\/01\/DSC_5903-1536x1022.jpg 1536w, https:\/\/dypall.com\/wp-content\/uploads\/2025\/01\/DSC_5903-2048x1363.jpg 2048w, https:\/\/dypall.com\/wp-content\/uploads\/2025\/01\/DSC_5903-1568x1043.jpg 1568w\" sizes=\"auto, (max-width: 2560px) 100vw, 2560px\" \/><\/figure>\n\n\n\n<figure class=\"wp-block-image size-large\"><img loading=\"lazy\" decoding=\"async\" width=\"2560\" height=\"1703\" data-id=\"8212\" src=\"https:\/\/dypall.com\/wp-content\/uploads\/2025\/01\/DSC_5330-scaled.jpg\" alt=\"\" class=\"wp-image-8212\" srcset=\"https:\/\/dypall.com\/wp-content\/uploads\/2025\/01\/DSC_5330-scaled.jpg 2560w, https:\/\/dypall.com\/wp-content\/uploads\/2025\/01\/DSC_5330-768x511.jpg 768w, https:\/\/dypall.com\/wp-content\/uploads\/2025\/01\/DSC_5330-1536x1022.jpg 1536w, https:\/\/dypall.com\/wp-content\/uploads\/2025\/01\/DSC_5330-2048x1363.jpg 2048w, https:\/\/dypall.com\/wp-content\/uploads\/2025\/01\/DSC_5330-1568x1043.jpg 1568w\" sizes=\"auto, (max-width: 2560px) 100vw, 2560px\" \/><\/figure>\n\n\n\n<figure class=\"wp-block-image size-large\"><img loading=\"lazy\" decoding=\"async\" width=\"2560\" height=\"1703\" data-id=\"8211\" src=\"https:\/\/dypall.com\/wp-content\/uploads\/2025\/01\/DSC_5281-scaled.jpg\" alt=\"\" class=\"wp-image-8211\" srcset=\"https:\/\/dypall.com\/wp-content\/uploads\/2025\/01\/DSC_5281-scaled.jpg 2560w, https:\/\/dypall.com\/wp-content\/uploads\/2025\/01\/DSC_5281-768x511.jpg 768w, https:\/\/dypall.com\/wp-content\/uploads\/2025\/01\/DSC_5281-1536x1022.jpg 1536w, https:\/\/dypall.com\/wp-content\/uploads\/2025\/01\/DSC_5281-2048x1363.jpg 2048w, https:\/\/dypall.com\/wp-content\/uploads\/2025\/01\/DSC_5281-1568x1043.jpg 1568w\" sizes=\"auto, (max-width: 2560px) 100vw, 2560px\" \/><\/figure>\n\n\n\n<figure class=\"wp-block-image size-large\"><img loading=\"lazy\" decoding=\"async\" width=\"2560\" height=\"1703\" data-id=\"8210\" src=\"https:\/\/dypall.com\/wp-content\/uploads\/2025\/01\/DSC_5269-scaled.jpg\" alt=\"\" class=\"wp-image-8210\" srcset=\"https:\/\/dypall.com\/wp-content\/uploads\/2025\/01\/DSC_5269-scaled.jpg 2560w, https:\/\/dypall.com\/wp-content\/uploads\/2025\/01\/DSC_5269-768x511.jpg 768w, https:\/\/dypall.com\/wp-content\/uploads\/2025\/01\/DSC_5269-1536x1022.jpg 1536w, https:\/\/dypall.com\/wp-content\/uploads\/2025\/01\/DSC_5269-2048x1363.jpg 2048w, https:\/\/dypall.com\/wp-content\/uploads\/2025\/01\/DSC_5269-1568x1043.jpg 1568w\" sizes=\"auto, (max-width: 2560px) 100vw, 2560px\" \/><\/figure>\n\n\n\n<figure class=\"wp-block-image size-large\"><img loading=\"lazy\" decoding=\"async\" width=\"2560\" height=\"1703\" data-id=\"8206\" src=\"https:\/\/dypall.com\/wp-content\/uploads\/2025\/01\/DSC_6363-1-scaled.jpg\" alt=\"\" class=\"wp-image-8206\" srcset=\"https:\/\/dypall.com\/wp-content\/uploads\/2025\/01\/DSC_6363-1-scaled.jpg 2560w, https:\/\/dypall.com\/wp-content\/uploads\/2025\/01\/DSC_6363-1-768x511.jpg 768w, https:\/\/dypall.com\/wp-content\/uploads\/2025\/01\/DSC_6363-1-1536x1022.jpg 1536w, https:\/\/dypall.com\/wp-content\/uploads\/2025\/01\/DSC_6363-1-2048x1363.jpg 2048w, https:\/\/dypall.com\/wp-content\/uploads\/2025\/01\/DSC_6363-1-1568x1043.jpg 1568w\" sizes=\"auto, (max-width: 2560px) 100vw, 2560px\" \/><\/figure>\n\n\n\n<figure class=\"wp-block-image size-large\"><img loading=\"lazy\" decoding=\"async\" width=\"2560\" height=\"1703\" data-id=\"8204\" src=\"https:\/\/dypall.com\/wp-content\/uploads\/2025\/01\/DSC_6281-1-scaled.jpg\" alt=\"\" class=\"wp-image-8204\" srcset=\"https:\/\/dypall.com\/wp-content\/uploads\/2025\/01\/DSC_6281-1-scaled.jpg 2560w, https:\/\/dypall.com\/wp-content\/uploads\/2025\/01\/DSC_6281-1-768x511.jpg 768w, https:\/\/dypall.com\/wp-content\/uploads\/2025\/01\/DSC_6281-1-1536x1022.jpg 1536w, https:\/\/dypall.com\/wp-content\/uploads\/2025\/01\/DSC_6281-1-2048x1363.jpg 2048w, https:\/\/dypall.com\/wp-content\/uploads\/2025\/01\/DSC_6281-1-1568x1043.jpg 1568w\" sizes=\"auto, (max-width: 2560px) 100vw, 2560px\" \/><\/figure>\n\n\n\n<figure class=\"wp-block-image size-large\"><img loading=\"lazy\" decoding=\"async\" width=\"2560\" height=\"1703\" data-id=\"8205\" src=\"https:\/\/dypall.com\/wp-content\/uploads\/2025\/01\/DSC_6376-scaled.jpg\" alt=\"\" class=\"wp-image-8205\" srcset=\"https:\/\/dypall.com\/wp-content\/uploads\/2025\/01\/DSC_6376-scaled.jpg 2560w, https:\/\/dypall.com\/wp-content\/uploads\/2025\/01\/DSC_6376-768x511.jpg 768w, https:\/\/dypall.com\/wp-content\/uploads\/2025\/01\/DSC_6376-1536x1022.jpg 1536w, https:\/\/dypall.com\/wp-content\/uploads\/2025\/01\/DSC_6376-2048x1363.jpg 2048w, https:\/\/dypall.com\/wp-content\/uploads\/2025\/01\/DSC_6376-1568x1043.jpg 1568w\" sizes=\"auto, (max-width: 2560px) 100vw, 2560px\" \/><\/figure>\n\n\n\n<figure class=\"wp-block-image size-large\"><img loading=\"lazy\" decoding=\"async\" width=\"2560\" height=\"1703\" data-id=\"8203\" src=\"https:\/\/dypall.com\/wp-content\/uploads\/2025\/01\/Copy-of-DSC_6004-1-scaled.jpg\" alt=\"\" class=\"wp-image-8203\" srcset=\"https:\/\/dypall.com\/wp-content\/uploads\/2025\/01\/Copy-of-DSC_6004-1-scaled.jpg 2560w, https:\/\/dypall.com\/wp-content\/uploads\/2025\/01\/Copy-of-DSC_6004-1-768x511.jpg 768w, https:\/\/dypall.com\/wp-content\/uploads\/2025\/01\/Copy-of-DSC_6004-1-1536x1022.jpg 1536w, https:\/\/dypall.com\/wp-content\/uploads\/2025\/01\/Copy-of-DSC_6004-1-2048x1363.jpg 2048w, https:\/\/dypall.com\/wp-content\/uploads\/2025\/01\/Copy-of-DSC_6004-1-1568x1043.jpg 1568w\" sizes=\"auto, (max-width: 2560px) 100vw, 2560px\" \/><\/figure>\n\n\n\n<figure class=\"wp-block-image size-large\"><img loading=\"lazy\" decoding=\"async\" width=\"2560\" height=\"1703\" data-id=\"8201\" src=\"https:\/\/dypall.com\/wp-content\/uploads\/2025\/01\/Copy-of-DSC_6247-1-scaled.jpg\" alt=\"\" class=\"wp-image-8201\" srcset=\"https:\/\/dypall.com\/wp-content\/uploads\/2025\/01\/Copy-of-DSC_6247-1-scaled.jpg 2560w, https:\/\/dypall.com\/wp-content\/uploads\/2025\/01\/Copy-of-DSC_6247-1-768x511.jpg 768w, https:\/\/dypall.com\/wp-content\/uploads\/2025\/01\/Copy-of-DSC_6247-1-1536x1022.jpg 1536w, https:\/\/dypall.com\/wp-content\/uploads\/2025\/01\/Copy-of-DSC_6247-1-2048x1363.jpg 2048w, https:\/\/dypall.com\/wp-content\/uploads\/2025\/01\/Copy-of-DSC_6247-1-1568x1043.jpg 1568w\" sizes=\"auto, (max-width: 2560px) 100vw, 2560px\" \/><\/figure>\n\n\n\n<figure class=\"wp-block-image size-large\"><img loading=\"lazy\" decoding=\"async\" width=\"2560\" height=\"1703\" data-id=\"8202\" src=\"https:\/\/dypall.com\/wp-content\/uploads\/2025\/01\/Copy-of-DSC_6080-scaled.jpg\" alt=\"\" class=\"wp-image-8202\" srcset=\"https:\/\/dypall.com\/wp-content\/uploads\/2025\/01\/Copy-of-DSC_6080-scaled.jpg 2560w, https:\/\/dypall.com\/wp-content\/uploads\/2025\/01\/Copy-of-DSC_6080-768x511.jpg 768w, https:\/\/dypall.com\/wp-content\/uploads\/2025\/01\/Copy-of-DSC_6080-1536x1022.jpg 1536w, https:\/\/dypall.com\/wp-content\/uploads\/2025\/01\/Copy-of-DSC_6080-2048x1363.jpg 2048w, https:\/\/dypall.com\/wp-content\/uploads\/2025\/01\/Copy-of-DSC_6080-1568x1043.jpg 1568w\" sizes=\"auto, (max-width: 2560px) 100vw, 2560px\" \/><\/figure>\n\n\n\n<figure class=\"wp-block-image size-large\"><img loading=\"lazy\" decoding=\"async\" width=\"2560\" height=\"1703\" data-id=\"8200\" src=\"https:\/\/dypall.com\/wp-content\/uploads\/2025\/01\/Copy-of-DSC_6228-1-scaled.jpg\" alt=\"\" class=\"wp-image-8200\" srcset=\"https:\/\/dypall.com\/wp-content\/uploads\/2025\/01\/Copy-of-DSC_6228-1-scaled.jpg 2560w, https:\/\/dypall.com\/wp-content\/uploads\/2025\/01\/Copy-of-DSC_6228-1-768x511.jpg 768w, https:\/\/dypall.com\/wp-content\/uploads\/2025\/01\/Copy-of-DSC_6228-1-1536x1022.jpg 1536w, https:\/\/dypall.com\/wp-content\/uploads\/2025\/01\/Copy-of-DSC_6228-1-2048x1363.jpg 2048w, https:\/\/dypall.com\/wp-content\/uploads\/2025\/01\/Copy-of-DSC_6228-1-1568x1043.jpg 1568w\" sizes=\"auto, (max-width: 2560px) 100vw, 2560px\" \/><\/figure>\n\n\n\n<figure class=\"wp-block-image size-large\"><img loading=\"lazy\" decoding=\"async\" width=\"2560\" height=\"1703\" data-id=\"8199\" src=\"https:\/\/dypall.com\/wp-content\/uploads\/2025\/01\/Copy-of-DSC_6414-1-scaled.jpg\" alt=\"\" class=\"wp-image-8199\" srcset=\"https:\/\/dypall.com\/wp-content\/uploads\/2025\/01\/Copy-of-DSC_6414-1-scaled.jpg 2560w, https:\/\/dypall.com\/wp-content\/uploads\/2025\/01\/Copy-of-DSC_6414-1-768x511.jpg 768w, https:\/\/dypall.com\/wp-content\/uploads\/2025\/01\/Copy-of-DSC_6414-1-1536x1022.jpg 1536w, https:\/\/dypall.com\/wp-content\/uploads\/2025\/01\/Copy-of-DSC_6414-1-2048x1363.jpg 2048w, https:\/\/dypall.com\/wp-content\/uploads\/2025\/01\/Copy-of-DSC_6414-1-1568x1043.jpg 1568w\" sizes=\"auto, (max-width: 2560px) 100vw, 2560px\" \/><\/figure>\n\n\n\n<figure class=\"wp-block-image size-large\"><img loading=\"lazy\" decoding=\"async\" width=\"2560\" height=\"1703\" data-id=\"8198\" src=\"https:\/\/dypall.com\/wp-content\/uploads\/2025\/01\/Copy-of-DSC_6459-1-scaled.jpg\" alt=\"\" class=\"wp-image-8198\" srcset=\"https:\/\/dypall.com\/wp-content\/uploads\/2025\/01\/Copy-of-DSC_6459-1-scaled.jpg 2560w, https:\/\/dypall.com\/wp-content\/uploads\/2025\/01\/Copy-of-DSC_6459-1-768x511.jpg 768w, https:\/\/dypall.com\/wp-content\/uploads\/2025\/01\/Copy-of-DSC_6459-1-1536x1022.jpg 1536w, https:\/\/dypall.com\/wp-content\/uploads\/2025\/01\/Copy-of-DSC_6459-1-2048x1363.jpg 2048w, https:\/\/dypall.com\/wp-content\/uploads\/2025\/01\/Copy-of-DSC_6459-1-1568x1043.jpg 1568w\" sizes=\"auto, (max-width: 2560px) 100vw, 2560px\" \/><\/figure>\n\n\n\n<figure class=\"wp-block-image size-large\"><img loading=\"lazy\" decoding=\"async\" width=\"2560\" height=\"1703\" data-id=\"8197\" src=\"https:\/\/dypall.com\/wp-content\/uploads\/2025\/01\/Copy-of-DSC_6568-1-scaled.jpg\" alt=\"\" class=\"wp-image-8197\" srcset=\"https:\/\/dypall.com\/wp-content\/uploads\/2025\/01\/Copy-of-DSC_6568-1-scaled.jpg 2560w, https:\/\/dypall.com\/wp-content\/uploads\/2025\/01\/Copy-of-DSC_6568-1-768x511.jpg 768w, https:\/\/dypall.com\/wp-content\/uploads\/2025\/01\/Copy-of-DSC_6568-1-1536x1022.jpg 1536w, https:\/\/dypall.com\/wp-content\/uploads\/2025\/01\/Copy-of-DSC_6568-1-2048x1363.jpg 2048w, https:\/\/dypall.com\/wp-content\/uploads\/2025\/01\/Copy-of-DSC_6568-1-1568x1043.jpg 1568w\" sizes=\"auto, (max-width: 2560px) 100vw, 2560px\" \/><\/figure>\n<\/figure>","protected":false},"excerpt":{"rendered":"<p>De tweede editie van de Winder Democracy Academy (WDA) vond plaats van 8 tot en met 15 december 2024 in Lissabon, Portugal. Het werd mede georganiseerd door het DYPALL-netwerk, het Portugees Instituut voor Sport en Jeugd, het Jeugdcentrum van Lissabon, het liaisonbureau van het Europees Parlement in Portugal en de vertegenwoordiging van de Europese Commissie in Portugal. Het was een ruimte om te discussi\u00ebren,... <a class=\"more-link\" href=\"https:\/\/dypall.com\/nl\/activity\/winter-democracy-academy-2nd-editionyouth-and-democracy-bridging-the-gap\/\">Lees verder <span class=\"screen-reader-text\">Winter Democracy Academy \u2013 2e editie \u201cJeugd en democratie, overbrugging van de kloof\u201d<\/span><\/a><\/p>","protected":false},"author":5,"featured_media":8208,"comment_status":"closed","ping_status":"open","sticky":false,"template":"","format":"standard","meta":{"_acf_changed":false,"_jetpack_memberships_contains_paid_content":false,"footnotes":""},"categories":[111],"tags":[],"class_list":["post-8196","post","type-post","status-publish","format-standard","has-post-thumbnail","hentry","category-activity","entry"],"acf":[],"yoast_head":"<!-- This site is optimized with the Yoast SEO plugin v22.8 - https:\/\/yoast.com\/wordpress\/plugins\/seo\/ -->\n<title>Winter Democracy Academy - 2nd edition\u201cYouth and Democracy, Bridging the Gap\u201d - DYPALL Network<\/title>\n<meta name=\"robots\" content=\"index, follow, max-snippet:-1, max-image-preview:large, max-video-preview:-1\" \/>\n<link rel=\"canonical\" href=\"https:\/\/dypall.com\/nl\/activity\/winter-democracy-academy-2nd-editionyouth-and-democracy-bridging-the-gap\/\" \/>\n<meta property=\"og:locale\" content=\"nl_NL\" \/>\n<meta property=\"og:type\" content=\"article\" \/>\n<meta property=\"og:title\" content=\"Winter Democracy Academy - 2nd edition\u201cYouth and Democracy, Bridging the Gap\u201d - DYPALL Network\" \/>\n<meta property=\"og:description\" content=\"The second edition of the Winder Democracy Academy (WDA) took place from 8th &#8211; 15th December 2024 in Lisbon, Portugal. It was co-organised by DYPALL Network, Portuguese Institute for Sports and Youth, Lisbon Youth Center, the European Parliament Liaison Office in Portugal and the European Commission Representation in Portugal. It was a space to discuss,&hellip; Lees verder Winter Democracy Academy &#8211; 2nd edition\u201cYouth and Democracy, Bridging the Gap\u201d\" \/>\n<meta property=\"og:url\" content=\"https:\/\/dypall.com\/nl\/activity\/winter-democracy-academy-2nd-editionyouth-and-democracy-bridging-the-gap\/\" \/>\n<meta property=\"og:site_name\" content=\"DYPALL Network\" \/>\n<meta property=\"article:published_time\" content=\"2025-01-24T11:12:33+00:00\" \/>\n<meta property=\"og:image\" content=\"https:\/\/dypall.com\/wp-content\/uploads\/2025\/01\/DSC_5659-scaled.jpg\" \/>\n\t<meta property=\"og:image:width\" content=\"2560\" \/>\n\t<meta property=\"og:image:height\" content=\"1703\" \/>\n\t<meta property=\"og:image:type\" content=\"image\/jpeg\" \/>\n<meta name=\"author\" content=\"DYPALL Network\" \/>\n<meta name=\"twitter:card\" content=\"summary_large_image\" \/>\n<meta name=\"twitter:label1\" content=\"Written by\" \/>\n\t<meta name=\"twitter:data1\" content=\"DYPALL Network\" \/>\n\t<meta name=\"twitter:label2\" content=\"Est. reading time\" \/>\n\t<meta name=\"twitter:data2\" content=\"10 minuten\" \/>\n<script type=\"application\/ld+json\" class=\"yoast-schema-graph\">{\"@context\":\"https:\/\/schema.org\",\"@graph\":[{\"@type\":\"WebPage\",\"@id\":\"https:\/\/dypall.com\/activity\/winter-democracy-academy-2nd-editionyouth-and-democracy-bridging-the-gap\/\",\"url\":\"https:\/\/dypall.com\/activity\/winter-democracy-academy-2nd-editionyouth-and-democracy-bridging-the-gap\/\",\"name\":\"Winter Democracy Academy - 2nd edition\u201cYouth and Democracy, Bridging the Gap\u201d - DYPALL Network\",\"isPartOf\":{\"@id\":\"https:\/\/dypall.com\/#website\"},\"primaryImageOfPage\":{\"@id\":\"https:\/\/dypall.com\/activity\/winter-democracy-academy-2nd-editionyouth-and-democracy-bridging-the-gap\/#primaryimage\"},\"image\":{\"@id\":\"https:\/\/dypall.com\/activity\/winter-democracy-academy-2nd-editionyouth-and-democracy-bridging-the-gap\/#primaryimage\"},\"thumbnailUrl\":\"https:\/\/dypall.com\/wp-content\/uploads\/2025\/01\/DSC_5659-scaled.jpg\",\"datePublished\":\"2025-01-24T11:12:33+00:00\",\"dateModified\":\"2025-01-24T11:12:33+00:00\",\"author\":{\"@id\":\"https:\/\/dypall.com\/#\/schema\/person\/e87206094ce8bcf88449b35f00e40fb1\"},\"breadcrumb\":{\"@id\":\"https:\/\/dypall.com\/activity\/winter-democracy-academy-2nd-editionyouth-and-democracy-bridging-the-gap\/#breadcrumb\"},\"inLanguage\":\"nl-NL\",\"potentialAction\":[{\"@type\":\"ReadAction\",\"target\":[\"https:\/\/dypall.com\/activity\/winter-democracy-academy-2nd-editionyouth-and-democracy-bridging-the-gap\/\"]}]},{\"@type\":\"ImageObject\",\"inLanguage\":\"nl-NL\",\"@id\":\"https:\/\/dypall.com\/activity\/winter-democracy-academy-2nd-editionyouth-and-democracy-bridging-the-gap\/#primaryimage\",\"url\":\"https:\/\/dypall.com\/wp-content\/uploads\/2025\/01\/DSC_5659-scaled.jpg\",\"contentUrl\":\"https:\/\/dypall.com\/wp-content\/uploads\/2025\/01\/DSC_5659-scaled.jpg\",\"width\":2560,\"height\":1703},{\"@type\":\"BreadcrumbList\",\"@id\":\"https:\/\/dypall.com\/activity\/winter-democracy-academy-2nd-editionyouth-and-democracy-bridging-the-gap\/#breadcrumb\",\"itemListElement\":[{\"@type\":\"ListItem\",\"position\":1,\"name\":\"Home\",\"item\":\"https:\/\/dypall.com\/\"},{\"@type\":\"ListItem\",\"position\":2,\"name\":\"Winter Democracy Academy &#8211; 2nd edition\u201cYouth and Democracy, Bridging the Gap\u201d\"}]},{\"@type\":\"WebSite\",\"@id\":\"https:\/\/dypall.com\/#website\",\"url\":\"https:\/\/dypall.com\/\",\"name\":\"DYPALL Network\",\"description\":\"We are a European network of civil society organisations, municipalities and research institutions dedicated to improving democracy through youth participation.\",\"potentialAction\":[{\"@type\":\"SearchAction\",\"target\":{\"@type\":\"EntryPoint\",\"urlTemplate\":\"https:\/\/dypall.com\/?s={search_term_string}\"},\"query-input\":\"required name=search_term_string\"}],\"inLanguage\":\"nl-NL\"},{\"@type\":\"Person\",\"@id\":\"https:\/\/dypall.com\/#\/schema\/person\/e87206094ce8bcf88449b35f00e40fb1\",\"name\":\"DYPALL Network\",\"image\":{\"@type\":\"ImageObject\",\"inLanguage\":\"nl-NL\",\"@id\":\"https:\/\/dypall.com\/#\/schema\/person\/image\/\",\"url\":\"https:\/\/secure.gravatar.com\/avatar\/1061d2d4c9b4f1a9b496774795b5deac1200dfd1d3abecb8f85cf8b580e6963b?s=96&d=mm&r=g\",\"contentUrl\":\"https:\/\/secure.gravatar.com\/avatar\/1061d2d4c9b4f1a9b496774795b5deac1200dfd1d3abecb8f85cf8b580e6963b?s=96&d=mm&r=g\",\"caption\":\"DYPALL Network\"},\"sameAs\":[\"https:\/\/dypall.com\/\"],\"url\":\"https:\/\/dypall.com\/nl\/author\/dypallonsteroids\/\"}]}<\/script>\n<!-- \/ Yoast SEO plugin. -->","yoast_head_json":{"title":"Winter Democracy Academy - 2nd edition\u201cYouth and Democracy, Bridging the Gap\u201d - DYPALL Network","robots":{"index":"index","follow":"follow","max-snippet":"max-snippet:-1","max-image-preview":"max-image-preview:large","max-video-preview":"max-video-preview:-1"},"canonical":"https:\/\/dypall.com\/nl\/activity\/winter-democracy-academy-2nd-editionyouth-and-democracy-bridging-the-gap\/","og_locale":"nl_NL","og_type":"article","og_title":"Winter Democracy Academy - 2nd edition\u201cYouth and Democracy, Bridging the Gap\u201d - DYPALL Network","og_description":"The second edition of the Winder Democracy Academy (WDA) took place from 8th &#8211; 15th December 2024 in Lisbon, Portugal. It was co-organised by DYPALL Network, Portuguese Institute for Sports and Youth, Lisbon Youth Center, the European Parliament Liaison Office in Portugal and the European Commission Representation in Portugal. It was a space to discuss,&hellip; Lees verder Winter Democracy Academy &#8211; 2nd edition\u201cYouth and Democracy, Bridging the Gap\u201d","og_url":"https:\/\/dypall.com\/nl\/activity\/winter-democracy-academy-2nd-editionyouth-and-democracy-bridging-the-gap\/","og_site_name":"DYPALL Network","article_published_time":"2025-01-24T11:12:33+00:00","og_image":[{"width":2560,"height":1703,"url":"https:\/\/dypall.com\/wp-content\/uploads\/2025\/01\/DSC_5659-scaled.jpg","type":"image\/jpeg"}],"author":"DYPALL Network","twitter_card":"summary_large_image","twitter_misc":{"Written by":"DYPALL Network","Est. reading time":"10 minuten"},"schema":{"@context":"https:\/\/schema.org","@graph":[{"@type":"WebPage","@id":"https:\/\/dypall.com\/activity\/winter-democracy-academy-2nd-editionyouth-and-democracy-bridging-the-gap\/","url":"https:\/\/dypall.com\/activity\/winter-democracy-academy-2nd-editionyouth-and-democracy-bridging-the-gap\/","name":"Winter Democracy Academy - 2nd edition\u201cYouth and Democracy, Bridging the Gap\u201d - DYPALL Network","isPartOf":{"@id":"https:\/\/dypall.com\/#website"},"primaryImageOfPage":{"@id":"https:\/\/dypall.com\/activity\/winter-democracy-academy-2nd-editionyouth-and-democracy-bridging-the-gap\/#primaryimage"},"image":{"@id":"https:\/\/dypall.com\/activity\/winter-democracy-academy-2nd-editionyouth-and-democracy-bridging-the-gap\/#primaryimage"},"thumbnailUrl":"https:\/\/dypall.com\/wp-content\/uploads\/2025\/01\/DSC_5659-scaled.jpg","datePublished":"2025-01-24T11:12:33+00:00","dateModified":"2025-01-24T11:12:33+00:00","author":{"@id":"https:\/\/dypall.com\/#\/schema\/person\/e87206094ce8bcf88449b35f00e40fb1"},"breadcrumb":{"@id":"https:\/\/dypall.com\/activity\/winter-democracy-academy-2nd-editionyouth-and-democracy-bridging-the-gap\/#breadcrumb"},"inLanguage":"nl-NL","potentialAction":[{"@type":"ReadAction","target":["https:\/\/dypall.com\/activity\/winter-democracy-academy-2nd-editionyouth-and-democracy-bridging-the-gap\/"]}]},{"@type":"ImageObject","inLanguage":"nl-NL","@id":"https:\/\/dypall.com\/activity\/winter-democracy-academy-2nd-editionyouth-and-democracy-bridging-the-gap\/#primaryimage","url":"https:\/\/dypall.com\/wp-content\/uploads\/2025\/01\/DSC_5659-scaled.jpg","contentUrl":"https:\/\/dypall.com\/wp-content\/uploads\/2025\/01\/DSC_5659-scaled.jpg","width":2560,"height":1703},{"@type":"BreadcrumbList","@id":"https:\/\/dypall.com\/activity\/winter-democracy-academy-2nd-editionyouth-and-democracy-bridging-the-gap\/#breadcrumb","itemListElement":[{"@type":"ListItem","position":1,"name":"Home","item":"https:\/\/dypall.com\/"},{"@type":"ListItem","position":2,"name":"Winter Democracy Academy &#8211; 2nd edition\u201cYouth and Democracy, Bridging the Gap\u201d"}]},{"@type":"WebSite","@id":"https:\/\/dypall.com\/#website","url":"https:\/\/dypall.com\/","name":"DYPALL Network","description":"We are a European network of civil society organisations, municipalities and research institutions dedicated to improving democracy through youth participation.","potentialAction":[{"@type":"SearchAction","target":{"@type":"EntryPoint","urlTemplate":"https:\/\/dypall.com\/?s={search_term_string}"},"query-input":"required name=search_term_string"}],"inLanguage":"nl-NL"},{"@type":"Person","@id":"https:\/\/dypall.com\/#\/schema\/person\/e87206094ce8bcf88449b35f00e40fb1","name":"DYPALL Network","image":{"@type":"ImageObject","inLanguage":"nl-NL","@id":"https:\/\/dypall.com\/#\/schema\/person\/image\/","url":"https:\/\/secure.gravatar.com\/avatar\/1061d2d4c9b4f1a9b496774795b5deac1200dfd1d3abecb8f85cf8b580e6963b?s=96&d=mm&r=g","contentUrl":"https:\/\/secure.gravatar.com\/avatar\/1061d2d4c9b4f1a9b496774795b5deac1200dfd1d3abecb8f85cf8b580e6963b?s=96&d=mm&r=g","caption":"DYPALL Network"},"sameAs":["https:\/\/dypall.com\/"],"url":"https:\/\/dypall.com\/nl\/author\/dypallonsteroids\/"}]}},"jetpack_featured_media_url":"https:\/\/dypall.com\/wp-content\/uploads\/2025\/01\/DSC_5659-scaled.jpg","jetpack_sharing_enabled":true,"_links":{"self":[{"href":"https:\/\/dypall.com\/nl\/wp-json\/wp\/v2\/posts\/8196","targetHints":{"allow":["GET"]}}],"collection":[{"href":"https:\/\/dypall.com\/nl\/wp-json\/wp\/v2\/posts"}],"about":[{"href":"https:\/\/dypall.com\/nl\/wp-json\/wp\/v2\/types\/post"}],"author":[{"embeddable":true,"href":"https:\/\/dypall.com\/nl\/wp-json\/wp\/v2\/users\/5"}],"replies":[{"embeddable":true,"href":"https:\/\/dypall.com\/nl\/wp-json\/wp\/v2\/comments?post=8196"}],"version-history":[{"count":1,"href":"https:\/\/dypall.com\/nl\/wp-json\/wp\/v2\/posts\/8196\/revisions"}],"predecessor-version":[{"id":8216,"href":"https:\/\/dypall.com\/nl\/wp-json\/wp\/v2\/posts\/8196\/revisions\/8216"}],"wp:featuredmedia":[{"embeddable":true,"href":"https:\/\/dypall.com\/nl\/wp-json\/wp\/v2\/media\/8208"}],"wp:attachment":[{"href":"https:\/\/dypall.com\/nl\/wp-json\/wp\/v2\/media?parent=8196"}],"wp:term":[{"taxonomy":"category","embeddable":true,"href":"https:\/\/dypall.com\/nl\/wp-json\/wp\/v2\/categories?post=8196"},{"taxonomy":"post_tag","embeddable":true,"href":"https:\/\/dypall.com\/nl\/wp-json\/wp\/v2\/tags?post=8196"}],"curies":[{"name":"wp","href":"https:\/\/api.w.org\/{rel}","templated":true}]}}