{"id":8313,"date":"2025-05-28T14:58:58","date_gmt":"2025-05-28T14:58:58","guid":{"rendered":"https:\/\/dypall.com\/?p=8313"},"modified":"2025-05-28T14:58:59","modified_gmt":"2025-05-28T14:58:59","slug":"partnership-building-activity-building-synergies-for-quality-local-democracies-and-study-visit-youth-participation-for-quality-local-democracies-in-braga-portugal","status":"publish","type":"post","link":"https:\/\/dypall.com\/lv\/activity\/partnership-building-activity-building-synergies-for-quality-local-democracies-and-study-visit-youth-participation-for-quality-local-democracies-in-braga-portugal\/","title":{"rendered":"Partner\u012bbas veido\u0161anas pas\u0101kums \u201cSiner\u0123iju veido\u0161ana kvalitat\u012bv\u0101m viet\u0113j\u0101m demokr\u0101tij\u0101m\u201d un izp\u0113tes viz\u012bte \u201cJaunie\u0161u l\u012bdzdal\u012bba kvalitat\u012bv\u0101m viet\u0113j\u0101m demokr\u0101tij\u0101m\u201d Brag\u0101, Portug\u0101l\u0113."},"content":{"rendered":"<p>Partner\u012bbas veido\u0161anas darb\u012bba <strong><em>\u201cSiner\u0123ijas veido\u0161ana kvalitat\u012bv\u0101m viet\u0113j\u0101m demokr\u0101tij\u0101m\u201d<\/em><\/strong> un izp\u0113tes viz\u012bte <strong><em>\u201cJaunie\u0161u l\u012bdzdal\u012bba kvalitat\u012bv\u0101s viet\u0113j\u0101s demokr\u0101tij\u0101s\u201d<\/em><\/strong>, no 12. l\u012bdz 17. maijam Brag\u0101 (Portug\u0101le) notika divi paral\u0113li pas\u0101kumi, ko organiz\u0113ja DYPALL t\u012bkls sadarb\u012bb\u0101 ar Bragas pa\u0161vald\u012bbu.<\/p>\n\n\n\n<p><br>Ned\u0113\u013cas laik\u0101 dal\u012bbnieki no 18 valst\u012bm pulc\u0113j\u0101s, lai iepaz\u012btos ar Eiropas jaunatnes politikas satvariem. Izp\u0113tes viz\u012btes m\u0113r\u0137is bija <strong>sp\u0113c\u012bgas partner\u012bbas<\/strong> starp <strong>jaunatnes organiz\u0101cijas<\/strong> un <strong>jaunatnes darbinieki<\/strong> vienlaikus paverot telpu jauniem projektiem, savuk\u0101rt PBA m\u0113r\u0137is bija rad\u012bt telpu, lai apmain\u012btos ar da\u017e\u0101d\u0101m realit\u0101t\u0113m, veicin\u0101tu labu praksi, metodiku un r\u012bkus un izstr\u0101d\u0101tu sadarb\u012bbas projektus par jaunie\u0161u l\u012bdzdal\u012bbu l\u0113mumu pie\u0146em\u0161an\u0101 viet\u0113j\u0101 l\u012bmen\u012b, saska\u0146ojot <strong>ES jaunatnes strat\u0113\u0123ija 2019.\u20132027. gadam<\/strong> un <strong>Programma \u201cErasmus+\u201d<\/strong>.<\/p>\n\n\n\n<p><br>Izp\u0113tes viz\u012btes laik\u0101 dal\u012bbnieki tika iepaz\u012bstin\u0101ti ar <strong>Synergia<\/strong>, organiz\u0101cija, kas atbalsta b\u0113rnus ar invalidit\u0101ti un vec\u0101ka gadag\u0101juma cilv\u0113kus, pied\u0101v\u0101jot vi\u0146iem vietas atp\u016btai un aktivit\u0101t\u0113m. T\u0101 ir viena no liel\u0101kaj\u0101m organiz\u0101cij\u0101m Brag\u0101, kas p\u0101rvalda vair\u0101kas sabiedrisk\u0101s vietas, tostarp medic\u012bnas telpu, ko izmanto da\u017e\u0101d\u0101m darb\u012bb\u0101m.<br><\/p>\n\n\n\n<p>V\u0113l viena organiz\u0101cija, ko vi\u0146i apmekl\u0113ja, ir skola. <strong>Dona radio<\/strong>, Viena no liel\u0101kaj\u0101m Brag\u0101. Vi\u0146iem ir iek\u013caujo\u0161s radio projekts, kas pal\u012bdz padar\u012bt skolas p\u0101rtraukumus jautr\u0101kus, atska\u0146ojot m\u016bziku un sniedzot pazi\u0146ojumus. Iek\u013cau\u0161anas projekta ietvaros vi\u0146i izmanto \u0161os televizorus, lai r\u0101d\u012btu saturu nedzird\u012bgiem skol\u0113niem.<\/p>\n\n\n\n<p><br>Visbeidzot, apmekl\u0113jums <strong>Sarkanais Krusts Braga<\/strong> par\u0101d\u012bja mums, k\u0101 vi\u0146i pal\u012bdz romiem integr\u0113ties sabiedr\u012bb\u0101, mudinot vi\u0146us atrast darbu, iesaist\u012bties un iesaist\u012bties kult\u016bras pas\u0101kumos. Vi\u0146i ar\u012b sadarbojas ar jaunie\u0161iem, veicinot br\u012bvpr\u0101t\u012bgo darbu un politisko l\u012bdzdal\u012bbu, k\u0101 ar\u012b sadarbojas ar studentu apvien\u012bb\u0101m.<\/p>\n\n\n\n<p><br>PBA darb\u012bba, kas \u012bpa\u0161i paredz\u0113ta DYPALL t\u012bkla dal\u012bbniekiem, kalpoja par platformu t\u012bklo\u0161anai un iepaz\u012bstin\u0101\u0161anai ar cit\u0101m Eiropas organiz\u0101cij\u0101m, kas darbojas \u0161aj\u0101 jom\u0101, lai izstr\u0101d\u0101tu projektus, kas var veicin\u0101t jaunie\u0161u l\u012bdzdal\u012bbu viet\u0113j\u0101s politikas izstr\u0101d\u0113 un apsv\u0113rt demokr\u0101tijas st\u0101vokli. Dal\u012bbnieki izp\u0113t\u012bja programmas \u201cErasmus+\u201d ietvaros sniegt\u0101 atbalsta satvaru un s\u012bk\u0101k apl\u016bkoja t\u0101s veicin\u0101t\u0101s priorit\u0101tes un galven\u0101s darb\u012bbas, ko t\u0101 pied\u0101v\u0101 k\u0101 instrumentus savu projektu ideju atbalstam.<\/p>\n\n\n\n<p><br>Pas\u0101kumus l\u012bdzfinans\u0113ja no Eiropas Savien\u012bbas programmas \u201cErasmus+\u201d ar Portug\u0101les valsts a\u0123ent\u016bras starpniec\u012bbu, un tajos piedal\u012bj\u0101s \u0161\u0101das organiz\u0101cijas:<br>Maltas Viet\u0113jo padomju asoci\u0101cija, Centar E8, Youth Horizon, CARE Caucasus, INEDNET Inform\u0101cijas un izgl\u012bt\u012bbas att\u012bst\u012bbas t\u012bkls Arm\u0113nij\u0101, Habitat asoci\u0101cija, Agenzia per la Promozione dei Giovani APS, Youth for Democracy (Gruzija), Asociatia Nuclee, Demokr\u0101tijas un ties\u012bbu jaunatnes asoci\u0101cija, D\u0101nijas viet\u0113jo jaunatnes padomju t\u012bkls, Donum Animus, Lauku att\u012bst\u012bbas fonds, disINFORMED fonds, Nationale Jeugdraad (N\u012bderlandes Nacion\u0101l\u0101 jaunatnes padome), Mitrovicas pa\u0161vald\u012bba, Lieti\u0161\u0137o tehnisko un pirmsskolas studiju akad\u0113mija, Euro-Med Jugendverband e.V., Berl\u012bnes Nevardarb\u012bgas komunik\u0101cijas instit\u016bts, Level-Up Ukraine: Open Hub for Development and Initiatives, Par\u012bzes Jaunatnes padome, Viet\u0113j\u0101s demokr\u0101tijas un att\u012bst\u012bbas fonds, Focus and Youth Center Veles, Kust\u012bba par kooperat\u012bvu Eiropu.<\/p>\n\n\n\n<figure class=\"wp-block-gallery has-nested-images columns-default is-cropped wp-block-gallery-1 is-layout-flex wp-block-gallery-is-layout-flex\">\n<figure class=\"wp-block-image size-large\"><img loading=\"lazy\" decoding=\"async\" width=\"2560\" height=\"1707\" data-id=\"8321\" src=\"https:\/\/dypall.com\/wp-content\/uploads\/2025\/05\/DSC_0020-scaled.jpg\" alt=\"\" class=\"wp-image-8321\" srcset=\"https:\/\/dypall.com\/wp-content\/uploads\/2025\/05\/DSC_0020-scaled.jpg 2560w, https:\/\/dypall.com\/wp-content\/uploads\/2025\/05\/DSC_0020-768x512.jpg 768w, https:\/\/dypall.com\/wp-content\/uploads\/2025\/05\/DSC_0020-1536x1024.jpg 1536w, https:\/\/dypall.com\/wp-content\/uploads\/2025\/05\/DSC_0020-2048x1365.jpg 2048w, https:\/\/dypall.com\/wp-content\/uploads\/2025\/05\/DSC_0020-1568x1045.jpg 1568w\" sizes=\"auto, (max-width: 2560px) 100vw, 2560px\" \/><\/figure>\n\n\n\n<figure class=\"wp-block-image size-large\"><img loading=\"lazy\" decoding=\"async\" width=\"2560\" height=\"1707\" data-id=\"8320\" src=\"https:\/\/dypall.com\/wp-content\/uploads\/2025\/05\/DSC_0992-scaled.jpg\" alt=\"\" class=\"wp-image-8320\" srcset=\"https:\/\/dypall.com\/wp-content\/uploads\/2025\/05\/DSC_0992-scaled.jpg 2560w, https:\/\/dypall.com\/wp-content\/uploads\/2025\/05\/DSC_0992-768x512.jpg 768w, https:\/\/dypall.com\/wp-content\/uploads\/2025\/05\/DSC_0992-1536x1024.jpg 1536w, https:\/\/dypall.com\/wp-content\/uploads\/2025\/05\/DSC_0992-2048x1365.jpg 2048w, https:\/\/dypall.com\/wp-content\/uploads\/2025\/05\/DSC_0992-1568x1045.jpg 1568w\" sizes=\"auto, (max-width: 2560px) 100vw, 2560px\" \/><\/figure>\n\n\n\n<figure class=\"wp-block-image size-large\"><img loading=\"lazy\" decoding=\"async\" width=\"2560\" height=\"1707\" data-id=\"8319\" src=\"https:\/\/dypall.com\/wp-content\/uploads\/2025\/05\/DSC_1017-scaled.jpg\" alt=\"\" class=\"wp-image-8319\" srcset=\"https:\/\/dypall.com\/wp-content\/uploads\/2025\/05\/DSC_1017-scaled.jpg 2560w, https:\/\/dypall.com\/wp-content\/uploads\/2025\/05\/DSC_1017-768x512.jpg 768w, https:\/\/dypall.com\/wp-content\/uploads\/2025\/05\/DSC_1017-1536x1024.jpg 1536w, https:\/\/dypall.com\/wp-content\/uploads\/2025\/05\/DSC_1017-2048x1365.jpg 2048w, https:\/\/dypall.com\/wp-content\/uploads\/2025\/05\/DSC_1017-1568x1045.jpg 1568w\" sizes=\"auto, (max-width: 2560px) 100vw, 2560px\" \/><\/figure>\n\n\n\n<figure class=\"wp-block-image size-large\"><img loading=\"lazy\" decoding=\"async\" width=\"2560\" height=\"1707\" data-id=\"8318\" src=\"https:\/\/dypall.com\/wp-content\/uploads\/2025\/05\/DSC_1034-scaled.jpg\" alt=\"\" class=\"wp-image-8318\" srcset=\"https:\/\/dypall.com\/wp-content\/uploads\/2025\/05\/DSC_1034-scaled.jpg 2560w, https:\/\/dypall.com\/wp-content\/uploads\/2025\/05\/DSC_1034-768x512.jpg 768w, https:\/\/dypall.com\/wp-content\/uploads\/2025\/05\/DSC_1034-1536x1024.jpg 1536w, https:\/\/dypall.com\/wp-content\/uploads\/2025\/05\/DSC_1034-2048x1365.jpg 2048w, https:\/\/dypall.com\/wp-content\/uploads\/2025\/05\/DSC_1034-1568x1045.jpg 1568w\" sizes=\"auto, (max-width: 2560px) 100vw, 2560px\" \/><\/figure>\n\n\n\n<figure class=\"wp-block-image size-large\"><img loading=\"lazy\" decoding=\"async\" width=\"2560\" height=\"1707\" data-id=\"8317\" src=\"https:\/\/dypall.com\/wp-content\/uploads\/2025\/05\/DSC09157-scaled.jpg\" alt=\"\" class=\"wp-image-8317\" srcset=\"https:\/\/dypall.com\/wp-content\/uploads\/2025\/05\/DSC09157-scaled.jpg 2560w, https:\/\/dypall.com\/wp-content\/uploads\/2025\/05\/DSC09157-768x512.jpg 768w, https:\/\/dypall.com\/wp-content\/uploads\/2025\/05\/DSC09157-1536x1024.jpg 1536w, https:\/\/dypall.com\/wp-content\/uploads\/2025\/05\/DSC09157-2048x1365.jpg 2048w, https:\/\/dypall.com\/wp-content\/uploads\/2025\/05\/DSC09157-1568x1045.jpg 1568w\" sizes=\"auto, (max-width: 2560px) 100vw, 2560px\" \/><\/figure>\n\n\n\n<figure class=\"wp-block-image size-large\"><img loading=\"lazy\" decoding=\"async\" width=\"2560\" height=\"1707\" data-id=\"8316\" src=\"https:\/\/dypall.com\/wp-content\/uploads\/2025\/05\/DSC09189-scaled.jpg\" alt=\"\" class=\"wp-image-8316\" srcset=\"https:\/\/dypall.com\/wp-content\/uploads\/2025\/05\/DSC09189-scaled.jpg 2560w, https:\/\/dypall.com\/wp-content\/uploads\/2025\/05\/DSC09189-768x512.jpg 768w, https:\/\/dypall.com\/wp-content\/uploads\/2025\/05\/DSC09189-1536x1024.jpg 1536w, https:\/\/dypall.com\/wp-content\/uploads\/2025\/05\/DSC09189-2048x1365.jpg 2048w, https:\/\/dypall.com\/wp-content\/uploads\/2025\/05\/DSC09189-1568x1045.jpg 1568w\" sizes=\"auto, (max-width: 2560px) 100vw, 2560px\" \/><\/figure>\n\n\n\n<figure class=\"wp-block-image size-large\"><img loading=\"lazy\" decoding=\"async\" width=\"2560\" height=\"1707\" data-id=\"8315\" src=\"https:\/\/dypall.com\/wp-content\/uploads\/2025\/05\/DSC09227-scaled.jpg\" alt=\"\" class=\"wp-image-8315\" srcset=\"https:\/\/dypall.com\/wp-content\/uploads\/2025\/05\/DSC09227-scaled.jpg 2560w, https:\/\/dypall.com\/wp-content\/uploads\/2025\/05\/DSC09227-768x512.jpg 768w, https:\/\/dypall.com\/wp-content\/uploads\/2025\/05\/DSC09227-1536x1024.jpg 1536w, https:\/\/dypall.com\/wp-content\/uploads\/2025\/05\/DSC09227-2048x1365.jpg 2048w, https:\/\/dypall.com\/wp-content\/uploads\/2025\/05\/DSC09227-1568x1045.jpg 1568w\" sizes=\"auto, (max-width: 2560px) 100vw, 2560px\" \/><\/figure>\n\n\n\n<figure class=\"wp-block-image size-large\"><img loading=\"lazy\" decoding=\"async\" width=\"2560\" height=\"1920\" data-id=\"8314\" src=\"https:\/\/dypall.com\/wp-content\/uploads\/2025\/05\/IMG_1280-scaled.jpg\" alt=\"\" class=\"wp-image-8314\" srcset=\"https:\/\/dypall.com\/wp-content\/uploads\/2025\/05\/IMG_1280-scaled.jpg 2560w, https:\/\/dypall.com\/wp-content\/uploads\/2025\/05\/IMG_1280-768x576.jpg 768w, https:\/\/dypall.com\/wp-content\/uploads\/2025\/05\/IMG_1280-1536x1152.jpg 1536w, https:\/\/dypall.com\/wp-content\/uploads\/2025\/05\/IMG_1280-2048x1536.jpg 2048w, https:\/\/dypall.com\/wp-content\/uploads\/2025\/05\/IMG_1280-1568x1176.jpg 1568w\" sizes=\"auto, (max-width: 2560px) 100vw, 2560px\" \/><\/figure>\n<\/figure>","protected":false},"excerpt":{"rendered":"<p>Partner\u012bbas veido\u0161anas pas\u0101kums \u201cSiner\u0123ijas veido\u0161ana kvalitat\u012bv\u0101m viet\u0113j\u0101m demokr\u0101tij\u0101m\u201d un izp\u0113tes viz\u012bte \u201cJaunie\u0161u l\u012bdzdal\u012bba kvalitat\u012bv\u0101m viet\u0113j\u0101m demokr\u0101tij\u0101m\u201d, ko DYPALL t\u012bkls organiz\u0113ja sadarb\u012bb\u0101 ar Bragas pa\u0161vald\u012bbu, notika no 12. l\u012bdz 17. maijam Brag\u0101, Portug\u0101l\u0113. Ned\u0113\u013cas laik\u0101 dal\u012bbnieki no 18 valst\u012bm pulc\u0113j\u0101s, lai iepaz\u012btu Eiropas... <a class=\"more-link\" href=\"https:\/\/dypall.com\/lv\/activity\/partnership-building-activity-building-synergies-for-quality-local-democracies-and-study-visit-youth-participation-for-quality-local-democracies-in-braga-portugal\/\">Turpiniet las\u012bt <span class=\"screen-reader-text\">Partner\u012bbas veido\u0161anas pas\u0101kums \u201cSiner\u0123iju veido\u0161ana kvalitat\u012bv\u0101m viet\u0113j\u0101m demokr\u0101tij\u0101m\u201d un izp\u0113tes viz\u012bte \u201cJaunie\u0161u l\u012bdzdal\u012bba kvalitat\u012bv\u0101m viet\u0113j\u0101m demokr\u0101tij\u0101m\u201d Brag\u0101, Portug\u0101l\u0113.<\/span><\/a><\/p>","protected":false},"author":5,"featured_media":8319,"comment_status":"closed","ping_status":"open","sticky":false,"template":"","format":"standard","meta":{"_acf_changed":false,"_jetpack_memberships_contains_paid_content":false,"footnotes":""},"categories":[111,152],"tags":[],"class_list":["post-8313","post","type-post","status-publish","format-standard","has-post-thumbnail","hentry","category-activity","category-study-visits","entry"],"acf":[],"yoast_head":"<!-- This site is optimized with the Yoast SEO plugin v22.8 - https:\/\/yoast.com\/wordpress\/plugins\/seo\/ -->\n<title>Partnership building activity \u201cBuilding synergies for quality local democracies\u201d and Study visit \u201cYouth participation for quality local democracies\u201d in Braga, Portugal. - DYPALL Network<\/title>\n<meta name=\"robots\" content=\"index, follow, max-snippet:-1, max-image-preview:large, max-video-preview:-1\" \/>\n<link rel=\"canonical\" href=\"https:\/\/dypall.com\/lv\/activity\/partnership-building-activity-building-synergies-for-quality-local-democracies-and-study-visit-youth-participation-for-quality-local-democracies-in-braga-portugal\/\" \/>\n<meta property=\"og:locale\" content=\"lv_LV\" \/>\n<meta property=\"og:type\" content=\"article\" \/>\n<meta property=\"og:title\" content=\"Partnership building activity \u201cBuilding synergies for quality local democracies\u201d and Study visit \u201cYouth participation for quality local democracies\u201d in Braga, Portugal. - DYPALL Network\" \/>\n<meta property=\"og:description\" content=\"The Partnership building activity \u201cBuilding synergies for quality local democracies\u201d and the Study visit \u201cYouth participation for quality local democracies\u201d, two parallel events organised by DYPALL Network in cooperation with Braga municipality, took place from 12th to 17th May in Braga, Portugal. Over the week, participants from 18 countries came together to explore the European&hellip; Turpiniet las\u012bt Partnership building activity \u201cBuilding synergies for quality local democracies\u201d and Study visit \u201cYouth participation for quality local democracies\u201d in Braga, Portugal.\" \/>\n<meta property=\"og:url\" content=\"https:\/\/dypall.com\/lv\/activity\/partnership-building-activity-building-synergies-for-quality-local-democracies-and-study-visit-youth-participation-for-quality-local-democracies-in-braga-portugal\/\" \/>\n<meta property=\"og:site_name\" content=\"DYPALL Network\" \/>\n<meta property=\"article:published_time\" content=\"2025-05-28T14:58:58+00:00\" \/>\n<meta property=\"article:modified_time\" content=\"2025-05-28T14:58:59+00:00\" \/>\n<meta property=\"og:image\" content=\"https:\/\/dypall.com\/wp-content\/uploads\/2025\/05\/DSC_1017-scaled.jpg\" \/>\n\t<meta property=\"og:image:width\" content=\"2560\" \/>\n\t<meta property=\"og:image:height\" content=\"1707\" \/>\n\t<meta property=\"og:image:type\" content=\"image\/jpeg\" \/>\n<meta name=\"author\" content=\"DYPALL Network\" \/>\n<meta name=\"twitter:card\" content=\"summary_large_image\" \/>\n<meta name=\"twitter:label1\" content=\"Written by\" \/>\n\t<meta name=\"twitter:data1\" content=\"DYPALL Network\" \/>\n\t<meta name=\"twitter:label2\" content=\"Est. reading time\" \/>\n\t<meta name=\"twitter:data2\" content=\"4 min\u016btes\" \/>\n<script type=\"application\/ld+json\" class=\"yoast-schema-graph\">{\"@context\":\"https:\/\/schema.org\",\"@graph\":[{\"@type\":\"WebPage\",\"@id\":\"https:\/\/dypall.com\/activity\/partnership-building-activity-building-synergies-for-quality-local-democracies-and-study-visit-youth-participation-for-quality-local-democracies-in-braga-portugal\/\",\"url\":\"https:\/\/dypall.com\/activity\/partnership-building-activity-building-synergies-for-quality-local-democracies-and-study-visit-youth-participation-for-quality-local-democracies-in-braga-portugal\/\",\"name\":\"Partnership building activity \u201cBuilding synergies for quality local democracies\u201d and Study visit \u201cYouth participation for quality local democracies\u201d in Braga, Portugal. - DYPALL Network\",\"isPartOf\":{\"@id\":\"https:\/\/dypall.com\/#website\"},\"primaryImageOfPage\":{\"@id\":\"https:\/\/dypall.com\/activity\/partnership-building-activity-building-synergies-for-quality-local-democracies-and-study-visit-youth-participation-for-quality-local-democracies-in-braga-portugal\/#primaryimage\"},\"image\":{\"@id\":\"https:\/\/dypall.com\/activity\/partnership-building-activity-building-synergies-for-quality-local-democracies-and-study-visit-youth-participation-for-quality-local-democracies-in-braga-portugal\/#primaryimage\"},\"thumbnailUrl\":\"https:\/\/dypall.com\/wp-content\/uploads\/2025\/05\/DSC_1017-scaled.jpg\",\"datePublished\":\"2025-05-28T14:58:58+00:00\",\"dateModified\":\"2025-05-28T14:58:59+00:00\",\"author\":{\"@id\":\"https:\/\/dypall.com\/#\/schema\/person\/e87206094ce8bcf88449b35f00e40fb1\"},\"breadcrumb\":{\"@id\":\"https:\/\/dypall.com\/activity\/partnership-building-activity-building-synergies-for-quality-local-democracies-and-study-visit-youth-participation-for-quality-local-democracies-in-braga-portugal\/#breadcrumb\"},\"inLanguage\":\"lv-LV\",\"potentialAction\":[{\"@type\":\"ReadAction\",\"target\":[\"https:\/\/dypall.com\/activity\/partnership-building-activity-building-synergies-for-quality-local-democracies-and-study-visit-youth-participation-for-quality-local-democracies-in-braga-portugal\/\"]}]},{\"@type\":\"ImageObject\",\"inLanguage\":\"lv-LV\",\"@id\":\"https:\/\/dypall.com\/activity\/partnership-building-activity-building-synergies-for-quality-local-democracies-and-study-visit-youth-participation-for-quality-local-democracies-in-braga-portugal\/#primaryimage\",\"url\":\"https:\/\/dypall.com\/wp-content\/uploads\/2025\/05\/DSC_1017-scaled.jpg\",\"contentUrl\":\"https:\/\/dypall.com\/wp-content\/uploads\/2025\/05\/DSC_1017-scaled.jpg\",\"width\":2560,\"height\":1707},{\"@type\":\"BreadcrumbList\",\"@id\":\"https:\/\/dypall.com\/activity\/partnership-building-activity-building-synergies-for-quality-local-democracies-and-study-visit-youth-participation-for-quality-local-democracies-in-braga-portugal\/#breadcrumb\",\"itemListElement\":[{\"@type\":\"ListItem\",\"position\":1,\"name\":\"Home\",\"item\":\"https:\/\/dypall.com\/\"},{\"@type\":\"ListItem\",\"position\":2,\"name\":\"Partnership building activity \u201cBuilding synergies for quality local democracies\u201d and Study visit \u201cYouth participation for quality local democracies\u201d in Braga, Portugal.\"}]},{\"@type\":\"WebSite\",\"@id\":\"https:\/\/dypall.com\/#website\",\"url\":\"https:\/\/dypall.com\/\",\"name\":\"DYPALL Network\",\"description\":\"We are a European network of civil society organisations, municipalities and research institutions dedicated to improving democracy through youth participation.\",\"potentialAction\":[{\"@type\":\"SearchAction\",\"target\":{\"@type\":\"EntryPoint\",\"urlTemplate\":\"https:\/\/dypall.com\/?s={search_term_string}\"},\"query-input\":\"required name=search_term_string\"}],\"inLanguage\":\"lv-LV\"},{\"@type\":\"Person\",\"@id\":\"https:\/\/dypall.com\/#\/schema\/person\/e87206094ce8bcf88449b35f00e40fb1\",\"name\":\"DYPALL Network\",\"image\":{\"@type\":\"ImageObject\",\"inLanguage\":\"lv-LV\",\"@id\":\"https:\/\/dypall.com\/#\/schema\/person\/image\/\",\"url\":\"https:\/\/secure.gravatar.com\/avatar\/1061d2d4c9b4f1a9b496774795b5deac1200dfd1d3abecb8f85cf8b580e6963b?s=96&d=mm&r=g\",\"contentUrl\":\"https:\/\/secure.gravatar.com\/avatar\/1061d2d4c9b4f1a9b496774795b5deac1200dfd1d3abecb8f85cf8b580e6963b?s=96&d=mm&r=g\",\"caption\":\"DYPALL Network\"},\"sameAs\":[\"https:\/\/dypall.com\/\"],\"url\":\"https:\/\/dypall.com\/lv\/author\/dypallonsteroids\/\"}]}<\/script>\n<!-- \/ Yoast SEO plugin. -->","yoast_head_json":{"title":"Partnership building activity \u201cBuilding synergies for quality local democracies\u201d and Study visit \u201cYouth participation for quality local democracies\u201d in Braga, Portugal. - DYPALL Network","robots":{"index":"index","follow":"follow","max-snippet":"max-snippet:-1","max-image-preview":"max-image-preview:large","max-video-preview":"max-video-preview:-1"},"canonical":"https:\/\/dypall.com\/lv\/activity\/partnership-building-activity-building-synergies-for-quality-local-democracies-and-study-visit-youth-participation-for-quality-local-democracies-in-braga-portugal\/","og_locale":"lv_LV","og_type":"article","og_title":"Partnership building activity \u201cBuilding synergies for quality local democracies\u201d and Study visit \u201cYouth participation for quality local democracies\u201d in Braga, Portugal. - DYPALL Network","og_description":"The Partnership building activity \u201cBuilding synergies for quality local democracies\u201d and the Study visit \u201cYouth participation for quality local democracies\u201d, two parallel events organised by DYPALL Network in cooperation with Braga municipality, took place from 12th to 17th May in Braga, Portugal. Over the week, participants from 18 countries came together to explore the European&hellip; Turpiniet las\u012bt Partnership building activity \u201cBuilding synergies for quality local democracies\u201d and Study visit \u201cYouth participation for quality local democracies\u201d in Braga, Portugal.","og_url":"https:\/\/dypall.com\/lv\/activity\/partnership-building-activity-building-synergies-for-quality-local-democracies-and-study-visit-youth-participation-for-quality-local-democracies-in-braga-portugal\/","og_site_name":"DYPALL Network","article_published_time":"2025-05-28T14:58:58+00:00","article_modified_time":"2025-05-28T14:58:59+00:00","og_image":[{"width":2560,"height":1707,"url":"https:\/\/dypall.com\/wp-content\/uploads\/2025\/05\/DSC_1017-scaled.jpg","type":"image\/jpeg"}],"author":"DYPALL Network","twitter_card":"summary_large_image","twitter_misc":{"Written by":"DYPALL Network","Est. reading time":"4 min\u016btes"},"schema":{"@context":"https:\/\/schema.org","@graph":[{"@type":"WebPage","@id":"https:\/\/dypall.com\/activity\/partnership-building-activity-building-synergies-for-quality-local-democracies-and-study-visit-youth-participation-for-quality-local-democracies-in-braga-portugal\/","url":"https:\/\/dypall.com\/activity\/partnership-building-activity-building-synergies-for-quality-local-democracies-and-study-visit-youth-participation-for-quality-local-democracies-in-braga-portugal\/","name":"Partnership building activity \u201cBuilding synergies for quality local democracies\u201d and Study visit \u201cYouth participation for quality local democracies\u201d in Braga, Portugal. - DYPALL Network","isPartOf":{"@id":"https:\/\/dypall.com\/#website"},"primaryImageOfPage":{"@id":"https:\/\/dypall.com\/activity\/partnership-building-activity-building-synergies-for-quality-local-democracies-and-study-visit-youth-participation-for-quality-local-democracies-in-braga-portugal\/#primaryimage"},"image":{"@id":"https:\/\/dypall.com\/activity\/partnership-building-activity-building-synergies-for-quality-local-democracies-and-study-visit-youth-participation-for-quality-local-democracies-in-braga-portugal\/#primaryimage"},"thumbnailUrl":"https:\/\/dypall.com\/wp-content\/uploads\/2025\/05\/DSC_1017-scaled.jpg","datePublished":"2025-05-28T14:58:58+00:00","dateModified":"2025-05-28T14:58:59+00:00","author":{"@id":"https:\/\/dypall.com\/#\/schema\/person\/e87206094ce8bcf88449b35f00e40fb1"},"breadcrumb":{"@id":"https:\/\/dypall.com\/activity\/partnership-building-activity-building-synergies-for-quality-local-democracies-and-study-visit-youth-participation-for-quality-local-democracies-in-braga-portugal\/#breadcrumb"},"inLanguage":"lv-LV","potentialAction":[{"@type":"ReadAction","target":["https:\/\/dypall.com\/activity\/partnership-building-activity-building-synergies-for-quality-local-democracies-and-study-visit-youth-participation-for-quality-local-democracies-in-braga-portugal\/"]}]},{"@type":"ImageObject","inLanguage":"lv-LV","@id":"https:\/\/dypall.com\/activity\/partnership-building-activity-building-synergies-for-quality-local-democracies-and-study-visit-youth-participation-for-quality-local-democracies-in-braga-portugal\/#primaryimage","url":"https:\/\/dypall.com\/wp-content\/uploads\/2025\/05\/DSC_1017-scaled.jpg","contentUrl":"https:\/\/dypall.com\/wp-content\/uploads\/2025\/05\/DSC_1017-scaled.jpg","width":2560,"height":1707},{"@type":"BreadcrumbList","@id":"https:\/\/dypall.com\/activity\/partnership-building-activity-building-synergies-for-quality-local-democracies-and-study-visit-youth-participation-for-quality-local-democracies-in-braga-portugal\/#breadcrumb","itemListElement":[{"@type":"ListItem","position":1,"name":"Home","item":"https:\/\/dypall.com\/"},{"@type":"ListItem","position":2,"name":"Partnership building activity \u201cBuilding synergies for quality local democracies\u201d and Study visit \u201cYouth participation for quality local democracies\u201d in Braga, Portugal."}]},{"@type":"WebSite","@id":"https:\/\/dypall.com\/#website","url":"https:\/\/dypall.com\/","name":"DYPALL Network","description":"We are a European network of civil society organisations, municipalities and research institutions dedicated to improving democracy through youth participation.","potentialAction":[{"@type":"SearchAction","target":{"@type":"EntryPoint","urlTemplate":"https:\/\/dypall.com\/?s={search_term_string}"},"query-input":"required name=search_term_string"}],"inLanguage":"lv-LV"},{"@type":"Person","@id":"https:\/\/dypall.com\/#\/schema\/person\/e87206094ce8bcf88449b35f00e40fb1","name":"DYPALL Network","image":{"@type":"ImageObject","inLanguage":"lv-LV","@id":"https:\/\/dypall.com\/#\/schema\/person\/image\/","url":"https:\/\/secure.gravatar.com\/avatar\/1061d2d4c9b4f1a9b496774795b5deac1200dfd1d3abecb8f85cf8b580e6963b?s=96&d=mm&r=g","contentUrl":"https:\/\/secure.gravatar.com\/avatar\/1061d2d4c9b4f1a9b496774795b5deac1200dfd1d3abecb8f85cf8b580e6963b?s=96&d=mm&r=g","caption":"DYPALL Network"},"sameAs":["https:\/\/dypall.com\/"],"url":"https:\/\/dypall.com\/lv\/author\/dypallonsteroids\/"}]}},"jetpack_featured_media_url":"https:\/\/dypall.com\/wp-content\/uploads\/2025\/05\/DSC_1017-scaled.jpg","jetpack_sharing_enabled":true,"_links":{"self":[{"href":"https:\/\/dypall.com\/lv\/wp-json\/wp\/v2\/posts\/8313","targetHints":{"allow":["GET"]}}],"collection":[{"href":"https:\/\/dypall.com\/lv\/wp-json\/wp\/v2\/posts"}],"about":[{"href":"https:\/\/dypall.com\/lv\/wp-json\/wp\/v2\/types\/post"}],"author":[{"embeddable":true,"href":"https:\/\/dypall.com\/lv\/wp-json\/wp\/v2\/users\/5"}],"replies":[{"embeddable":true,"href":"https:\/\/dypall.com\/lv\/wp-json\/wp\/v2\/comments?post=8313"}],"version-history":[{"count":1,"href":"https:\/\/dypall.com\/lv\/wp-json\/wp\/v2\/posts\/8313\/revisions"}],"predecessor-version":[{"id":8322,"href":"https:\/\/dypall.com\/lv\/wp-json\/wp\/v2\/posts\/8313\/revisions\/8322"}],"wp:featuredmedia":[{"embeddable":true,"href":"https:\/\/dypall.com\/lv\/wp-json\/wp\/v2\/media\/8319"}],"wp:attachment":[{"href":"https:\/\/dypall.com\/lv\/wp-json\/wp\/v2\/media?parent=8313"}],"wp:term":[{"taxonomy":"category","embeddable":true,"href":"https:\/\/dypall.com\/lv\/wp-json\/wp\/v2\/categories?post=8313"},{"taxonomy":"post_tag","embeddable":true,"href":"https:\/\/dypall.com\/lv\/wp-json\/wp\/v2\/tags?post=8313"}],"curies":[{"name":"wp","href":"https:\/\/api.w.org\/{rel}","templated":true}]}}