{"id":8196,"date":"2025-01-24T11:12:33","date_gmt":"2025-01-24T11:12:33","guid":{"rendered":"https:\/\/dypall.com\/?p=8196"},"modified":"2025-01-24T11:12:33","modified_gmt":"2025-01-24T11:12:33","slug":"winter-democracy-academy-2nd-editionyouth-and-democracy-bridging-the-gap","status":"publish","type":"post","link":"https:\/\/dypall.com\/lv\/activity\/winter-democracy-academy-2nd-editionyouth-and-democracy-bridging-the-gap\/","title":{"rendered":"Ziemas demokr\u0101tijas akad\u0113mija \u2013 2. izdevums \u201cJaunatne un demokr\u0101tija, plaisas p\u0101rvar\u0113\u0161ana\u201d"},"content":{"rendered":"<p>Otrais izdevums <strong>Vinderdemokr\u0101tijas akad\u0113mija (WDA)<\/strong> notika 2024. gada 8.\u201315. decembr\u012b Lisabon\u0101 (Portug\u0101le). To kop\u012bgi organiz\u0113ja DYPALL Network, Portug\u0101les Sporta un jaunatnes instit\u016bts, Lisabonas Jaunatnes centrs, Eiropas Parlamenta birojs Portug\u0101l\u0113 un Eiropas Komisijas p\u0101rst\u0101vniec\u012bba Portug\u0101l\u0113. T\u0101 bija iesp\u0113ja apspriest, sadarboties un iesaist\u012bties dialog\u0101 par jaunie\u0161u l\u012bdzdal\u012bbu viet\u0113j\u0101 demokr\u0101tij\u0101. WDA ietver vair\u0101kus pas\u0101kumus, kas notiek paral\u0113li visu ned\u0113\u013cu, un turpm\u0101kie ir da\u017ei no \u0161\u0101 gada izdevuma spilgt\u0101kajiem notikumiem.<\/p>\n\n\n\n<p>Par godu 10. decembrim \u2013 Starptautiskajai cilv\u0113kties\u012bbu dienai \u2013 konference <strong>\u201cJaunatne un demokr\u0101tija \u2014 plaisas p\u0101rvar\u0113\u0161ana\u201d<\/strong> bija Ziemas demokr\u0101tijas akad\u0113mijas augstais punkts k\u0101 kop\u012bgs br\u012bdis, kas pulc\u0113ja visu pas\u0101kumu dal\u012bbniekus. P\u0113c Bruno Antonio ievadv\u0101rdiem DYPALL t\u012bkla izpilddirektore, Eiropas Komisijas p\u0101rst\u0101vniec\u012bbas Portug\u0101l\u0113 vad\u012bt\u0101ja Sofia Moreira de Sousa atkl\u0101ja konferenci ar runu, kur\u0101 vi\u0146a uzsv\u0113ra jaunie\u0161u l\u012bdzdal\u012bbas noz\u012bmi un vi\u0146u iesaist\u012b\u0161anos demokr\u0101tij\u0101. Vi\u0146a piemin 2024. gada ES v\u0113l\u0113\u0161anas, kur\u0101s pirmo reizi balsoja 30 miljoni jaunie\u0161u, un jaunatnes politikas dialoga m\u0113r\u0137i veicin\u0101t mijiedarb\u012bbu starp jaunie\u0161iem un politikas veidot\u0101jiem.&nbsp;<\/p>\n\n\n\n<p>Filipe Silva Fernandes no Mi\u0146u Universit\u0101tes Politisko zin\u0101t\u0146u p\u0113tniec\u012bbas centra (Portug\u0101le) nor\u0101d\u012bja, ka ir j\u0101piev\u0113r\u0161 uzman\u012bba jaunie\u0161u iesaistei, un pauda ba\u017eas par institucion\u0101l\u0101s l\u012bdzdal\u012bbas samazin\u0101\u0161anos. Apa\u013c\u0101 galda diskusija \u201cJaunie\u0161u virz\u012btas p\u0101rmai\u0146as: Bridging the Gap\u201d tika iek\u013cautas atzi\u0146as no t\u0101diem run\u0101t\u0101jiem k\u0101 Aida Clarke Stavdal, Kristiansandas pa\u0161vald\u012bbas jaunatnes padomes vad\u012bt\u0101ja no Norv\u0113\u0123ijas un Dimitris Manoukas no Panteion Universit\u0101tes At\u0113n\u0101s no Grie\u0137ijas. Dal\u012bbnieki uzsv\u0113ra, ka iest\u0101d\u0113m ir j\u0101veido saikne ar jaunie\u0161iem, jo \u012bpa\u0161i att\u0101los apgabalos, un j\u0101rada pieejamas telpas un l\u012bdzdal\u012bbas iesp\u0113jas. Galvenie temati ietv\u0113ra alternat\u012bvas l\u012bdzdal\u012bbas metodes, cie\u0146u un neformalit\u0101ti jaunie\u0161u iesaist\u0113. Programma ietv\u0113ra ar\u012b prezent\u0101ciju par 2024. gada Saharova balvu un iepaz\u012bstin\u0101ja ar inovat\u012bvu jaunie\u0161u iesaistes praksi, piem\u0113ram, projektu \u201cOs 230\u201d, Phygital projektu un v\u0113rt\u012bg\u0101m atzi\u0146\u0101m no Par\u012bzes Jaunatnes padomes.<\/p>\n\n\n\n<p>Par <strong>M\u0101c\u012bbu kurss \u201cViet\u0113j\u0101s jaunatnes padomes kvalitat\u012bv\u0101m viet\u0113j\u0101m demokr\u0101tij\u0101m\u201d<\/strong>, kur\u0101 piedal\u012bj\u0101s 30 dal\u012bbnieki no septi\u0146\u0101m valst\u012bm (Norv\u0113\u0123ijas, Somijas, Francijas, Horv\u0101tijas, Portug\u0101les, Igaunijas un Turcijas). T\u0101s m\u0113r\u0137is bija stiprin\u0101t viet\u0113j\u0101s jaunatnes padomes (LYC), veicinot notur\u012bbu, iek\u013caut\u012bbu un kvalit\u0101tes standartus, lai lab\u0101k apmierin\u0101tu jaunie\u0161u vajadz\u012bbas sav\u0101s kopien\u0101s.<\/p>\n\n\n\n<p>Dal\u012bbnieki izv\u0113rt\u0113ja savus LYC, izmantojot DYPALL <a href=\"https:\/\/drive.google.com\/file\/d\/1wmZgWujqUUvix5NTesulcZt8h4w9IHRY\/view\">\u201cKvalit\u0101tes harta par l\u012bdzdal\u012bg\u0101m un iek\u013caujo\u0161\u0101m viet\u0113j\u0101m jaunatnes padom\u0113m\u201d<\/a> un apzin\u0101ja jomas, kur\u0101s vajadz\u012bgi uzlabojumi, vienlaikus apmainoties ar paraugpraksi. Vi\u0146i ar\u012b apsv\u0113ra draudus demokr\u0101tijai un izstr\u0101d\u0101ja \u012bstenojamas strat\u0113\u0123ijas savu LYC uzlabo\u0161anai, galveno uzman\u012bbu piev\u0113r\u0161ot \u012bstermi\u0146a un ilgtermi\u0146a ietekmei. Galvenie rezult\u0101ti bija Eiropas Viet\u0113jo jaunatnes padomju t\u012bkla izveide, kura m\u0113r\u0137is ir uzlabot jaunie\u0161u iesaisti viet\u0113j\u0101 p\u0101rvald\u012bb\u0101 vis\u0101 Eirop\u0101. Apm\u0101c\u012bba nodro\u0161in\u0101ja r\u012bkus, zin\u0101\u0161anas un sadarb\u012bbas iesp\u0113jas, lai dal\u012bbnieki var\u0113tu aizst\u0101v\u0113t demokr\u0101tisku un j\u0113gpilnu jaunie\u0161u l\u012bdzdal\u012bbu. Dal\u012bbniekiem bija ar\u012b iesp\u0113ja apmekl\u0113t Kaskai\u0161as pa\u0161vald\u012bbu, k\u0101 ar\u012b Eiropas Komisijas p\u0101rst\u0101vniec\u012bbu Portug\u0101l\u0113 un Eiropas Parlamenta viet\u0113jo biroju Lisabon\u0101, kur vi\u0146i akt\u012bvi iesaist\u012bj\u0101s lomu sp\u0113les simul\u0101cijas sp\u0113l\u0113, kas \u013c\u0101va vi\u0146iem izprast ES demokr\u0101tisko l\u0113mumu pie\u0146em\u0161anas procesu. P\u0113c tam vi\u0146i uzzin\u0101ja vair\u0101k par ES, izmantojot jautru un interakt\u012bvu galda sp\u0113li \u201cValues that Move Me\u201d, ko izveidoja Eiropas Parlamenta viet\u0113jais birojs Portug\u0101l\u0113. \u0160is apmekl\u0113jums sniedza noz\u012bm\u012bgu izgl\u012btojo\u0161u pieredzi par Eiropas Savien\u012bbu un t\u0101s principiem. Pas\u0101kuma beig\u0101s dal\u012bbnieki apsv\u0113ra pa\u0161reiz\u0113jos draudus demokr\u0101tijai un izp\u0113t\u012bja, k\u0101 vi\u0146i var akt\u012bvi iesaist\u012bties k\u0101 inform\u0113ti aizst\u0101vji sav\u0101s viet\u0113j\u0101s kopien\u0101s, lai risin\u0101tu \u0161\u012bs probl\u0113mas, izkl\u0101stot \u0161os draudus no viet\u0113j\u0101 l\u012bdz pasaules l\u012bmenim un apsprie\u017eot tos, izmantojot deba\u0161u simul\u0101ciju.<\/p>\n\n\n\n<p>Apm\u0101c\u012bbu kursu organiz\u0113ja DYPALL Network sadarb\u012bb\u0101 ar Kristiansandas pa\u0161vald\u012bbu, un to finans\u0113ja Erasmus+ programma ar Norv\u0113\u0123ijas Nacion\u0101l\u0101s a\u0123ent\u016bras starpniec\u012bbu.<\/p>\n\n\n\n<p>V\u0113l viens pas\u0101kums, ko DYPALL Network koordin\u0113ja WDA laik\u0101, bija m\u0101c\u012bbu kurss. <strong>\u201cFigit\u0101liska jaunie\u0161u l\u012bdzdal\u012bba \u2014 digit\u0101l\u0101 inov\u0101cija sp\u0113c\u012bg\u0101kai viet\u0113jai demokr\u0101tijai\u201d <\/strong>kas pulc\u0113ja jaunatnes darbiniekus no Be\u013c\u0123ijas, Slov\u0113nijas un Portug\u0101les pa\u0161vald\u012bb\u0101m, lai izp\u0113t\u012btu \u201cfizisko\u201d r\u012bku, kas apvieno digit\u0101los elementus ar kl\u0101tienes aktivit\u0101t\u0113m un ir paredz\u0113ts jaunie\u0161u iesaist\u012b\u0161anai viet\u0113j\u0101s politikas veido\u0161an\u0101.<\/p>\n\n\n\n<p>Dal\u012bbnieki dal\u012bj\u0101s pieredz\u0113, kas g\u016bta pirmaj\u0101 test\u0113\u0161anas posm\u0101, kur\u0101 \u0161is r\u012bks tika izmantots 2024. gada Eiropas Parlamenta v\u0113l\u0113\u0161an\u0101s. T\u0101s ar\u012b izstr\u0101d\u0101ja r\u012bc\u012bbas pl\u0101nus, lai \u0161o r\u012bku \u012bstenotu sav\u0101s pa\u0161vald\u012bb\u0101s \u201cJaunatnes dialoga 2.0\u201d procesa ietvaros, kas paredz\u0113ts 2025. gad\u0101. Diskusij\u0101s galven\u0101 uzman\u012bba tika piev\u0113rsta g\u016btaj\u0101m atzi\u0146\u0101m, kvalitat\u012bvas jaunie\u0161u l\u012bdzdal\u012bbas nodro\u0161in\u0101\u0161anai un nepiecie\u0161amo prasmju un v\u0113rt\u012bbu att\u012bst\u012b\u0161anai efekt\u012bvam fitit\u0101lam darbam ar jaunatni.<\/p>\n\n\n\n<p>\u0160\u012b apm\u0101c\u012bba bija da\u013ca no divu gadu Erasmus+ KA2 projekta, ko koordin\u0113ja Tree Company (Be\u013c\u0123ija) un DYPALL Network sadarb\u012bb\u0101 ar Levuur (Be\u013c\u0123ija), Danes Je Nov Dan (Slov\u0113nija) un Sint-Niklaas pa\u0161vald\u012bbu (Be\u013c\u0123ija), ko finans\u0113ja Be\u013c\u0123ijas Valsts a\u0123ent\u016bra JINT. Projekts tika prezent\u0113ts WDA konferenc\u0113 \u201cJaunatne un demokr\u0101tija \u2014 plaisas p\u0101rvar\u0113\u0161ana\u201d k\u0101 inovat\u012bva prakse Eiropas darb\u0101 ar jaunatni.<\/p>\n\n\n\n<p>DYPALL t\u012bkla <strong>Vad\u012bbas grupa<\/strong> san\u0101ca kop\u0101 8. decembr\u012b Lisabon\u0101, lai dal\u012btos ar jaun\u0101ko inform\u0101ciju un apspriestu turpm\u0101kos pl\u0101nus. Locek\u013ci uzsv\u0113ra nesen\u0101s darb\u012bbas, piem\u0113ram, dal\u012bbu starptautisk\u0101s konferenc\u0113s un T\u012bkla p\u0101rst\u0101v\u0113\u0161anu attiec\u012bgaj\u0101s Eiropas telp\u0101s. Daudzi no vi\u0146iem sniedza ieguld\u012bjumu, organiz\u0113jot pas\u0101kumus un vadot projektus, kuru m\u0113r\u0137is ir veicin\u0101t jaunie\u0161u l\u012bdzdal\u012bbu un integr\u0101ciju.&nbsp;<\/p>\n\n\n\n<p>Svar\u012bgs diskusiju punkts bija p\u0101rskat\u012btie dal\u012bbas krit\u0113riji, kas tika ieviesti gada s\u0101kum\u0101. P\u0113tniec\u012bbas iest\u0101\u017eu iek\u013cau\u0161ana jaun\u0101 kategorij\u0101 bija \u012bpa\u0161i svar\u012bga, lai stiprin\u0101tu partner\u012bbas un uzlabotu t\u012bkla sp\u0113jas. Vad\u012bbas grupa ar\u012b p\u0101rskat\u012bja 2025. gada darb\u012bbas pl\u0101nu, un da\u017ei locek\u013ci sp\u0113ra soli uz priek\u0161u, lai dal\u012bbnieku kopsapulces laik\u0101 vad\u012btu da\u017e\u0101das sesijas, galveno uzman\u012bbu piev\u0113r\u0161ot t\u012bklo\u0161anas un komunik\u0101cijas strat\u0113\u0123ij\u0101m. Tika uzsv\u0113rti turpm\u0101kie pas\u0101kumi un iesp\u0113jas, piem\u0113ram, II Lauku pakta konference un Eiropas Re\u0123ionu ned\u0113\u013ca. San\u0101ksmes m\u0113r\u0137is bija pied\u0101v\u0101t platformu, kas veicina sadarb\u012bbu, dal\u0101s pieredz\u0113 un sniedz skaidru ce\u013cvedi turpm\u0101k\u0101m iniciat\u012bv\u0101m DYPALL t\u012bkl\u0101.<\/p>\n\n\n\n<p>DYPALL t\u012bkls <strong>Dal\u012bbnieku kopsapulce<\/strong> notika 9. decembr\u012b, pulc\u0113jot dal\u012bbniekus, lai piev\u0113rstos t\u012bkla galvenaj\u0101m priorit\u0101t\u0113m un stiprin\u0101tu sadarb\u012bbu. Pas\u0101kums ietv\u0113ra jaun\u0101ko inform\u0101ciju par 2024.\u20132025. gada darba pl\u0101niem un p\u0101rskatu par DYPALL t\u012bkla pa\u0161reiz\u0113jiem projektiem \u010detr\u0101s programmas jom\u0101s.&nbsp;<\/p>\n\n\n\n<p>Dal\u012bbnieki piedal\u012bj\u0101s darba grup\u0101s, lai izstr\u0101d\u0101tu DYPALL t\u012bkla komunik\u0101cijas strat\u0113\u0123iju un strat\u0113\u0123isk\u0101s priorit\u0101tes 2026.\u20132030. gadam. \u0160aj\u0101s diskusij\u0101s tika uzsv\u0113rta nepiecie\u0161am\u012bba p\u0113c vienotas aizst\u0101v\u012bbas kampa\u0146as, uzlabotas iek\u0161\u0113j\u0101s komunik\u0101cijas, sp\u0113ju veido\u0161anas un finansi\u0101l\u0101s ilgtsp\u0113jas pas\u0101kumiem, piem\u0113ram, dot\u0101ciju finans\u0113juma un mentor\u0113\u0161anas programm\u0101m jaun\u0101kiem locek\u013ciem. T\u012bklu veido\u0161anas sesija sniedza iesp\u0113jas dal\u012bties projektu idej\u0101s, izp\u0113t\u012bt sadarb\u012bbas iesp\u0113jas un veidot sp\u0113c\u012bg\u0101kus sakarus, stiprinot kopienas izj\u016btu t\u012bkl\u0101.<\/p>\n\n\n\n<p>Asambleja uzsv\u0113ra pa\u0161reiz\u0113j\u0101s sadarb\u012bbas v\u0113rt\u012bbu un noteica ce\u013cvedi turpm\u0101k\u0101m darb\u012bb\u0101m, tostarp m\u0101c\u012bbu sesij\u0101m un m\u0101c\u012bbu kursiem. T\u0101 kalpoja par platformu ideju apmai\u0146ai, strat\u0113\u0123iju izstr\u0101dei un t\u012bkla ap\u0146em\u0161an\u0101s stiprin\u0101\u0161anai attiec\u012bb\u0101 uz jaunie\u0161u l\u012bdzdal\u012bbu un demokr\u0101tiju.<\/p>\n\n\n\n<p>Ned\u0113\u013cu ilg\u0101 Ziemas demokr\u0101tijas akad\u0113mija pied\u0101v\u0101ja daudzveid\u012bgu pas\u0101kumu kl\u0101stu, uzsverot, cik svar\u012bgi ir iesaist\u012bt jaunie\u0161us demokr\u0101tiskajos procesos un veicin\u0101t ilgtsp\u0113j\u012bgas demokr\u0101tijas, stiprinot viet\u0113jo jaunatnes politiku. \u0160\u0101 gada izdevums<strong> <\/strong>tika organiz\u0113ta sadarb\u012bb\u0101 ar Portug\u0101les Sporta un jaunatnes instit\u016btu, Lisabonas Jaunatnes centru (CJL), Eiropas Parlamenta biroju Portug\u0101l\u0113 un Eiropas Komisijas p\u0101rst\u0101vniec\u012bbu Portug\u0101l\u0113 ar programmas Erasmus+ atbalstu ar Portug\u0101les valsts a\u0123ent\u016bras un Eiropas Komisijas starpniec\u012bbu.<\/p>\n\n\n\n<figure class=\"wp-block-gallery has-nested-images columns-default is-cropped wp-block-gallery-1 is-layout-flex wp-block-gallery-is-layout-flex\">\n<figure class=\"wp-block-image size-large\"><img loading=\"lazy\" decoding=\"async\" width=\"2560\" height=\"1703\" data-id=\"8208\" src=\"https:\/\/dypall.com\/wp-content\/uploads\/2025\/01\/DSC_5659-scaled.jpg\" alt=\"\" class=\"wp-image-8208\" srcset=\"https:\/\/dypall.com\/wp-content\/uploads\/2025\/01\/DSC_5659-scaled.jpg 2560w, https:\/\/dypall.com\/wp-content\/uploads\/2025\/01\/DSC_5659-768x511.jpg 768w, https:\/\/dypall.com\/wp-content\/uploads\/2025\/01\/DSC_5659-1536x1022.jpg 1536w, https:\/\/dypall.com\/wp-content\/uploads\/2025\/01\/DSC_5659-2048x1363.jpg 2048w, https:\/\/dypall.com\/wp-content\/uploads\/2025\/01\/DSC_5659-1568x1043.jpg 1568w\" sizes=\"auto, (max-width: 2560px) 100vw, 2560px\" \/><\/figure>\n\n\n\n<figure class=\"wp-block-image size-large\"><img loading=\"lazy\" decoding=\"async\" width=\"2560\" height=\"1703\" data-id=\"8213\" src=\"https:\/\/dypall.com\/wp-content\/uploads\/2025\/01\/DSC_5540-1-scaled.jpg\" alt=\"\" class=\"wp-image-8213\" srcset=\"https:\/\/dypall.com\/wp-content\/uploads\/2025\/01\/DSC_5540-1-scaled.jpg 2560w, https:\/\/dypall.com\/wp-content\/uploads\/2025\/01\/DSC_5540-1-768x511.jpg 768w, https:\/\/dypall.com\/wp-content\/uploads\/2025\/01\/DSC_5540-1-1536x1022.jpg 1536w, https:\/\/dypall.com\/wp-content\/uploads\/2025\/01\/DSC_5540-1-2048x1363.jpg 2048w, https:\/\/dypall.com\/wp-content\/uploads\/2025\/01\/DSC_5540-1-1568x1043.jpg 1568w\" sizes=\"auto, (max-width: 2560px) 100vw, 2560px\" \/><\/figure>\n\n\n\n<figure class=\"wp-block-image size-large\"><img loading=\"lazy\" decoding=\"async\" width=\"2560\" height=\"1703\" data-id=\"8214\" src=\"https:\/\/dypall.com\/wp-content\/uploads\/2025\/01\/DSC_5679-1-scaled.jpg\" alt=\"\" class=\"wp-image-8214\" srcset=\"https:\/\/dypall.com\/wp-content\/uploads\/2025\/01\/DSC_5679-1-scaled.jpg 2560w, https:\/\/dypall.com\/wp-content\/uploads\/2025\/01\/DSC_5679-1-768x511.jpg 768w, https:\/\/dypall.com\/wp-content\/uploads\/2025\/01\/DSC_5679-1-1536x1022.jpg 1536w, https:\/\/dypall.com\/wp-content\/uploads\/2025\/01\/DSC_5679-1-2048x1363.jpg 2048w, https:\/\/dypall.com\/wp-content\/uploads\/2025\/01\/DSC_5679-1-1568x1043.jpg 1568w\" sizes=\"auto, (max-width: 2560px) 100vw, 2560px\" \/><\/figure>\n<\/figure>\n\n\n\n<figure class=\"wp-block-gallery has-nested-images columns-default is-cropped wp-block-gallery-2 is-layout-flex wp-block-gallery-is-layout-flex\">\n<figure class=\"wp-block-image size-large\"><img loading=\"lazy\" decoding=\"async\" width=\"2560\" height=\"1703\" data-id=\"8215\" src=\"https:\/\/dypall.com\/wp-content\/uploads\/2025\/01\/DSC_5831-scaled.jpg\" alt=\"\" class=\"wp-image-8215\" srcset=\"https:\/\/dypall.com\/wp-content\/uploads\/2025\/01\/DSC_5831-scaled.jpg 2560w, https:\/\/dypall.com\/wp-content\/uploads\/2025\/01\/DSC_5831-768x511.jpg 768w, https:\/\/dypall.com\/wp-content\/uploads\/2025\/01\/DSC_5831-1536x1022.jpg 1536w, https:\/\/dypall.com\/wp-content\/uploads\/2025\/01\/DSC_5831-2048x1363.jpg 2048w, https:\/\/dypall.com\/wp-content\/uploads\/2025\/01\/DSC_5831-1568x1043.jpg 1568w\" sizes=\"auto, (max-width: 2560px) 100vw, 2560px\" \/><\/figure>\n\n\n\n<figure class=\"wp-block-image size-large\"><img loading=\"lazy\" decoding=\"async\" width=\"2560\" height=\"1703\" data-id=\"8207\" src=\"https:\/\/dypall.com\/wp-content\/uploads\/2025\/01\/DSC_5587-1-scaled.jpg\" alt=\"\" class=\"wp-image-8207\" srcset=\"https:\/\/dypall.com\/wp-content\/uploads\/2025\/01\/DSC_5587-1-scaled.jpg 2560w, https:\/\/dypall.com\/wp-content\/uploads\/2025\/01\/DSC_5587-1-768x511.jpg 768w, https:\/\/dypall.com\/wp-content\/uploads\/2025\/01\/DSC_5587-1-1536x1022.jpg 1536w, https:\/\/dypall.com\/wp-content\/uploads\/2025\/01\/DSC_5587-1-2048x1363.jpg 2048w, https:\/\/dypall.com\/wp-content\/uploads\/2025\/01\/DSC_5587-1-1568x1043.jpg 1568w\" sizes=\"auto, (max-width: 2560px) 100vw, 2560px\" \/><\/figure>\n\n\n\n<figure class=\"wp-block-image size-large\"><img loading=\"lazy\" decoding=\"async\" width=\"2560\" height=\"1703\" data-id=\"8209\" src=\"https:\/\/dypall.com\/wp-content\/uploads\/2025\/01\/DSC_5903-scaled.jpg\" alt=\"\" class=\"wp-image-8209\" srcset=\"https:\/\/dypall.com\/wp-content\/uploads\/2025\/01\/DSC_5903-scaled.jpg 2560w, https:\/\/dypall.com\/wp-content\/uploads\/2025\/01\/DSC_5903-768x511.jpg 768w, https:\/\/dypall.com\/wp-content\/uploads\/2025\/01\/DSC_5903-1536x1022.jpg 1536w, https:\/\/dypall.com\/wp-content\/uploads\/2025\/01\/DSC_5903-2048x1363.jpg 2048w, https:\/\/dypall.com\/wp-content\/uploads\/2025\/01\/DSC_5903-1568x1043.jpg 1568w\" sizes=\"auto, (max-width: 2560px) 100vw, 2560px\" \/><\/figure>\n\n\n\n<figure class=\"wp-block-image size-large\"><img loading=\"lazy\" decoding=\"async\" width=\"2560\" height=\"1703\" data-id=\"8212\" src=\"https:\/\/dypall.com\/wp-content\/uploads\/2025\/01\/DSC_5330-scaled.jpg\" alt=\"\" class=\"wp-image-8212\" srcset=\"https:\/\/dypall.com\/wp-content\/uploads\/2025\/01\/DSC_5330-scaled.jpg 2560w, https:\/\/dypall.com\/wp-content\/uploads\/2025\/01\/DSC_5330-768x511.jpg 768w, https:\/\/dypall.com\/wp-content\/uploads\/2025\/01\/DSC_5330-1536x1022.jpg 1536w, https:\/\/dypall.com\/wp-content\/uploads\/2025\/01\/DSC_5330-2048x1363.jpg 2048w, https:\/\/dypall.com\/wp-content\/uploads\/2025\/01\/DSC_5330-1568x1043.jpg 1568w\" sizes=\"auto, (max-width: 2560px) 100vw, 2560px\" \/><\/figure>\n\n\n\n<figure class=\"wp-block-image size-large\"><img loading=\"lazy\" decoding=\"async\" width=\"2560\" height=\"1703\" data-id=\"8211\" src=\"https:\/\/dypall.com\/wp-content\/uploads\/2025\/01\/DSC_5281-scaled.jpg\" alt=\"\" class=\"wp-image-8211\" srcset=\"https:\/\/dypall.com\/wp-content\/uploads\/2025\/01\/DSC_5281-scaled.jpg 2560w, https:\/\/dypall.com\/wp-content\/uploads\/2025\/01\/DSC_5281-768x511.jpg 768w, https:\/\/dypall.com\/wp-content\/uploads\/2025\/01\/DSC_5281-1536x1022.jpg 1536w, https:\/\/dypall.com\/wp-content\/uploads\/2025\/01\/DSC_5281-2048x1363.jpg 2048w, https:\/\/dypall.com\/wp-content\/uploads\/2025\/01\/DSC_5281-1568x1043.jpg 1568w\" sizes=\"auto, (max-width: 2560px) 100vw, 2560px\" \/><\/figure>\n\n\n\n<figure class=\"wp-block-image size-large\"><img loading=\"lazy\" decoding=\"async\" width=\"2560\" height=\"1703\" data-id=\"8210\" src=\"https:\/\/dypall.com\/wp-content\/uploads\/2025\/01\/DSC_5269-scaled.jpg\" alt=\"\" class=\"wp-image-8210\" srcset=\"https:\/\/dypall.com\/wp-content\/uploads\/2025\/01\/DSC_5269-scaled.jpg 2560w, https:\/\/dypall.com\/wp-content\/uploads\/2025\/01\/DSC_5269-768x511.jpg 768w, https:\/\/dypall.com\/wp-content\/uploads\/2025\/01\/DSC_5269-1536x1022.jpg 1536w, https:\/\/dypall.com\/wp-content\/uploads\/2025\/01\/DSC_5269-2048x1363.jpg 2048w, https:\/\/dypall.com\/wp-content\/uploads\/2025\/01\/DSC_5269-1568x1043.jpg 1568w\" sizes=\"auto, (max-width: 2560px) 100vw, 2560px\" \/><\/figure>\n\n\n\n<figure class=\"wp-block-image size-large\"><img loading=\"lazy\" decoding=\"async\" width=\"2560\" height=\"1703\" data-id=\"8206\" src=\"https:\/\/dypall.com\/wp-content\/uploads\/2025\/01\/DSC_6363-1-scaled.jpg\" alt=\"\" class=\"wp-image-8206\" srcset=\"https:\/\/dypall.com\/wp-content\/uploads\/2025\/01\/DSC_6363-1-scaled.jpg 2560w, https:\/\/dypall.com\/wp-content\/uploads\/2025\/01\/DSC_6363-1-768x511.jpg 768w, https:\/\/dypall.com\/wp-content\/uploads\/2025\/01\/DSC_6363-1-1536x1022.jpg 1536w, https:\/\/dypall.com\/wp-content\/uploads\/2025\/01\/DSC_6363-1-2048x1363.jpg 2048w, https:\/\/dypall.com\/wp-content\/uploads\/2025\/01\/DSC_6363-1-1568x1043.jpg 1568w\" sizes=\"auto, (max-width: 2560px) 100vw, 2560px\" \/><\/figure>\n\n\n\n<figure class=\"wp-block-image size-large\"><img loading=\"lazy\" decoding=\"async\" width=\"2560\" height=\"1703\" data-id=\"8204\" src=\"https:\/\/dypall.com\/wp-content\/uploads\/2025\/01\/DSC_6281-1-scaled.jpg\" alt=\"\" class=\"wp-image-8204\" srcset=\"https:\/\/dypall.com\/wp-content\/uploads\/2025\/01\/DSC_6281-1-scaled.jpg 2560w, https:\/\/dypall.com\/wp-content\/uploads\/2025\/01\/DSC_6281-1-768x511.jpg 768w, https:\/\/dypall.com\/wp-content\/uploads\/2025\/01\/DSC_6281-1-1536x1022.jpg 1536w, https:\/\/dypall.com\/wp-content\/uploads\/2025\/01\/DSC_6281-1-2048x1363.jpg 2048w, https:\/\/dypall.com\/wp-content\/uploads\/2025\/01\/DSC_6281-1-1568x1043.jpg 1568w\" sizes=\"auto, (max-width: 2560px) 100vw, 2560px\" \/><\/figure>\n\n\n\n<figure class=\"wp-block-image size-large\"><img loading=\"lazy\" decoding=\"async\" width=\"2560\" height=\"1703\" data-id=\"8205\" src=\"https:\/\/dypall.com\/wp-content\/uploads\/2025\/01\/DSC_6376-scaled.jpg\" alt=\"\" class=\"wp-image-8205\" srcset=\"https:\/\/dypall.com\/wp-content\/uploads\/2025\/01\/DSC_6376-scaled.jpg 2560w, https:\/\/dypall.com\/wp-content\/uploads\/2025\/01\/DSC_6376-768x511.jpg 768w, https:\/\/dypall.com\/wp-content\/uploads\/2025\/01\/DSC_6376-1536x1022.jpg 1536w, https:\/\/dypall.com\/wp-content\/uploads\/2025\/01\/DSC_6376-2048x1363.jpg 2048w, https:\/\/dypall.com\/wp-content\/uploads\/2025\/01\/DSC_6376-1568x1043.jpg 1568w\" sizes=\"auto, (max-width: 2560px) 100vw, 2560px\" \/><\/figure>\n\n\n\n<figure class=\"wp-block-image size-large\"><img loading=\"lazy\" decoding=\"async\" width=\"2560\" height=\"1703\" data-id=\"8203\" src=\"https:\/\/dypall.com\/wp-content\/uploads\/2025\/01\/Copy-of-DSC_6004-1-scaled.jpg\" alt=\"\" class=\"wp-image-8203\" srcset=\"https:\/\/dypall.com\/wp-content\/uploads\/2025\/01\/Copy-of-DSC_6004-1-scaled.jpg 2560w, https:\/\/dypall.com\/wp-content\/uploads\/2025\/01\/Copy-of-DSC_6004-1-768x511.jpg 768w, https:\/\/dypall.com\/wp-content\/uploads\/2025\/01\/Copy-of-DSC_6004-1-1536x1022.jpg 1536w, https:\/\/dypall.com\/wp-content\/uploads\/2025\/01\/Copy-of-DSC_6004-1-2048x1363.jpg 2048w, https:\/\/dypall.com\/wp-content\/uploads\/2025\/01\/Copy-of-DSC_6004-1-1568x1043.jpg 1568w\" sizes=\"auto, (max-width: 2560px) 100vw, 2560px\" \/><\/figure>\n\n\n\n<figure class=\"wp-block-image size-large\"><img loading=\"lazy\" decoding=\"async\" width=\"2560\" height=\"1703\" data-id=\"8201\" src=\"https:\/\/dypall.com\/wp-content\/uploads\/2025\/01\/Copy-of-DSC_6247-1-scaled.jpg\" alt=\"\" class=\"wp-image-8201\" srcset=\"https:\/\/dypall.com\/wp-content\/uploads\/2025\/01\/Copy-of-DSC_6247-1-scaled.jpg 2560w, https:\/\/dypall.com\/wp-content\/uploads\/2025\/01\/Copy-of-DSC_6247-1-768x511.jpg 768w, https:\/\/dypall.com\/wp-content\/uploads\/2025\/01\/Copy-of-DSC_6247-1-1536x1022.jpg 1536w, https:\/\/dypall.com\/wp-content\/uploads\/2025\/01\/Copy-of-DSC_6247-1-2048x1363.jpg 2048w, https:\/\/dypall.com\/wp-content\/uploads\/2025\/01\/Copy-of-DSC_6247-1-1568x1043.jpg 1568w\" sizes=\"auto, (max-width: 2560px) 100vw, 2560px\" \/><\/figure>\n\n\n\n<figure class=\"wp-block-image size-large\"><img loading=\"lazy\" decoding=\"async\" width=\"2560\" height=\"1703\" data-id=\"8202\" src=\"https:\/\/dypall.com\/wp-content\/uploads\/2025\/01\/Copy-of-DSC_6080-scaled.jpg\" alt=\"\" class=\"wp-image-8202\" srcset=\"https:\/\/dypall.com\/wp-content\/uploads\/2025\/01\/Copy-of-DSC_6080-scaled.jpg 2560w, https:\/\/dypall.com\/wp-content\/uploads\/2025\/01\/Copy-of-DSC_6080-768x511.jpg 768w, https:\/\/dypall.com\/wp-content\/uploads\/2025\/01\/Copy-of-DSC_6080-1536x1022.jpg 1536w, https:\/\/dypall.com\/wp-content\/uploads\/2025\/01\/Copy-of-DSC_6080-2048x1363.jpg 2048w, https:\/\/dypall.com\/wp-content\/uploads\/2025\/01\/Copy-of-DSC_6080-1568x1043.jpg 1568w\" sizes=\"auto, (max-width: 2560px) 100vw, 2560px\" \/><\/figure>\n\n\n\n<figure class=\"wp-block-image size-large\"><img loading=\"lazy\" decoding=\"async\" width=\"2560\" height=\"1703\" data-id=\"8200\" src=\"https:\/\/dypall.com\/wp-content\/uploads\/2025\/01\/Copy-of-DSC_6228-1-scaled.jpg\" alt=\"\" class=\"wp-image-8200\" srcset=\"https:\/\/dypall.com\/wp-content\/uploads\/2025\/01\/Copy-of-DSC_6228-1-scaled.jpg 2560w, https:\/\/dypall.com\/wp-content\/uploads\/2025\/01\/Copy-of-DSC_6228-1-768x511.jpg 768w, https:\/\/dypall.com\/wp-content\/uploads\/2025\/01\/Copy-of-DSC_6228-1-1536x1022.jpg 1536w, https:\/\/dypall.com\/wp-content\/uploads\/2025\/01\/Copy-of-DSC_6228-1-2048x1363.jpg 2048w, https:\/\/dypall.com\/wp-content\/uploads\/2025\/01\/Copy-of-DSC_6228-1-1568x1043.jpg 1568w\" sizes=\"auto, (max-width: 2560px) 100vw, 2560px\" \/><\/figure>\n\n\n\n<figure class=\"wp-block-image size-large\"><img loading=\"lazy\" decoding=\"async\" width=\"2560\" height=\"1703\" data-id=\"8199\" src=\"https:\/\/dypall.com\/wp-content\/uploads\/2025\/01\/Copy-of-DSC_6414-1-scaled.jpg\" alt=\"\" class=\"wp-image-8199\" srcset=\"https:\/\/dypall.com\/wp-content\/uploads\/2025\/01\/Copy-of-DSC_6414-1-scaled.jpg 2560w, https:\/\/dypall.com\/wp-content\/uploads\/2025\/01\/Copy-of-DSC_6414-1-768x511.jpg 768w, https:\/\/dypall.com\/wp-content\/uploads\/2025\/01\/Copy-of-DSC_6414-1-1536x1022.jpg 1536w, https:\/\/dypall.com\/wp-content\/uploads\/2025\/01\/Copy-of-DSC_6414-1-2048x1363.jpg 2048w, https:\/\/dypall.com\/wp-content\/uploads\/2025\/01\/Copy-of-DSC_6414-1-1568x1043.jpg 1568w\" sizes=\"auto, (max-width: 2560px) 100vw, 2560px\" \/><\/figure>\n\n\n\n<figure class=\"wp-block-image size-large\"><img loading=\"lazy\" decoding=\"async\" width=\"2560\" height=\"1703\" data-id=\"8198\" src=\"https:\/\/dypall.com\/wp-content\/uploads\/2025\/01\/Copy-of-DSC_6459-1-scaled.jpg\" alt=\"\" class=\"wp-image-8198\" srcset=\"https:\/\/dypall.com\/wp-content\/uploads\/2025\/01\/Copy-of-DSC_6459-1-scaled.jpg 2560w, https:\/\/dypall.com\/wp-content\/uploads\/2025\/01\/Copy-of-DSC_6459-1-768x511.jpg 768w, https:\/\/dypall.com\/wp-content\/uploads\/2025\/01\/Copy-of-DSC_6459-1-1536x1022.jpg 1536w, https:\/\/dypall.com\/wp-content\/uploads\/2025\/01\/Copy-of-DSC_6459-1-2048x1363.jpg 2048w, https:\/\/dypall.com\/wp-content\/uploads\/2025\/01\/Copy-of-DSC_6459-1-1568x1043.jpg 1568w\" sizes=\"auto, (max-width: 2560px) 100vw, 2560px\" \/><\/figure>\n\n\n\n<figure class=\"wp-block-image size-large\"><img loading=\"lazy\" decoding=\"async\" width=\"2560\" height=\"1703\" data-id=\"8197\" src=\"https:\/\/dypall.com\/wp-content\/uploads\/2025\/01\/Copy-of-DSC_6568-1-scaled.jpg\" alt=\"\" class=\"wp-image-8197\" srcset=\"https:\/\/dypall.com\/wp-content\/uploads\/2025\/01\/Copy-of-DSC_6568-1-scaled.jpg 2560w, https:\/\/dypall.com\/wp-content\/uploads\/2025\/01\/Copy-of-DSC_6568-1-768x511.jpg 768w, https:\/\/dypall.com\/wp-content\/uploads\/2025\/01\/Copy-of-DSC_6568-1-1536x1022.jpg 1536w, https:\/\/dypall.com\/wp-content\/uploads\/2025\/01\/Copy-of-DSC_6568-1-2048x1363.jpg 2048w, https:\/\/dypall.com\/wp-content\/uploads\/2025\/01\/Copy-of-DSC_6568-1-1568x1043.jpg 1568w\" sizes=\"auto, (max-width: 2560px) 100vw, 2560px\" \/><\/figure>\n<\/figure>","protected":false},"excerpt":{"rendered":"<p>Winder Democracy Academy (WDA) otr\u0101 k\u0101rta notika 2024. gada 8.\u201315. decembr\u012b Lisabon\u0101 (Portug\u0101le). To kop\u012bgi organiz\u0113ja DYPALL Network, Portug\u0101les Sporta un jaunatnes instit\u016bts, Lisabonas Jaunatnes centrs, Eiropas Parlamenta birojs Portug\u0101l\u0113 un Eiropas Komisijas p\u0101rst\u0101vniec\u012bba Portug\u0101l\u0113. T\u0101 bija vieta, kur diskut\u0113t,... <a class=\"more-link\" href=\"https:\/\/dypall.com\/lv\/activity\/winter-democracy-academy-2nd-editionyouth-and-democracy-bridging-the-gap\/\">Turpiniet las\u012bt <span class=\"screen-reader-text\">Ziemas demokr\u0101tijas akad\u0113mija \u2013 2. izdevums \u201cJaunatne un demokr\u0101tija, plaisas p\u0101rvar\u0113\u0161ana\u201d<\/span><\/a><\/p>","protected":false},"author":5,"featured_media":8208,"comment_status":"closed","ping_status":"open","sticky":false,"template":"","format":"standard","meta":{"_acf_changed":false,"_jetpack_memberships_contains_paid_content":false,"footnotes":""},"categories":[111],"tags":[],"class_list":["post-8196","post","type-post","status-publish","format-standard","has-post-thumbnail","hentry","category-activity","entry"],"acf":[],"yoast_head":"<!-- This site is optimized with the Yoast SEO plugin v22.8 - https:\/\/yoast.com\/wordpress\/plugins\/seo\/ -->\n<title>Winter Democracy Academy - 2nd edition\u201cYouth and Democracy, Bridging the Gap\u201d - DYPALL Network<\/title>\n<meta name=\"robots\" content=\"index, follow, max-snippet:-1, max-image-preview:large, max-video-preview:-1\" \/>\n<link rel=\"canonical\" href=\"https:\/\/dypall.com\/lv\/activity\/winter-democracy-academy-2nd-editionyouth-and-democracy-bridging-the-gap\/\" \/>\n<meta property=\"og:locale\" content=\"lv_LV\" \/>\n<meta property=\"og:type\" content=\"article\" \/>\n<meta property=\"og:title\" content=\"Winter Democracy Academy - 2nd edition\u201cYouth and Democracy, Bridging the Gap\u201d - DYPALL Network\" \/>\n<meta property=\"og:description\" content=\"The second edition of the Winder Democracy Academy (WDA) took place from 8th &#8211; 15th December 2024 in Lisbon, Portugal. It was co-organised by DYPALL Network, Portuguese Institute for Sports and Youth, Lisbon Youth Center, the European Parliament Liaison Office in Portugal and the European Commission Representation in Portugal. It was a space to discuss,&hellip; Turpiniet las\u012bt Winter Democracy Academy &#8211; 2nd edition\u201cYouth and Democracy, Bridging the Gap\u201d\" \/>\n<meta property=\"og:url\" content=\"https:\/\/dypall.com\/lv\/activity\/winter-democracy-academy-2nd-editionyouth-and-democracy-bridging-the-gap\/\" \/>\n<meta property=\"og:site_name\" content=\"DYPALL Network\" \/>\n<meta property=\"article:published_time\" content=\"2025-01-24T11:12:33+00:00\" \/>\n<meta property=\"og:image\" content=\"https:\/\/dypall.com\/wp-content\/uploads\/2025\/01\/DSC_5659-scaled.jpg\" \/>\n\t<meta property=\"og:image:width\" content=\"2560\" \/>\n\t<meta property=\"og:image:height\" content=\"1703\" \/>\n\t<meta property=\"og:image:type\" content=\"image\/jpeg\" \/>\n<meta name=\"author\" content=\"DYPALL Network\" \/>\n<meta name=\"twitter:card\" content=\"summary_large_image\" \/>\n<meta name=\"twitter:label1\" content=\"Written by\" \/>\n\t<meta name=\"twitter:data1\" content=\"DYPALL Network\" \/>\n\t<meta name=\"twitter:label2\" content=\"Est. reading time\" \/>\n\t<meta name=\"twitter:data2\" content=\"10 min\u016b\u0161u\" \/>\n<script type=\"application\/ld+json\" class=\"yoast-schema-graph\">{\"@context\":\"https:\/\/schema.org\",\"@graph\":[{\"@type\":\"WebPage\",\"@id\":\"https:\/\/dypall.com\/activity\/winter-democracy-academy-2nd-editionyouth-and-democracy-bridging-the-gap\/\",\"url\":\"https:\/\/dypall.com\/activity\/winter-democracy-academy-2nd-editionyouth-and-democracy-bridging-the-gap\/\",\"name\":\"Winter Democracy Academy - 2nd edition\u201cYouth and Democracy, Bridging the Gap\u201d - DYPALL Network\",\"isPartOf\":{\"@id\":\"https:\/\/dypall.com\/#website\"},\"primaryImageOfPage\":{\"@id\":\"https:\/\/dypall.com\/activity\/winter-democracy-academy-2nd-editionyouth-and-democracy-bridging-the-gap\/#primaryimage\"},\"image\":{\"@id\":\"https:\/\/dypall.com\/activity\/winter-democracy-academy-2nd-editionyouth-and-democracy-bridging-the-gap\/#primaryimage\"},\"thumbnailUrl\":\"https:\/\/dypall.com\/wp-content\/uploads\/2025\/01\/DSC_5659-scaled.jpg\",\"datePublished\":\"2025-01-24T11:12:33+00:00\",\"dateModified\":\"2025-01-24T11:12:33+00:00\",\"author\":{\"@id\":\"https:\/\/dypall.com\/#\/schema\/person\/e87206094ce8bcf88449b35f00e40fb1\"},\"breadcrumb\":{\"@id\":\"https:\/\/dypall.com\/activity\/winter-democracy-academy-2nd-editionyouth-and-democracy-bridging-the-gap\/#breadcrumb\"},\"inLanguage\":\"lv-LV\",\"potentialAction\":[{\"@type\":\"ReadAction\",\"target\":[\"https:\/\/dypall.com\/activity\/winter-democracy-academy-2nd-editionyouth-and-democracy-bridging-the-gap\/\"]}]},{\"@type\":\"ImageObject\",\"inLanguage\":\"lv-LV\",\"@id\":\"https:\/\/dypall.com\/activity\/winter-democracy-academy-2nd-editionyouth-and-democracy-bridging-the-gap\/#primaryimage\",\"url\":\"https:\/\/dypall.com\/wp-content\/uploads\/2025\/01\/DSC_5659-scaled.jpg\",\"contentUrl\":\"https:\/\/dypall.com\/wp-content\/uploads\/2025\/01\/DSC_5659-scaled.jpg\",\"width\":2560,\"height\":1703},{\"@type\":\"BreadcrumbList\",\"@id\":\"https:\/\/dypall.com\/activity\/winter-democracy-academy-2nd-editionyouth-and-democracy-bridging-the-gap\/#breadcrumb\",\"itemListElement\":[{\"@type\":\"ListItem\",\"position\":1,\"name\":\"Home\",\"item\":\"https:\/\/dypall.com\/\"},{\"@type\":\"ListItem\",\"position\":2,\"name\":\"Winter Democracy Academy &#8211; 2nd edition\u201cYouth and Democracy, Bridging the Gap\u201d\"}]},{\"@type\":\"WebSite\",\"@id\":\"https:\/\/dypall.com\/#website\",\"url\":\"https:\/\/dypall.com\/\",\"name\":\"DYPALL Network\",\"description\":\"We are a European network of civil society organisations, municipalities and research institutions dedicated to improving democracy through youth participation.\",\"potentialAction\":[{\"@type\":\"SearchAction\",\"target\":{\"@type\":\"EntryPoint\",\"urlTemplate\":\"https:\/\/dypall.com\/?s={search_term_string}\"},\"query-input\":\"required name=search_term_string\"}],\"inLanguage\":\"lv-LV\"},{\"@type\":\"Person\",\"@id\":\"https:\/\/dypall.com\/#\/schema\/person\/e87206094ce8bcf88449b35f00e40fb1\",\"name\":\"DYPALL Network\",\"image\":{\"@type\":\"ImageObject\",\"inLanguage\":\"lv-LV\",\"@id\":\"https:\/\/dypall.com\/#\/schema\/person\/image\/\",\"url\":\"https:\/\/secure.gravatar.com\/avatar\/1061d2d4c9b4f1a9b496774795b5deac1200dfd1d3abecb8f85cf8b580e6963b?s=96&d=mm&r=g\",\"contentUrl\":\"https:\/\/secure.gravatar.com\/avatar\/1061d2d4c9b4f1a9b496774795b5deac1200dfd1d3abecb8f85cf8b580e6963b?s=96&d=mm&r=g\",\"caption\":\"DYPALL Network\"},\"sameAs\":[\"https:\/\/dypall.com\/\"],\"url\":\"https:\/\/dypall.com\/lv\/author\/dypallonsteroids\/\"}]}<\/script>\n<!-- \/ Yoast SEO plugin. -->","yoast_head_json":{"title":"Winter Democracy Academy - 2nd edition\u201cYouth and Democracy, Bridging the Gap\u201d - DYPALL Network","robots":{"index":"index","follow":"follow","max-snippet":"max-snippet:-1","max-image-preview":"max-image-preview:large","max-video-preview":"max-video-preview:-1"},"canonical":"https:\/\/dypall.com\/lv\/activity\/winter-democracy-academy-2nd-editionyouth-and-democracy-bridging-the-gap\/","og_locale":"lv_LV","og_type":"article","og_title":"Winter Democracy Academy - 2nd edition\u201cYouth and Democracy, Bridging the Gap\u201d - DYPALL Network","og_description":"The second edition of the Winder Democracy Academy (WDA) took place from 8th &#8211; 15th December 2024 in Lisbon, Portugal. It was co-organised by DYPALL Network, Portuguese Institute for Sports and Youth, Lisbon Youth Center, the European Parliament Liaison Office in Portugal and the European Commission Representation in Portugal. It was a space to discuss,&hellip; Turpiniet las\u012bt Winter Democracy Academy &#8211; 2nd edition\u201cYouth and Democracy, Bridging the Gap\u201d","og_url":"https:\/\/dypall.com\/lv\/activity\/winter-democracy-academy-2nd-editionyouth-and-democracy-bridging-the-gap\/","og_site_name":"DYPALL Network","article_published_time":"2025-01-24T11:12:33+00:00","og_image":[{"width":2560,"height":1703,"url":"https:\/\/dypall.com\/wp-content\/uploads\/2025\/01\/DSC_5659-scaled.jpg","type":"image\/jpeg"}],"author":"DYPALL Network","twitter_card":"summary_large_image","twitter_misc":{"Written by":"DYPALL Network","Est. reading time":"10 min\u016b\u0161u"},"schema":{"@context":"https:\/\/schema.org","@graph":[{"@type":"WebPage","@id":"https:\/\/dypall.com\/activity\/winter-democracy-academy-2nd-editionyouth-and-democracy-bridging-the-gap\/","url":"https:\/\/dypall.com\/activity\/winter-democracy-academy-2nd-editionyouth-and-democracy-bridging-the-gap\/","name":"Winter Democracy Academy - 2nd edition\u201cYouth and Democracy, Bridging the Gap\u201d - DYPALL Network","isPartOf":{"@id":"https:\/\/dypall.com\/#website"},"primaryImageOfPage":{"@id":"https:\/\/dypall.com\/activity\/winter-democracy-academy-2nd-editionyouth-and-democracy-bridging-the-gap\/#primaryimage"},"image":{"@id":"https:\/\/dypall.com\/activity\/winter-democracy-academy-2nd-editionyouth-and-democracy-bridging-the-gap\/#primaryimage"},"thumbnailUrl":"https:\/\/dypall.com\/wp-content\/uploads\/2025\/01\/DSC_5659-scaled.jpg","datePublished":"2025-01-24T11:12:33+00:00","dateModified":"2025-01-24T11:12:33+00:00","author":{"@id":"https:\/\/dypall.com\/#\/schema\/person\/e87206094ce8bcf88449b35f00e40fb1"},"breadcrumb":{"@id":"https:\/\/dypall.com\/activity\/winter-democracy-academy-2nd-editionyouth-and-democracy-bridging-the-gap\/#breadcrumb"},"inLanguage":"lv-LV","potentialAction":[{"@type":"ReadAction","target":["https:\/\/dypall.com\/activity\/winter-democracy-academy-2nd-editionyouth-and-democracy-bridging-the-gap\/"]}]},{"@type":"ImageObject","inLanguage":"lv-LV","@id":"https:\/\/dypall.com\/activity\/winter-democracy-academy-2nd-editionyouth-and-democracy-bridging-the-gap\/#primaryimage","url":"https:\/\/dypall.com\/wp-content\/uploads\/2025\/01\/DSC_5659-scaled.jpg","contentUrl":"https:\/\/dypall.com\/wp-content\/uploads\/2025\/01\/DSC_5659-scaled.jpg","width":2560,"height":1703},{"@type":"BreadcrumbList","@id":"https:\/\/dypall.com\/activity\/winter-democracy-academy-2nd-editionyouth-and-democracy-bridging-the-gap\/#breadcrumb","itemListElement":[{"@type":"ListItem","position":1,"name":"Home","item":"https:\/\/dypall.com\/"},{"@type":"ListItem","position":2,"name":"Winter Democracy Academy &#8211; 2nd edition\u201cYouth and Democracy, Bridging the Gap\u201d"}]},{"@type":"WebSite","@id":"https:\/\/dypall.com\/#website","url":"https:\/\/dypall.com\/","name":"DYPALL Network","description":"We are a European network of civil society organisations, municipalities and research institutions dedicated to improving democracy through youth participation.","potentialAction":[{"@type":"SearchAction","target":{"@type":"EntryPoint","urlTemplate":"https:\/\/dypall.com\/?s={search_term_string}"},"query-input":"required name=search_term_string"}],"inLanguage":"lv-LV"},{"@type":"Person","@id":"https:\/\/dypall.com\/#\/schema\/person\/e87206094ce8bcf88449b35f00e40fb1","name":"DYPALL Network","image":{"@type":"ImageObject","inLanguage":"lv-LV","@id":"https:\/\/dypall.com\/#\/schema\/person\/image\/","url":"https:\/\/secure.gravatar.com\/avatar\/1061d2d4c9b4f1a9b496774795b5deac1200dfd1d3abecb8f85cf8b580e6963b?s=96&d=mm&r=g","contentUrl":"https:\/\/secure.gravatar.com\/avatar\/1061d2d4c9b4f1a9b496774795b5deac1200dfd1d3abecb8f85cf8b580e6963b?s=96&d=mm&r=g","caption":"DYPALL Network"},"sameAs":["https:\/\/dypall.com\/"],"url":"https:\/\/dypall.com\/lv\/author\/dypallonsteroids\/"}]}},"jetpack_featured_media_url":"https:\/\/dypall.com\/wp-content\/uploads\/2025\/01\/DSC_5659-scaled.jpg","jetpack_sharing_enabled":true,"_links":{"self":[{"href":"https:\/\/dypall.com\/lv\/wp-json\/wp\/v2\/posts\/8196","targetHints":{"allow":["GET"]}}],"collection":[{"href":"https:\/\/dypall.com\/lv\/wp-json\/wp\/v2\/posts"}],"about":[{"href":"https:\/\/dypall.com\/lv\/wp-json\/wp\/v2\/types\/post"}],"author":[{"embeddable":true,"href":"https:\/\/dypall.com\/lv\/wp-json\/wp\/v2\/users\/5"}],"replies":[{"embeddable":true,"href":"https:\/\/dypall.com\/lv\/wp-json\/wp\/v2\/comments?post=8196"}],"version-history":[{"count":1,"href":"https:\/\/dypall.com\/lv\/wp-json\/wp\/v2\/posts\/8196\/revisions"}],"predecessor-version":[{"id":8216,"href":"https:\/\/dypall.com\/lv\/wp-json\/wp\/v2\/posts\/8196\/revisions\/8216"}],"wp:featuredmedia":[{"embeddable":true,"href":"https:\/\/dypall.com\/lv\/wp-json\/wp\/v2\/media\/8208"}],"wp:attachment":[{"href":"https:\/\/dypall.com\/lv\/wp-json\/wp\/v2\/media?parent=8196"}],"wp:term":[{"taxonomy":"category","embeddable":true,"href":"https:\/\/dypall.com\/lv\/wp-json\/wp\/v2\/categories?post=8196"},{"taxonomy":"post_tag","embeddable":true,"href":"https:\/\/dypall.com\/lv\/wp-json\/wp\/v2\/tags?post=8196"}],"curies":[{"name":"wp","href":"https:\/\/api.w.org\/{rel}","templated":true}]}}