{"id":8169,"date":"2025-01-10T10:15:46","date_gmt":"2025-01-10T10:15:46","guid":{"rendered":"https:\/\/dypall.com\/?p=8169"},"modified":"2025-01-10T10:16:39","modified_gmt":"2025-01-10T10:16:39","slug":"human-2nd-transnational-partnership-council-in-athens-greece","status":"publish","type":"post","link":"https:\/\/dypall.com\/lv\/activity\/human-2nd-transnational-partnership-council-in-athens-greece\/","title":{"rendered":"\u201cHUMAN\u201d 2. Transnacion\u0101l\u0101s partner\u012bbas padome At\u0113n\u0101s, Grie\u0137ij\u0101"},"content":{"rendered":"<p>HUMAN projekta partneri &amp; ieinteres\u0113t\u0101s personas tik\u0101s At\u0113n\u0101s (Grie\u0137ija) 2024. gada 3. un 4. decembr\u012b otraj\u0101 Transnacion\u0101l\u0101s partner\u012bbas padom\u0113, vienlaikus piedaloties starptautiskaj\u0101 konferenc\u0113 <strong><em>\"Nepilngad\u012bgo iebied\u0113\u0161anas un vardarb\u012bbas nov\u0113r\u0161ana un apkaro\u0161ana\"<\/em><\/strong> ko Grie\u0137ijas Izgl\u012bt\u012bbas, reli\u0123isko lietu un sporta ministrijas un Kipras Izgl\u012bt\u012bbas, sporta un jaunatnes ministrijas aizg\u0101d\u012bb\u0101 kop\u012bgi organiz\u0113ja Eiropas Iebied\u0113\u0161anas apkaro\u0161anas t\u012bkls un B\u0113rnu smaids.<\/p>\n\n\n\n<p>Starptautisk\u0101 konference notika otrdien, 3. decembr\u012b Novotel Athens Hotel, At\u0113nu centr\u0101, un taj\u0101 piedal\u012bj\u0101s vair\u0101k nek\u0101 100 dal\u012bbnieku no Grie\u0137ijas un vair\u0101k\u0101m cit\u0101m Eiropas valst\u012bm (Horv\u0101tijas, Kipras, Islandes, \u012arijas, It\u0101lijas, Lietuvas, Norv\u0113\u0123ijas, Slov\u0113nijas, Sp\u0101nijas, Zviedrijas un Apvienot\u0101s Karalistes u.c.), tostarp skolot\u0101ji, pedagogi, pilsonisk\u0101s sabiedr\u012bbas p\u0101rst\u0101vji, valsts iest\u0101des un citas ieinteres\u0113t\u0101s personas. Konferenci atkl\u0101ja Eiropas Br\u012bvpr\u0101t\u012bgo studentu t\u012bkla YouSmile \u201cThe Smile of the Child\u201d p\u0101rst\u0101vji, kas veido Jaunie\u0161u pane\u013cdiskusiju par daudzveid\u012bbu Grie\u0137ij\u0101 HUMAN projekta ietvaros.<\/p>\n\n\n\n<p>Starptautisk\u0101s konferences laik\u0101 HUMAN projekts un iepriek\u0161\u0113jie ES finans\u0113tie projekti, piem\u0113ram, HIT &amp; YCREATE tika prezent\u0113ti no Rinova M\u00e1laga S.L. ar uzsvaru uz to, k\u0101 ieguld\u012bjumi profesion\u0101\u013cu izgl\u012bt\u012bb\u0101 var stiprin\u0101t jaunie\u0161u notur\u012bbu pret naida runu tie\u0161saist\u0113 &amp; bezsaist\u0113. HUMAN projekta partneri &amp; ieinteres\u0113t\u0101s personas iepaz\u012bstin\u0101ja ar da\u017e\u0101d\u0101m prevent\u012bv\u0101m darb\u012bb\u0101m un m\u0101c\u012bb\u0101m, praks\u0113 balst\u012bt\u0101m programm\u0101m jaunie\u0161u vardarb\u012bbas unamp apkaro\u0161anai; naida runas apkaro\u0161anu Slov\u0113nij\u0101, Zviedrij\u0101, Portug\u0101l\u0113, Sp\u0101nij\u0101 un Grie\u0137ij\u0101, iedvesmojot izgl\u012bt\u012bbas kopienu, pilsonisk\u0101s sabiedr\u012bbas dal\u012bbniekus, valsts iest\u0101des un citas ieinteres\u0113t\u0101s personas, kas piedal\u012bj\u0101s konferenc\u0113.<\/p>\n\n\n\n<p>TPC 2. dien\u0101 HUMAN projekta partneri &amp; ieinteres\u0113t\u0101s personas tik\u0101s <strong>Grie\u0137ijas Operat\u012bvais centrs\u201d<em>Andreas Yannopoulos<\/em><\/strong>projekta Aghia Paraskevi koordinatoram \u201cB\u0113rna smaids\u201d par HUMAN projekta nodevumu un darb\u012bbu progresa uzraudz\u012bbu un apstiprin\u0101\u0161anu l\u012bdz tam laikam.<\/p>\n\n\n\n<p>Projekta koordinators \u201cB\u0113rna smaids\u201d san\u0101ksmi s\u0101ka ar sveicieniem un \u012bsu kl\u0101tienes prezent\u0101ciju par TSoC Pal\u012bdz\u012bbas l\u012bniju operat\u012bvo centru; YouSmile Network studija; Soci\u0101l\u0101 polikl\u012bnika; Br\u012bvpr\u0101t\u012bgie vieta utt Aghia Paraskevi.<\/p>\n\n\n\n<p>P\u0113c tam Rinova M\u00e1laga S.L. k\u0101 WP2 vad\u012bt\u0101ja iepaz\u012bstin\u0101ja ar <strong>D2.1 Rokasgr\u0101mata digit\u0101l\u0101 naida p\u0101rtrauc\u0113ja akt\u012bvismam<\/strong> un atp\u016btas partneri to apstiprin\u0101ja. Rinova M\u00e1laga S.L. iepaz\u012bstin\u0101ja ar\u012b ar <strong>D2.2 Digit\u0101l\u0101 naida p\u0101rtrauc\u0113ja akt\u012bvisma tie\u0161saistes m\u0101c\u012bbu platforma<\/strong> ko uzs\u0101ks l\u012bdz gada beig\u0101m. Turpinot , MuLaB k\u0101 WP3 vad\u012bt\u0101js iepaz\u012bstin\u0101ja ar uzdevumiem, kas saist\u012bti ar <strong>D3.1 Zi\u0146ojums par apsprie\u0161anos<\/strong>, <strong>D3.2 Tie\u0161saistes transnacion\u0101lie profesion\u0101l\u0101s att\u012bst\u012bbas semin\u0101ri<\/strong> un <strong>D3.3 Valstij piel\u0101goti m\u0101c\u012bbu pas\u0101kumi<\/strong> vis\u0101s partnervalst\u012bs.<\/p>\n\n\n\n<p>Visi partneri iepaz\u012bstin\u0101ja ar HUMAN projekta darb\u012bbu progresu sav\u0101 valst\u012b un sniedza atsauksmes par l\u012bdz \u0161im g\u016btajiem rezult\u0101tiem. P\u0113c tam notika WP5 &amp; WP1 prezent\u0101cijas<br>DYPALL Network, \u201cThe Smile of the Child\u201d (\u201cB\u0113rna smaids\u201d) un Rinova M\u00e1laga S.L., kas koncentr\u0113jas uz <strong>izplat\u012b\u0161anas darb\u012bbas<\/strong>, <strong>projekta kvalit\u0101tes nov\u0113rt\u0113jums<\/strong> &amp; <strong>ietekmes nov\u0113rt\u0113jums<\/strong>.<\/p>\n\n\n\n<p>San\u0101ksmes beig\u0101s saska\u0146\u0101 ar projekta grafiku HUMAN konsorcijs noteica turpm\u0101kos veicamos pas\u0101kumus.<\/p>\n\n\n\n<p>Projektu koordin\u0113 \u201cThe Smile of the Child\u201d sadarb\u012bb\u0101 ar Rinova M\u00e1laga S.L., Folkuniversitetet, Soci\u0101l\u0101s inov\u0101cijas centru \u2013 CSI, Universidade NOVA de Lisboa, Znanstveno-raziskovalno sredi\u0161\u010de Koper, Mulab, Eiropas Pretiebied\u0113\u0161anas t\u012bklu un DYPALL t\u012bklu.<\/p>\n\n\n\n<p>Finans\u0113 Eiropas Savien\u012bba. Tom\u0113r paustie uzskati un viedok\u013ci ir tikai autora(-u) uzskati un viedok\u013ci un ne vienm\u0113r atspogu\u013co Eiropas Savien\u012bbas vai Eiropas Komisijas uzskatus un viedok\u013cus. Ne Eiropas Savien\u012bbu, ne Eiropas Komisiju nevar saukt pie atbild\u012bbas par tiem.<\/p>\n\n\n\n<figure class=\"wp-block-gallery has-nested-images columns-default is-cropped wp-block-gallery-1 is-layout-flex wp-block-gallery-is-layout-flex\">\n<figure class=\"wp-block-image size-large\"><img loading=\"lazy\" decoding=\"async\" width=\"2560\" height=\"1920\" data-id=\"8173\" src=\"https:\/\/dypall.com\/wp-content\/uploads\/2025\/01\/IMG_8115-1-scaled.jpg\" alt=\"\" class=\"wp-image-8173\" srcset=\"https:\/\/dypall.com\/wp-content\/uploads\/2025\/01\/IMG_8115-1-scaled.jpg 2560w, https:\/\/dypall.com\/wp-content\/uploads\/2025\/01\/IMG_8115-1-768x576.jpg 768w, https:\/\/dypall.com\/wp-content\/uploads\/2025\/01\/IMG_8115-1-1536x1152.jpg 1536w, https:\/\/dypall.com\/wp-content\/uploads\/2025\/01\/IMG_8115-1-2048x1536.jpg 2048w, https:\/\/dypall.com\/wp-content\/uploads\/2025\/01\/IMG_8115-1-1568x1176.jpg 1568w\" sizes=\"auto, (max-width: 2560px) 100vw, 2560px\" \/><\/figure>\n\n\n\n<figure class=\"wp-block-image size-large\"><img loading=\"lazy\" decoding=\"async\" width=\"1600\" height=\"778\" data-id=\"8172\" src=\"https:\/\/dypall.com\/wp-content\/uploads\/2025\/01\/IMG_8104-1.jpg\" alt=\"\" class=\"wp-image-8172\" srcset=\"https:\/\/dypall.com\/wp-content\/uploads\/2025\/01\/IMG_8104-1.jpg 1600w, https:\/\/dypall.com\/wp-content\/uploads\/2025\/01\/IMG_8104-1-768x373.jpg 768w, https:\/\/dypall.com\/wp-content\/uploads\/2025\/01\/IMG_8104-1-1536x747.jpg 1536w, https:\/\/dypall.com\/wp-content\/uploads\/2025\/01\/IMG_8104-1-1568x762.jpg 1568w\" sizes=\"auto, (max-width: 1600px) 100vw, 1600px\" \/><\/figure>\n<\/figure>\n\n\n\n<figure class=\"wp-block-gallery has-nested-images columns-default is-cropped wp-block-gallery-2 is-layout-flex wp-block-gallery-is-layout-flex\">\n<figure class=\"wp-block-image size-large\"><img loading=\"lazy\" decoding=\"async\" width=\"1205\" height=\"802\" data-id=\"8175\" src=\"https:\/\/dypall.com\/wp-content\/uploads\/2025\/01\/Screenshot-2025-01-10-101356.png\" alt=\"\" class=\"wp-image-8175\" srcset=\"https:\/\/dypall.com\/wp-content\/uploads\/2025\/01\/Screenshot-2025-01-10-101356.png 1205w, https:\/\/dypall.com\/wp-content\/uploads\/2025\/01\/Screenshot-2025-01-10-101356-768x511.png 768w\" sizes=\"auto, (max-width: 1205px) 100vw, 1205px\" \/><\/figure>\n\n\n\n<figure class=\"wp-block-image size-large\"><img loading=\"lazy\" decoding=\"async\" width=\"1062\" height=\"710\" data-id=\"8174\" src=\"https:\/\/dypall.com\/wp-content\/uploads\/2025\/01\/Screenshot-2025-01-10-101412.png\" alt=\"\" class=\"wp-image-8174\" srcset=\"https:\/\/dypall.com\/wp-content\/uploads\/2025\/01\/Screenshot-2025-01-10-101412.png 1062w, https:\/\/dypall.com\/wp-content\/uploads\/2025\/01\/Screenshot-2025-01-10-101412-768x513.png 768w\" sizes=\"auto, (max-width: 1062px) 100vw, 1062px\" \/><\/figure>\n<\/figure>","protected":false},"excerpt":{"rendered":"<p>HUMAN projekta partneri &amp; ieinteres\u0113t\u0101s personas 2024. gada 3. un 4. decembr\u012b tik\u0101s At\u0113n\u0101s, Grie\u0137ij\u0101, lai piedal\u012btos 2. Transnacion\u0101l\u0101s partner\u012bbas padom\u0113, vienlaikus piedaloties starptautiskaj\u0101 konferenc\u0113 \u201cNov\u0113r\u0161ot un v\u0113r\u0161oties pret iebied\u0113\u0161anu un vardarb\u012bbu nepilngad\u012bgo vid\u016b\u201d, ko kop\u012bgi organiz\u0113ja Eiropas Pretiebied\u0113\u0161anas t\u012bkls un \u201cB\u0113rna smaids\u201d ... aizbildn\u012bb\u0101. <a class=\"more-link\" href=\"https:\/\/dypall.com\/lv\/activity\/human-2nd-transnational-partnership-council-in-athens-greece\/\">Turpiniet las\u012bt <span class=\"screen-reader-text\">\u201cHUMAN\u201d 2. Transnacion\u0101l\u0101s partner\u012bbas padome At\u0113n\u0101s, Grie\u0137ij\u0101<\/span><\/a><\/p>","protected":false},"author":5,"featured_media":8173,"comment_status":"open","ping_status":"open","sticky":false,"template":"","format":"standard","meta":{"_acf_changed":false,"_jetpack_memberships_contains_paid_content":false,"footnotes":""},"categories":[111],"tags":[113,235],"class_list":["post-8169","post","type-post","status-publish","format-standard","has-post-thumbnail","hentry","category-activity","tag-conference","tag-transnational-partnership-council","entry"],"acf":[],"yoast_head":"<!-- This site is optimized with the Yoast SEO plugin v22.8 - https:\/\/yoast.com\/wordpress\/plugins\/seo\/ -->\n<title>&quot;HUMAN&quot; 2nd Transnational Partnership Council in Athens, Greece - DYPALL Network<\/title>\n<meta name=\"robots\" content=\"index, follow, max-snippet:-1, max-image-preview:large, max-video-preview:-1\" \/>\n<link rel=\"canonical\" href=\"https:\/\/dypall.com\/lv\/activity\/human-2nd-transnational-partnership-council-in-athens-greece\/\" \/>\n<meta property=\"og:locale\" content=\"lv_LV\" \/>\n<meta property=\"og:type\" content=\"article\" \/>\n<meta property=\"og:title\" content=\"&quot;HUMAN&quot; 2nd Transnational Partnership Council in Athens, Greece - DYPALL Network\" \/>\n<meta property=\"og:description\" content=\"HUMAN project\u2019s partners &amp; stakeholders met at Athens, Greece in 3rd and 4th December 2024 for the 2nd Transnational Partnership Council while in parallel they participated in the International conference &#8220;Preventing and addressing bullying and violence among minors&#8221; which was co-organized by European Antibullying Network and The Smile of the Child, under the auspices of&hellip; Turpiniet las\u012bt &#8220;HUMAN&#8221; 2nd Transnational Partnership Council in Athens, Greece\" \/>\n<meta property=\"og:url\" content=\"https:\/\/dypall.com\/lv\/activity\/human-2nd-transnational-partnership-council-in-athens-greece\/\" \/>\n<meta property=\"og:site_name\" content=\"DYPALL Network\" \/>\n<meta property=\"article:published_time\" content=\"2025-01-10T10:15:46+00:00\" \/>\n<meta property=\"article:modified_time\" content=\"2025-01-10T10:16:39+00:00\" \/>\n<meta name=\"author\" content=\"DYPALL Network\" \/>\n<meta name=\"twitter:card\" content=\"summary_large_image\" \/>\n<meta name=\"twitter:label1\" content=\"Written by\" \/>\n\t<meta name=\"twitter:data1\" content=\"DYPALL Network\" \/>\n\t<meta name=\"twitter:label2\" content=\"Est. reading time\" \/>\n\t<meta name=\"twitter:data2\" content=\"4 min\u016btes\" \/>\n<script type=\"application\/ld+json\" class=\"yoast-schema-graph\">{\"@context\":\"https:\/\/schema.org\",\"@graph\":[{\"@type\":\"WebPage\",\"@id\":\"https:\/\/dypall.com\/activity\/human-2nd-transnational-partnership-council-in-athens-greece\/\",\"url\":\"https:\/\/dypall.com\/activity\/human-2nd-transnational-partnership-council-in-athens-greece\/\",\"name\":\"\\\"HUMAN\\\" 2nd Transnational Partnership Council in Athens, Greece - DYPALL Network\",\"isPartOf\":{\"@id\":\"https:\/\/dypall.com\/#website\"},\"primaryImageOfPage\":{\"@id\":\"https:\/\/dypall.com\/activity\/human-2nd-transnational-partnership-council-in-athens-greece\/#primaryimage\"},\"image\":{\"@id\":\"https:\/\/dypall.com\/activity\/human-2nd-transnational-partnership-council-in-athens-greece\/#primaryimage\"},\"thumbnailUrl\":\"https:\/\/dypall.com\/wp-content\/uploads\/2025\/01\/IMG_8115-1-scaled.jpg\",\"datePublished\":\"2025-01-10T10:15:46+00:00\",\"dateModified\":\"2025-01-10T10:16:39+00:00\",\"author\":{\"@id\":\"https:\/\/dypall.com\/#\/schema\/person\/e87206094ce8bcf88449b35f00e40fb1\"},\"breadcrumb\":{\"@id\":\"https:\/\/dypall.com\/activity\/human-2nd-transnational-partnership-council-in-athens-greece\/#breadcrumb\"},\"inLanguage\":\"lv-LV\",\"potentialAction\":[{\"@type\":\"ReadAction\",\"target\":[\"https:\/\/dypall.com\/activity\/human-2nd-transnational-partnership-council-in-athens-greece\/\"]}]},{\"@type\":\"ImageObject\",\"inLanguage\":\"lv-LV\",\"@id\":\"https:\/\/dypall.com\/activity\/human-2nd-transnational-partnership-council-in-athens-greece\/#primaryimage\",\"url\":\"https:\/\/dypall.com\/wp-content\/uploads\/2025\/01\/IMG_8115-1-scaled.jpg\",\"contentUrl\":\"https:\/\/dypall.com\/wp-content\/uploads\/2025\/01\/IMG_8115-1-scaled.jpg\",\"width\":2560,\"height\":1920},{\"@type\":\"BreadcrumbList\",\"@id\":\"https:\/\/dypall.com\/activity\/human-2nd-transnational-partnership-council-in-athens-greece\/#breadcrumb\",\"itemListElement\":[{\"@type\":\"ListItem\",\"position\":1,\"name\":\"Home\",\"item\":\"https:\/\/dypall.com\/\"},{\"@type\":\"ListItem\",\"position\":2,\"name\":\"&#8220;HUMAN&#8221; 2nd Transnational Partnership Council in Athens, Greece\"}]},{\"@type\":\"WebSite\",\"@id\":\"https:\/\/dypall.com\/#website\",\"url\":\"https:\/\/dypall.com\/\",\"name\":\"DYPALL Network\",\"description\":\"We are a European network of civil society organisations, municipalities and research institutions dedicated to improving democracy through youth participation.\",\"potentialAction\":[{\"@type\":\"SearchAction\",\"target\":{\"@type\":\"EntryPoint\",\"urlTemplate\":\"https:\/\/dypall.com\/?s={search_term_string}\"},\"query-input\":\"required name=search_term_string\"}],\"inLanguage\":\"lv-LV\"},{\"@type\":\"Person\",\"@id\":\"https:\/\/dypall.com\/#\/schema\/person\/e87206094ce8bcf88449b35f00e40fb1\",\"name\":\"DYPALL Network\",\"image\":{\"@type\":\"ImageObject\",\"inLanguage\":\"lv-LV\",\"@id\":\"https:\/\/dypall.com\/#\/schema\/person\/image\/\",\"url\":\"https:\/\/secure.gravatar.com\/avatar\/1061d2d4c9b4f1a9b496774795b5deac1200dfd1d3abecb8f85cf8b580e6963b?s=96&d=mm&r=g\",\"contentUrl\":\"https:\/\/secure.gravatar.com\/avatar\/1061d2d4c9b4f1a9b496774795b5deac1200dfd1d3abecb8f85cf8b580e6963b?s=96&d=mm&r=g\",\"caption\":\"DYPALL Network\"},\"sameAs\":[\"https:\/\/dypall.com\/\"],\"url\":\"https:\/\/dypall.com\/lv\/author\/dypallonsteroids\/\"}]}<\/script>\n<!-- \/ Yoast SEO plugin. -->","yoast_head_json":{"title":"\"HUMAN\" 2nd Transnational Partnership Council in Athens, Greece - DYPALL Network","robots":{"index":"index","follow":"follow","max-snippet":"max-snippet:-1","max-image-preview":"max-image-preview:large","max-video-preview":"max-video-preview:-1"},"canonical":"https:\/\/dypall.com\/lv\/activity\/human-2nd-transnational-partnership-council-in-athens-greece\/","og_locale":"lv_LV","og_type":"article","og_title":"\"HUMAN\" 2nd Transnational Partnership Council in Athens, Greece - DYPALL Network","og_description":"HUMAN project\u2019s partners &amp; stakeholders met at Athens, Greece in 3rd and 4th December 2024 for the 2nd Transnational Partnership Council while in parallel they participated in the International conference &#8220;Preventing and addressing bullying and violence among minors&#8221; which was co-organized by European Antibullying Network and The Smile of the Child, under the auspices of&hellip; Turpiniet las\u012bt &#8220;HUMAN&#8221; 2nd Transnational Partnership Council in Athens, Greece","og_url":"https:\/\/dypall.com\/lv\/activity\/human-2nd-transnational-partnership-council-in-athens-greece\/","og_site_name":"DYPALL Network","article_published_time":"2025-01-10T10:15:46+00:00","article_modified_time":"2025-01-10T10:16:39+00:00","author":"DYPALL Network","twitter_card":"summary_large_image","twitter_misc":{"Written by":"DYPALL Network","Est. reading time":"4 min\u016btes"},"schema":{"@context":"https:\/\/schema.org","@graph":[{"@type":"WebPage","@id":"https:\/\/dypall.com\/activity\/human-2nd-transnational-partnership-council-in-athens-greece\/","url":"https:\/\/dypall.com\/activity\/human-2nd-transnational-partnership-council-in-athens-greece\/","name":"\"HUMAN\" 2nd Transnational Partnership Council in Athens, Greece - DYPALL Network","isPartOf":{"@id":"https:\/\/dypall.com\/#website"},"primaryImageOfPage":{"@id":"https:\/\/dypall.com\/activity\/human-2nd-transnational-partnership-council-in-athens-greece\/#primaryimage"},"image":{"@id":"https:\/\/dypall.com\/activity\/human-2nd-transnational-partnership-council-in-athens-greece\/#primaryimage"},"thumbnailUrl":"https:\/\/dypall.com\/wp-content\/uploads\/2025\/01\/IMG_8115-1-scaled.jpg","datePublished":"2025-01-10T10:15:46+00:00","dateModified":"2025-01-10T10:16:39+00:00","author":{"@id":"https:\/\/dypall.com\/#\/schema\/person\/e87206094ce8bcf88449b35f00e40fb1"},"breadcrumb":{"@id":"https:\/\/dypall.com\/activity\/human-2nd-transnational-partnership-council-in-athens-greece\/#breadcrumb"},"inLanguage":"lv-LV","potentialAction":[{"@type":"ReadAction","target":["https:\/\/dypall.com\/activity\/human-2nd-transnational-partnership-council-in-athens-greece\/"]}]},{"@type":"ImageObject","inLanguage":"lv-LV","@id":"https:\/\/dypall.com\/activity\/human-2nd-transnational-partnership-council-in-athens-greece\/#primaryimage","url":"https:\/\/dypall.com\/wp-content\/uploads\/2025\/01\/IMG_8115-1-scaled.jpg","contentUrl":"https:\/\/dypall.com\/wp-content\/uploads\/2025\/01\/IMG_8115-1-scaled.jpg","width":2560,"height":1920},{"@type":"BreadcrumbList","@id":"https:\/\/dypall.com\/activity\/human-2nd-transnational-partnership-council-in-athens-greece\/#breadcrumb","itemListElement":[{"@type":"ListItem","position":1,"name":"Home","item":"https:\/\/dypall.com\/"},{"@type":"ListItem","position":2,"name":"&#8220;HUMAN&#8221; 2nd Transnational Partnership Council in Athens, Greece"}]},{"@type":"WebSite","@id":"https:\/\/dypall.com\/#website","url":"https:\/\/dypall.com\/","name":"DYPALL Network","description":"We are a European network of civil society organisations, municipalities and research institutions dedicated to improving democracy through youth participation.","potentialAction":[{"@type":"SearchAction","target":{"@type":"EntryPoint","urlTemplate":"https:\/\/dypall.com\/?s={search_term_string}"},"query-input":"required name=search_term_string"}],"inLanguage":"lv-LV"},{"@type":"Person","@id":"https:\/\/dypall.com\/#\/schema\/person\/e87206094ce8bcf88449b35f00e40fb1","name":"DYPALL Network","image":{"@type":"ImageObject","inLanguage":"lv-LV","@id":"https:\/\/dypall.com\/#\/schema\/person\/image\/","url":"https:\/\/secure.gravatar.com\/avatar\/1061d2d4c9b4f1a9b496774795b5deac1200dfd1d3abecb8f85cf8b580e6963b?s=96&d=mm&r=g","contentUrl":"https:\/\/secure.gravatar.com\/avatar\/1061d2d4c9b4f1a9b496774795b5deac1200dfd1d3abecb8f85cf8b580e6963b?s=96&d=mm&r=g","caption":"DYPALL Network"},"sameAs":["https:\/\/dypall.com\/"],"url":"https:\/\/dypall.com\/lv\/author\/dypallonsteroids\/"}]}},"jetpack_featured_media_url":"https:\/\/dypall.com\/wp-content\/uploads\/2025\/01\/IMG_8115-1-scaled.jpg","jetpack_sharing_enabled":true,"_links":{"self":[{"href":"https:\/\/dypall.com\/lv\/wp-json\/wp\/v2\/posts\/8169","targetHints":{"allow":["GET"]}}],"collection":[{"href":"https:\/\/dypall.com\/lv\/wp-json\/wp\/v2\/posts"}],"about":[{"href":"https:\/\/dypall.com\/lv\/wp-json\/wp\/v2\/types\/post"}],"author":[{"embeddable":true,"href":"https:\/\/dypall.com\/lv\/wp-json\/wp\/v2\/users\/5"}],"replies":[{"embeddable":true,"href":"https:\/\/dypall.com\/lv\/wp-json\/wp\/v2\/comments?post=8169"}],"version-history":[{"count":2,"href":"https:\/\/dypall.com\/lv\/wp-json\/wp\/v2\/posts\/8169\/revisions"}],"predecessor-version":[{"id":8177,"href":"https:\/\/dypall.com\/lv\/wp-json\/wp\/v2\/posts\/8169\/revisions\/8177"}],"wp:featuredmedia":[{"embeddable":true,"href":"https:\/\/dypall.com\/lv\/wp-json\/wp\/v2\/media\/8173"}],"wp:attachment":[{"href":"https:\/\/dypall.com\/lv\/wp-json\/wp\/v2\/media?parent=8169"}],"wp:term":[{"taxonomy":"category","embeddable":true,"href":"https:\/\/dypall.com\/lv\/wp-json\/wp\/v2\/categories?post=8169"},{"taxonomy":"post_tag","embeddable":true,"href":"https:\/\/dypall.com\/lv\/wp-json\/wp\/v2\/tags?post=8169"}],"curies":[{"name":"wp","href":"https:\/\/api.w.org\/{rel}","templated":true}]}}