{"id":8154,"date":"2024-12-20T12:13:22","date_gmt":"2024-12-20T12:13:22","guid":{"rendered":"https:\/\/dypall.com\/?p=8154"},"modified":"2024-12-20T12:13:23","modified_gmt":"2024-12-20T12:13:23","slug":"climbing-the-ladder-fostering-a-culture-of-youth-engagement-cl-ye-advisory-group-meeting-in-brussels-belgium","status":"publish","type":"post","link":"https:\/\/dypall.com\/lv\/activity\/climbing-the-ladder-fostering-a-culture-of-youth-engagement-cl-ye-advisory-group-meeting-in-brussels-belgium\/","title":{"rendered":"\u201cK\u0101p\u0161ana pa k\u0101pn\u0113m: jaunie\u0161u iesaistes kult\u016bras veicin\u0101\u0161ana (CL-YE)\u201d konsultat\u012bv\u0101s grupas san\u0101ksme Brisel\u0113, Be\u013c\u0123ij\u0101"},"content":{"rendered":"<p>CL-YE projekta padomdev\u0113ju grupas pirm\u0101 kl\u0101tienes san\u0101ksme notika 2024. gada 3.\u20136. decembr\u012b Brisel\u0113, Be\u013c\u0123ij\u0101. Konsultat\u012bv\u0101 grupa jaunie\u0161u iesaistes jaut\u0101jumos ir grupa, kur\u0101 ir 12 eksperti no da\u017e\u0101d\u0101m Eiropas valst\u012bm ar konkr\u0113tu pieredzi jaunie\u0161u iesaistes meh\u0101nismos, strukt\u016br\u0101s un mode\u013cos un kuras uzdevums ir atbalst\u012bt CL-YE projekta konsorciju galveno projekta rezult\u0101tu pl\u0101no\u0161an\u0101, izp\u0113t\u0113 un sasnieg\u0161an\u0101.<\/p>\n\n\n\n<p>Konsultat\u012bv\u0101s grupas san\u0101ksme, ko vad\u012bja DYPALL t\u012bkls un r\u012bkoja AER, bija iesp\u0113ja ekspertiem apspriest un dal\u012bties ar kop\u012bgu pamatu un pieredzi, jo vi\u0146i ienira da\u017e\u0101dos jaunie\u0161u l\u012bdzdal\u012bbas meh\u0101nismos vis\u0101 Eirop\u0101. Vi\u0146i daudz laika velt\u012bja, lai apspriestu da\u017e\u0101du meh\u0101nismu \u2013 jaunatnes padomju, jaunie\u0161u v\u0113stnieku, jaunie\u0161u padomdev\u0113ju grupu, jaunie\u0161u vad\u012bbas grupu un jaunie\u0161u vad\u012btas p\u0113tniec\u012bbas \u2013 stipr\u0101s puses un \u201cp\u0101rraudz\u012bbu\u201d, galvenos pan\u0101kumu r\u0101d\u012bt\u0101jus un kvalit\u0101tes r\u0101d\u012bt\u0101jus.<\/p>\n\n\n\n<p>\u0160\u012bs san\u0101ksmes galvenais m\u0113r\u0137is bija apkopot ekspertu viedok\u013cus par Kvalitat\u012bvaj\u0101m pamatnost\u0101dn\u0113m \u2013 projekta ietvaros izstr\u0101d\u0101jamo publik\u0101ciju, kas sniegs vismaz 8 da\u017e\u0101das pamatnost\u0101dnes (soli pa solim) da\u017e\u0101diem jaunie\u0161u iesaistes meh\u0101nismiem, kuru m\u0113r\u0137is ir pal\u012bdz\u0113t prakti\u0137iem, politikas veidot\u0101jiem un cit\u0101m ieinteres\u0113taj\u0101m person\u0101m izstr\u0101d\u0101t un izveidot \u0161\u0101dus jaunie\u0161u iesaistes mode\u013cus p\u0101rredzam\u0101, iek\u013caujo\u0161\u0101 un iesaist\u012bt\u0101 proces\u0101 saska\u0146\u0101 ar labu praksi un ieteikumiem jaunatnes jom\u0101. Apsprie\u0161an\u0101s ar padomdev\u0113ju grupas locek\u013ciem notika ar\u012b platform\u0101, kas tiks izstr\u0101d\u0101ta 2025. gad\u0101, lai pal\u012bdz\u0113tu prakti\u0137iem un politikas veidot\u0101jiem izveidot meh\u0101nismus jaunie\u0161u iesaist\u012b\u0161anai.<\/p>\n\n\n\n<p>Konsultat\u012bv\u0101 grupa ar\u012b pievienoj\u0101s da\u013cai no CL-YE programmas, kas norit\u0113ja paral\u0113li, lai apmekl\u0113tu Eiropas l\u0113m\u0113jstrukt\u016bras un iest\u0101des un uzzin\u0101tu vair\u0101k par t\u0101m.<\/p>\n\n\n\n<p>Projektu vada DYPALL Network sadarb\u012bb\u0101 ar<a href=\"https:\/\/www.facebook.com\/europiamo?__cft__[0]=AZUrCBx7yuD2ePUamvkzam3K-rvPXN1m8UTwIMGTqBuqBn1ul0YddQPYMpRhoiDaeww3In5J_eFDtiOQBnbDgec1-3kt6QJ0ILzeOPO-zR_AL9BPz6T7-l1flfd9HTFumzcRTY9gbptZdDbxaZzeABE28eUxrCkGb4kHGO4sm-eWjw&amp;__tn__=-]K-R\"> Europiamo ETS<\/a> (It\u0101lija),<a href=\"https:\/\/www.facebook.com\/YEPPEUROPE?__cft__[0]=AZUrCBx7yuD2ePUamvkzam3K-rvPXN1m8UTwIMGTqBuqBn1ul0YddQPYMpRhoiDaeww3In5J_eFDtiOQBnbDgec1-3kt6QJ0ILzeOPO-zR_AL9BPz6T7-l1flfd9HTFumzcRTY9gbptZdDbxaZzeABE28eUxrCkGb4kHGO4sm-eWjw&amp;__tn__=-]K-R\"> YEPP EUROPE<\/a> (V\u0101cija),<a href=\"https:\/\/www.facebook.com\/Nordlandfylke?__cft__[0]=AZUrCBx7yuD2ePUamvkzam3K-rvPXN1m8UTwIMGTqBuqBn1ul0YddQPYMpRhoiDaeww3In5J_eFDtiOQBnbDgec1-3kt6QJ0ILzeOPO-zR_AL9BPz6T7-l1flfd9HTFumzcRTY9gbptZdDbxaZzeABE28eUxrCkGb4kHGO4sm-eWjw&amp;__tn__=-]K-R\"> Nordland fylkeskommune<\/a> (Norv\u0113\u0123ija),<a href=\"https:\/\/www.facebook.com\/@weareedyn\/?__cft__[0]=AZUrCBx7yuD2ePUamvkzam3K-rvPXN1m8UTwIMGTqBuqBn1ul0YddQPYMpRhoiDaeww3In5J_eFDtiOQBnbDgec1-3kt6QJ0ILzeOPO-zR_AL9BPz6T7-l1flfd9HTFumzcRTY9gbptZdDbxaZzeABE28eUxrCkGb4kHGO4sm-eWjw&amp;__tn__=-]K-R\"> EDYN<\/a> (Slov\u0101kija), @<a href=\"https:\/\/www.facebook.com\/EuropeanRegions?__cft__[0]=AZUrCBx7yuD2ePUamvkzam3K-rvPXN1m8UTwIMGTqBuqBn1ul0YddQPYMpRhoiDaeww3In5J_eFDtiOQBnbDgec1-3kt6QJ0ILzeOPO-zR_AL9BPz6T7-l1flfd9HTFumzcRTY9gbptZdDbxaZzeABE28eUxrCkGb4kHGO4sm-eWjw&amp;__tn__=-]K-R\">Eiropas Re\u0123ionu asambleja \u2013 AER<\/a> (Francija),<a href=\"https:\/\/www.facebook.com\/sqlearngr?__cft__[0]=AZUrCBx7yuD2ePUamvkzam3K-rvPXN1m8UTwIMGTqBuqBn1ul0YddQPYMpRhoiDaeww3In5J_eFDtiOQBnbDgec1-3kt6QJ0ILzeOPO-zR_AL9BPz6T7-l1flfd9HTFumzcRTY9gbptZdDbxaZzeABE28eUxrCkGb4kHGO4sm-eWjw&amp;__tn__=-]K-R\"> SQLearn<\/a> (Grie\u0137ija), ko finans\u0113 no programmas \u201cErasmus+ Eiropas jaunatne kop\u0101\u201d.&nbsp;<\/p>\n\n\n\n<figure class=\"wp-block-image size-full\"><img loading=\"lazy\" decoding=\"async\" width=\"2048\" height=\"1536\" src=\"https:\/\/dypall.com\/wp-content\/uploads\/2024\/12\/WhatsApp-Image-2024-12-20-at-12.09.44.jpeg\" alt=\"\" class=\"wp-image-8155\" srcset=\"https:\/\/dypall.com\/wp-content\/uploads\/2024\/12\/WhatsApp-Image-2024-12-20-at-12.09.44.jpeg 2048w, https:\/\/dypall.com\/wp-content\/uploads\/2024\/12\/WhatsApp-Image-2024-12-20-at-12.09.44-768x576.jpeg 768w, https:\/\/dypall.com\/wp-content\/uploads\/2024\/12\/WhatsApp-Image-2024-12-20-at-12.09.44-1536x1152.jpeg 1536w, https:\/\/dypall.com\/wp-content\/uploads\/2024\/12\/WhatsApp-Image-2024-12-20-at-12.09.44-1568x1176.jpeg 1568w\" sizes=\"auto, (max-width: 2048px) 100vw, 2048px\" \/><\/figure>","protected":false},"excerpt":{"rendered":"<p>CL-YE projekta padomdev\u0113ju grupas pirm\u0101 kl\u0101tienes san\u0101ksme notika 2024. gada 3.\u20136. decembr\u012b Brisel\u0113, Be\u013c\u0123ij\u0101. Konsultat\u012bv\u0101 grupa jaunie\u0161u iesaistes jaut\u0101jumos ir 12 ekspertu grupa no da\u017e\u0101d\u0101m Eiropas valst\u012bm ar konkr\u0113tu pieredzi jaunie\u0161u iesaistes meh\u0101nismos, strukt\u016br\u0101s un mode\u013cos, kuras uzdevums ir atbalst\u012bt CL-YE konsorciju. <a class=\"more-link\" href=\"https:\/\/dypall.com\/lv\/activity\/climbing-the-ladder-fostering-a-culture-of-youth-engagement-cl-ye-advisory-group-meeting-in-brussels-belgium\/\">Turpiniet las\u012bt <span class=\"screen-reader-text\">\u201cK\u0101p\u0161ana pa k\u0101pn\u0113m: jaunie\u0161u iesaistes kult\u016bras veicin\u0101\u0161ana (CL-YE)\u201d konsultat\u012bv\u0101s grupas san\u0101ksme Brisel\u0113, Be\u013c\u0123ij\u0101<\/span><\/a><\/p>","protected":false},"author":5,"featured_media":8155,"comment_status":"open","ping_status":"open","sticky":false,"template":"","format":"standard","meta":{"_acf_changed":false,"_jetpack_memberships_contains_paid_content":false,"footnotes":""},"categories":[111],"tags":[],"class_list":["post-8154","post","type-post","status-publish","format-standard","has-post-thumbnail","hentry","category-activity","entry"],"acf":[],"yoast_head":"<!-- This site is optimized with the Yoast SEO plugin v22.8 - https:\/\/yoast.com\/wordpress\/plugins\/seo\/ -->\n<title>\u201cClimbing the Ladder: fostering a culture of Youth Engagement (CL-YE)\u201d Advisory group meeting in Brussels, Belgium - DYPALL Network<\/title>\n<meta name=\"robots\" content=\"index, follow, max-snippet:-1, max-image-preview:large, max-video-preview:-1\" \/>\n<link rel=\"canonical\" href=\"https:\/\/dypall.com\/lv\/activity\/climbing-the-ladder-fostering-a-culture-of-youth-engagement-cl-ye-advisory-group-meeting-in-brussels-belgium\/\" \/>\n<meta property=\"og:locale\" content=\"lv_LV\" \/>\n<meta property=\"og:type\" content=\"article\" \/>\n<meta property=\"og:title\" content=\"\u201cClimbing the Ladder: fostering a culture of Youth Engagement (CL-YE)\u201d Advisory group meeting in Brussels, Belgium - DYPALL Network\" \/>\n<meta property=\"og:description\" content=\"Advisory group of CL-YE project had its first in-person meeting from 3rd-6th December 2024 in Brussels, Belgium. The Advisory Group on Youth Engagement is a group of 12 experts from different countries in Europe with concrete experience in mechanisms, structures, and models of youth engagement with a mission to support the consortium of the CL-YE&hellip; Turpiniet las\u012bt \u201cClimbing the Ladder: fostering a culture of Youth Engagement (CL-YE)\u201d Advisory group meeting in Brussels, Belgium\" \/>\n<meta property=\"og:url\" content=\"https:\/\/dypall.com\/lv\/activity\/climbing-the-ladder-fostering-a-culture-of-youth-engagement-cl-ye-advisory-group-meeting-in-brussels-belgium\/\" \/>\n<meta property=\"og:site_name\" content=\"DYPALL Network\" \/>\n<meta property=\"article:published_time\" content=\"2024-12-20T12:13:22+00:00\" \/>\n<meta property=\"article:modified_time\" content=\"2024-12-20T12:13:23+00:00\" \/>\n<meta property=\"og:image\" content=\"https:\/\/dypall.com\/wp-content\/uploads\/2024\/12\/WhatsApp-Image-2024-12-20-at-12.09.44.jpeg\" \/>\n\t<meta property=\"og:image:width\" content=\"2048\" \/>\n\t<meta property=\"og:image:height\" content=\"1536\" \/>\n\t<meta property=\"og:image:type\" content=\"image\/jpeg\" \/>\n<meta name=\"author\" content=\"DYPALL Network\" \/>\n<meta name=\"twitter:card\" content=\"summary_large_image\" \/>\n<meta name=\"twitter:label1\" content=\"Written by\" \/>\n\t<meta name=\"twitter:data1\" content=\"DYPALL Network\" \/>\n\t<meta name=\"twitter:label2\" content=\"Est. reading time\" \/>\n\t<meta name=\"twitter:data2\" content=\"2 min\u016btes\" \/>\n<script type=\"application\/ld+json\" class=\"yoast-schema-graph\">{\"@context\":\"https:\/\/schema.org\",\"@graph\":[{\"@type\":\"WebPage\",\"@id\":\"https:\/\/dypall.com\/activity\/climbing-the-ladder-fostering-a-culture-of-youth-engagement-cl-ye-advisory-group-meeting-in-brussels-belgium\/\",\"url\":\"https:\/\/dypall.com\/activity\/climbing-the-ladder-fostering-a-culture-of-youth-engagement-cl-ye-advisory-group-meeting-in-brussels-belgium\/\",\"name\":\"\u201cClimbing the Ladder: fostering a culture of Youth Engagement (CL-YE)\u201d Advisory group meeting in Brussels, Belgium - DYPALL Network\",\"isPartOf\":{\"@id\":\"https:\/\/dypall.com\/#website\"},\"primaryImageOfPage\":{\"@id\":\"https:\/\/dypall.com\/activity\/climbing-the-ladder-fostering-a-culture-of-youth-engagement-cl-ye-advisory-group-meeting-in-brussels-belgium\/#primaryimage\"},\"image\":{\"@id\":\"https:\/\/dypall.com\/activity\/climbing-the-ladder-fostering-a-culture-of-youth-engagement-cl-ye-advisory-group-meeting-in-brussels-belgium\/#primaryimage\"},\"thumbnailUrl\":\"https:\/\/dypall.com\/wp-content\/uploads\/2024\/12\/WhatsApp-Image-2024-12-20-at-12.09.44.jpeg\",\"datePublished\":\"2024-12-20T12:13:22+00:00\",\"dateModified\":\"2024-12-20T12:13:23+00:00\",\"author\":{\"@id\":\"https:\/\/dypall.com\/#\/schema\/person\/e87206094ce8bcf88449b35f00e40fb1\"},\"breadcrumb\":{\"@id\":\"https:\/\/dypall.com\/activity\/climbing-the-ladder-fostering-a-culture-of-youth-engagement-cl-ye-advisory-group-meeting-in-brussels-belgium\/#breadcrumb\"},\"inLanguage\":\"lv-LV\",\"potentialAction\":[{\"@type\":\"ReadAction\",\"target\":[\"https:\/\/dypall.com\/activity\/climbing-the-ladder-fostering-a-culture-of-youth-engagement-cl-ye-advisory-group-meeting-in-brussels-belgium\/\"]}]},{\"@type\":\"ImageObject\",\"inLanguage\":\"lv-LV\",\"@id\":\"https:\/\/dypall.com\/activity\/climbing-the-ladder-fostering-a-culture-of-youth-engagement-cl-ye-advisory-group-meeting-in-brussels-belgium\/#primaryimage\",\"url\":\"https:\/\/dypall.com\/wp-content\/uploads\/2024\/12\/WhatsApp-Image-2024-12-20-at-12.09.44.jpeg\",\"contentUrl\":\"https:\/\/dypall.com\/wp-content\/uploads\/2024\/12\/WhatsApp-Image-2024-12-20-at-12.09.44.jpeg\",\"width\":2048,\"height\":1536},{\"@type\":\"BreadcrumbList\",\"@id\":\"https:\/\/dypall.com\/activity\/climbing-the-ladder-fostering-a-culture-of-youth-engagement-cl-ye-advisory-group-meeting-in-brussels-belgium\/#breadcrumb\",\"itemListElement\":[{\"@type\":\"ListItem\",\"position\":1,\"name\":\"Home\",\"item\":\"https:\/\/dypall.com\/\"},{\"@type\":\"ListItem\",\"position\":2,\"name\":\"\u201cClimbing the Ladder: fostering a culture of Youth Engagement (CL-YE)\u201d Advisory group meeting in Brussels, Belgium\"}]},{\"@type\":\"WebSite\",\"@id\":\"https:\/\/dypall.com\/#website\",\"url\":\"https:\/\/dypall.com\/\",\"name\":\"DYPALL Network\",\"description\":\"We are a European network of civil society organisations, municipalities and research institutions dedicated to improving democracy through youth participation.\",\"potentialAction\":[{\"@type\":\"SearchAction\",\"target\":{\"@type\":\"EntryPoint\",\"urlTemplate\":\"https:\/\/dypall.com\/?s={search_term_string}\"},\"query-input\":\"required name=search_term_string\"}],\"inLanguage\":\"lv-LV\"},{\"@type\":\"Person\",\"@id\":\"https:\/\/dypall.com\/#\/schema\/person\/e87206094ce8bcf88449b35f00e40fb1\",\"name\":\"DYPALL Network\",\"image\":{\"@type\":\"ImageObject\",\"inLanguage\":\"lv-LV\",\"@id\":\"https:\/\/dypall.com\/#\/schema\/person\/image\/\",\"url\":\"https:\/\/secure.gravatar.com\/avatar\/1061d2d4c9b4f1a9b496774795b5deac1200dfd1d3abecb8f85cf8b580e6963b?s=96&d=mm&r=g\",\"contentUrl\":\"https:\/\/secure.gravatar.com\/avatar\/1061d2d4c9b4f1a9b496774795b5deac1200dfd1d3abecb8f85cf8b580e6963b?s=96&d=mm&r=g\",\"caption\":\"DYPALL Network\"},\"sameAs\":[\"https:\/\/dypall.com\/\"],\"url\":\"https:\/\/dypall.com\/lv\/author\/dypallonsteroids\/\"}]}<\/script>\n<!-- \/ Yoast SEO plugin. -->","yoast_head_json":{"title":"\u201cClimbing the Ladder: fostering a culture of Youth Engagement (CL-YE)\u201d Advisory group meeting in Brussels, Belgium - DYPALL Network","robots":{"index":"index","follow":"follow","max-snippet":"max-snippet:-1","max-image-preview":"max-image-preview:large","max-video-preview":"max-video-preview:-1"},"canonical":"https:\/\/dypall.com\/lv\/activity\/climbing-the-ladder-fostering-a-culture-of-youth-engagement-cl-ye-advisory-group-meeting-in-brussels-belgium\/","og_locale":"lv_LV","og_type":"article","og_title":"\u201cClimbing the Ladder: fostering a culture of Youth Engagement (CL-YE)\u201d Advisory group meeting in Brussels, Belgium - DYPALL Network","og_description":"Advisory group of CL-YE project had its first in-person meeting from 3rd-6th December 2024 in Brussels, Belgium. The Advisory Group on Youth Engagement is a group of 12 experts from different countries in Europe with concrete experience in mechanisms, structures, and models of youth engagement with a mission to support the consortium of the CL-YE&hellip; Turpiniet las\u012bt \u201cClimbing the Ladder: fostering a culture of Youth Engagement (CL-YE)\u201d Advisory group meeting in Brussels, Belgium","og_url":"https:\/\/dypall.com\/lv\/activity\/climbing-the-ladder-fostering-a-culture-of-youth-engagement-cl-ye-advisory-group-meeting-in-brussels-belgium\/","og_site_name":"DYPALL Network","article_published_time":"2024-12-20T12:13:22+00:00","article_modified_time":"2024-12-20T12:13:23+00:00","og_image":[{"width":2048,"height":1536,"url":"https:\/\/dypall.com\/wp-content\/uploads\/2024\/12\/WhatsApp-Image-2024-12-20-at-12.09.44.jpeg","type":"image\/jpeg"}],"author":"DYPALL Network","twitter_card":"summary_large_image","twitter_misc":{"Written by":"DYPALL Network","Est. reading time":"2 min\u016btes"},"schema":{"@context":"https:\/\/schema.org","@graph":[{"@type":"WebPage","@id":"https:\/\/dypall.com\/activity\/climbing-the-ladder-fostering-a-culture-of-youth-engagement-cl-ye-advisory-group-meeting-in-brussels-belgium\/","url":"https:\/\/dypall.com\/activity\/climbing-the-ladder-fostering-a-culture-of-youth-engagement-cl-ye-advisory-group-meeting-in-brussels-belgium\/","name":"\u201cClimbing the Ladder: fostering a culture of Youth Engagement (CL-YE)\u201d Advisory group meeting in Brussels, Belgium - DYPALL Network","isPartOf":{"@id":"https:\/\/dypall.com\/#website"},"primaryImageOfPage":{"@id":"https:\/\/dypall.com\/activity\/climbing-the-ladder-fostering-a-culture-of-youth-engagement-cl-ye-advisory-group-meeting-in-brussels-belgium\/#primaryimage"},"image":{"@id":"https:\/\/dypall.com\/activity\/climbing-the-ladder-fostering-a-culture-of-youth-engagement-cl-ye-advisory-group-meeting-in-brussels-belgium\/#primaryimage"},"thumbnailUrl":"https:\/\/dypall.com\/wp-content\/uploads\/2024\/12\/WhatsApp-Image-2024-12-20-at-12.09.44.jpeg","datePublished":"2024-12-20T12:13:22+00:00","dateModified":"2024-12-20T12:13:23+00:00","author":{"@id":"https:\/\/dypall.com\/#\/schema\/person\/e87206094ce8bcf88449b35f00e40fb1"},"breadcrumb":{"@id":"https:\/\/dypall.com\/activity\/climbing-the-ladder-fostering-a-culture-of-youth-engagement-cl-ye-advisory-group-meeting-in-brussels-belgium\/#breadcrumb"},"inLanguage":"lv-LV","potentialAction":[{"@type":"ReadAction","target":["https:\/\/dypall.com\/activity\/climbing-the-ladder-fostering-a-culture-of-youth-engagement-cl-ye-advisory-group-meeting-in-brussels-belgium\/"]}]},{"@type":"ImageObject","inLanguage":"lv-LV","@id":"https:\/\/dypall.com\/activity\/climbing-the-ladder-fostering-a-culture-of-youth-engagement-cl-ye-advisory-group-meeting-in-brussels-belgium\/#primaryimage","url":"https:\/\/dypall.com\/wp-content\/uploads\/2024\/12\/WhatsApp-Image-2024-12-20-at-12.09.44.jpeg","contentUrl":"https:\/\/dypall.com\/wp-content\/uploads\/2024\/12\/WhatsApp-Image-2024-12-20-at-12.09.44.jpeg","width":2048,"height":1536},{"@type":"BreadcrumbList","@id":"https:\/\/dypall.com\/activity\/climbing-the-ladder-fostering-a-culture-of-youth-engagement-cl-ye-advisory-group-meeting-in-brussels-belgium\/#breadcrumb","itemListElement":[{"@type":"ListItem","position":1,"name":"Home","item":"https:\/\/dypall.com\/"},{"@type":"ListItem","position":2,"name":"\u201cClimbing the Ladder: fostering a culture of Youth Engagement (CL-YE)\u201d Advisory group meeting in Brussels, Belgium"}]},{"@type":"WebSite","@id":"https:\/\/dypall.com\/#website","url":"https:\/\/dypall.com\/","name":"DYPALL Network","description":"We are a European network of civil society organisations, municipalities and research institutions dedicated to improving democracy through youth participation.","potentialAction":[{"@type":"SearchAction","target":{"@type":"EntryPoint","urlTemplate":"https:\/\/dypall.com\/?s={search_term_string}"},"query-input":"required name=search_term_string"}],"inLanguage":"lv-LV"},{"@type":"Person","@id":"https:\/\/dypall.com\/#\/schema\/person\/e87206094ce8bcf88449b35f00e40fb1","name":"DYPALL Network","image":{"@type":"ImageObject","inLanguage":"lv-LV","@id":"https:\/\/dypall.com\/#\/schema\/person\/image\/","url":"https:\/\/secure.gravatar.com\/avatar\/1061d2d4c9b4f1a9b496774795b5deac1200dfd1d3abecb8f85cf8b580e6963b?s=96&d=mm&r=g","contentUrl":"https:\/\/secure.gravatar.com\/avatar\/1061d2d4c9b4f1a9b496774795b5deac1200dfd1d3abecb8f85cf8b580e6963b?s=96&d=mm&r=g","caption":"DYPALL Network"},"sameAs":["https:\/\/dypall.com\/"],"url":"https:\/\/dypall.com\/lv\/author\/dypallonsteroids\/"}]}},"jetpack_featured_media_url":"https:\/\/dypall.com\/wp-content\/uploads\/2024\/12\/WhatsApp-Image-2024-12-20-at-12.09.44.jpeg","jetpack_sharing_enabled":true,"_links":{"self":[{"href":"https:\/\/dypall.com\/lv\/wp-json\/wp\/v2\/posts\/8154","targetHints":{"allow":["GET"]}}],"collection":[{"href":"https:\/\/dypall.com\/lv\/wp-json\/wp\/v2\/posts"}],"about":[{"href":"https:\/\/dypall.com\/lv\/wp-json\/wp\/v2\/types\/post"}],"author":[{"embeddable":true,"href":"https:\/\/dypall.com\/lv\/wp-json\/wp\/v2\/users\/5"}],"replies":[{"embeddable":true,"href":"https:\/\/dypall.com\/lv\/wp-json\/wp\/v2\/comments?post=8154"}],"version-history":[{"count":1,"href":"https:\/\/dypall.com\/lv\/wp-json\/wp\/v2\/posts\/8154\/revisions"}],"predecessor-version":[{"id":8156,"href":"https:\/\/dypall.com\/lv\/wp-json\/wp\/v2\/posts\/8154\/revisions\/8156"}],"wp:featuredmedia":[{"embeddable":true,"href":"https:\/\/dypall.com\/lv\/wp-json\/wp\/v2\/media\/8155"}],"wp:attachment":[{"href":"https:\/\/dypall.com\/lv\/wp-json\/wp\/v2\/media?parent=8154"}],"wp:term":[{"taxonomy":"category","embeddable":true,"href":"https:\/\/dypall.com\/lv\/wp-json\/wp\/v2\/categories?post=8154"},{"taxonomy":"post_tag","embeddable":true,"href":"https:\/\/dypall.com\/lv\/wp-json\/wp\/v2\/tags?post=8154"}],"curies":[{"name":"wp","href":"https:\/\/api.w.org\/{rel}","templated":true}]}}