{"id":7484,"date":"2024-06-20T16:27:36","date_gmt":"2024-06-20T16:27:36","guid":{"rendered":"https:\/\/dypall.com\/?p=7484"},"modified":"2024-06-20T16:27:37","modified_gmt":"2024-06-20T16:27:37","slug":"study-visit-to-ghent-youth-policies-for-better-local-democracies","status":"publish","type":"post","link":"https:\/\/dypall.com\/lv\/activity\/study-visit-to-ghent-youth-policies-for-better-local-democracies\/","title":{"rendered":"Izp\u0113tes viz\u012bte \u0122ent\u0113 \u201cJaunatnes politika lab\u0101kai viet\u0113jai demokr\u0101tijai\u201d"},"content":{"rendered":"<p>Izp\u0113tes viz\u012bte \u0122ent\u0113 \u201cJaunatnes politika lab\u0101kai viet\u0113jai demokr\u0101tijai\u201d, ko organiz\u0113ja DYPALL t\u012bkls sadarb\u012bb\u0101 ar Bataljong un \u0122entes pils\u0113tas Jaunatnes departamentu, notika no 2024. gada 27. maija l\u012bdz 1. j\u016bnijam \u0122ent\u0113, Be\u013c\u0123ij\u0101.&nbsp;<\/p>\n\n\n\n<p>Aktivit\u0101tes laik\u0101 dal\u012bbnieki uzzin\u0101ja par jaunie\u0161u l\u012bdzdal\u012bbu <a href=\"https:\/\/stad.gent\/en\/city-governance-organisation\/city-policy\/ghent-child-and-youth-friendly-city\/ghent-european-youth-capital-2024\">\u0122entes<\/a>, 2024. gada Eiropas Jaunatnes galvaspils\u0113ta un uzzin\u0101ja par cit\u0101m Eiropas organiz\u0101cij\u0101m, kas darbojas jaunatnes l\u012bdzdal\u012bbas jom\u0101 l\u0113mumu pie\u0146em\u0161anas procesos viet\u0113j\u0101 l\u012bmen\u012b.<\/p>\n\n\n\n<p>Izp\u0113tes viz\u012btes programma pied\u0101v\u0101ja dal\u012bbniekiem iesp\u0113ju m\u0101c\u012bties no <a href=\"https:\/\/bataljong.be\/\">Bataljong<\/a>paraugprakse. Galveno uzman\u012bbu piev\u0113r\u0161ot demokr\u0101tisko procesu uzlabo\u0161anai, Bataljong sniedz past\u0101v\u012bgu atbalstu viet\u0113j\u0101m pa\u0161vald\u012bb\u0101m Flandrij\u0101 (Be\u013c\u0123ija), lai izveidotu un uztur\u0113tu platformas jaunie\u0161u iesaistei l\u0113mumu pie\u0146em\u0161an\u0101. Dal\u012bbnieki tika iepaz\u012bstin\u0101ti ar t\u0101d\u0101m iniciat\u012bv\u0101m k\u0101 Debattle, Jonge Wegweters un Ce\u013cvedis. Vi\u0146i ar\u012b sadarboj\u0101s ar \u0122entes viet\u0113jo jaunatnes padomi. \u0160\u012b padome, kuras sast\u0101v\u0101 ir 20 locek\u013ci vecum\u0101 no 16 l\u012bdz 30 gadiem, konsult\u0113 par politiku, r\u012bko v\u0113l\u0113\u0161anas un izstr\u0101d\u0101 memorandu par jaunatnes priorit\u0101t\u0113m, kas j\u0101iek\u013cauj viet\u0113jo v\u0113l\u0113\u0161anu politiskaj\u0101s programm\u0101s, iepaz\u012bstinot ar to politisk\u0101s partijas.<\/p>\n\n\n\n<p>Apmekl\u0113jumi <a href=\"https:\/\/www.larf.be\/\">LARF!<\/a> un <a href=\"https:\/\/www.broei.be\/\">BROEI<\/a> \u013c\u0101va dal\u012bbniekiem tie\u0161i iepaz\u012bties ar jaunie\u0161u iesaistes praksi. LARF! ir bezpe\u013c\u0146as organiz\u0101cija un kult\u016bras izgl\u012bt\u012bbas organiz\u0101cija, kuras centr\u0101 ir b\u0113rni un jaunie\u0161i neatkar\u012bgi no vi\u0146u izcelsmes, izcelsmes vai talanta, un BROEI ir rado\u0161a telpa, kas atbalsta EYC ar aktivit\u0101t\u0113m, kur\u0101s telpu un programmu izmanto 25 uz jaunie\u0161iem orient\u0113tas organiz\u0101cijas. Laboratorija BROEI sast\u0101v no 60 cilv\u0113kiem, kuri viens otram nodro\u0161ina semin\u0101rus un kop\u012bgi m\u0101c\u0101s.<\/p>\n\n\n\n<p>Turkl\u0101t dal\u012bba C platformas nosl\u0113guma konferenc\u0113, ko organiz\u0113ja Bataljong, v\u0113l vair\u0101k bag\u0101tin\u0101ja apmekl\u0113jumu ar veiksm\u012bgiem mode\u013ciem viet\u0113jo jaunie\u0161u l\u012bdzdal\u012bbai l\u0113mumu pie\u0146em\u0161an\u0101. C platforma uzsver viet\u0113j\u0101s politikas veido\u0161anu kop\u0101 ar jaunie\u0161iem, uzskatot vi\u0146us par da\u013cu no ekosist\u0113mas. Galvenaj\u0101s diskusij\u0101s tika uzsv\u0113rta jaunie\u0161u viedok\u013ca noz\u012bme politikas veido\u0161an\u0101, nepiecie\u0161am\u012bba p\u0113c lab\u0101kas inform\u0101cijas par to, k\u0101 politika darbojas, un strat\u0113\u0123ijas gan jaunie\u0161u, gan politi\u0137u iesaist\u012b\u0161anai dialog\u0101.<\/p>\n\n\n\n<p>Izp\u0113tes viz\u012bti finans\u0113ja no programmas \u201cErasmus+\u201d ar JINT valsts a\u0123ent\u016bras starpniec\u012bbu.<\/p>\n\n\n\n<figure class=\"wp-block-gallery has-nested-images columns-default is-cropped wp-block-gallery-1 is-layout-flex wp-block-gallery-is-layout-flex\">\n<figure class=\"wp-block-image size-large\"><img loading=\"lazy\" decoding=\"async\" width=\"2000\" height=\"1500\" data-id=\"7485\" src=\"https:\/\/dypall.com\/wp-content\/uploads\/2024\/06\/SV-Ghent_1.jpeg\" alt=\"\" class=\"wp-image-7485\" srcset=\"https:\/\/dypall.com\/wp-content\/uploads\/2024\/06\/SV-Ghent_1.jpeg 2000w, https:\/\/dypall.com\/wp-content\/uploads\/2024\/06\/SV-Ghent_1-768x576.jpeg 768w, https:\/\/dypall.com\/wp-content\/uploads\/2024\/06\/SV-Ghent_1-1536x1152.jpeg 1536w, https:\/\/dypall.com\/wp-content\/uploads\/2024\/06\/SV-Ghent_1-1568x1176.jpeg 1568w\" sizes=\"auto, (max-width: 2000px) 100vw, 2000px\" \/><\/figure>\n\n\n\n<figure class=\"wp-block-image size-large\"><img loading=\"lazy\" decoding=\"async\" width=\"1600\" height=\"1200\" data-id=\"7492\" src=\"https:\/\/dypall.com\/wp-content\/uploads\/2024\/06\/SV-Ghent-9.jpeg\" alt=\"\" class=\"wp-image-7492\" srcset=\"https:\/\/dypall.com\/wp-content\/uploads\/2024\/06\/SV-Ghent-9.jpeg 1600w, https:\/\/dypall.com\/wp-content\/uploads\/2024\/06\/SV-Ghent-9-768x576.jpeg 768w, https:\/\/dypall.com\/wp-content\/uploads\/2024\/06\/SV-Ghent-9-1536x1152.jpeg 1536w, https:\/\/dypall.com\/wp-content\/uploads\/2024\/06\/SV-Ghent-9-1568x1176.jpeg 1568w\" sizes=\"auto, (max-width: 1600px) 100vw, 1600px\" \/><\/figure>\n\n\n\n<figure class=\"wp-block-image size-large\"><img loading=\"lazy\" decoding=\"async\" width=\"1600\" height=\"1200\" data-id=\"7487\" src=\"https:\/\/dypall.com\/wp-content\/uploads\/2024\/06\/SV-Ghent-3.jpeg\" alt=\"\" class=\"wp-image-7487\" srcset=\"https:\/\/dypall.com\/wp-content\/uploads\/2024\/06\/SV-Ghent-3.jpeg 1600w, https:\/\/dypall.com\/wp-content\/uploads\/2024\/06\/SV-Ghent-3-768x576.jpeg 768w, https:\/\/dypall.com\/wp-content\/uploads\/2024\/06\/SV-Ghent-3-1536x1152.jpeg 1536w, https:\/\/dypall.com\/wp-content\/uploads\/2024\/06\/SV-Ghent-3-1568x1176.jpeg 1568w\" sizes=\"auto, (max-width: 1600px) 100vw, 1600px\" \/><\/figure>\n\n\n\n<figure class=\"wp-block-image size-large\"><img loading=\"lazy\" decoding=\"async\" width=\"1500\" height=\"2000\" data-id=\"7488\" src=\"https:\/\/dypall.com\/wp-content\/uploads\/2024\/06\/SV-Ghent-4.jpeg\" alt=\"\" class=\"wp-image-7488\" srcset=\"https:\/\/dypall.com\/wp-content\/uploads\/2024\/06\/SV-Ghent-4.jpeg 1500w, https:\/\/dypall.com\/wp-content\/uploads\/2024\/06\/SV-Ghent-4-768x1024.jpeg 768w, https:\/\/dypall.com\/wp-content\/uploads\/2024\/06\/SV-Ghent-4-1152x1536.jpeg 1152w\" sizes=\"auto, (max-width: 1500px) 100vw, 1500px\" \/><\/figure>\n\n\n\n<figure class=\"wp-block-image size-large\"><img loading=\"lazy\" decoding=\"async\" width=\"2000\" height=\"1500\" data-id=\"7490\" src=\"https:\/\/dypall.com\/wp-content\/uploads\/2024\/06\/SV-Ghent-6.jpeg\" alt=\"\" class=\"wp-image-7490\" srcset=\"https:\/\/dypall.com\/wp-content\/uploads\/2024\/06\/SV-Ghent-6.jpeg 2000w, https:\/\/dypall.com\/wp-content\/uploads\/2024\/06\/SV-Ghent-6-768x576.jpeg 768w, https:\/\/dypall.com\/wp-content\/uploads\/2024\/06\/SV-Ghent-6-1536x1152.jpeg 1536w, https:\/\/dypall.com\/wp-content\/uploads\/2024\/06\/SV-Ghent-6-1568x1176.jpeg 1568w\" sizes=\"auto, (max-width: 2000px) 100vw, 2000px\" \/><\/figure>\n\n\n\n<figure class=\"wp-block-image size-large\"><img loading=\"lazy\" decoding=\"async\" width=\"1500\" height=\"2000\" data-id=\"7491\" src=\"https:\/\/dypall.com\/wp-content\/uploads\/2024\/06\/SV-Ghent-7.jpeg\" alt=\"\" class=\"wp-image-7491\" srcset=\"https:\/\/dypall.com\/wp-content\/uploads\/2024\/06\/SV-Ghent-7.jpeg 1500w, https:\/\/dypall.com\/wp-content\/uploads\/2024\/06\/SV-Ghent-7-768x1024.jpeg 768w, https:\/\/dypall.com\/wp-content\/uploads\/2024\/06\/SV-Ghent-7-1152x1536.jpeg 1152w\" sizes=\"auto, (max-width: 1500px) 100vw, 1500px\" \/><\/figure>\n<\/figure>","protected":false},"excerpt":{"rendered":"<p>Izp\u0113tes viz\u012bte \u0122ent\u0113 \u201cJaunatnes politika lab\u0101kai viet\u0113jai demokr\u0101tijai\u201d, ko organiz\u0113ja DYPALL t\u012bkls sadarb\u012bb\u0101 ar Bataljong un \u0122entes pils\u0113tas Jaunatnes departamentu, notika no 2024. gada 27. maija l\u012bdz 1. j\u016bnijam \u0122ent\u0113, Be\u013c\u0123ij\u0101.\u00a0 Pas\u0101kuma laik\u0101 dal\u012bbnieki uzzin\u0101ja par jaunie\u0161u l\u012bdzdal\u012bbu \u0122ent\u0113, Eiropas Jaunatnes galvaspils\u0113t\u0101... <a class=\"more-link\" href=\"https:\/\/dypall.com\/lv\/activity\/study-visit-to-ghent-youth-policies-for-better-local-democracies\/\">Turpiniet las\u012bt <span class=\"screen-reader-text\">Izp\u0113tes viz\u012bte \u0122ent\u0113 \u201cJaunatnes politika lab\u0101kai viet\u0113jai demokr\u0101tijai\u201d<\/span><\/a><\/p>","protected":false},"author":1,"featured_media":7486,"comment_status":"open","ping_status":"open","sticky":false,"template":"","format":"standard","meta":{"_acf_changed":false,"_jetpack_memberships_contains_paid_content":false,"footnotes":""},"categories":[111,152],"tags":[116,129],"class_list":["post-7484","post","type-post","status-publish","format-standard","has-post-thumbnail","hentry","category-activity","category-study-visits","tag-dypall-network","tag-study-visit","entry"],"acf":[],"yoast_head":"<!-- This site is optimized with the Yoast SEO plugin v22.8 - https:\/\/yoast.com\/wordpress\/plugins\/seo\/ -->\n<title>Study visit to Ghent \u201cYouth policies for better local democracies\u201d - DYPALL Network<\/title>\n<meta name=\"description\" content=\"The Study visit to Ghent \u201cYouth policies for better local democracies\u201d, organised by DYPALL Network in cooperation with Bataljong and the Youth Department of the City of Ghent, took place from 27th May \u2013 1st June 2024 in Ghent, Belgium.\u00a0\" \/>\n<meta name=\"robots\" content=\"index, follow, max-snippet:-1, max-image-preview:large, max-video-preview:-1\" \/>\n<link rel=\"canonical\" href=\"https:\/\/dypall.com\/lv\/activity\/study-visit-to-ghent-youth-policies-for-better-local-democracies\/\" \/>\n<meta property=\"og:locale\" content=\"lv_LV\" \/>\n<meta property=\"og:type\" content=\"article\" \/>\n<meta property=\"og:title\" content=\"Study visit to Ghent \u201cYouth policies for better local democracies\u201d - DYPALL Network\" \/>\n<meta property=\"og:description\" content=\"The Study visit to Ghent \u201cYouth policies for better local democracies\u201d, organised by DYPALL Network in cooperation with Bataljong and the Youth Department of the City of Ghent, took place from 27th May \u2013 1st June 2024 in Ghent, Belgium.\u00a0\" \/>\n<meta property=\"og:url\" content=\"https:\/\/dypall.com\/lv\/activity\/study-visit-to-ghent-youth-policies-for-better-local-democracies\/\" \/>\n<meta property=\"og:site_name\" content=\"DYPALL Network\" \/>\n<meta property=\"article:published_time\" content=\"2024-06-20T16:27:36+00:00\" \/>\n<meta property=\"article:modified_time\" content=\"2024-06-20T16:27:37+00:00\" \/>\n<meta property=\"og:image\" content=\"https:\/\/dypall.com\/wp-content\/uploads\/2024\/06\/SV-Ghent-2.jpeg\" \/>\n\t<meta property=\"og:image:width\" content=\"1600\" \/>\n\t<meta property=\"og:image:height\" content=\"1200\" \/>\n\t<meta property=\"og:image:type\" content=\"image\/jpeg\" \/>\n<meta name=\"author\" content=\"DYPALL Network\" \/>\n<meta name=\"twitter:card\" content=\"summary_large_image\" \/>\n<meta name=\"twitter:label1\" content=\"Written by\" \/>\n\t<meta name=\"twitter:data1\" content=\"DYPALL Network\" \/>\n\t<meta name=\"twitter:label2\" content=\"Est. reading time\" \/>\n\t<meta name=\"twitter:data2\" content=\"3 min\u016btes\" \/>\n<script type=\"application\/ld+json\" class=\"yoast-schema-graph\">{\"@context\":\"https:\/\/schema.org\",\"@graph\":[{\"@type\":\"WebPage\",\"@id\":\"https:\/\/dypall.com\/activity\/study-visit-to-ghent-youth-policies-for-better-local-democracies\/\",\"url\":\"https:\/\/dypall.com\/activity\/study-visit-to-ghent-youth-policies-for-better-local-democracies\/\",\"name\":\"Study visit to Ghent \u201cYouth policies for better local democracies\u201d - DYPALL Network\",\"isPartOf\":{\"@id\":\"https:\/\/dypall.com\/#website\"},\"primaryImageOfPage\":{\"@id\":\"https:\/\/dypall.com\/activity\/study-visit-to-ghent-youth-policies-for-better-local-democracies\/#primaryimage\"},\"image\":{\"@id\":\"https:\/\/dypall.com\/activity\/study-visit-to-ghent-youth-policies-for-better-local-democracies\/#primaryimage\"},\"thumbnailUrl\":\"https:\/\/dypall.com\/wp-content\/uploads\/2024\/06\/SV-Ghent-2.jpeg\",\"datePublished\":\"2024-06-20T16:27:36+00:00\",\"dateModified\":\"2024-06-20T16:27:37+00:00\",\"author\":{\"@id\":\"https:\/\/dypall.com\/#\/schema\/person\/f92e08aa15c8ba711a9d153129f03377\"},\"description\":\"The Study visit to Ghent \u201cYouth policies for better local democracies\u201d, organised by DYPALL Network in cooperation with Bataljong and the Youth Department of the City of Ghent, took place from 27th May \u2013 1st June 2024 in Ghent, Belgium.\u00a0\",\"breadcrumb\":{\"@id\":\"https:\/\/dypall.com\/activity\/study-visit-to-ghent-youth-policies-for-better-local-democracies\/#breadcrumb\"},\"inLanguage\":\"lv-LV\",\"potentialAction\":[{\"@type\":\"ReadAction\",\"target\":[\"https:\/\/dypall.com\/activity\/study-visit-to-ghent-youth-policies-for-better-local-democracies\/\"]}]},{\"@type\":\"ImageObject\",\"inLanguage\":\"lv-LV\",\"@id\":\"https:\/\/dypall.com\/activity\/study-visit-to-ghent-youth-policies-for-better-local-democracies\/#primaryimage\",\"url\":\"https:\/\/dypall.com\/wp-content\/uploads\/2024\/06\/SV-Ghent-2.jpeg\",\"contentUrl\":\"https:\/\/dypall.com\/wp-content\/uploads\/2024\/06\/SV-Ghent-2.jpeg\",\"width\":1600,\"height\":1200},{\"@type\":\"BreadcrumbList\",\"@id\":\"https:\/\/dypall.com\/activity\/study-visit-to-ghent-youth-policies-for-better-local-democracies\/#breadcrumb\",\"itemListElement\":[{\"@type\":\"ListItem\",\"position\":1,\"name\":\"Home\",\"item\":\"https:\/\/dypall.com\/\"},{\"@type\":\"ListItem\",\"position\":2,\"name\":\"Study visit to Ghent \u201cYouth policies for better local democracies\u201d\"}]},{\"@type\":\"WebSite\",\"@id\":\"https:\/\/dypall.com\/#website\",\"url\":\"https:\/\/dypall.com\/\",\"name\":\"DYPALL Network\",\"description\":\"We are a European network of civil society organisations, municipalities and research institutions dedicated to improving democracy through youth participation.\",\"potentialAction\":[{\"@type\":\"SearchAction\",\"target\":{\"@type\":\"EntryPoint\",\"urlTemplate\":\"https:\/\/dypall.com\/?s={search_term_string}\"},\"query-input\":\"required name=search_term_string\"}],\"inLanguage\":\"lv-LV\"},{\"@type\":\"Person\",\"@id\":\"https:\/\/dypall.com\/#\/schema\/person\/f92e08aa15c8ba711a9d153129f03377\",\"name\":\"DYPALL Network\",\"image\":{\"@type\":\"ImageObject\",\"inLanguage\":\"lv-LV\",\"@id\":\"https:\/\/dypall.com\/#\/schema\/person\/image\/\",\"url\":\"https:\/\/secure.gravatar.com\/avatar\/9c39e299279800c6d69c5e02cf613e7bab060889f373052a03d7ac399e8f0d3c?s=96&d=mm&r=g\",\"contentUrl\":\"https:\/\/secure.gravatar.com\/avatar\/9c39e299279800c6d69c5e02cf613e7bab060889f373052a03d7ac399e8f0d3c?s=96&d=mm&r=g\",\"caption\":\"DYPALL Network\"},\"sameAs\":[\"https:\/\/dypall.com\"],\"url\":\"https:\/\/dypall.com\/lv\/author\/dypall\/\"}]}<\/script>\n<!-- \/ Yoast SEO plugin. -->","yoast_head_json":{"title":"Study visit to Ghent \u201cYouth policies for better local democracies\u201d - DYPALL Network","description":"The Study visit to Ghent \u201cYouth policies for better local democracies\u201d, organised by DYPALL Network in cooperation with Bataljong and the Youth Department of the City of Ghent, took place from 27th May \u2013 1st June 2024 in Ghent, Belgium.\u00a0","robots":{"index":"index","follow":"follow","max-snippet":"max-snippet:-1","max-image-preview":"max-image-preview:large","max-video-preview":"max-video-preview:-1"},"canonical":"https:\/\/dypall.com\/lv\/activity\/study-visit-to-ghent-youth-policies-for-better-local-democracies\/","og_locale":"lv_LV","og_type":"article","og_title":"Study visit to Ghent \u201cYouth policies for better local democracies\u201d - DYPALL Network","og_description":"The Study visit to Ghent \u201cYouth policies for better local democracies\u201d, organised by DYPALL Network in cooperation with Bataljong and the Youth Department of the City of Ghent, took place from 27th May \u2013 1st June 2024 in Ghent, Belgium.\u00a0","og_url":"https:\/\/dypall.com\/lv\/activity\/study-visit-to-ghent-youth-policies-for-better-local-democracies\/","og_site_name":"DYPALL Network","article_published_time":"2024-06-20T16:27:36+00:00","article_modified_time":"2024-06-20T16:27:37+00:00","og_image":[{"width":1600,"height":1200,"url":"https:\/\/dypall.com\/wp-content\/uploads\/2024\/06\/SV-Ghent-2.jpeg","type":"image\/jpeg"}],"author":"DYPALL Network","twitter_card":"summary_large_image","twitter_misc":{"Written by":"DYPALL Network","Est. reading time":"3 min\u016btes"},"schema":{"@context":"https:\/\/schema.org","@graph":[{"@type":"WebPage","@id":"https:\/\/dypall.com\/activity\/study-visit-to-ghent-youth-policies-for-better-local-democracies\/","url":"https:\/\/dypall.com\/activity\/study-visit-to-ghent-youth-policies-for-better-local-democracies\/","name":"Study visit to Ghent \u201cYouth policies for better local democracies\u201d - DYPALL Network","isPartOf":{"@id":"https:\/\/dypall.com\/#website"},"primaryImageOfPage":{"@id":"https:\/\/dypall.com\/activity\/study-visit-to-ghent-youth-policies-for-better-local-democracies\/#primaryimage"},"image":{"@id":"https:\/\/dypall.com\/activity\/study-visit-to-ghent-youth-policies-for-better-local-democracies\/#primaryimage"},"thumbnailUrl":"https:\/\/dypall.com\/wp-content\/uploads\/2024\/06\/SV-Ghent-2.jpeg","datePublished":"2024-06-20T16:27:36+00:00","dateModified":"2024-06-20T16:27:37+00:00","author":{"@id":"https:\/\/dypall.com\/#\/schema\/person\/f92e08aa15c8ba711a9d153129f03377"},"description":"The Study visit to Ghent \u201cYouth policies for better local democracies\u201d, organised by DYPALL Network in cooperation with Bataljong and the Youth Department of the City of Ghent, took place from 27th May \u2013 1st June 2024 in Ghent, Belgium.\u00a0","breadcrumb":{"@id":"https:\/\/dypall.com\/activity\/study-visit-to-ghent-youth-policies-for-better-local-democracies\/#breadcrumb"},"inLanguage":"lv-LV","potentialAction":[{"@type":"ReadAction","target":["https:\/\/dypall.com\/activity\/study-visit-to-ghent-youth-policies-for-better-local-democracies\/"]}]},{"@type":"ImageObject","inLanguage":"lv-LV","@id":"https:\/\/dypall.com\/activity\/study-visit-to-ghent-youth-policies-for-better-local-democracies\/#primaryimage","url":"https:\/\/dypall.com\/wp-content\/uploads\/2024\/06\/SV-Ghent-2.jpeg","contentUrl":"https:\/\/dypall.com\/wp-content\/uploads\/2024\/06\/SV-Ghent-2.jpeg","width":1600,"height":1200},{"@type":"BreadcrumbList","@id":"https:\/\/dypall.com\/activity\/study-visit-to-ghent-youth-policies-for-better-local-democracies\/#breadcrumb","itemListElement":[{"@type":"ListItem","position":1,"name":"Home","item":"https:\/\/dypall.com\/"},{"@type":"ListItem","position":2,"name":"Study visit to Ghent \u201cYouth policies for better local democracies\u201d"}]},{"@type":"WebSite","@id":"https:\/\/dypall.com\/#website","url":"https:\/\/dypall.com\/","name":"DYPALL Network","description":"We are a European network of civil society organisations, municipalities and research institutions dedicated to improving democracy through youth participation.","potentialAction":[{"@type":"SearchAction","target":{"@type":"EntryPoint","urlTemplate":"https:\/\/dypall.com\/?s={search_term_string}"},"query-input":"required name=search_term_string"}],"inLanguage":"lv-LV"},{"@type":"Person","@id":"https:\/\/dypall.com\/#\/schema\/person\/f92e08aa15c8ba711a9d153129f03377","name":"DYPALL Network","image":{"@type":"ImageObject","inLanguage":"lv-LV","@id":"https:\/\/dypall.com\/#\/schema\/person\/image\/","url":"https:\/\/secure.gravatar.com\/avatar\/9c39e299279800c6d69c5e02cf613e7bab060889f373052a03d7ac399e8f0d3c?s=96&d=mm&r=g","contentUrl":"https:\/\/secure.gravatar.com\/avatar\/9c39e299279800c6d69c5e02cf613e7bab060889f373052a03d7ac399e8f0d3c?s=96&d=mm&r=g","caption":"DYPALL Network"},"sameAs":["https:\/\/dypall.com"],"url":"https:\/\/dypall.com\/lv\/author\/dypall\/"}]}},"jetpack_featured_media_url":"https:\/\/dypall.com\/wp-content\/uploads\/2024\/06\/SV-Ghent-2.jpeg","jetpack_sharing_enabled":true,"_links":{"self":[{"href":"https:\/\/dypall.com\/lv\/wp-json\/wp\/v2\/posts\/7484","targetHints":{"allow":["GET"]}}],"collection":[{"href":"https:\/\/dypall.com\/lv\/wp-json\/wp\/v2\/posts"}],"about":[{"href":"https:\/\/dypall.com\/lv\/wp-json\/wp\/v2\/types\/post"}],"author":[{"embeddable":true,"href":"https:\/\/dypall.com\/lv\/wp-json\/wp\/v2\/users\/1"}],"replies":[{"embeddable":true,"href":"https:\/\/dypall.com\/lv\/wp-json\/wp\/v2\/comments?post=7484"}],"version-history":[{"count":1,"href":"https:\/\/dypall.com\/lv\/wp-json\/wp\/v2\/posts\/7484\/revisions"}],"predecessor-version":[{"id":7494,"href":"https:\/\/dypall.com\/lv\/wp-json\/wp\/v2\/posts\/7484\/revisions\/7494"}],"wp:featuredmedia":[{"embeddable":true,"href":"https:\/\/dypall.com\/lv\/wp-json\/wp\/v2\/media\/7486"}],"wp:attachment":[{"href":"https:\/\/dypall.com\/lv\/wp-json\/wp\/v2\/media?parent=7484"}],"wp:term":[{"taxonomy":"category","embeddable":true,"href":"https:\/\/dypall.com\/lv\/wp-json\/wp\/v2\/categories?post=7484"},{"taxonomy":"post_tag","embeddable":true,"href":"https:\/\/dypall.com\/lv\/wp-json\/wp\/v2\/tags?post=7484"}],"curies":[{"name":"wp","href":"https:\/\/api.w.org\/{rel}","templated":true}]}}