{"id":6986,"date":"2024-03-06T12:50:26","date_gmt":"2024-03-06T12:50:26","guid":{"rendered":"https:\/\/dypall.com\/?p=6986"},"modified":"2024-06-06T08:57:38","modified_gmt":"2024-06-06T08:57:38","slug":"dypall-network-at-the-european-conference-on-local-youth-work-and-democracy","status":"publish","type":"post","link":"https:\/\/dypall.com\/lv\/activity\/dypall-network-at-the-european-conference-on-local-youth-work-and-democracy\/","title":{"rendered":"DYPALL t\u012bkls Eiropas konferenc\u0113 par viet\u0113jo darbu ar jaunatni un demokr\u0101tiju"},"content":{"rendered":"<p><span style=\"font-weight: 400;\">DYPALL t\u012bklam bija noz\u012bm\u012bga loma nesenaj\u0101 <strong>Eiropas konference par viet\u0113jo darbu ar jaunatni un demokr\u0101tiju<\/strong>, ko organiz\u0113<strong> ES prezidentvalsts Be\u013c\u0123ija<\/strong>\u00a0un kas notika Brisel\u0113 no 20. l\u012bdz 23. febru\u0101rim. \u0160\u012b san\u0101ksme tika organiz\u0113ta kop\u0101 ar <strong>Valstu strat\u0113\u0123isko a\u0123ent\u016bru sadarb\u012bba<\/strong> projekti <a href=\"https:\/\/europegoeslocal.eu\/home\/\"><em><strong>Eiropa darbojas viet\u0113j\u0101 l\u012bmen\u012b<\/strong><\/em><\/a> un <a href=\"https:\/\/democracy-reloading.eu\/\"><em><strong>Demokr\u0101tijas p\u0101rl\u0101d\u0113\u0161ana<\/strong><\/em><\/a>, kuras m\u0113r\u0137is ir uzlabot darba ar jaunatni kvalit\u0101ti un palielin\u0101t jaunie\u0161u iesaisti viet\u0113j\u0101 l\u012bmen\u012b. Pas\u0101kum\u0101 piedal\u012bj\u0101s vair\u0101k nek\u0101 300 dal\u012bbnieku, un taj\u0101 notika \u010detras aizraujo\u0161as sarunas, 30 interakt\u012bvi darbsemin\u0101ri un 15 informat\u012bvi apmekl\u0113jumi uz vietas.<\/span><\/p>\n<p><span style=\"font-weight: 400;\">Konferenc\u0113 bija daudzveid\u012bga programma, tostarp paral\u0113las sesijas, kur\u0101s tika izcelta iedvesmojo\u0161a prakse un vad\u012btas diskusijas. Vienlaikus organiz\u0113tas tematisk\u0101s darba grupas sniedza dal\u012bbniekiem padzi\u013cin\u0101tu galveno tematu izp\u0113ti. Turkl\u0101t neform\u0101las t\u012bklo\u0161an\u0101s iesp\u0113jas un br\u012bv\u0101 laika aktivit\u0101tes \u013c\u0101va dal\u012bbniekiem veidot kontaktus un apmain\u012bties ar idej\u0101m. <\/span><span style=\"font-weight: 400;\">Viens no konferences spilgt\u0101kajiem notikumiem bija vair\u0101ki apmekl\u0113jumi uz vietas, ko Brisel\u0113 r\u012bkoja da\u017e\u0101das jaunatnes organiz\u0101cijas un projekti. \u0160ie apmekl\u0113jumi sniedza tie\u0161u ieskatu viet\u0113j\u0101s jaunatnes iniciat\u012bv\u0101s un sniedza dal\u012bbniekiem praktiskas zin\u0101\u0161anas un iedvesmu. <\/span><span style=\"font-weight: 400;\">Turkl\u0101t konferenc\u0113 tika iek\u013cauts tirgus, kur\u0101 dal\u012bbnieki var\u0113ja iepaz\u012bstin\u0101t ar savu diskusiju un projektu rezult\u0101tiem, veicinot sadarb\u012bbu un zin\u0101\u0161anu apmai\u0146u.<\/span><\/p>\n<p><span style=\"font-weight: 400;\">DYPALL Network izpilddirektors un direktora vietnieks akt\u012bvi piedal\u012bj\u0101s konferenc\u0113, veicinot sesijas un sniedzot ieguld\u012bjumu pane\u013cdiskusij\u0101s. To iesaiste uzsv\u0113ra t\u012bkla ap\u0146em\u0161anos veicin\u0101t jaunie\u0161u iesp\u0113jas un demokr\u0101tiju vis\u0101 Eirop\u0101.<\/span><\/p>\n<p><a href=\"https:\/\/dypall.com\/lv\/2024\/03\/06\/dypall-network-at-the-european-conference-on-local-youth-work-and-democracy\/417532917_804798851684473_2540614781800823317_n\/#main\" rel=\"attachment wp-att-6989\"><img loading=\"lazy\" decoding=\"async\" class=\"wp-image-6989 aligncenter\" src=\"https:\/\/dypall.com\/wp-content\/uploads\/2024\/03\/417532917_804798851684473_2540614781800823317_n.jpeg\" alt=\"\" width=\"951\" height=\"633\" \/><\/a><\/p>\n<p><a href=\"https:\/\/dypall.com\/lv\/2024\/03\/06\/dypall-network-at-the-european-conference-on-local-youth-work-and-democracy\/417534083_804798481684510_6317943543760295635_n\/#main\" rel=\"attachment wp-att-6990\"><img loading=\"lazy\" decoding=\"async\" class=\"wp-image-6990 aligncenter\" src=\"https:\/\/dypall.com\/wp-content\/uploads\/2024\/03\/417534083_804798481684510_6317943543760295635_n.jpeg\" alt=\"\" width=\"959\" height=\"632\" \/><\/a><\/p>\n<p><a href=\"https:\/\/dypall.com\/lv\/2024\/03\/06\/dypall-network-at-the-european-conference-on-local-youth-work-and-democracy\/417457850_804798868351138_112812676494029527_n\/#main\" rel=\"attachment wp-att-6994\"><img loading=\"lazy\" decoding=\"async\" class=\"wp-image-6994 aligncenter\" src=\"https:\/\/dypall.com\/wp-content\/uploads\/2024\/03\/417457850_804798868351138_112812676494029527_n.jpeg\" alt=\"\" width=\"961\" height=\"630\" \/><\/a><\/p>\n<p><a href=\"https:\/\/dypall.com\/lv\/2024\/03\/06\/dypall-network-at-the-european-conference-on-local-youth-work-and-democracy\/417487665_804798551684503_4831559460121571976_n\/#main\" rel=\"attachment wp-att-6993\"><img loading=\"lazy\" decoding=\"async\" class=\"wp-image-6993 aligncenter\" src=\"https:\/\/dypall.com\/wp-content\/uploads\/2024\/03\/417487665_804798551684503_4831559460121571976_n.jpeg\" alt=\"\" width=\"959\" height=\"632\" \/><\/a><a href=\"https:\/\/dypall.com\/lv\/2024\/03\/06\/dypall-network-at-the-european-conference-on-local-youth-work-and-democracy\/420690777_804798611684497_3478108380284599581_n\/#main\" rel=\"attachment wp-att-6992\"><img loading=\"lazy\" decoding=\"async\" class=\"wp-image-6992 aligncenter\" src=\"https:\/\/dypall.com\/wp-content\/uploads\/2024\/03\/420690777_804798611684497_3478108380284599581_n.jpeg\" alt=\"\" width=\"955\" height=\"712\" \/><\/a><\/p>\n<p><a href=\"https:\/\/dypall.com\/lv\/2024\/03\/06\/dypall-network-at-the-european-conference-on-local-youth-work-and-democracy\/417507214_804798661684492_3166452125619035026_n\/#main\" rel=\"attachment wp-att-6988\"><img loading=\"lazy\" decoding=\"async\" class=\"wp-image-6988 aligncenter\" src=\"https:\/\/dypall.com\/wp-content\/uploads\/2024\/03\/417507214_804798661684492_3166452125619035026_n.jpeg\" alt=\"\" width=\"956\" height=\"718\" \/><\/a><\/p>\n<p><a href=\"https:\/\/dypall.com\/lv\/2024\/03\/06\/dypall-network-at-the-european-conference-on-local-youth-work-and-democracy\/419303235_804798728351152_1640241227939080436_n\/#main\" rel=\"attachment wp-att-6991\"><img loading=\"lazy\" decoding=\"async\" class=\"wp-image-6991 aligncenter\" src=\"https:\/\/dypall.com\/wp-content\/uploads\/2024\/03\/419303235_804798728351152_1640241227939080436_n.jpeg\" alt=\"\" width=\"956\" height=\"630\" \/><\/a><\/p>","protected":false},"excerpt":{"rendered":"<p>DYPALL t\u012bklam bija noz\u012bm\u012bga loma nesenaj\u0101 Eiropas konferenc\u0113 par viet\u0113jo darbu ar jaunatni un demokr\u0101tiju, ko organiz\u0113ja ES prezidentvalsts Be\u013c\u0123ija un kas notika Brisel\u0113 no 20. l\u012bdz 23. febru\u0101rim. \u0160\u012b san\u0101ksme, kas tika organiz\u0113ta kop\u0101 ar strat\u0113\u0123iskajiem valstu a\u0123ent\u016bru sadarb\u012bbas projektiem \u201cEurope Goes Local\u201d un \u201c Democracy Reloading\u201d, bija v\u0113rsta uz to, lai uzlabotu darba ar jaunatni kvalit\u0101ti... <a class=\"more-link\" href=\"https:\/\/dypall.com\/lv\/activity\/dypall-network-at-the-european-conference-on-local-youth-work-and-democracy\/\">Turpiniet las\u012bt <span class=\"screen-reader-text\">DYPALL t\u012bkls Eiropas konferenc\u0113 par viet\u0113jo darbu ar jaunatni un demokr\u0101tiju<\/span><\/a><\/p>","protected":false},"author":1,"featured_media":7136,"comment_status":"closed","ping_status":"open","sticky":false,"template":"","format":"standard","meta":{"_acf_changed":false,"_jetpack_memberships_contains_paid_content":false,"footnotes":""},"categories":[111,112],"tags":[],"class_list":["post-6986","post","type-post","status-publish","format-standard","has-post-thumbnail","hentry","category-activity","category-conference","entry"],"acf":[],"yoast_head":"<!-- This site is optimized with the Yoast SEO plugin v22.8 - https:\/\/yoast.com\/wordpress\/plugins\/seo\/ -->\n<title>DYPALL Network at the European Conference on Local Youth Work and Democracy - DYPALL Network<\/title>\n<meta name=\"robots\" content=\"index, follow, max-snippet:-1, max-image-preview:large, max-video-preview:-1\" \/>\n<link rel=\"canonical\" href=\"https:\/\/dypall.com\/lv\/activity\/dypall-network-at-the-european-conference-on-local-youth-work-and-democracy\/\" \/>\n<meta property=\"og:locale\" content=\"lv_LV\" \/>\n<meta property=\"og:type\" content=\"article\" \/>\n<meta property=\"og:title\" content=\"DYPALL Network at the European Conference on Local Youth Work and Democracy - DYPALL Network\" \/>\n<meta property=\"og:description\" content=\"DYPALL Network played a significant role in the recent European Conference on Local Youth Work and Democracy, organised by the EU Belgium Presidency\u00a0and held in Brussels from 20th to 23rd February. This gathering, organised alongside the Strategic National Agencies Cooperation projects Europe Goes Local and Democracy Reloading, aimed to boost the quality of youth work&hellip; Turpiniet las\u012bt DYPALL Network at the European Conference on Local Youth Work and Democracy\" \/>\n<meta property=\"og:url\" content=\"https:\/\/dypall.com\/lv\/activity\/dypall-network-at-the-european-conference-on-local-youth-work-and-democracy\/\" \/>\n<meta property=\"og:site_name\" content=\"DYPALL Network\" \/>\n<meta property=\"article:published_time\" content=\"2024-03-06T12:50:26+00:00\" \/>\n<meta property=\"article:modified_time\" content=\"2024-06-06T08:57:38+00:00\" \/>\n<meta property=\"og:image\" content=\"https:\/\/dypall.com\/wp-content\/uploads\/2024\/03\/417532917_804798851684473_2540614781800823317_n-1.jpeg\" \/>\n\t<meta property=\"og:image:width\" content=\"1080\" \/>\n\t<meta property=\"og:image:height\" content=\"719\" \/>\n\t<meta property=\"og:image:type\" content=\"image\/jpeg\" \/>\n<meta name=\"author\" content=\"DYPALL Network\" \/>\n<meta name=\"twitter:card\" content=\"summary_large_image\" \/>\n<meta name=\"twitter:label1\" content=\"Written by\" \/>\n\t<meta name=\"twitter:data1\" content=\"DYPALL Network\" \/>\n\t<meta name=\"twitter:label2\" content=\"Est. reading time\" \/>\n\t<meta name=\"twitter:data2\" content=\"1 min\u016bte\" \/>\n<script type=\"application\/ld+json\" class=\"yoast-schema-graph\">{\"@context\":\"https:\/\/schema.org\",\"@graph\":[{\"@type\":\"WebPage\",\"@id\":\"https:\/\/dypall.com\/activity\/dypall-network-at-the-european-conference-on-local-youth-work-and-democracy\/\",\"url\":\"https:\/\/dypall.com\/activity\/dypall-network-at-the-european-conference-on-local-youth-work-and-democracy\/\",\"name\":\"DYPALL Network at the European Conference on Local Youth Work and Democracy - DYPALL Network\",\"isPartOf\":{\"@id\":\"https:\/\/dypall.com\/#website\"},\"primaryImageOfPage\":{\"@id\":\"https:\/\/dypall.com\/activity\/dypall-network-at-the-european-conference-on-local-youth-work-and-democracy\/#primaryimage\"},\"image\":{\"@id\":\"https:\/\/dypall.com\/activity\/dypall-network-at-the-european-conference-on-local-youth-work-and-democracy\/#primaryimage\"},\"thumbnailUrl\":\"https:\/\/dypall.com\/wp-content\/uploads\/2024\/03\/417532917_804798851684473_2540614781800823317_n-1.jpeg\",\"datePublished\":\"2024-03-06T12:50:26+00:00\",\"dateModified\":\"2024-06-06T08:57:38+00:00\",\"author\":{\"@id\":\"https:\/\/dypall.com\/#\/schema\/person\/f92e08aa15c8ba711a9d153129f03377\"},\"breadcrumb\":{\"@id\":\"https:\/\/dypall.com\/activity\/dypall-network-at-the-european-conference-on-local-youth-work-and-democracy\/#breadcrumb\"},\"inLanguage\":\"lv-LV\",\"potentialAction\":[{\"@type\":\"ReadAction\",\"target\":[\"https:\/\/dypall.com\/activity\/dypall-network-at-the-european-conference-on-local-youth-work-and-democracy\/\"]}]},{\"@type\":\"ImageObject\",\"inLanguage\":\"lv-LV\",\"@id\":\"https:\/\/dypall.com\/activity\/dypall-network-at-the-european-conference-on-local-youth-work-and-democracy\/#primaryimage\",\"url\":\"https:\/\/dypall.com\/wp-content\/uploads\/2024\/03\/417532917_804798851684473_2540614781800823317_n-1.jpeg\",\"contentUrl\":\"https:\/\/dypall.com\/wp-content\/uploads\/2024\/03\/417532917_804798851684473_2540614781800823317_n-1.jpeg\",\"width\":1080,\"height\":719},{\"@type\":\"BreadcrumbList\",\"@id\":\"https:\/\/dypall.com\/activity\/dypall-network-at-the-european-conference-on-local-youth-work-and-democracy\/#breadcrumb\",\"itemListElement\":[{\"@type\":\"ListItem\",\"position\":1,\"name\":\"Home\",\"item\":\"https:\/\/dypall.com\/\"},{\"@type\":\"ListItem\",\"position\":2,\"name\":\"DYPALL Network at the European Conference on Local Youth Work and Democracy\"}]},{\"@type\":\"WebSite\",\"@id\":\"https:\/\/dypall.com\/#website\",\"url\":\"https:\/\/dypall.com\/\",\"name\":\"DYPALL Network\",\"description\":\"We are a European network of civil society organisations, municipalities and research institutions dedicated to improving democracy through youth participation.\",\"potentialAction\":[{\"@type\":\"SearchAction\",\"target\":{\"@type\":\"EntryPoint\",\"urlTemplate\":\"https:\/\/dypall.com\/?s={search_term_string}\"},\"query-input\":\"required name=search_term_string\"}],\"inLanguage\":\"lv-LV\"},{\"@type\":\"Person\",\"@id\":\"https:\/\/dypall.com\/#\/schema\/person\/f92e08aa15c8ba711a9d153129f03377\",\"name\":\"DYPALL Network\",\"image\":{\"@type\":\"ImageObject\",\"inLanguage\":\"lv-LV\",\"@id\":\"https:\/\/dypall.com\/#\/schema\/person\/image\/\",\"url\":\"https:\/\/secure.gravatar.com\/avatar\/9c39e299279800c6d69c5e02cf613e7bab060889f373052a03d7ac399e8f0d3c?s=96&d=mm&r=g\",\"contentUrl\":\"https:\/\/secure.gravatar.com\/avatar\/9c39e299279800c6d69c5e02cf613e7bab060889f373052a03d7ac399e8f0d3c?s=96&d=mm&r=g\",\"caption\":\"DYPALL Network\"},\"sameAs\":[\"https:\/\/dypall.com\"],\"url\":\"https:\/\/dypall.com\/lv\/author\/dypall\/\"}]}<\/script>\n<!-- \/ Yoast SEO plugin. -->","yoast_head_json":{"title":"DYPALL Network at the European Conference on Local Youth Work and Democracy - DYPALL Network","robots":{"index":"index","follow":"follow","max-snippet":"max-snippet:-1","max-image-preview":"max-image-preview:large","max-video-preview":"max-video-preview:-1"},"canonical":"https:\/\/dypall.com\/lv\/activity\/dypall-network-at-the-european-conference-on-local-youth-work-and-democracy\/","og_locale":"lv_LV","og_type":"article","og_title":"DYPALL Network at the European Conference on Local Youth Work and Democracy - DYPALL Network","og_description":"DYPALL Network played a significant role in the recent European Conference on Local Youth Work and Democracy, organised by the EU Belgium Presidency\u00a0and held in Brussels from 20th to 23rd February. This gathering, organised alongside the Strategic National Agencies Cooperation projects Europe Goes Local and Democracy Reloading, aimed to boost the quality of youth work&hellip; Turpiniet las\u012bt DYPALL Network at the European Conference on Local Youth Work and Democracy","og_url":"https:\/\/dypall.com\/lv\/activity\/dypall-network-at-the-european-conference-on-local-youth-work-and-democracy\/","og_site_name":"DYPALL Network","article_published_time":"2024-03-06T12:50:26+00:00","article_modified_time":"2024-06-06T08:57:38+00:00","og_image":[{"width":1080,"height":719,"url":"https:\/\/dypall.com\/wp-content\/uploads\/2024\/03\/417532917_804798851684473_2540614781800823317_n-1.jpeg","type":"image\/jpeg"}],"author":"DYPALL Network","twitter_card":"summary_large_image","twitter_misc":{"Written by":"DYPALL Network","Est. reading time":"1 min\u016bte"},"schema":{"@context":"https:\/\/schema.org","@graph":[{"@type":"WebPage","@id":"https:\/\/dypall.com\/activity\/dypall-network-at-the-european-conference-on-local-youth-work-and-democracy\/","url":"https:\/\/dypall.com\/activity\/dypall-network-at-the-european-conference-on-local-youth-work-and-democracy\/","name":"DYPALL Network at the European Conference on Local Youth Work and Democracy - DYPALL Network","isPartOf":{"@id":"https:\/\/dypall.com\/#website"},"primaryImageOfPage":{"@id":"https:\/\/dypall.com\/activity\/dypall-network-at-the-european-conference-on-local-youth-work-and-democracy\/#primaryimage"},"image":{"@id":"https:\/\/dypall.com\/activity\/dypall-network-at-the-european-conference-on-local-youth-work-and-democracy\/#primaryimage"},"thumbnailUrl":"https:\/\/dypall.com\/wp-content\/uploads\/2024\/03\/417532917_804798851684473_2540614781800823317_n-1.jpeg","datePublished":"2024-03-06T12:50:26+00:00","dateModified":"2024-06-06T08:57:38+00:00","author":{"@id":"https:\/\/dypall.com\/#\/schema\/person\/f92e08aa15c8ba711a9d153129f03377"},"breadcrumb":{"@id":"https:\/\/dypall.com\/activity\/dypall-network-at-the-european-conference-on-local-youth-work-and-democracy\/#breadcrumb"},"inLanguage":"lv-LV","potentialAction":[{"@type":"ReadAction","target":["https:\/\/dypall.com\/activity\/dypall-network-at-the-european-conference-on-local-youth-work-and-democracy\/"]}]},{"@type":"ImageObject","inLanguage":"lv-LV","@id":"https:\/\/dypall.com\/activity\/dypall-network-at-the-european-conference-on-local-youth-work-and-democracy\/#primaryimage","url":"https:\/\/dypall.com\/wp-content\/uploads\/2024\/03\/417532917_804798851684473_2540614781800823317_n-1.jpeg","contentUrl":"https:\/\/dypall.com\/wp-content\/uploads\/2024\/03\/417532917_804798851684473_2540614781800823317_n-1.jpeg","width":1080,"height":719},{"@type":"BreadcrumbList","@id":"https:\/\/dypall.com\/activity\/dypall-network-at-the-european-conference-on-local-youth-work-and-democracy\/#breadcrumb","itemListElement":[{"@type":"ListItem","position":1,"name":"Home","item":"https:\/\/dypall.com\/"},{"@type":"ListItem","position":2,"name":"DYPALL Network at the European Conference on Local Youth Work and Democracy"}]},{"@type":"WebSite","@id":"https:\/\/dypall.com\/#website","url":"https:\/\/dypall.com\/","name":"DYPALL Network","description":"We are a European network of civil society organisations, municipalities and research institutions dedicated to improving democracy through youth participation.","potentialAction":[{"@type":"SearchAction","target":{"@type":"EntryPoint","urlTemplate":"https:\/\/dypall.com\/?s={search_term_string}"},"query-input":"required name=search_term_string"}],"inLanguage":"lv-LV"},{"@type":"Person","@id":"https:\/\/dypall.com\/#\/schema\/person\/f92e08aa15c8ba711a9d153129f03377","name":"DYPALL Network","image":{"@type":"ImageObject","inLanguage":"lv-LV","@id":"https:\/\/dypall.com\/#\/schema\/person\/image\/","url":"https:\/\/secure.gravatar.com\/avatar\/9c39e299279800c6d69c5e02cf613e7bab060889f373052a03d7ac399e8f0d3c?s=96&d=mm&r=g","contentUrl":"https:\/\/secure.gravatar.com\/avatar\/9c39e299279800c6d69c5e02cf613e7bab060889f373052a03d7ac399e8f0d3c?s=96&d=mm&r=g","caption":"DYPALL Network"},"sameAs":["https:\/\/dypall.com"],"url":"https:\/\/dypall.com\/lv\/author\/dypall\/"}]}},"jetpack_featured_media_url":"https:\/\/dypall.com\/wp-content\/uploads\/2024\/03\/417532917_804798851684473_2540614781800823317_n-1.jpeg","jetpack_sharing_enabled":true,"_links":{"self":[{"href":"https:\/\/dypall.com\/lv\/wp-json\/wp\/v2\/posts\/6986","targetHints":{"allow":["GET"]}}],"collection":[{"href":"https:\/\/dypall.com\/lv\/wp-json\/wp\/v2\/posts"}],"about":[{"href":"https:\/\/dypall.com\/lv\/wp-json\/wp\/v2\/types\/post"}],"author":[{"embeddable":true,"href":"https:\/\/dypall.com\/lv\/wp-json\/wp\/v2\/users\/1"}],"replies":[{"embeddable":true,"href":"https:\/\/dypall.com\/lv\/wp-json\/wp\/v2\/comments?post=6986"}],"version-history":[{"count":3,"href":"https:\/\/dypall.com\/lv\/wp-json\/wp\/v2\/posts\/6986\/revisions"}],"predecessor-version":[{"id":7137,"href":"https:\/\/dypall.com\/lv\/wp-json\/wp\/v2\/posts\/6986\/revisions\/7137"}],"wp:featuredmedia":[{"embeddable":true,"href":"https:\/\/dypall.com\/lv\/wp-json\/wp\/v2\/media\/7136"}],"wp:attachment":[{"href":"https:\/\/dypall.com\/lv\/wp-json\/wp\/v2\/media?parent=6986"}],"wp:term":[{"taxonomy":"category","embeddable":true,"href":"https:\/\/dypall.com\/lv\/wp-json\/wp\/v2\/categories?post=6986"},{"taxonomy":"post_tag","embeddable":true,"href":"https:\/\/dypall.com\/lv\/wp-json\/wp\/v2\/tags?post=6986"}],"curies":[{"name":"wp","href":"https:\/\/api.w.org\/{rel}","templated":true}]}}