{"id":6855,"date":"2024-01-09T14:29:53","date_gmt":"2024-01-09T14:29:53","guid":{"rendered":"https:\/\/dypall.com\/?p=6855"},"modified":"2024-10-31T09:57:17","modified_gmt":"2024-10-31T09:57:17","slug":"winter-democracy-academy-a-week-long-focus-on-youth-participation-for-stronger-local-democracies","status":"publish","type":"post","link":"https:\/\/dypall.com\/lv\/activity\/winter-democracy-academy-a-week-long-focus-on-youth-participation-for-stronger-local-democracies\/","title":{"rendered":"Ziemas demokr\u0101tijas akad\u0113mija: Ned\u0113\u013cu ilgs pas\u0101kums, kura uzman\u012bbas centr\u0101 ir jaunie\u0161u l\u012bdzdal\u012bba sp\u0113c\u012bg\u0101k\u0101m viet\u0113j\u0101m demokr\u0101tij\u0101m"},"content":{"rendered":"<p><span style=\"font-weight: 400;\">Pirmais izdevums <em><strong>Ziemas demokr\u0101tijas akad\u0113mija<\/strong><\/em><strong> (WDA)<\/strong> notika 2023. gada 10.\u201316. decembr\u012b Lisabon\u0101 (Portug\u0101le). To organiz\u0113ja DYPALL t\u012bkls un Lisabonas Jaunatnes centrs, sadarbojoties ar vair\u0101k\u0101m iest\u0101d\u0113m un veicot svar\u012bgu darbu jaunie\u0161u l\u012bdzdal\u012bbas jom\u0101, kas ir viens no viet\u0113j\u0101s demokr\u0101tijas p\u012bl\u0101riem. WDA cent\u0101s k\u013c\u016bt par atsauces pas\u0101kumu jaunatnes darbiniekiem, l\u0113mumu pie\u0146\u0113m\u0113jiem, ekspertiem \u0161aj\u0101 jom\u0101 un iest\u0101\u017eu p\u0101rst\u0101vjiem, nodro\u0161inot vi\u0146iem visiem iesp\u0113ju tikties, diskut\u0113t, veidot savas sp\u0113jas un sadarboties jaunie\u0161u l\u012bdzdal\u012bbas jaut\u0101jumos. Lai sasniegtu \u0161o v\u0113rien\u012bgo m\u0113r\u0137i, pas\u0101kums ietv\u0113ra vair\u0101kas aktivit\u0101tes, kas notika vienlaikus.\u00a0<\/span><\/p>\n<p><span style=\"font-weight: 400;\">Par <strong>DYPALL t\u012bkla Eiropas koordin\u0101cijas grupa<\/strong> un <strong>T\u012bkla dal\u012bbnieku san\u0101ksme<\/strong> notika pas\u0101kuma pirmaj\u0101s dien\u0101s. Vad\u012bbas grupas san\u0101ksme s\u0101k\u0101s ar 2023. gada p\u0101rskatu par DYPALL t\u012bkla darbu, kas ietver da\u017e\u0101dus starptautiskus projektus, tostarp t\u0101dus pas\u0101kumus k\u0101 m\u0101c\u012bbu kursi, starptautiska konference, m\u0101c\u012bbu apmekl\u0113jumi, partner\u012bbas veido\u0161anas pas\u0101kumi, jaunie\u0161u apmai\u0146a, m\u0101c\u012bbu sesija utt. <\/span><span style=\"font-weight: 400;\">Tik\u0161an\u0101s laik\u0101 notiku\u0161aj\u0101s diskusij\u0101s tika uzsv\u0113rts, cik svar\u012bgi ir saska\u0146ot projektus, optimiz\u0113t resursus un nov\u0113rt\u0113t ietekmi uz ieinteres\u0113taj\u0101m person\u0101m un politikas veido\u0161anu. Vad\u012bbas grupas locek\u013ci uzsv\u0113ra, ka ir svar\u012bgi standartiz\u0113t izv\u0113rt\u0113\u0161anas metodes, uzlabot projektu savienojam\u012bbu un sekot l\u012bdzi ietekmei, izmantojot atgriezenisko saiti un kvalitat\u012bvu pas\u0101kumu pl\u0101no\u0161anu.<\/span><span style=\"font-weight: 400;\"> I<\/span><span style=\"font-weight: 400;\">2024. gad\u0101 DYPALL t\u012bkla m\u0113r\u0137is ir organiz\u0113t papildu tie\u0161saistes konferences, papla\u0161in\u0101t izp\u0113tes apmekl\u0113jumus un \u012bstenot vides r\u012bc\u012bbas pl\u0101nu, galveno uzman\u012bbu piev\u0113r\u0161ot ilgtsp\u0113jas darbsemin\u0101riem, lai veicin\u0101tu m\u016bsu inform\u0113\u0161anu un ietekmi.<\/span><\/p>\n<p><span style=\"font-weight: 400;\">Laik\u0101, kad <strong>Dal\u012bbnieku kopsapulce<\/strong> 12. decembr\u012b DYPALL t\u012bkla koordinators Bruno Antonio uzsv\u0113ra organiz\u0101cijas past\u0101v\u012bgo ap\u0146em\u0161anos veicin\u0101t jaunie\u0161u iesaisti un sekm\u0113t demokr\u0101tiju viet\u0113j\u0101 l\u012bmen\u012b. Cita starp\u0101 centieni ietv\u0113ra publik\u0101ciju izveidi par jaunie\u0161u migrantu l\u012bdzdal\u012bbu un viet\u0113j\u0101m jaunatnes padom\u0113m, lai izveidotu migrantiem draudz\u012bgas pils\u0113tas un uzlabotu jaunie\u0161u iesaistes telpas. Uzsvars tika likts ar\u012b uz vien\u0101dranga izgl\u012bt\u012bbas projektiem, piem\u0113ram, ES ietekm\u0113t\u0101jiem un m\u0101c\u012bbu apmekl\u0113jumiem k\u0101 efekt\u012bv\u0101m sp\u0113ju veido\u0161anas iesp\u0113j\u0101m. DYPALL t\u012bkla struktur\u0101lo iniciat\u012bvu m\u0113r\u0137is bija stiprin\u0101t demokr\u0101tiju, dot iesp\u0113jas jaunie\u0161iem un cie\u0161\u0101k sadarboties ar Portug\u0101les pa\u0161vald\u012bb\u0101m, lai uzlabotu viet\u0113jo jaunatnes politiku.\u00a0<\/span><span style=\"font-weight: 400;\">Locek\u013ci demonstr\u0113ja da\u017e\u0101dus projektus un iesaist\u012bj\u0101s sesij\u0101s, uzsverot jaunie\u0161u l\u012bdzdal\u012bbu un ilgtsp\u0113j\u012bgas demokr\u0101tijas, veicinot diskusijas, lai uzlabotu t\u012bkla starptautiskos pas\u0101kumus, un uzsverot iek\u013caujo\u0161us procesus DYPALL t\u012bkl\u0101.<\/span><\/p>\n<p><span style=\"font-weight: 400;\">Par <strong>Partner\u012bbas veido\u0161anas darb\u012bba (PBA) <em>\u201cSiner\u0123ijas veido\u0161ana ilgtsp\u0113j\u012bg\u0101m viet\u0113j\u0101m demokr\u0101tij\u0101m\u201d<\/em><\/strong> notika visu ned\u0113\u013cu paral\u0113li citiem pas\u0101kumiem. PBA pulc\u0113ja 24 dal\u012bbniekus no Norv\u0113\u0123ijas, Turcijas, Horv\u0101tijas, Sp\u0101nijas, Zieme\u013cma\u0137edonijas, Slov\u0101kijas, Grie\u0137ijas, Portug\u0101les, Arm\u0113nijas, Gruzijas, Serbijas, Kipras un It\u0101lijas, kuriem bija kop\u012bgs m\u0113r\u0137is: stiprin\u0101t jaunie\u0161u lomu ilgtsp\u0113j\u012bgu demokr\u0101tiju veido\u0161an\u0101. Vair\u0101k\u0101s sesij\u0101s, kuru pamat\u0101 bija neform\u0101l\u0101s izgl\u012bt\u012bbas metodes, dal\u012bbnieki izp\u0113t\u012bja da\u017e\u0101dus jaunie\u0161u l\u012bdzdal\u012bbas aspektus, programmu \u201cErasmus+\u201d un sadarb\u012bbas metodes un r\u012bkus ilgtsp\u0113j\u012bgu projektu izveidei. Galven\u0101s sesijas ietv\u0113ra kop\u012bgu diskusiju, kur\u0101 galven\u0101 uzman\u012bba tika piev\u0113rsta da\u017e\u0101du organizatorisko un kult\u016bras perspekt\u012bvu integr\u0113\u0161anai, lai piev\u0113rstos jaunie\u0161u l\u012bdzdal\u012bbai un t\u0101s lomai ilgtsp\u0113j\u012bgu demokr\u0101tiju veido\u0161an\u0101.\u00a0<\/span><span style=\"font-weight: 400;\">Pas\u0101kum\u0101 piedal\u012bj\u0101s ar\u012b projektu prezent\u0101cijas, uzsverot inovat\u012bvas iniciat\u012bvas, kuru m\u0113r\u0137is ir uzlabot balso\u0161anas kvalit\u0101ti un v\u0113l\u0113t\u0101ju aktivit\u0101ti un uzlabot l\u012bdzbiedru izgl\u012bt\u012bbu. Katrs projekts apliecin\u0101ja dal\u012bbnieku ap\u0146em\u0161anos rad\u012bt ietekm\u012bgas p\u0101rmai\u0146as sav\u0101s kopien\u0101s.<\/span><\/p>\n<p><span style=\"font-weight: 400;\">Turkl\u0101t <strong>starptautiska konference<\/strong>, <em><strong>\u201c\u0160odienas demokr\u0101tijas izaicin\u0101jumi\u201d,<\/strong><\/em> notika 13. decembr\u012b, nodro\u0161inot telpu p\u0101rdom\u0101m un viedok\u013cu apmai\u0146ai starp jaunatnes l\u012bderiem, p\u0113tniekiem, pilsonisk\u0101s sabiedr\u012bbas organiz\u0101ciju p\u0101rst\u0101vjiem un viet\u0113j\u0101m iest\u0101d\u0113m. Konferences laik\u0101 vi\u0146a <strong>programmatiska runa<\/strong>, kura nosaukums ir <em><strong>\u201c\u0160odienas demokr\u0101tijas izaicin\u0101jumi\u201d,<\/strong><\/em>\u00a0pieg\u0101d\u0101ja <strong>Sofija Serra-Silva<\/strong>, politologs un profesors Lisabonas Universit\u0101t\u0113. Vi\u0146as uzst\u0101\u0161an\u0101s preciz\u0113ja j\u0113dzienu \u201cpolitisk\u0101s patolo\u0123ijas\u201d, \u201cdemokr\u0101tijas defic\u012bts\u201d un le\u0123itimit\u0101tes kr\u012bzi, kas apdraud m\u016bsdienu demokr\u0101tijas. P\u0113c tam jaunatnes l\u012bderiem bija iesp\u0113ja debat\u0113t par m\u016bsdienu demokr\u0101tiju st\u0101vokli un jaunie\u0161u vietu taj\u0101s <strong>apa\u013c\u0101 galda san\u0101ksme<\/strong> <em><strong>\u201cJauni risin\u0101jumi jaunie\u0161u l\u012bdzdal\u012bbas probl\u0113m\u0101m\u201d<\/strong><\/em>. Konference tika pabeigta ar <strong>prezent\u0101ciju s\u0113rija par darbu ar jaunatni praks\u0113<\/strong>: <strong>\u201cEiropas projekti un prakse\u201d<\/strong>, kur\u0101 tika prezent\u0113ti tr\u012bs l\u012bdzdal\u012bbas projekti: <em><strong>Mans Polis<\/strong><\/em>, <em><strong>Transformatori<\/strong><\/em>, un <em><strong>N\u0101kam\u0101s paaudzes akad\u0113mija<\/strong><\/em>.\u00a0<\/span><\/p>\n<p><span style=\"font-weight: 400;\">Konferences diena turpin\u0101j\u0101s ar <strong>Izp\u0113tes viz\u012bte<\/strong>, <em><strong>\u201cIzp\u0113t\u012bt veiksm\u012bgo Lisabonas praksi darb\u0101 ar jaunatni\u201d,<\/strong><\/em>\u00a0attiec\u012bb\u0101 uz <strong>Jaunatnes centrs<\/strong> kas atrodas <strong>Almadas pa\u0161vald\u012bba<\/strong>. Izp\u0113tes apmekl\u0113jums ilustr\u0113ja praktiskas probl\u0113mas, kas saist\u012btas ar jaunie\u0161u iesaist\u012b\u0161anu demokr\u0101tiskajos procesos. \u0160\u012bs konferences diskusijas un nov\u0113rojumi sniedz v\u0113rt\u012bgas perspekt\u012bvas turpm\u0101k\u0101m iniciat\u012bv\u0101m, kuru m\u0113r\u0137is ir uzlabot demokr\u0101tisko l\u012bdzdal\u012bbu un risin\u0101t pa\u0161reiz\u0113j\u0101s probl\u0113mas.\u00a0<\/span><\/p>\n<p><span style=\"font-weight: 400;\">Kopum\u0101 ned\u0113\u013cu ilgaj\u0101 Ziemas demokr\u0101tijas akad\u0113mij\u0101 notika da\u017e\u0101das darb\u012bbas, un taj\u0101 tika uzsv\u0113rts, cik svar\u012bgi ir iesaist\u012bt jaunie\u0161us demokr\u0101tiskajos procesos un veicin\u0101t ilgtsp\u0113j\u012bgas demokr\u0101tijas, uzlabojot viet\u0113jo jaunatnes politiku. Par <strong>Ziemas demokr\u0101tijas akad\u0113mijas ned\u0113\u013ca<\/strong> un <strong>Starptautiska konference \u201c\u0160odienas demokr\u0101tijas izaicin\u0101jumi\u201d<\/strong> tika organiz\u0113ta ar programmas \u201cErasmus+\u201d atbalstu ar Portug\u0101les valsts a\u0123ent\u016bras un Eiropas Komisijas starpniec\u012bbu partner\u012bb\u0101 ar <a href=\"https:\/\/cjl.ipdj.gov.pt\/\">Lisabonas Jaunatnes centrs (CJL)<\/a> no <a href=\"https:\/\/ipdj.gov.pt\/\">Portug\u0101les Sporta un jaunatnes instit\u016bts<\/a>.<\/span><\/p>\n<p><em><span style=\"font-weight: 400;\">Finans\u0113 Eiropas Savien\u012bba. Tom\u0113r paustie uzskati un viedok\u013ci ir tikai autora(-u) uzskati un viedok\u013ci un ne vienm\u0113r atspogu\u013co Eiropas Savien\u012bbas vai Eiropas Komisijas uzskatus un viedok\u013cus. Ne Eiropas Savien\u012bbu, ne pie\u0161\u0137\u012br\u0113ju iest\u0101di nevar saukt pie atbild\u012bbas par tiem.<\/span><\/em><\/p>\n<p>\u00a0<\/p>\n\n\n<figure class=\"wp-block-gallery has-nested-images columns-default is-cropped wp-block-gallery-1 is-layout-flex wp-block-gallery-is-layout-flex\">\n<figure class=\"wp-block-image size-large\"><img loading=\"lazy\" decoding=\"async\" width=\"2560\" height=\"1707\" data-id=\"7984\" src=\"https:\/\/dypall.com\/wp-content\/uploads\/2024\/01\/DSC_0020-min-1-scaled.jpg\" alt=\"\" class=\"wp-image-7984\" srcset=\"https:\/\/dypall.com\/wp-content\/uploads\/2024\/01\/DSC_0020-min-1-scaled.jpg 2560w, https:\/\/dypall.com\/wp-content\/uploads\/2024\/01\/DSC_0020-min-1-768x512.jpg 768w, https:\/\/dypall.com\/wp-content\/uploads\/2024\/01\/DSC_0020-min-1-1536x1024.jpg 1536w, https:\/\/dypall.com\/wp-content\/uploads\/2024\/01\/DSC_0020-min-1-2048x1365.jpg 2048w, https:\/\/dypall.com\/wp-content\/uploads\/2024\/01\/DSC_0020-min-1-1568x1045.jpg 1568w\" sizes=\"auto, (max-width: 2560px) 100vw, 2560px\" \/><\/figure>\n\n\n\n<figure class=\"wp-block-image size-large\"><img loading=\"lazy\" decoding=\"async\" width=\"2560\" height=\"1707\" data-id=\"7985\" src=\"https:\/\/dypall.com\/wp-content\/uploads\/2024\/01\/DSC_0023-min-1-scaled.jpg\" alt=\"\" class=\"wp-image-7985\" srcset=\"https:\/\/dypall.com\/wp-content\/uploads\/2024\/01\/DSC_0023-min-1-scaled.jpg 2560w, https:\/\/dypall.com\/wp-content\/uploads\/2024\/01\/DSC_0023-min-1-768x512.jpg 768w, https:\/\/dypall.com\/wp-content\/uploads\/2024\/01\/DSC_0023-min-1-1536x1024.jpg 1536w, https:\/\/dypall.com\/wp-content\/uploads\/2024\/01\/DSC_0023-min-1-2048x1365.jpg 2048w, https:\/\/dypall.com\/wp-content\/uploads\/2024\/01\/DSC_0023-min-1-1568x1045.jpg 1568w\" sizes=\"auto, (max-width: 2560px) 100vw, 2560px\" \/><\/figure>\n\n\n\n<figure class=\"wp-block-image size-large\"><img loading=\"lazy\" decoding=\"async\" width=\"2560\" height=\"1707\" data-id=\"7986\" src=\"https:\/\/dypall.com\/wp-content\/uploads\/2024\/01\/DSC_0052-min-1-scaled.jpg\" alt=\"\" class=\"wp-image-7986\" srcset=\"https:\/\/dypall.com\/wp-content\/uploads\/2024\/01\/DSC_0052-min-1-scaled.jpg 2560w, https:\/\/dypall.com\/wp-content\/uploads\/2024\/01\/DSC_0052-min-1-768x512.jpg 768w, https:\/\/dypall.com\/wp-content\/uploads\/2024\/01\/DSC_0052-min-1-1536x1024.jpg 1536w, https:\/\/dypall.com\/wp-content\/uploads\/2024\/01\/DSC_0052-min-1-2048x1365.jpg 2048w, https:\/\/dypall.com\/wp-content\/uploads\/2024\/01\/DSC_0052-min-1-1568x1045.jpg 1568w\" sizes=\"auto, (max-width: 2560px) 100vw, 2560px\" \/><\/figure>\n\n\n\n<figure class=\"wp-block-image size-large\"><img loading=\"lazy\" decoding=\"async\" width=\"2560\" height=\"1707\" data-id=\"7987\" src=\"https:\/\/dypall.com\/wp-content\/uploads\/2024\/01\/DSC_0917-min-2-scaled.jpg\" alt=\"\" class=\"wp-image-7987\" srcset=\"https:\/\/dypall.com\/wp-content\/uploads\/2024\/01\/DSC_0917-min-2-scaled.jpg 2560w, https:\/\/dypall.com\/wp-content\/uploads\/2024\/01\/DSC_0917-min-2-768x512.jpg 768w, https:\/\/dypall.com\/wp-content\/uploads\/2024\/01\/DSC_0917-min-2-1536x1024.jpg 1536w, https:\/\/dypall.com\/wp-content\/uploads\/2024\/01\/DSC_0917-min-2-2048x1365.jpg 2048w, https:\/\/dypall.com\/wp-content\/uploads\/2024\/01\/DSC_0917-min-2-1568x1045.jpg 1568w\" sizes=\"auto, (max-width: 2560px) 100vw, 2560px\" \/><\/figure>\n<\/figure>","protected":false},"excerpt":{"rendered":"<p>Pirm\u0101 Ziemas demokr\u0101tijas akad\u0113mija (WDA) notika 2023. gada 10.\u201316. decembr\u012b Lisabon\u0101, Portug\u0101l\u0113. To organiz\u0113ja DYPALL t\u012bkls un Lisabonas Jaunatnes centrs, sadarbojoties ar vair\u0101k\u0101m iest\u0101d\u0113m un veicot svar\u012bgu darbu jaunie\u0161u l\u012bdzdal\u012bbas jom\u0101, kas ir viens no viet\u0113j\u0101s demokr\u0101tijas p\u012bl\u0101riem. WDA cent\u0101s k\u013c\u016bt par atsauces notikumu... <a class=\"more-link\" href=\"https:\/\/dypall.com\/lv\/activity\/winter-democracy-academy-a-week-long-focus-on-youth-participation-for-stronger-local-democracies\/\">Turpiniet las\u012bt <span class=\"screen-reader-text\">Ziemas demokr\u0101tijas akad\u0113mija: Ned\u0113\u013cu ilgs pas\u0101kums, kura uzman\u012bbas centr\u0101 ir jaunie\u0161u l\u012bdzdal\u012bba sp\u0113c\u012bg\u0101k\u0101m viet\u0113j\u0101m demokr\u0101tij\u0101m<\/span><\/a><\/p>","protected":false},"author":1,"featured_media":7167,"comment_status":"closed","ping_status":"open","sticky":false,"template":"","format":"standard","meta":{"_acf_changed":false,"_jetpack_memberships_contains_paid_content":false,"footnotes":""},"categories":[111,112,152],"tags":[],"class_list":["post-6855","post","type-post","status-publish","format-standard","has-post-thumbnail","hentry","category-activity","category-conference","category-study-visits","entry"],"acf":[],"yoast_head":"<!-- This site is optimized with the Yoast SEO plugin v22.8 - https:\/\/yoast.com\/wordpress\/plugins\/seo\/ -->\n<title>Winter Democracy Academy: A Week-long event Focused on Youth Participation for Stronger Local Democracies - DYPALL Network<\/title>\n<meta name=\"robots\" content=\"index, follow, max-snippet:-1, max-image-preview:large, max-video-preview:-1\" \/>\n<link rel=\"canonical\" href=\"https:\/\/dypall.com\/lv\/activity\/winter-democracy-academy-a-week-long-focus-on-youth-participation-for-stronger-local-democracies\/\" \/>\n<meta property=\"og:locale\" content=\"lv_LV\" \/>\n<meta property=\"og:type\" content=\"article\" \/>\n<meta property=\"og:title\" content=\"Winter Democracy Academy: A Week-long event Focused on Youth Participation for Stronger Local Democracies - DYPALL Network\" \/>\n<meta property=\"og:description\" content=\"The first edition of Winter Democracy Academy (WDA) took place from 10th-16th December 2023 in Lisbon, Portugal. It was organised by DYPALL Network and the Lisbon Youth Centre, cooperating with several institutions with important work on youth participation as one of the pillars of local democracy. The WDA strived to become an event of reference&hellip; Turpiniet las\u012bt Winter Democracy Academy: A Week-long event Focused on Youth Participation for Stronger Local Democracies\" \/>\n<meta property=\"og:url\" content=\"https:\/\/dypall.com\/lv\/activity\/winter-democracy-academy-a-week-long-focus-on-youth-participation-for-stronger-local-democracies\/\" \/>\n<meta property=\"og:site_name\" content=\"DYPALL Network\" \/>\n<meta property=\"article:published_time\" content=\"2024-01-09T14:29:53+00:00\" \/>\n<meta property=\"article:modified_time\" content=\"2024-10-31T09:57:17+00:00\" \/>\n<meta property=\"og:image\" content=\"https:\/\/dypall.com\/wp-content\/uploads\/2024\/01\/DYPALL_03.jpeg\" \/>\n\t<meta property=\"og:image:width\" content=\"2048\" \/>\n\t<meta property=\"og:image:height\" content=\"1365\" \/>\n\t<meta property=\"og:image:type\" content=\"image\/jpeg\" \/>\n<meta name=\"author\" content=\"DYPALL Network\" \/>\n<meta name=\"twitter:card\" content=\"summary_large_image\" \/>\n<meta name=\"twitter:label1\" content=\"Written by\" \/>\n\t<meta name=\"twitter:data1\" content=\"DYPALL Network\" \/>\n\t<meta name=\"twitter:label2\" content=\"Est. reading time\" \/>\n\t<meta name=\"twitter:data2\" content=\"5 min\u016btes\" \/>\n<script type=\"application\/ld+json\" class=\"yoast-schema-graph\">{\"@context\":\"https:\/\/schema.org\",\"@graph\":[{\"@type\":\"WebPage\",\"@id\":\"https:\/\/dypall.com\/activity\/winter-democracy-academy-a-week-long-focus-on-youth-participation-for-stronger-local-democracies\/\",\"url\":\"https:\/\/dypall.com\/activity\/winter-democracy-academy-a-week-long-focus-on-youth-participation-for-stronger-local-democracies\/\",\"name\":\"Winter Democracy Academy: A Week-long event Focused on Youth Participation for Stronger Local Democracies - DYPALL Network\",\"isPartOf\":{\"@id\":\"https:\/\/dypall.com\/#website\"},\"primaryImageOfPage\":{\"@id\":\"https:\/\/dypall.com\/activity\/winter-democracy-academy-a-week-long-focus-on-youth-participation-for-stronger-local-democracies\/#primaryimage\"},\"image\":{\"@id\":\"https:\/\/dypall.com\/activity\/winter-democracy-academy-a-week-long-focus-on-youth-participation-for-stronger-local-democracies\/#primaryimage\"},\"thumbnailUrl\":\"https:\/\/dypall.com\/wp-content\/uploads\/2024\/01\/DYPALL_03.jpeg\",\"datePublished\":\"2024-01-09T14:29:53+00:00\",\"dateModified\":\"2024-10-31T09:57:17+00:00\",\"author\":{\"@id\":\"https:\/\/dypall.com\/#\/schema\/person\/f92e08aa15c8ba711a9d153129f03377\"},\"breadcrumb\":{\"@id\":\"https:\/\/dypall.com\/activity\/winter-democracy-academy-a-week-long-focus-on-youth-participation-for-stronger-local-democracies\/#breadcrumb\"},\"inLanguage\":\"lv-LV\",\"potentialAction\":[{\"@type\":\"ReadAction\",\"target\":[\"https:\/\/dypall.com\/activity\/winter-democracy-academy-a-week-long-focus-on-youth-participation-for-stronger-local-democracies\/\"]}]},{\"@type\":\"ImageObject\",\"inLanguage\":\"lv-LV\",\"@id\":\"https:\/\/dypall.com\/activity\/winter-democracy-academy-a-week-long-focus-on-youth-participation-for-stronger-local-democracies\/#primaryimage\",\"url\":\"https:\/\/dypall.com\/wp-content\/uploads\/2024\/01\/DYPALL_03.jpeg\",\"contentUrl\":\"https:\/\/dypall.com\/wp-content\/uploads\/2024\/01\/DYPALL_03.jpeg\",\"width\":2048,\"height\":1365},{\"@type\":\"BreadcrumbList\",\"@id\":\"https:\/\/dypall.com\/activity\/winter-democracy-academy-a-week-long-focus-on-youth-participation-for-stronger-local-democracies\/#breadcrumb\",\"itemListElement\":[{\"@type\":\"ListItem\",\"position\":1,\"name\":\"Home\",\"item\":\"https:\/\/dypall.com\/\"},{\"@type\":\"ListItem\",\"position\":2,\"name\":\"Winter Democracy Academy: A Week-long event Focused on Youth Participation for Stronger Local Democracies\"}]},{\"@type\":\"WebSite\",\"@id\":\"https:\/\/dypall.com\/#website\",\"url\":\"https:\/\/dypall.com\/\",\"name\":\"DYPALL Network\",\"description\":\"We are a European network of civil society organisations, municipalities and research institutions dedicated to improving democracy through youth participation.\",\"potentialAction\":[{\"@type\":\"SearchAction\",\"target\":{\"@type\":\"EntryPoint\",\"urlTemplate\":\"https:\/\/dypall.com\/?s={search_term_string}\"},\"query-input\":\"required name=search_term_string\"}],\"inLanguage\":\"lv-LV\"},{\"@type\":\"Person\",\"@id\":\"https:\/\/dypall.com\/#\/schema\/person\/f92e08aa15c8ba711a9d153129f03377\",\"name\":\"DYPALL Network\",\"image\":{\"@type\":\"ImageObject\",\"inLanguage\":\"lv-LV\",\"@id\":\"https:\/\/dypall.com\/#\/schema\/person\/image\/\",\"url\":\"https:\/\/secure.gravatar.com\/avatar\/9c39e299279800c6d69c5e02cf613e7bab060889f373052a03d7ac399e8f0d3c?s=96&d=mm&r=g\",\"contentUrl\":\"https:\/\/secure.gravatar.com\/avatar\/9c39e299279800c6d69c5e02cf613e7bab060889f373052a03d7ac399e8f0d3c?s=96&d=mm&r=g\",\"caption\":\"DYPALL Network\"},\"sameAs\":[\"https:\/\/dypall.com\"],\"url\":\"https:\/\/dypall.com\/lv\/author\/dypall\/\"}]}<\/script>\n<!-- \/ Yoast SEO plugin. -->","yoast_head_json":{"title":"Winter Democracy Academy: A Week-long event Focused on Youth Participation for Stronger Local Democracies - DYPALL Network","robots":{"index":"index","follow":"follow","max-snippet":"max-snippet:-1","max-image-preview":"max-image-preview:large","max-video-preview":"max-video-preview:-1"},"canonical":"https:\/\/dypall.com\/lv\/activity\/winter-democracy-academy-a-week-long-focus-on-youth-participation-for-stronger-local-democracies\/","og_locale":"lv_LV","og_type":"article","og_title":"Winter Democracy Academy: A Week-long event Focused on Youth Participation for Stronger Local Democracies - DYPALL Network","og_description":"The first edition of Winter Democracy Academy (WDA) took place from 10th-16th December 2023 in Lisbon, Portugal. It was organised by DYPALL Network and the Lisbon Youth Centre, cooperating with several institutions with important work on youth participation as one of the pillars of local democracy. The WDA strived to become an event of reference&hellip; Turpiniet las\u012bt Winter Democracy Academy: A Week-long event Focused on Youth Participation for Stronger Local Democracies","og_url":"https:\/\/dypall.com\/lv\/activity\/winter-democracy-academy-a-week-long-focus-on-youth-participation-for-stronger-local-democracies\/","og_site_name":"DYPALL Network","article_published_time":"2024-01-09T14:29:53+00:00","article_modified_time":"2024-10-31T09:57:17+00:00","og_image":[{"width":2048,"height":1365,"url":"https:\/\/dypall.com\/wp-content\/uploads\/2024\/01\/DYPALL_03.jpeg","type":"image\/jpeg"}],"author":"DYPALL Network","twitter_card":"summary_large_image","twitter_misc":{"Written by":"DYPALL Network","Est. reading time":"5 min\u016btes"},"schema":{"@context":"https:\/\/schema.org","@graph":[{"@type":"WebPage","@id":"https:\/\/dypall.com\/activity\/winter-democracy-academy-a-week-long-focus-on-youth-participation-for-stronger-local-democracies\/","url":"https:\/\/dypall.com\/activity\/winter-democracy-academy-a-week-long-focus-on-youth-participation-for-stronger-local-democracies\/","name":"Winter Democracy Academy: A Week-long event Focused on Youth Participation for Stronger Local Democracies - DYPALL Network","isPartOf":{"@id":"https:\/\/dypall.com\/#website"},"primaryImageOfPage":{"@id":"https:\/\/dypall.com\/activity\/winter-democracy-academy-a-week-long-focus-on-youth-participation-for-stronger-local-democracies\/#primaryimage"},"image":{"@id":"https:\/\/dypall.com\/activity\/winter-democracy-academy-a-week-long-focus-on-youth-participation-for-stronger-local-democracies\/#primaryimage"},"thumbnailUrl":"https:\/\/dypall.com\/wp-content\/uploads\/2024\/01\/DYPALL_03.jpeg","datePublished":"2024-01-09T14:29:53+00:00","dateModified":"2024-10-31T09:57:17+00:00","author":{"@id":"https:\/\/dypall.com\/#\/schema\/person\/f92e08aa15c8ba711a9d153129f03377"},"breadcrumb":{"@id":"https:\/\/dypall.com\/activity\/winter-democracy-academy-a-week-long-focus-on-youth-participation-for-stronger-local-democracies\/#breadcrumb"},"inLanguage":"lv-LV","potentialAction":[{"@type":"ReadAction","target":["https:\/\/dypall.com\/activity\/winter-democracy-academy-a-week-long-focus-on-youth-participation-for-stronger-local-democracies\/"]}]},{"@type":"ImageObject","inLanguage":"lv-LV","@id":"https:\/\/dypall.com\/activity\/winter-democracy-academy-a-week-long-focus-on-youth-participation-for-stronger-local-democracies\/#primaryimage","url":"https:\/\/dypall.com\/wp-content\/uploads\/2024\/01\/DYPALL_03.jpeg","contentUrl":"https:\/\/dypall.com\/wp-content\/uploads\/2024\/01\/DYPALL_03.jpeg","width":2048,"height":1365},{"@type":"BreadcrumbList","@id":"https:\/\/dypall.com\/activity\/winter-democracy-academy-a-week-long-focus-on-youth-participation-for-stronger-local-democracies\/#breadcrumb","itemListElement":[{"@type":"ListItem","position":1,"name":"Home","item":"https:\/\/dypall.com\/"},{"@type":"ListItem","position":2,"name":"Winter Democracy Academy: A Week-long event Focused on Youth Participation for Stronger Local Democracies"}]},{"@type":"WebSite","@id":"https:\/\/dypall.com\/#website","url":"https:\/\/dypall.com\/","name":"DYPALL Network","description":"We are a European network of civil society organisations, municipalities and research institutions dedicated to improving democracy through youth participation.","potentialAction":[{"@type":"SearchAction","target":{"@type":"EntryPoint","urlTemplate":"https:\/\/dypall.com\/?s={search_term_string}"},"query-input":"required name=search_term_string"}],"inLanguage":"lv-LV"},{"@type":"Person","@id":"https:\/\/dypall.com\/#\/schema\/person\/f92e08aa15c8ba711a9d153129f03377","name":"DYPALL Network","image":{"@type":"ImageObject","inLanguage":"lv-LV","@id":"https:\/\/dypall.com\/#\/schema\/person\/image\/","url":"https:\/\/secure.gravatar.com\/avatar\/9c39e299279800c6d69c5e02cf613e7bab060889f373052a03d7ac399e8f0d3c?s=96&d=mm&r=g","contentUrl":"https:\/\/secure.gravatar.com\/avatar\/9c39e299279800c6d69c5e02cf613e7bab060889f373052a03d7ac399e8f0d3c?s=96&d=mm&r=g","caption":"DYPALL Network"},"sameAs":["https:\/\/dypall.com"],"url":"https:\/\/dypall.com\/lv\/author\/dypall\/"}]}},"jetpack_featured_media_url":"https:\/\/dypall.com\/wp-content\/uploads\/2024\/01\/DYPALL_03.jpeg","jetpack_sharing_enabled":true,"_links":{"self":[{"href":"https:\/\/dypall.com\/lv\/wp-json\/wp\/v2\/posts\/6855","targetHints":{"allow":["GET"]}}],"collection":[{"href":"https:\/\/dypall.com\/lv\/wp-json\/wp\/v2\/posts"}],"about":[{"href":"https:\/\/dypall.com\/lv\/wp-json\/wp\/v2\/types\/post"}],"author":[{"embeddable":true,"href":"https:\/\/dypall.com\/lv\/wp-json\/wp\/v2\/users\/1"}],"replies":[{"embeddable":true,"href":"https:\/\/dypall.com\/lv\/wp-json\/wp\/v2\/comments?post=6855"}],"version-history":[{"count":6,"href":"https:\/\/dypall.com\/lv\/wp-json\/wp\/v2\/posts\/6855\/revisions"}],"predecessor-version":[{"id":7988,"href":"https:\/\/dypall.com\/lv\/wp-json\/wp\/v2\/posts\/6855\/revisions\/7988"}],"wp:featuredmedia":[{"embeddable":true,"href":"https:\/\/dypall.com\/lv\/wp-json\/wp\/v2\/media\/7167"}],"wp:attachment":[{"href":"https:\/\/dypall.com\/lv\/wp-json\/wp\/v2\/media?parent=6855"}],"wp:term":[{"taxonomy":"category","embeddable":true,"href":"https:\/\/dypall.com\/lv\/wp-json\/wp\/v2\/categories?post=6855"},{"taxonomy":"post_tag","embeddable":true,"href":"https:\/\/dypall.com\/lv\/wp-json\/wp\/v2\/tags?post=6855"}],"curies":[{"name":"wp","href":"https:\/\/api.w.org\/{rel}","templated":true}]}}