{"id":6725,"date":"2023-11-14T15:25:57","date_gmt":"2023-11-14T15:25:57","guid":{"rendered":"https:\/\/dypall.com\/?p=6725"},"modified":"2024-11-07T11:43:13","modified_gmt":"2024-11-07T11:43:13","slug":"eunvironmental-emergency-in-simple-words-transnational-project-meeting","status":"publish","type":"post","link":"https:\/\/dypall.com\/lv\/activity\/eunvironmental-emergency-in-simple-words-transnational-project-meeting\/","title":{"rendered":"Otr\u0101 starptautisk\u0101 projekta \u201cEUnvironmental Emergency in Simple Words\u201d san\u0101ksme"},"content":{"rendered":"<p><span style=\"font-weight: 400;\">Otr\u0101 san\u0101ksme <em><strong>\u201cES vides \u0101rk\u0101rtas situ\u0101cija vienk\u0101r\u0161os v\u0101rdos\u201d<\/strong><\/em> <strong>starptautiska projekta san\u0101ksme<\/strong> no 7. l\u012bdz 10. novembrim Nikosij\u0101, Kipr\u0101.<\/span><\/p>\n<p><span style=\"font-weight: 400;\">Pirmaj\u0101 dien\u0101 partneri koncentr\u0113j\u0101s uz <\/span><span style=\"font-weight: 400;\">uzraudz\u012bt projekta progresu un organiz\u0113t turpm\u0101kus pas\u0101kumus projekta ietvaros, tostarp izstr\u0101d\u0101t komunik\u0101cijas strat\u0113\u0123iju un \u012bstenot<\/span><span style=\"font-weight: 400;\"> sazi\u0146as kan\u0101li, piem\u0113ram, t\u012bmek\u013ca vietne un soci\u0101lo mediju lapas.<\/span><\/p>\n<p><span style=\"font-weight: 400;\">Otr\u0101 diena bija velt\u012bta projekta rezult\u0101tiem.\u00a0 Partneriem bija iesp\u0113ja pabeigt <em><strong>\u201cIzlik\u0161ana no soda izcie\u0161anas\u201d,<\/strong><\/em> vada DYPALL Network, un sniegt atsauksmes par otro rezult\u0101tu, <em><strong>&#8220;<\/strong><strong>Izgl\u012bt\u012bbas rokasgr\u0101mata jaunatnes darbiniekiem par neform\u0101l\u0101s m\u0101c\u012b\u0161an\u0101s pieej\u0101m vides jaut\u0101jumos<\/strong><strong>,&#8221;<\/strong><\/em>\u00a0vada Salamina pa\u0161vald\u012bba. Konsorcijam bija ar\u012b iesp\u0113ja s\u0101kt pl\u0101not citus projekta rezult\u0101tus, proti, tie\u0161saistes <strong>MOOC Kursi par vides terminolo\u0123iju<\/strong> (PR3) AFOI KOUTSANTONI EE RDC Company vad\u012bb\u0101, <strong>komiksi un galda sp\u0113le ar p\u0101rstr\u0101d\u0101tiem materi\u0101liem<\/strong> (PR4), ko vada <\/span><span style=\"font-weight: 400;\">Soci\u0101l\u0101s inov\u0101cijas centrs \u2013 CSI<\/span><span style=\"font-weight: 400;\">, un<strong> aplik\u0101cijas sp\u0113le <\/strong>(PR5) vada CYLN.<\/span><\/p>\n<p><span style=\"font-weight: 400;\">Projektu koordin\u0113 Salaminas pa\u0161vald\u012bba (Grie\u0137ija) sadarb\u012bb\u0101 ar<\/span> <a href=\"https:\/\/csicy.com\/\"><span style=\"font-weight: 400;\">Soci\u0101l\u0101s inov\u0101cijas centrs \u2013 CSI<\/span><\/a><span style=\"font-weight: 400;\"> (Kipra),<\/span> <a href=\"https:\/\/rozprawyoeuropie.eu\/\"><span style=\"font-weight: 400;\">Rozprawy o Europie<\/span><\/a><span style=\"font-weight: 400;\"> (Polija), AFOI KOUTSANTONI EE RDC Company (Grie\u0137ija), <a href=\"https:\/\/change-your-life-now.gr\/\">CYLN<\/a> (Grie\u0137ija) un DYPALL t\u012bkls programmas \u201cErasmus+\u201d ietvaros.<\/span><\/p>\n<p><a href=\"https:\/\/dypall.com\/lv\/2023\/11\/14\/eunvironmental-emergency-in-simple-words-transnational-project-meeting\/img_4973-1\/#main\" rel=\"attachment wp-att-6726\"><img decoding=\"async\" class=\"alignnone size-full wp-image-6726\" src=\"https:\/\/dypall.com\/wp-content\/uploads\/2023\/11\/IMG_4973-1.heic\" alt=\"\" \/><\/a> <a href=\"https:\/\/dypall.com\/lv\/2023\/11\/14\/eunvironmental-emergency-in-simple-words-transnational-project-meeting\/img_4973\/#main\" rel=\"attachment wp-att-6727\"><img decoding=\"async\" class=\"alignnone size-full wp-image-6727\" src=\"https:\/\/dypall.com\/wp-content\/uploads\/2023\/11\/IMG_4973.heic\" alt=\"\" \/><\/a> <a href=\"https:\/\/dypall.com\/lv\/2023\/11\/14\/eunvironmental-emergency-in-simple-words-transnational-project-meeting\/schermata-2023-11-14-alle-15-22-05\/#main\" rel=\"attachment wp-att-6730\"><img loading=\"lazy\" decoding=\"async\" class=\"wp-image-6730 aligncenter\" src=\"https:\/\/dypall.com\/wp-content\/uploads\/2023\/11\/Schermata-2023-11-14-alle-15.22.05.png\" alt=\"\" width=\"601\" height=\"805\" \/><\/a><\/p>\n<p><a href=\"https:\/\/dypall.com\/lv\/2023\/11\/14\/eunvironmental-emergency-in-simple-words-transnational-project-meeting\/schermata-2023-11-14-alle-15-22-16\/#main\" rel=\"attachment wp-att-6731\"><img loading=\"lazy\" decoding=\"async\" class=\"wp-image-6731 aligncenter\" src=\"https:\/\/dypall.com\/wp-content\/uploads\/2023\/11\/Schermata-2023-11-14-alle-15.22.16.png\" alt=\"\" width=\"591\" height=\"789\" \/><\/a><\/p>\n<p><a href=\"https:\/\/dypall.com\/lv\/2023\/11\/14\/eunvironmental-emergency-in-simple-words-transnational-project-meeting\/schermata-2023-11-14-alle-15-23-08\/#main\" rel=\"attachment wp-att-6732\"><img loading=\"lazy\" decoding=\"async\" class=\"wp-image-6732 aligncenter\" src=\"https:\/\/dypall.com\/wp-content\/uploads\/2023\/11\/Schermata-2023-11-14-alle-15.23.08.png\" alt=\"\" width=\"593\" height=\"438\" \/><\/a><\/p>","protected":false},"excerpt":{"rendered":"<p>Otr\u0101 starptautisk\u0101 projekta \u201cEUnvironmental Emergency in Simple Words\u201d san\u0101ksme notika no 7. l\u012bdz 10. novembrim Nikosij\u0101, Kipr\u0101. Pirmaj\u0101 dien\u0101 partneri galveno uzman\u012bbu piev\u0113rsa projekta progresa uzraudz\u012bbai un turpm\u0101ko pas\u0101kumu organiz\u0113\u0161anai projekta ietvaros, tostarp komunik\u0101cijas strat\u0113\u0123ijas izstr\u0101dei un t\u0101du komunik\u0101cijas kan\u0101lu \u012bsteno\u0161anai k\u0101... <a class=\"more-link\" href=\"https:\/\/dypall.com\/lv\/activity\/eunvironmental-emergency-in-simple-words-transnational-project-meeting\/\">Turpiniet las\u012bt <span class=\"screen-reader-text\">Otr\u0101 starptautisk\u0101 projekta \u201cEUnvironmental Emergency in Simple Words\u201d san\u0101ksme<\/span><\/a><\/p>","protected":false},"author":1,"featured_media":7206,"comment_status":"closed","ping_status":"open","sticky":false,"template":"","format":"standard","meta":{"_acf_changed":false,"_jetpack_memberships_contains_paid_content":false,"footnotes":""},"categories":[111],"tags":[],"class_list":["post-6725","post","type-post","status-publish","format-standard","has-post-thumbnail","hentry","category-activity","entry"],"acf":[],"yoast_head":"<!-- This site is optimized with the Yoast SEO plugin v22.8 - https:\/\/yoast.com\/wordpress\/plugins\/seo\/ -->\n<title>Second &quot;EUnvironmental Emergency in Simple Words&quot; transnational project meeting - DYPALL Network<\/title>\n<meta name=\"robots\" content=\"index, follow, max-snippet:-1, max-image-preview:large, max-video-preview:-1\" \/>\n<link rel=\"canonical\" href=\"https:\/\/dypall.com\/lv\/activity\/eunvironmental-emergency-in-simple-words-transnational-project-meeting\/\" \/>\n<meta property=\"og:locale\" content=\"lv_LV\" \/>\n<meta property=\"og:type\" content=\"article\" \/>\n<meta property=\"og:title\" content=\"Second &quot;EUnvironmental Emergency in Simple Words&quot; transnational project meeting - DYPALL Network\" \/>\n<meta property=\"og:description\" content=\"The second meeting for the &#8220;EUnvironmental Emergency in Simple Words&#8221; transnational project meeting occurred from 7th &#8211; 10th November in Nicosia, Cyprus. During the first day, partners focused on monitoring the project&#8217;s progress and organising further steps in the framework of the project, including creating the Communication Strategy and implementing the communication channels like the&hellip; Turpiniet las\u012bt Second &#8220;EUnvironmental Emergency in Simple Words&#8221; transnational project meeting\" \/>\n<meta property=\"og:url\" content=\"https:\/\/dypall.com\/lv\/activity\/eunvironmental-emergency-in-simple-words-transnational-project-meeting\/\" \/>\n<meta property=\"og:site_name\" content=\"DYPALL Network\" \/>\n<meta property=\"article:published_time\" content=\"2023-11-14T15:25:57+00:00\" \/>\n<meta property=\"article:modified_time\" content=\"2024-11-07T11:43:13+00:00\" \/>\n<meta property=\"og:image\" content=\"https:\/\/dypall.com\/wp-content\/uploads\/2023\/11\/Schermata-2023-11-14-alle-15.23.08.png\" \/>\n\t<meta property=\"og:image:width\" content=\"836\" \/>\n\t<meta property=\"og:image:height\" content=\"618\" \/>\n\t<meta property=\"og:image:type\" content=\"image\/png\" \/>\n<meta name=\"author\" content=\"DYPALL Network\" \/>\n<meta name=\"twitter:card\" content=\"summary_large_image\" \/>\n<meta name=\"twitter:label1\" content=\"Written by\" \/>\n\t<meta name=\"twitter:data1\" content=\"DYPALL Network\" \/>\n\t<meta name=\"twitter:label2\" content=\"Est. reading time\" \/>\n\t<meta name=\"twitter:data2\" content=\"3 min\u016btes\" \/>\n<script type=\"application\/ld+json\" class=\"yoast-schema-graph\">{\"@context\":\"https:\/\/schema.org\",\"@graph\":[{\"@type\":\"WebPage\",\"@id\":\"https:\/\/dypall.com\/activity\/eunvironmental-emergency-in-simple-words-transnational-project-meeting\/\",\"url\":\"https:\/\/dypall.com\/activity\/eunvironmental-emergency-in-simple-words-transnational-project-meeting\/\",\"name\":\"Second \\\"EUnvironmental Emergency in Simple Words\\\" transnational project meeting - DYPALL Network\",\"isPartOf\":{\"@id\":\"https:\/\/dypall.com\/#website\"},\"primaryImageOfPage\":{\"@id\":\"https:\/\/dypall.com\/activity\/eunvironmental-emergency-in-simple-words-transnational-project-meeting\/#primaryimage\"},\"image\":{\"@id\":\"https:\/\/dypall.com\/activity\/eunvironmental-emergency-in-simple-words-transnational-project-meeting\/#primaryimage\"},\"thumbnailUrl\":\"https:\/\/dypall.com\/wp-content\/uploads\/2023\/11\/Schermata-2023-11-14-alle-15.23.08.png\",\"datePublished\":\"2023-11-14T15:25:57+00:00\",\"dateModified\":\"2024-11-07T11:43:13+00:00\",\"author\":{\"@id\":\"https:\/\/dypall.com\/#\/schema\/person\/f92e08aa15c8ba711a9d153129f03377\"},\"breadcrumb\":{\"@id\":\"https:\/\/dypall.com\/activity\/eunvironmental-emergency-in-simple-words-transnational-project-meeting\/#breadcrumb\"},\"inLanguage\":\"lv-LV\",\"potentialAction\":[{\"@type\":\"ReadAction\",\"target\":[\"https:\/\/dypall.com\/activity\/eunvironmental-emergency-in-simple-words-transnational-project-meeting\/\"]}]},{\"@type\":\"ImageObject\",\"inLanguage\":\"lv-LV\",\"@id\":\"https:\/\/dypall.com\/activity\/eunvironmental-emergency-in-simple-words-transnational-project-meeting\/#primaryimage\",\"url\":\"https:\/\/dypall.com\/wp-content\/uploads\/2023\/11\/Schermata-2023-11-14-alle-15.23.08.png\",\"contentUrl\":\"https:\/\/dypall.com\/wp-content\/uploads\/2023\/11\/Schermata-2023-11-14-alle-15.23.08.png\",\"width\":836,\"height\":618},{\"@type\":\"BreadcrumbList\",\"@id\":\"https:\/\/dypall.com\/activity\/eunvironmental-emergency-in-simple-words-transnational-project-meeting\/#breadcrumb\",\"itemListElement\":[{\"@type\":\"ListItem\",\"position\":1,\"name\":\"Home\",\"item\":\"https:\/\/dypall.com\/\"},{\"@type\":\"ListItem\",\"position\":2,\"name\":\"Second &#8220;EUnvironmental Emergency in Simple Words&#8221; transnational project meeting\"}]},{\"@type\":\"WebSite\",\"@id\":\"https:\/\/dypall.com\/#website\",\"url\":\"https:\/\/dypall.com\/\",\"name\":\"DYPALL Network\",\"description\":\"We are a European network of civil society organisations, municipalities and research institutions dedicated to improving democracy through youth participation.\",\"potentialAction\":[{\"@type\":\"SearchAction\",\"target\":{\"@type\":\"EntryPoint\",\"urlTemplate\":\"https:\/\/dypall.com\/?s={search_term_string}\"},\"query-input\":\"required name=search_term_string\"}],\"inLanguage\":\"lv-LV\"},{\"@type\":\"Person\",\"@id\":\"https:\/\/dypall.com\/#\/schema\/person\/f92e08aa15c8ba711a9d153129f03377\",\"name\":\"DYPALL Network\",\"image\":{\"@type\":\"ImageObject\",\"inLanguage\":\"lv-LV\",\"@id\":\"https:\/\/dypall.com\/#\/schema\/person\/image\/\",\"url\":\"https:\/\/secure.gravatar.com\/avatar\/9c39e299279800c6d69c5e02cf613e7bab060889f373052a03d7ac399e8f0d3c?s=96&d=mm&r=g\",\"contentUrl\":\"https:\/\/secure.gravatar.com\/avatar\/9c39e299279800c6d69c5e02cf613e7bab060889f373052a03d7ac399e8f0d3c?s=96&d=mm&r=g\",\"caption\":\"DYPALL Network\"},\"sameAs\":[\"https:\/\/dypall.com\"],\"url\":\"https:\/\/dypall.com\/lv\/author\/dypall\/\"}]}<\/script>\n<!-- \/ Yoast SEO plugin. -->","yoast_head_json":{"title":"Second \"EUnvironmental Emergency in Simple Words\" transnational project meeting - DYPALL Network","robots":{"index":"index","follow":"follow","max-snippet":"max-snippet:-1","max-image-preview":"max-image-preview:large","max-video-preview":"max-video-preview:-1"},"canonical":"https:\/\/dypall.com\/lv\/activity\/eunvironmental-emergency-in-simple-words-transnational-project-meeting\/","og_locale":"lv_LV","og_type":"article","og_title":"Second \"EUnvironmental Emergency in Simple Words\" transnational project meeting - DYPALL Network","og_description":"The second meeting for the &#8220;EUnvironmental Emergency in Simple Words&#8221; transnational project meeting occurred from 7th &#8211; 10th November in Nicosia, Cyprus. During the first day, partners focused on monitoring the project&#8217;s progress and organising further steps in the framework of the project, including creating the Communication Strategy and implementing the communication channels like the&hellip; Turpiniet las\u012bt Second &#8220;EUnvironmental Emergency in Simple Words&#8221; transnational project meeting","og_url":"https:\/\/dypall.com\/lv\/activity\/eunvironmental-emergency-in-simple-words-transnational-project-meeting\/","og_site_name":"DYPALL Network","article_published_time":"2023-11-14T15:25:57+00:00","article_modified_time":"2024-11-07T11:43:13+00:00","og_image":[{"width":836,"height":618,"url":"https:\/\/dypall.com\/wp-content\/uploads\/2023\/11\/Schermata-2023-11-14-alle-15.23.08.png","type":"image\/png"}],"author":"DYPALL Network","twitter_card":"summary_large_image","twitter_misc":{"Written by":"DYPALL Network","Est. reading time":"3 min\u016btes"},"schema":{"@context":"https:\/\/schema.org","@graph":[{"@type":"WebPage","@id":"https:\/\/dypall.com\/activity\/eunvironmental-emergency-in-simple-words-transnational-project-meeting\/","url":"https:\/\/dypall.com\/activity\/eunvironmental-emergency-in-simple-words-transnational-project-meeting\/","name":"Second \"EUnvironmental Emergency in Simple Words\" transnational project meeting - DYPALL Network","isPartOf":{"@id":"https:\/\/dypall.com\/#website"},"primaryImageOfPage":{"@id":"https:\/\/dypall.com\/activity\/eunvironmental-emergency-in-simple-words-transnational-project-meeting\/#primaryimage"},"image":{"@id":"https:\/\/dypall.com\/activity\/eunvironmental-emergency-in-simple-words-transnational-project-meeting\/#primaryimage"},"thumbnailUrl":"https:\/\/dypall.com\/wp-content\/uploads\/2023\/11\/Schermata-2023-11-14-alle-15.23.08.png","datePublished":"2023-11-14T15:25:57+00:00","dateModified":"2024-11-07T11:43:13+00:00","author":{"@id":"https:\/\/dypall.com\/#\/schema\/person\/f92e08aa15c8ba711a9d153129f03377"},"breadcrumb":{"@id":"https:\/\/dypall.com\/activity\/eunvironmental-emergency-in-simple-words-transnational-project-meeting\/#breadcrumb"},"inLanguage":"lv-LV","potentialAction":[{"@type":"ReadAction","target":["https:\/\/dypall.com\/activity\/eunvironmental-emergency-in-simple-words-transnational-project-meeting\/"]}]},{"@type":"ImageObject","inLanguage":"lv-LV","@id":"https:\/\/dypall.com\/activity\/eunvironmental-emergency-in-simple-words-transnational-project-meeting\/#primaryimage","url":"https:\/\/dypall.com\/wp-content\/uploads\/2023\/11\/Schermata-2023-11-14-alle-15.23.08.png","contentUrl":"https:\/\/dypall.com\/wp-content\/uploads\/2023\/11\/Schermata-2023-11-14-alle-15.23.08.png","width":836,"height":618},{"@type":"BreadcrumbList","@id":"https:\/\/dypall.com\/activity\/eunvironmental-emergency-in-simple-words-transnational-project-meeting\/#breadcrumb","itemListElement":[{"@type":"ListItem","position":1,"name":"Home","item":"https:\/\/dypall.com\/"},{"@type":"ListItem","position":2,"name":"Second &#8220;EUnvironmental Emergency in Simple Words&#8221; transnational project meeting"}]},{"@type":"WebSite","@id":"https:\/\/dypall.com\/#website","url":"https:\/\/dypall.com\/","name":"DYPALL Network","description":"We are a European network of civil society organisations, municipalities and research institutions dedicated to improving democracy through youth participation.","potentialAction":[{"@type":"SearchAction","target":{"@type":"EntryPoint","urlTemplate":"https:\/\/dypall.com\/?s={search_term_string}"},"query-input":"required name=search_term_string"}],"inLanguage":"lv-LV"},{"@type":"Person","@id":"https:\/\/dypall.com\/#\/schema\/person\/f92e08aa15c8ba711a9d153129f03377","name":"DYPALL Network","image":{"@type":"ImageObject","inLanguage":"lv-LV","@id":"https:\/\/dypall.com\/#\/schema\/person\/image\/","url":"https:\/\/secure.gravatar.com\/avatar\/9c39e299279800c6d69c5e02cf613e7bab060889f373052a03d7ac399e8f0d3c?s=96&d=mm&r=g","contentUrl":"https:\/\/secure.gravatar.com\/avatar\/9c39e299279800c6d69c5e02cf613e7bab060889f373052a03d7ac399e8f0d3c?s=96&d=mm&r=g","caption":"DYPALL Network"},"sameAs":["https:\/\/dypall.com"],"url":"https:\/\/dypall.com\/lv\/author\/dypall\/"}]}},"jetpack_featured_media_url":"https:\/\/dypall.com\/wp-content\/uploads\/2023\/11\/Schermata-2023-11-14-alle-15.23.08.png","jetpack_sharing_enabled":true,"_links":{"self":[{"href":"https:\/\/dypall.com\/lv\/wp-json\/wp\/v2\/posts\/6725","targetHints":{"allow":["GET"]}}],"collection":[{"href":"https:\/\/dypall.com\/lv\/wp-json\/wp\/v2\/posts"}],"about":[{"href":"https:\/\/dypall.com\/lv\/wp-json\/wp\/v2\/types\/post"}],"author":[{"embeddable":true,"href":"https:\/\/dypall.com\/lv\/wp-json\/wp\/v2\/users\/1"}],"replies":[{"embeddable":true,"href":"https:\/\/dypall.com\/lv\/wp-json\/wp\/v2\/comments?post=6725"}],"version-history":[{"count":2,"href":"https:\/\/dypall.com\/lv\/wp-json\/wp\/v2\/posts\/6725\/revisions"}],"predecessor-version":[{"id":8004,"href":"https:\/\/dypall.com\/lv\/wp-json\/wp\/v2\/posts\/6725\/revisions\/8004"}],"wp:featuredmedia":[{"embeddable":true,"href":"https:\/\/dypall.com\/lv\/wp-json\/wp\/v2\/media\/7206"}],"wp:attachment":[{"href":"https:\/\/dypall.com\/lv\/wp-json\/wp\/v2\/media?parent=6725"}],"wp:term":[{"taxonomy":"category","embeddable":true,"href":"https:\/\/dypall.com\/lv\/wp-json\/wp\/v2\/categories?post=6725"},{"taxonomy":"post_tag","embeddable":true,"href":"https:\/\/dypall.com\/lv\/wp-json\/wp\/v2\/tags?post=6725"}],"curies":[{"name":"wp","href":"https:\/\/api.w.org\/{rel}","templated":true}]}}