{"id":6598,"date":"2023-09-11T12:15:31","date_gmt":"2023-09-11T11:15:31","guid":{"rendered":"https:\/\/dypall.com\/?p=6598"},"modified":"2024-06-28T09:48:13","modified_gmt":"2024-06-28T09:48:13","slug":"youth2europe-training-course-for-youth-workers","status":"publish","type":"post","link":"https:\/\/dypall.com\/lv\/activity\/youth2europe-training-course-for-youth-workers\/","title":{"rendered":"Youth2EUrope apm\u0101c\u012bbas kurss jaunatnes darbiniekiem"},"content":{"rendered":"<p>Par <strong>Youth2EUrope apm\u0101c\u012bbas kurss jaunatnes darbiniekiem<\/strong> notika no 4. l\u012bdz 8. septembrim Osijek\u0101, Horv\u0101tij\u0101.<\/p>\n<p>\u0160\u0101 pas\u0101kuma galvenais m\u0113r\u0137is bija izveidot apm\u0101c\u012btu jaunatnes darbinieku t\u012bklu, kura m\u0113r\u0137is ir mobiliz\u0113t augo\u0161u jaunie\u0161u kopienu, kas interes\u0113jas par ES jaut\u0101jumiem, un veicin\u0101t jaunie\u0161u akt\u012bvu l\u012bdzdal\u012bbu.<\/p>\n<p>Apm\u0101c\u012bba ietv\u0113ra da\u017e\u0101das darb\u012bbas, tostarp iesaisto\u0161u Eiropas Parlamenta simul\u0101ciju, kuras centr\u0101 bija b\u016btiski aspekti attiec\u012bb\u0101 uz to, k\u0101 jaunatnes darbinieki uztver un veicina jaunie\u0161u iesaist\u012b\u0161anos akt\u012bv\u0101 un demokr\u0101tisk\u0101 iesaist\u0113. Simul\u0101cijas laik\u0101 jaunie dal\u012bbnieki pulc\u0113j\u0101s, lai replic\u0113tu Eiropas l\u0113mumu pie\u0146em\u0161anas procesus un iesaist\u012btos apspried\u0113s par aktu\u0101liem ES darba k\u0101rt\u012bbas jaut\u0101jumiem. Vi\u0146i uz\u0146\u0113m\u0101s t\u0101dus pien\u0101kumus k\u0101 Eiropas Parlamenta deput\u0101ti, valstu vad\u012bt\u0101ji, Padomes ministri vai \u017eurn\u0101listi, faktiski atspogu\u013cojot re\u0101lo politikas veidot\u0101ju funkcijas un risinot probl\u0113mas un \u012bstenojot nepiecie\u0161amos centienus, lai saglab\u0101tu Eiropas demokr\u0101tijas integrit\u0101ti.<\/p>\n<p>Par <strong>visp\u0101r\u0113jie m\u0113r\u0137i<\/strong> no m\u0101c\u012bb\u0101m bija \u0161\u0101das:<\/p>\n<ul>\n<li>Sniegt zin\u0101\u0161anas par Eiropas Parlamenta simul\u0101cijas sp\u0113li jaunatnes darbiniekiem, \u013caujot vi\u0146iem to efekt\u012bvi iek\u013caut un izmantot ikdienas saskarsm\u0113 ar jaunie\u0161iem.<\/li>\n<li>Sniegt jaunatnes darbiniekiem lab\u0101ku izpratni par Eiropas Savien\u012bbas l\u0113mumu pie\u0146em\u0161anas meh\u0101nismiem.<\/li>\n<li>Uzlabot jaunatnes darbinieku prasmes un kompetences, iepaz\u012bstinot vi\u0146us ar paraugpraks\u0113m, kas atvieglo zin\u0101\u0161anu apguvi, prasmju nostiprin\u0101\u0161anu un t\u0101das attieksmes un uzved\u012bbas pilnveido\u0161anu, kas kalpo par pamatu jaunie\u0161u soci\u0101lajai un politiskajai iesaistei.<\/li>\n<\/ul>\n<p>Projektu Youth2EUrope \u012bsteno \u010detru organiz\u0101ciju konsorcijs: <a href=\"https:\/\/manoeuropa.org\/\">Mano Europa<\/a> (Lietuva), <a href=\"https:\/\/dkolektiv.hr\/public\/hr\">DKolektiv<\/a> (Horv\u0101tija), <a href=\"https:\/\/www.glocalfactory.eu\/\">Glocal r\u016bpn\u012bca<\/a> (It\u0101lija) un DYPALL Network saska\u0146\u0101 ar CERV programmu.<\/p>\n<p>&nbsp;<\/p>\n<p><a href=\"https:\/\/dypall.com\/lv\/2023\/09\/11\/youth2europe-training-course-for-youth-workers\/04bb7c76-a5b4-498c-97f3-2fbd31d2136e\/#main\" rel=\"attachment wp-att-6599\"><img loading=\"lazy\" decoding=\"async\" class=\"wp-image-6599 aligncenter\" src=\"https:\/\/dypall.com\/wp-content\/uploads\/2023\/09\/04bb7c76-a5b4-498c-97f3-2fbd31d2136e.jpg\" alt=\"\" width=\"823\" height=\"463\" \/><\/a><\/p>\n<p><a href=\"https:\/\/dypall.com\/lv\/2023\/09\/11\/youth2europe-training-course-for-youth-workers\/76bac6dd-87d5-4508-a18f-e4a3043aad93\/#main\" rel=\"attachment wp-att-6600\"><img loading=\"lazy\" decoding=\"async\" class=\"aligncenter wp-image-6600\" src=\"https:\/\/dypall.com\/wp-content\/uploads\/2023\/09\/76bac6dd-87d5-4508-a18f-e4a3043aad93.jpg\" alt=\"\" width=\"708\" height=\"1258\" \/><\/a><\/p>\n<p><a href=\"https:\/\/dypall.com\/lv\/2023\/09\/11\/youth2europe-training-course-for-youth-workers\/98b4e028-ab4f-4436-8516-e8f4737de1a5\/#main\" rel=\"attachment wp-att-6601\"><img loading=\"lazy\" decoding=\"async\" class=\"wp-image-6601 aligncenter\" src=\"https:\/\/dypall.com\/wp-content\/uploads\/2023\/09\/98b4e028-ab4f-4436-8516-e8f4737de1a5.jpg\" alt=\"\" width=\"820\" height=\"461\" \/><\/a><\/p>\n<p><a href=\"https:\/\/dypall.com\/lv\/2023\/09\/11\/youth2europe-training-course-for-youth-workers\/4cc4edf4-f6fc-4db3-a68c-4bf3390a1ee9\/#main\" rel=\"attachment wp-att-6602\"><img loading=\"lazy\" decoding=\"async\" class=\"aligncenter wp-image-6602\" src=\"https:\/\/dypall.com\/wp-content\/uploads\/2023\/09\/4cc4edf4-f6fc-4db3-a68c-4bf3390a1ee9.jpg\" alt=\"\" width=\"737\" height=\"1310\" \/><\/a><\/p>\n<p><a href=\"https:\/\/dypall.com\/lv\/2023\/09\/11\/youth2europe-training-course-for-youth-workers\/55dab466-96e6-4be2-9641-c42b07f1e1ca\/#main\" rel=\"attachment wp-att-6603\"><img loading=\"lazy\" decoding=\"async\" class=\"wp-image-6603 aligncenter\" src=\"https:\/\/dypall.com\/wp-content\/uploads\/2023\/09\/55dab466-96e6-4be2-9641-c42b07f1e1ca.jpg\" alt=\"\" width=\"819\" height=\"461\" \/><\/a><\/p>","protected":false},"excerpt":{"rendered":"<p>Youth2EUrope apm\u0101c\u012bbas kurss jaunatnes darbiniekiem notika no 4. l\u012bdz 8. septembrim Osijek\u0101, Horv\u0101tij\u0101. \u0160\u0101 pas\u0101kuma galvenais m\u0113r\u0137is bija izveidot apm\u0101c\u012btu jaunatnes darbinieku t\u012bklu, kura m\u0113r\u0137is ir mobiliz\u0113t augo\u0161u jaunie\u0161u kopienu, kas interes\u0113jas par ES jaut\u0101jumiem, un veicin\u0101t jaunie\u0161u akt\u012bvu l\u012bdzdal\u012bbu. Apm\u0101c\u012bba aptv\u0113ra da\u017e\u0101dus... <a class=\"more-link\" href=\"https:\/\/dypall.com\/lv\/activity\/youth2europe-training-course-for-youth-workers\/\">Turpiniet las\u012bt <span class=\"screen-reader-text\">Youth2EUrope apm\u0101c\u012bbas kurss jaunatnes darbiniekiem<\/span><\/a><\/p>","protected":false},"author":1,"featured_media":6600,"comment_status":"closed","ping_status":"open","sticky":false,"template":"","format":"standard","meta":{"_acf_changed":false,"_jetpack_memberships_contains_paid_content":false,"footnotes":""},"categories":[111,141],"tags":[],"class_list":["post-6598","post","type-post","status-publish","format-standard","has-post-thumbnail","hentry","category-activity","category-training-course","entry"],"acf":[],"yoast_head":"<!-- This site is optimized with the Yoast SEO plugin v22.8 - https:\/\/yoast.com\/wordpress\/plugins\/seo\/ -->\n<title>Youth2EUrope training course for youth workers - DYPALL Network<\/title>\n<meta name=\"robots\" content=\"index, follow, max-snippet:-1, max-image-preview:large, max-video-preview:-1\" \/>\n<link rel=\"canonical\" href=\"https:\/\/dypall.com\/lv\/activity\/youth2europe-training-course-for-youth-workers\/\" \/>\n<meta property=\"og:locale\" content=\"lv_LV\" \/>\n<meta property=\"og:type\" content=\"article\" \/>\n<meta property=\"og:title\" content=\"Youth2EUrope training course for youth workers - DYPALL Network\" \/>\n<meta property=\"og:description\" content=\"The Youth2EUrope training course for youth workers took place from 4th &#8211; 8th September in Osijek, Croatia. The primary objective of this activity was to develop a network of trained youth workers aiming to mobilize a growing youth community interested in EU matters and stimulate the active participation of young people. The training encompassed various&hellip; Turpiniet las\u012bt Youth2EUrope training course for youth workers\" \/>\n<meta property=\"og:url\" content=\"https:\/\/dypall.com\/lv\/activity\/youth2europe-training-course-for-youth-workers\/\" \/>\n<meta property=\"og:site_name\" content=\"DYPALL Network\" \/>\n<meta property=\"article:published_time\" content=\"2023-09-11T11:15:31+00:00\" \/>\n<meta property=\"article:modified_time\" content=\"2024-06-28T09:48:13+00:00\" \/>\n<meta name=\"author\" content=\"DYPALL Network\" \/>\n<meta name=\"twitter:card\" content=\"summary_large_image\" \/>\n<meta name=\"twitter:label1\" content=\"Written by\" \/>\n\t<meta name=\"twitter:data1\" content=\"DYPALL Network\" \/>\n\t<meta name=\"twitter:label2\" content=\"Est. reading time\" \/>\n\t<meta name=\"twitter:data2\" content=\"1 min\u016bte\" \/>\n<script type=\"application\/ld+json\" class=\"yoast-schema-graph\">{\"@context\":\"https:\/\/schema.org\",\"@graph\":[{\"@type\":\"WebPage\",\"@id\":\"https:\/\/dypall.com\/activity\/youth2europe-training-course-for-youth-workers\/\",\"url\":\"https:\/\/dypall.com\/activity\/youth2europe-training-course-for-youth-workers\/\",\"name\":\"Youth2EUrope training course for youth workers - DYPALL Network\",\"isPartOf\":{\"@id\":\"https:\/\/dypall.com\/#website\"},\"primaryImageOfPage\":{\"@id\":\"https:\/\/dypall.com\/activity\/youth2europe-training-course-for-youth-workers\/#primaryimage\"},\"image\":{\"@id\":\"https:\/\/dypall.com\/activity\/youth2europe-training-course-for-youth-workers\/#primaryimage\"},\"thumbnailUrl\":\"\",\"datePublished\":\"2023-09-11T11:15:31+00:00\",\"dateModified\":\"2024-06-28T09:48:13+00:00\",\"author\":{\"@id\":\"https:\/\/dypall.com\/#\/schema\/person\/f92e08aa15c8ba711a9d153129f03377\"},\"breadcrumb\":{\"@id\":\"https:\/\/dypall.com\/activity\/youth2europe-training-course-for-youth-workers\/#breadcrumb\"},\"inLanguage\":\"lv-LV\",\"potentialAction\":[{\"@type\":\"ReadAction\",\"target\":[\"https:\/\/dypall.com\/activity\/youth2europe-training-course-for-youth-workers\/\"]}]},{\"@type\":\"ImageObject\",\"inLanguage\":\"lv-LV\",\"@id\":\"https:\/\/dypall.com\/activity\/youth2europe-training-course-for-youth-workers\/#primaryimage\",\"url\":\"\",\"contentUrl\":\"\"},{\"@type\":\"BreadcrumbList\",\"@id\":\"https:\/\/dypall.com\/activity\/youth2europe-training-course-for-youth-workers\/#breadcrumb\",\"itemListElement\":[{\"@type\":\"ListItem\",\"position\":1,\"name\":\"Home\",\"item\":\"https:\/\/dypall.com\/\"},{\"@type\":\"ListItem\",\"position\":2,\"name\":\"Youth2EUrope training course for youth workers\"}]},{\"@type\":\"WebSite\",\"@id\":\"https:\/\/dypall.com\/#website\",\"url\":\"https:\/\/dypall.com\/\",\"name\":\"DYPALL Network\",\"description\":\"We are a European network of civil society organisations, municipalities and research institutions dedicated to improving democracy through youth participation.\",\"potentialAction\":[{\"@type\":\"SearchAction\",\"target\":{\"@type\":\"EntryPoint\",\"urlTemplate\":\"https:\/\/dypall.com\/?s={search_term_string}\"},\"query-input\":\"required name=search_term_string\"}],\"inLanguage\":\"lv-LV\"},{\"@type\":\"Person\",\"@id\":\"https:\/\/dypall.com\/#\/schema\/person\/f92e08aa15c8ba711a9d153129f03377\",\"name\":\"DYPALL Network\",\"image\":{\"@type\":\"ImageObject\",\"inLanguage\":\"lv-LV\",\"@id\":\"https:\/\/dypall.com\/#\/schema\/person\/image\/\",\"url\":\"https:\/\/secure.gravatar.com\/avatar\/9c39e299279800c6d69c5e02cf613e7bab060889f373052a03d7ac399e8f0d3c?s=96&d=mm&r=g\",\"contentUrl\":\"https:\/\/secure.gravatar.com\/avatar\/9c39e299279800c6d69c5e02cf613e7bab060889f373052a03d7ac399e8f0d3c?s=96&d=mm&r=g\",\"caption\":\"DYPALL Network\"},\"sameAs\":[\"https:\/\/dypall.com\"],\"url\":\"https:\/\/dypall.com\/lv\/author\/dypall\/\"}]}<\/script>\n<!-- \/ Yoast SEO plugin. -->","yoast_head_json":{"title":"Youth2EUrope training course for youth workers - DYPALL Network","robots":{"index":"index","follow":"follow","max-snippet":"max-snippet:-1","max-image-preview":"max-image-preview:large","max-video-preview":"max-video-preview:-1"},"canonical":"https:\/\/dypall.com\/lv\/activity\/youth2europe-training-course-for-youth-workers\/","og_locale":"lv_LV","og_type":"article","og_title":"Youth2EUrope training course for youth workers - DYPALL Network","og_description":"The Youth2EUrope training course for youth workers took place from 4th &#8211; 8th September in Osijek, Croatia. The primary objective of this activity was to develop a network of trained youth workers aiming to mobilize a growing youth community interested in EU matters and stimulate the active participation of young people. The training encompassed various&hellip; Turpiniet las\u012bt Youth2EUrope training course for youth workers","og_url":"https:\/\/dypall.com\/lv\/activity\/youth2europe-training-course-for-youth-workers\/","og_site_name":"DYPALL Network","article_published_time":"2023-09-11T11:15:31+00:00","article_modified_time":"2024-06-28T09:48:13+00:00","author":"DYPALL Network","twitter_card":"summary_large_image","twitter_misc":{"Written by":"DYPALL Network","Est. reading time":"1 min\u016bte"},"schema":{"@context":"https:\/\/schema.org","@graph":[{"@type":"WebPage","@id":"https:\/\/dypall.com\/activity\/youth2europe-training-course-for-youth-workers\/","url":"https:\/\/dypall.com\/activity\/youth2europe-training-course-for-youth-workers\/","name":"Youth2EUrope training course for youth workers - DYPALL Network","isPartOf":{"@id":"https:\/\/dypall.com\/#website"},"primaryImageOfPage":{"@id":"https:\/\/dypall.com\/activity\/youth2europe-training-course-for-youth-workers\/#primaryimage"},"image":{"@id":"https:\/\/dypall.com\/activity\/youth2europe-training-course-for-youth-workers\/#primaryimage"},"thumbnailUrl":"","datePublished":"2023-09-11T11:15:31+00:00","dateModified":"2024-06-28T09:48:13+00:00","author":{"@id":"https:\/\/dypall.com\/#\/schema\/person\/f92e08aa15c8ba711a9d153129f03377"},"breadcrumb":{"@id":"https:\/\/dypall.com\/activity\/youth2europe-training-course-for-youth-workers\/#breadcrumb"},"inLanguage":"lv-LV","potentialAction":[{"@type":"ReadAction","target":["https:\/\/dypall.com\/activity\/youth2europe-training-course-for-youth-workers\/"]}]},{"@type":"ImageObject","inLanguage":"lv-LV","@id":"https:\/\/dypall.com\/activity\/youth2europe-training-course-for-youth-workers\/#primaryimage","url":"","contentUrl":""},{"@type":"BreadcrumbList","@id":"https:\/\/dypall.com\/activity\/youth2europe-training-course-for-youth-workers\/#breadcrumb","itemListElement":[{"@type":"ListItem","position":1,"name":"Home","item":"https:\/\/dypall.com\/"},{"@type":"ListItem","position":2,"name":"Youth2EUrope training course for youth workers"}]},{"@type":"WebSite","@id":"https:\/\/dypall.com\/#website","url":"https:\/\/dypall.com\/","name":"DYPALL Network","description":"We are a European network of civil society organisations, municipalities and research institutions dedicated to improving democracy through youth participation.","potentialAction":[{"@type":"SearchAction","target":{"@type":"EntryPoint","urlTemplate":"https:\/\/dypall.com\/?s={search_term_string}"},"query-input":"required name=search_term_string"}],"inLanguage":"lv-LV"},{"@type":"Person","@id":"https:\/\/dypall.com\/#\/schema\/person\/f92e08aa15c8ba711a9d153129f03377","name":"DYPALL Network","image":{"@type":"ImageObject","inLanguage":"lv-LV","@id":"https:\/\/dypall.com\/#\/schema\/person\/image\/","url":"https:\/\/secure.gravatar.com\/avatar\/9c39e299279800c6d69c5e02cf613e7bab060889f373052a03d7ac399e8f0d3c?s=96&d=mm&r=g","contentUrl":"https:\/\/secure.gravatar.com\/avatar\/9c39e299279800c6d69c5e02cf613e7bab060889f373052a03d7ac399e8f0d3c?s=96&d=mm&r=g","caption":"DYPALL Network"},"sameAs":["https:\/\/dypall.com"],"url":"https:\/\/dypall.com\/lv\/author\/dypall\/"}]}},"jetpack_featured_media_url":"","jetpack_sharing_enabled":true,"_links":{"self":[{"href":"https:\/\/dypall.com\/lv\/wp-json\/wp\/v2\/posts\/6598","targetHints":{"allow":["GET"]}}],"collection":[{"href":"https:\/\/dypall.com\/lv\/wp-json\/wp\/v2\/posts"}],"about":[{"href":"https:\/\/dypall.com\/lv\/wp-json\/wp\/v2\/types\/post"}],"author":[{"embeddable":true,"href":"https:\/\/dypall.com\/lv\/wp-json\/wp\/v2\/users\/1"}],"replies":[{"embeddable":true,"href":"https:\/\/dypall.com\/lv\/wp-json\/wp\/v2\/comments?post=6598"}],"version-history":[{"count":1,"href":"https:\/\/dypall.com\/lv\/wp-json\/wp\/v2\/posts\/6598\/revisions"}],"predecessor-version":[{"id":7586,"href":"https:\/\/dypall.com\/lv\/wp-json\/wp\/v2\/posts\/6598\/revisions\/7586"}],"wp:featuredmedia":[{"embeddable":true,"href":"https:\/\/dypall.com\/lv\/wp-json\/"}],"wp:attachment":[{"href":"https:\/\/dypall.com\/lv\/wp-json\/wp\/v2\/media?parent=6598"}],"wp:term":[{"taxonomy":"category","embeddable":true,"href":"https:\/\/dypall.com\/lv\/wp-json\/wp\/v2\/categories?post=6598"},{"taxonomy":"post_tag","embeddable":true,"href":"https:\/\/dypall.com\/lv\/wp-json\/wp\/v2\/tags?post=6598"}],"curies":[{"name":"wp","href":"https:\/\/api.w.org\/{rel}","templated":true}]}}