{"id":6553,"date":"2023-07-28T10:46:16","date_gmt":"2023-07-28T09:46:16","guid":{"rendered":"https:\/\/dypall.com\/?p=6553"},"modified":"2023-07-28T10:46:16","modified_gmt":"2023-07-28T09:46:16","slug":"euinfluencers-youth-exchange","status":"publish","type":"post","link":"https:\/\/dypall.com\/lv\/activity\/euinfluencers-youth-exchange\/","title":{"rendered":"#EUINFLUENCERS jaunatnes apmai\u0146a"},"content":{"rendered":"<p><span style=\"font-weight: 400;\">Par <strong>#\u201cEUInfluencers\u201d jaunie\u0161u apmai\u0146a<\/strong> ko organiz\u0113ja DYPALL Network ar Vila Real pa\u0161vald\u012bbas atbalstu, notika 2023. gada 10.\u201316. j\u016blij\u0101 Vila Real, Portug\u0101l\u0113.<\/span><\/p>\n<p><span style=\"font-weight: 400;\">Jaunie\u0161u apmai\u0146a pulc\u0113ja 25 jaunus ietekm\u0113t\u0101jus no Serbijas, Horv\u0101tijas, It\u0101lijas, Portug\u0101les un Zviedrijas, lai dal\u012btos ar #\u201cEUInfluencers\u201d \u012bsteno projektus sav\u0101s viet\u0113j\u0101s kopien\u0101s un pl\u0101no turpm\u0101kos pas\u0101kumus. Pas\u0101kuma laik\u0101 dal\u012bbniekiem bija iesp\u0113ja p\u0101rdom\u0101t da\u017e\u0101dus jaut\u0101jumus, kas saist\u012bti ar Eiropas Savien\u012bbu un demokr\u0101tiju, organiz\u0113t darbsemin\u0101rus saviem l\u012bdzbiedriem un iedzi\u013cin\u0101ties <em><strong>Jaunatnes demokr\u0101tijas akad\u0113mija<\/strong><\/em> izgl\u012bt\u012bbas programma.<\/span><\/p>\n<p><span style=\"font-weight: 400;\">Tika sasniegti visi konkr\u0113tie jaunie\u0161u apmai\u0146as m\u0113r\u0137i, proti:<\/span><\/p>\n<p><span style=\"font-weight: 400;\">turpin\u0101t att\u012bst\u012bt zin\u0101\u0161anas un kompetences par ES, kritisko dom\u0101\u0161anu, pla\u0161sazi\u0146as l\u012bdzek\u013cu lietotprasmi un c\u012b\u0146u pret viltus zi\u0146\u0101m;<\/span><\/p>\n<p><span style=\"font-weight: 400;\">Apmain\u012bties ar idej\u0101m un pieredzi par viet\u0113jiem pas\u0101kumiem ar jaunie\u0161iem un iedvesmoties no gaid\u0101majiem projekta pas\u0101kumiem,<\/span><\/p>\n<p><span style=\"font-weight: 400;\">Jaunie\u0161i kop\u0101 ar vienaud\u017eiem no Zviedrijas, It\u0101lijas, Horv\u0101tijas, Serbijas un Portug\u0101les kop\u012bgi rad\u012bt un izstr\u0101d\u0101t soci\u0101lo mediju kampa\u0146u jaunie\u0161iem.<\/span><\/p>\n<p><span style=\"font-weight: 400;\">\u0160o projektu l\u012bdzfinans\u0113 Eiropas Savien\u012bbas programma \u201cEiropas jaunatne kop\u0101\u201d, ko koordin\u0113 DYPALL t\u012bkls sadarb\u012bb\u0101 ar <\/span><a href=\"http:\/\/www.eliosacireale.com\/\"><span style=\"font-weight: 400;\">Associazione Elios<\/span><\/a><span style=\"font-weight: 400;\"> (It\u0101lija), <\/span><a href=\"http:\/\/e8.org.rs\/\"><span style=\"font-weight: 400;\">Centar E8<\/span><\/a><span style=\"font-weight: 400;\"> (Serbija), <\/span><a href=\"http:\/\/www.zagorje-sutla.eu\/\"><span style=\"font-weight: 400;\">Viet\u0113j\u0101 r\u012bc\u012bbas grupa Zagorje \u2013 Sutla<\/span><\/a><span style=\"font-weight: 400;\"> (Horv\u0101tija) un <\/span><a href=\"http:\/\/aecsweden.eu\/\"><span style=\"font-weight: 400;\">\u0100frikas Iesp\u0113ju veicin\u0101\u0161anas centrs<\/span><\/a><span style=\"font-weight: 400;\"> (Zviedrija).<\/span><\/p>\n<p><a href=\"https:\/\/dypall.com\/lv\/2023\/07\/28\/euinfluencers-youth-exchange\/whatsapp-image-2023-07-11-at-15-10-44\/#main\" rel=\"attachment wp-att-6556\"><img loading=\"lazy\" decoding=\"async\" class=\"wp-image-6556 aligncenter\" src=\"https:\/\/dypall.com\/wp-content\/uploads\/2023\/07\/WhatsApp-Image-2023-07-11-at-15.10.44.jpeg\" alt=\"\" width=\"850\" height=\"637\" \/><\/a><\/p>\n<p><a href=\"https:\/\/dypall.com\/lv\/2023\/07\/28\/euinfluencers-youth-exchange\/whatsapp-image-2023-07-11-at-15-10-52\/#main\" rel=\"attachment wp-att-6554\"><img loading=\"lazy\" decoding=\"async\" class=\"wp-image-6554 aligncenter\" src=\"https:\/\/dypall.com\/wp-content\/uploads\/2023\/07\/WhatsApp-Image-2023-07-11-at-15.10.52.jpeg\" alt=\"\" width=\"848\" height=\"636\" \/><\/a><\/p>\n<p><a href=\"https:\/\/dypall.com\/lv\/2023\/07\/28\/euinfluencers-youth-exchange\/whatsapp-image-2023-07-12-at-15-46-42\/#main\" rel=\"attachment wp-att-6558\"><img loading=\"lazy\" decoding=\"async\" class=\"wp-image-6558 aligncenter\" src=\"https:\/\/dypall.com\/wp-content\/uploads\/2023\/07\/WhatsApp-Image-2023-07-12-at-15.46.42-scaled.jpeg\" alt=\"\" width=\"852\" height=\"639\" \/><\/a><\/p>\n<p><a href=\"https:\/\/dypall.com\/lv\/2023\/07\/28\/euinfluencers-youth-exchange\/schermata-2023-07-28-alle-10-39-37\/#main\" rel=\"attachment wp-att-6560\"><img loading=\"lazy\" decoding=\"async\" class=\"wp-image-6560 aligncenter\" src=\"https:\/\/dypall.com\/wp-content\/uploads\/2023\/07\/Schermata-2023-07-28-alle-10.39.37.png\" alt=\"\" width=\"849\" height=\"634\" \/><\/a><\/p>\n<p><a href=\"https:\/\/dypall.com\/lv\/2023\/07\/28\/euinfluencers-youth-exchange\/schermata-2023-07-28-alle-10-38-41\/#main\" rel=\"attachment wp-att-6559\"><img loading=\"lazy\" decoding=\"async\" class=\"wp-image-6559 aligncenter\" src=\"https:\/\/dypall.com\/wp-content\/uploads\/2023\/07\/Schermata-2023-07-28-alle-10.38.41.png\" alt=\"\" width=\"849\" height=\"639\" \/><\/a><\/p>\n<p><a href=\"https:\/\/dypall.com\/lv\/2023\/07\/28\/euinfluencers-youth-exchange\/whatsapp-image-2023-07-11-at-16-12-08\/#main\" rel=\"attachment wp-att-6557\"><img loading=\"lazy\" decoding=\"async\" class=\"wp-image-6557 aligncenter\" src=\"https:\/\/dypall.com\/wp-content\/uploads\/2023\/07\/WhatsApp-Image-2023-07-11-at-16.12.08-scaled.jpeg\" alt=\"\" width=\"845\" height=\"1127\" \/><\/a><\/p>\n<p><a href=\"https:\/\/dypall.com\/lv\/2023\/07\/28\/euinfluencers-youth-exchange\/whatsapp-image-2023-07-11-at-15-10-15\/#main\" rel=\"attachment wp-att-6555\"><img loading=\"lazy\" decoding=\"async\" class=\"wp-image-6555 aligncenter\" src=\"https:\/\/dypall.com\/wp-content\/uploads\/2023\/07\/WhatsApp-Image-2023-07-11-at-15.10.15.jpeg\" alt=\"\" width=\"850\" height=\"638\" \/><\/a><\/p>","protected":false},"excerpt":{"rendered":"<p>Par #\u201cEUInfluencers\u201d jaunie\u0161u apmai\u0146a, ko ar Vila Real pa\u0161vald\u012bbas atbalstu organiz\u0113ja DYPALL t\u012bkls, notika 2023. gada 10.\u201316. j\u016blij\u0101 Vila Real, Portug\u0101l\u0113. Jaunie\u0161u apmai\u0146a pulc\u0113ja 25 jaunus ietekm\u0113t\u0101jus no Serbijas, Horv\u0101tijas, It\u0101lijas, Portug\u0101les un Zviedrijas, lai dal\u012btos ar #EUInfluencers projektu \u012bsteno\u0161ana viet\u0113j\u0101... <a class=\"more-link\" href=\"https:\/\/dypall.com\/lv\/activity\/euinfluencers-youth-exchange\/\">Turpiniet las\u012bt <span class=\"screen-reader-text\">#EUINFLUENCERS jaunatnes apmai\u0146a<\/span><\/a><\/p>","protected":false},"author":1,"featured_media":6559,"comment_status":"closed","ping_status":"open","sticky":false,"template":"","format":"standard","meta":{"_acf_changed":false,"_jetpack_memberships_contains_paid_content":false,"footnotes":""},"categories":[111],"tags":[],"class_list":["post-6553","post","type-post","status-publish","format-standard","has-post-thumbnail","hentry","category-activity","entry"],"acf":[],"yoast_head":"<!-- This site is optimized with the Yoast SEO plugin v22.8 - https:\/\/yoast.com\/wordpress\/plugins\/seo\/ -->\n<title>#EUINFLUENCERS YOUTH EXCHANGE - DYPALL Network<\/title>\n<meta name=\"robots\" content=\"index, follow, max-snippet:-1, max-image-preview:large, max-video-preview:-1\" \/>\n<link rel=\"canonical\" href=\"https:\/\/dypall.com\/lv\/activity\/euinfluencers-youth-exchange\/\" \/>\n<meta property=\"og:locale\" content=\"lv_LV\" \/>\n<meta property=\"og:type\" content=\"article\" \/>\n<meta property=\"og:title\" content=\"#EUINFLUENCERS YOUTH EXCHANGE - DYPALL Network\" \/>\n<meta property=\"og:description\" content=\"The #EUInfluencers youth exchange organised by DYPALL Network with the support of the Municipality of Vila Real took place from 10th \u2013 16th July 2023 in Vila Real, Portugal. The youth exchange gathered 25 young influencers from Serbia, Croatia, Italy, Portugal and Sweden to share the results of the #EUInfluencers project implementation in their local&hellip; Turpiniet las\u012bt #EUINFLUENCERS YOUTH EXCHANGE\" \/>\n<meta property=\"og:url\" content=\"https:\/\/dypall.com\/lv\/activity\/euinfluencers-youth-exchange\/\" \/>\n<meta property=\"og:site_name\" content=\"DYPALL Network\" \/>\n<meta property=\"article:published_time\" content=\"2023-07-28T09:46:16+00:00\" \/>\n<meta name=\"author\" content=\"DYPALL Network\" \/>\n<meta name=\"twitter:card\" content=\"summary_large_image\" \/>\n<meta name=\"twitter:label1\" content=\"Written by\" \/>\n\t<meta name=\"twitter:data1\" content=\"DYPALL Network\" \/>\n\t<meta name=\"twitter:label2\" content=\"Est. reading time\" \/>\n\t<meta name=\"twitter:data2\" content=\"1 min\u016bte\" \/>\n<script type=\"application\/ld+json\" class=\"yoast-schema-graph\">{\"@context\":\"https:\/\/schema.org\",\"@graph\":[{\"@type\":\"WebPage\",\"@id\":\"https:\/\/dypall.com\/activity\/euinfluencers-youth-exchange\/\",\"url\":\"https:\/\/dypall.com\/activity\/euinfluencers-youth-exchange\/\",\"name\":\"#EUINFLUENCERS YOUTH EXCHANGE - DYPALL Network\",\"isPartOf\":{\"@id\":\"https:\/\/dypall.com\/#website\"},\"primaryImageOfPage\":{\"@id\":\"https:\/\/dypall.com\/activity\/euinfluencers-youth-exchange\/#primaryimage\"},\"image\":{\"@id\":\"https:\/\/dypall.com\/activity\/euinfluencers-youth-exchange\/#primaryimage\"},\"thumbnailUrl\":\"\",\"datePublished\":\"2023-07-28T09:46:16+00:00\",\"dateModified\":\"2023-07-28T09:46:16+00:00\",\"author\":{\"@id\":\"https:\/\/dypall.com\/#\/schema\/person\/f92e08aa15c8ba711a9d153129f03377\"},\"breadcrumb\":{\"@id\":\"https:\/\/dypall.com\/activity\/euinfluencers-youth-exchange\/#breadcrumb\"},\"inLanguage\":\"lv-LV\",\"potentialAction\":[{\"@type\":\"ReadAction\",\"target\":[\"https:\/\/dypall.com\/activity\/euinfluencers-youth-exchange\/\"]}]},{\"@type\":\"ImageObject\",\"inLanguage\":\"lv-LV\",\"@id\":\"https:\/\/dypall.com\/activity\/euinfluencers-youth-exchange\/#primaryimage\",\"url\":\"\",\"contentUrl\":\"\"},{\"@type\":\"BreadcrumbList\",\"@id\":\"https:\/\/dypall.com\/activity\/euinfluencers-youth-exchange\/#breadcrumb\",\"itemListElement\":[{\"@type\":\"ListItem\",\"position\":1,\"name\":\"Home\",\"item\":\"https:\/\/dypall.com\/\"},{\"@type\":\"ListItem\",\"position\":2,\"name\":\"#EUINFLUENCERS YOUTH EXCHANGE\"}]},{\"@type\":\"WebSite\",\"@id\":\"https:\/\/dypall.com\/#website\",\"url\":\"https:\/\/dypall.com\/\",\"name\":\"DYPALL Network\",\"description\":\"We are a European network of civil society organisations, municipalities and research institutions dedicated to improving democracy through youth participation.\",\"potentialAction\":[{\"@type\":\"SearchAction\",\"target\":{\"@type\":\"EntryPoint\",\"urlTemplate\":\"https:\/\/dypall.com\/?s={search_term_string}\"},\"query-input\":\"required name=search_term_string\"}],\"inLanguage\":\"lv-LV\"},{\"@type\":\"Person\",\"@id\":\"https:\/\/dypall.com\/#\/schema\/person\/f92e08aa15c8ba711a9d153129f03377\",\"name\":\"DYPALL Network\",\"image\":{\"@type\":\"ImageObject\",\"inLanguage\":\"lv-LV\",\"@id\":\"https:\/\/dypall.com\/#\/schema\/person\/image\/\",\"url\":\"https:\/\/secure.gravatar.com\/avatar\/9c39e299279800c6d69c5e02cf613e7bab060889f373052a03d7ac399e8f0d3c?s=96&d=mm&r=g\",\"contentUrl\":\"https:\/\/secure.gravatar.com\/avatar\/9c39e299279800c6d69c5e02cf613e7bab060889f373052a03d7ac399e8f0d3c?s=96&d=mm&r=g\",\"caption\":\"DYPALL Network\"},\"sameAs\":[\"https:\/\/dypall.com\"],\"url\":\"https:\/\/dypall.com\/lv\/author\/dypall\/\"}]}<\/script>\n<!-- \/ Yoast SEO plugin. -->","yoast_head_json":{"title":"#EUINFLUENCERS YOUTH EXCHANGE - DYPALL Network","robots":{"index":"index","follow":"follow","max-snippet":"max-snippet:-1","max-image-preview":"max-image-preview:large","max-video-preview":"max-video-preview:-1"},"canonical":"https:\/\/dypall.com\/lv\/activity\/euinfluencers-youth-exchange\/","og_locale":"lv_LV","og_type":"article","og_title":"#EUINFLUENCERS YOUTH EXCHANGE - DYPALL Network","og_description":"The #EUInfluencers youth exchange organised by DYPALL Network with the support of the Municipality of Vila Real took place from 10th \u2013 16th July 2023 in Vila Real, Portugal. The youth exchange gathered 25 young influencers from Serbia, Croatia, Italy, Portugal and Sweden to share the results of the #EUInfluencers project implementation in their local&hellip; Turpiniet las\u012bt #EUINFLUENCERS YOUTH EXCHANGE","og_url":"https:\/\/dypall.com\/lv\/activity\/euinfluencers-youth-exchange\/","og_site_name":"DYPALL Network","article_published_time":"2023-07-28T09:46:16+00:00","author":"DYPALL Network","twitter_card":"summary_large_image","twitter_misc":{"Written by":"DYPALL Network","Est. reading time":"1 min\u016bte"},"schema":{"@context":"https:\/\/schema.org","@graph":[{"@type":"WebPage","@id":"https:\/\/dypall.com\/activity\/euinfluencers-youth-exchange\/","url":"https:\/\/dypall.com\/activity\/euinfluencers-youth-exchange\/","name":"#EUINFLUENCERS YOUTH EXCHANGE - DYPALL Network","isPartOf":{"@id":"https:\/\/dypall.com\/#website"},"primaryImageOfPage":{"@id":"https:\/\/dypall.com\/activity\/euinfluencers-youth-exchange\/#primaryimage"},"image":{"@id":"https:\/\/dypall.com\/activity\/euinfluencers-youth-exchange\/#primaryimage"},"thumbnailUrl":"","datePublished":"2023-07-28T09:46:16+00:00","dateModified":"2023-07-28T09:46:16+00:00","author":{"@id":"https:\/\/dypall.com\/#\/schema\/person\/f92e08aa15c8ba711a9d153129f03377"},"breadcrumb":{"@id":"https:\/\/dypall.com\/activity\/euinfluencers-youth-exchange\/#breadcrumb"},"inLanguage":"lv-LV","potentialAction":[{"@type":"ReadAction","target":["https:\/\/dypall.com\/activity\/euinfluencers-youth-exchange\/"]}]},{"@type":"ImageObject","inLanguage":"lv-LV","@id":"https:\/\/dypall.com\/activity\/euinfluencers-youth-exchange\/#primaryimage","url":"","contentUrl":""},{"@type":"BreadcrumbList","@id":"https:\/\/dypall.com\/activity\/euinfluencers-youth-exchange\/#breadcrumb","itemListElement":[{"@type":"ListItem","position":1,"name":"Home","item":"https:\/\/dypall.com\/"},{"@type":"ListItem","position":2,"name":"#EUINFLUENCERS YOUTH EXCHANGE"}]},{"@type":"WebSite","@id":"https:\/\/dypall.com\/#website","url":"https:\/\/dypall.com\/","name":"DYPALL Network","description":"We are a European network of civil society organisations, municipalities and research institutions dedicated to improving democracy through youth participation.","potentialAction":[{"@type":"SearchAction","target":{"@type":"EntryPoint","urlTemplate":"https:\/\/dypall.com\/?s={search_term_string}"},"query-input":"required name=search_term_string"}],"inLanguage":"lv-LV"},{"@type":"Person","@id":"https:\/\/dypall.com\/#\/schema\/person\/f92e08aa15c8ba711a9d153129f03377","name":"DYPALL Network","image":{"@type":"ImageObject","inLanguage":"lv-LV","@id":"https:\/\/dypall.com\/#\/schema\/person\/image\/","url":"https:\/\/secure.gravatar.com\/avatar\/9c39e299279800c6d69c5e02cf613e7bab060889f373052a03d7ac399e8f0d3c?s=96&d=mm&r=g","contentUrl":"https:\/\/secure.gravatar.com\/avatar\/9c39e299279800c6d69c5e02cf613e7bab060889f373052a03d7ac399e8f0d3c?s=96&d=mm&r=g","caption":"DYPALL Network"},"sameAs":["https:\/\/dypall.com"],"url":"https:\/\/dypall.com\/lv\/author\/dypall\/"}]}},"jetpack_featured_media_url":"","jetpack_sharing_enabled":true,"_links":{"self":[{"href":"https:\/\/dypall.com\/lv\/wp-json\/wp\/v2\/posts\/6553","targetHints":{"allow":["GET"]}}],"collection":[{"href":"https:\/\/dypall.com\/lv\/wp-json\/wp\/v2\/posts"}],"about":[{"href":"https:\/\/dypall.com\/lv\/wp-json\/wp\/v2\/types\/post"}],"author":[{"embeddable":true,"href":"https:\/\/dypall.com\/lv\/wp-json\/wp\/v2\/users\/1"}],"replies":[{"embeddable":true,"href":"https:\/\/dypall.com\/lv\/wp-json\/wp\/v2\/comments?post=6553"}],"version-history":[{"count":0,"href":"https:\/\/dypall.com\/lv\/wp-json\/wp\/v2\/posts\/6553\/revisions"}],"wp:featuredmedia":[{"embeddable":true,"href":"https:\/\/dypall.com\/lv\/wp-json\/"}],"wp:attachment":[{"href":"https:\/\/dypall.com\/lv\/wp-json\/wp\/v2\/media?parent=6553"}],"wp:term":[{"taxonomy":"category","embeddable":true,"href":"https:\/\/dypall.com\/lv\/wp-json\/wp\/v2\/categories?post=6553"},{"taxonomy":"post_tag","embeddable":true,"href":"https:\/\/dypall.com\/lv\/wp-json\/wp\/v2\/tags?post=6553"}],"curies":[{"name":"wp","href":"https:\/\/api.w.org\/{rel}","templated":true}]}}