{"id":6402,"date":"2023-05-10T16:37:22","date_gmt":"2023-05-10T15:37:22","guid":{"rendered":"https:\/\/dypall.com\/?p=6402"},"modified":"2023-05-10T16:37:22","modified_gmt":"2023-05-10T15:37:22","slug":"youth2europe-youth-meeting","status":"publish","type":"post","link":"https:\/\/dypall.com\/lv\/activity\/youth2europe-youth-meeting\/","title":{"rendered":"Jaunatnes san\u0101ksme \u201cYouth2EUrope\u201d"},"content":{"rendered":"<p>\u201cYouth2EUrope\u201d <strong>Jaunatnes san\u0101ksme<\/strong> notika 2023. gada 1.\u20137. maij\u0101 Setubal\u0101 (Portug\u0101le).<\/p>\n<p>Jaunie\u0161u tik\u0161an\u0101s laik\u0101 25 jaunie\u0161i no Horv\u0101tijas, It\u0101lijas, Lietuvas un Portug\u0101les turpin\u0101ja att\u012bst\u012bt akt\u012bva pilsoniskuma prasmes, uzlabojot zin\u0101\u0161anas par <strong>ES iest\u0101des<\/strong>, t\u0101s <strong>v\u0113rt\u012bbas<\/strong> un <strong>priorit\u0101tes<\/strong> un <strong>l\u0113mumu pie\u0146em\u0161anas process<\/strong>. Dal\u012bbnieki savas jaunieg\u016bt\u0101s zin\u0101\u0161anas izmantos praks\u0113, \u012bstenojot jaunie\u0161u san\u0101ksm\u0113 izstr\u0101d\u0101t\u0101s izpratnes veido\u0161anas kampa\u0146as par Eiropas Savien\u012bbu un 2024. gada Eiropas Parlamenta v\u0113l\u0113\u0161an\u0101m.<\/p>\n<p>Izmantojot izpratnes veicin\u0101\u0161anas kampa\u0146as, ko izveidoju\u0161i un vada jaunie\u0161i, strat\u0113\u0123iskajam aizst\u0101v\u012bbas darbam b\u016bs pozit\u012bva ietekme, jo tas \u013caus sadzird\u0113t vi\u0146u viedokli un mudin\u0101s citus jaunie\u0161us b\u016bt motiv\u0113tiem k\u013c\u016bt par akt\u012bviem pilso\u0146iem. \u012astenojot izpratnes veicin\u0101\u0161anas kampa\u0146as, jaunie\u0161i sasniegs tos iedz\u012bvot\u0101jus, kuriem ir vair\u0101k j\u0101iesaist\u0101s pilsoniskaj\u0101 l\u012bdzdal\u012bb\u0101 sav\u0101 ikdienas dz\u012bv\u0113.<\/p>\n<p>Tika sasniegti visi Jaunatnes san\u0101ksmes konkr\u0113tie m\u0113r\u0137i, proti:<\/p>\n<p>palielin\u0101t jaunie\u0161u zin\u0101\u0161anas par Eiropas Parlamentu, l\u0113mumu pie\u0146em\u0161anu un t\u0101 funkcij\u0101m,<\/p>\n<p>veicin\u0101t jaunie\u0161u izpratni par Eiropas politisko programmu, t\u0101s priorit\u0101t\u0113m un politikas veido\u0161anas procesiem,<\/p>\n<p>iedvesmot jaunie\u0161us un palielin\u0101t vi\u0146u izpratni par to, ka ES n\u0101kotnes defin\u0113\u0161anas atsl\u0113ga ir jaunie\u0161u izv\u0113le un vi\u0146u akt\u012bva l\u012bdzdal\u012bba.<\/p>\n<p>Pas\u0101kumu organiz\u0113ja DYPALL Network sadarb\u012bb\u0101 ar Mano Europa un Setubalas pa\u0161vald\u012bbas atbalstu. Projektu Youth2EUrope \u012bsteno \u010detru organiz\u0101ciju konsorcijs: <a href=\"https:\/\/manoeuropa.org\/\">Mano Europa<\/a> (Lietuva), <a href=\"https:\/\/dkolektiv.hr\/public\/hr\">DKolektiv<\/a> (Horv\u0101tija), <a href=\"https:\/\/www.glocalfactory.eu\/\">Glocal r\u016bpn\u012bca<\/a> (It\u0101lija) un DYPALL Network saska\u0146\u0101 ar CERV programmu.<\/p>\n<p><a href=\"https:\/\/dypall.com\/lv\/2023\/05\/10\/youth2europe-youth-meeting\/dypall-study-visit_3\/#main\" rel=\"attachment wp-att-6403\"><img loading=\"lazy\" decoding=\"async\" class=\"alignnone size-full wp-image-6403\" src=\"https:\/\/dypall.com\/wp-content\/uploads\/2023\/05\/DYPALL-Study-visit_3.jpg\" alt=\"\" width=\"1773\" height=\"1126\" \/><\/a><\/p>\n<p><a href=\"https:\/\/dypall.com\/lv\/2023\/05\/10\/youth2europe-youth-meeting\/y2eu2\/#main\" rel=\"attachment wp-att-6404\"><img loading=\"lazy\" decoding=\"async\" class=\"alignnone size-full wp-image-6404\" src=\"https:\/\/dypall.com\/wp-content\/uploads\/2023\/05\/Y2EU2.jpg\" alt=\"\" width=\"2048\" height=\"2037\" \/><\/a><\/p>\n<p><a href=\"https:\/\/dypall.com\/lv\/2023\/05\/10\/youth2europe-youth-meeting\/y2eu3\/#main\" rel=\"attachment wp-att-6405\"><img loading=\"lazy\" decoding=\"async\" class=\"alignnone size-full wp-image-6405\" src=\"https:\/\/dypall.com\/wp-content\/uploads\/2023\/05\/Y2EU3.jpg\" alt=\"\" width=\"2048\" height=\"1445\" \/><\/a><\/p>\n<p><a href=\"https:\/\/dypall.com\/lv\/2023\/05\/10\/youth2europe-youth-meeting\/y2eu4\/#main\" rel=\"attachment wp-att-6407\"><img loading=\"lazy\" decoding=\"async\" class=\"alignnone size-full wp-image-6407\" src=\"https:\/\/dypall.com\/wp-content\/uploads\/2023\/05\/Y2EU4.jpg\" alt=\"\" width=\"1301\" height=\"2048\" \/><\/a><\/p>\n<p><a href=\"https:\/\/dypall.com\/lv\/2023\/05\/10\/youth2europe-youth-meeting\/y2eu5\/#main\" rel=\"attachment wp-att-6406\"><img loading=\"lazy\" decoding=\"async\" class=\"alignnone size-full wp-image-6406\" src=\"https:\/\/dypall.com\/wp-content\/uploads\/2023\/05\/Y2EU5.jpg\" alt=\"\" width=\"2048\" height=\"1637\" \/><\/a> \u00a0<a href=\"https:\/\/dypall.com\/lv\/2023\/05\/10\/youth2europe-youth-meeting\/y2eu1\/#main\" rel=\"attachment wp-att-6408\"><img loading=\"lazy\" decoding=\"async\" class=\"alignnone size-full wp-image-6408\" src=\"https:\/\/dypall.com\/wp-content\/uploads\/2023\/05\/Y2EU1.jpg\" alt=\"\" width=\"2048\" height=\"1569\" \/><\/a><\/p>\n<p><a href=\"https:\/\/dypall.com\/lv\/2023\/05\/10\/youth2europe-youth-meeting\/dypall-study-visit_1\/#main\" rel=\"attachment wp-att-6409\"><img loading=\"lazy\" decoding=\"async\" class=\"alignnone size-full wp-image-6409\" src=\"https:\/\/dypall.com\/wp-content\/uploads\/2023\/05\/DYPALL-Study-visit_1.jpg\" alt=\"\" width=\"1690\" height=\"1126\" \/><\/a><\/p>","protected":false},"excerpt":{"rendered":"<p>Youth2EUrope jaunatnes san\u0101ksme notika 2023. gada 1.\u20137. maij\u0101 Setubal\u0101, Portug\u0101l\u0113. Jaunatnes san\u0101ksmes laik\u0101 25 jaunie\u0161i no Horv\u0101tijas, It\u0101lijas, Lietuvas un Portug\u0101les turpin\u0101ja att\u012bst\u012bt akt\u012bva pilsoniskuma prasmes, uzlabojot savas zin\u0101\u0161anas par ES iest\u0101d\u0113m, t\u0101s v\u0113rt\u012bb\u0101m un priorit\u0101t\u0113m un l\u0113mumu pie\u0146em\u0161anas procesu. Dal\u012bbnieki ieliks savu jauno... <a class=\"more-link\" href=\"https:\/\/dypall.com\/lv\/activity\/youth2europe-youth-meeting\/\">Turpiniet las\u012bt <span class=\"screen-reader-text\">Jaunatnes san\u0101ksme \u201cYouth2EUrope\u201d<\/span><\/a><\/p>","protected":false},"author":2,"featured_media":6409,"comment_status":"closed","ping_status":"open","sticky":false,"template":"","format":"standard","meta":{"_acf_changed":false,"_jetpack_memberships_contains_paid_content":false,"footnotes":""},"categories":[111,152],"tags":[],"class_list":["post-6402","post","type-post","status-publish","format-standard","has-post-thumbnail","hentry","category-activity","category-study-visits","entry"],"acf":[],"yoast_head":"<!-- This site is optimized with the Yoast SEO plugin v22.8 - https:\/\/yoast.com\/wordpress\/plugins\/seo\/ -->\n<title>Youth2EUrope Youth meeting - DYPALL Network<\/title>\n<meta name=\"robots\" content=\"index, follow, max-snippet:-1, max-image-preview:large, max-video-preview:-1\" \/>\n<link rel=\"canonical\" href=\"https:\/\/dypall.com\/lv\/activity\/youth2europe-youth-meeting\/\" \/>\n<meta property=\"og:locale\" content=\"lv_LV\" \/>\n<meta property=\"og:type\" content=\"article\" \/>\n<meta property=\"og:title\" content=\"Youth2EUrope Youth meeting - DYPALL Network\" \/>\n<meta property=\"og:description\" content=\"The Youth2EUrope Youth meeting took place from 1st \u2013 7th May 2023 in Setubal, Portugal. During the Youth meeting, 25 young people from Croatia, Italy, Lithuania and Portugal further developed skills of active citizenship by increasing their knowledge about EU institutions, its values and priorities and the decision-making process. The participants will put their newly&hellip; Turpiniet las\u012bt Youth2EUrope Youth meeting\" \/>\n<meta property=\"og:url\" content=\"https:\/\/dypall.com\/lv\/activity\/youth2europe-youth-meeting\/\" \/>\n<meta property=\"og:site_name\" content=\"DYPALL Network\" \/>\n<meta property=\"article:published_time\" content=\"2023-05-10T15:37:22+00:00\" \/>\n<meta name=\"author\" content=\"dypall\" \/>\n<meta name=\"twitter:card\" content=\"summary_large_image\" \/>\n<meta name=\"twitter:label1\" content=\"Written by\" \/>\n\t<meta name=\"twitter:data1\" content=\"dypall\" \/>\n\t<meta name=\"twitter:label2\" content=\"Est. reading time\" \/>\n\t<meta name=\"twitter:data2\" content=\"1 min\u016bte\" \/>\n<script type=\"application\/ld+json\" class=\"yoast-schema-graph\">{\"@context\":\"https:\/\/schema.org\",\"@graph\":[{\"@type\":\"WebPage\",\"@id\":\"https:\/\/dypall.com\/activity\/youth2europe-youth-meeting\/\",\"url\":\"https:\/\/dypall.com\/activity\/youth2europe-youth-meeting\/\",\"name\":\"Youth2EUrope Youth meeting - DYPALL Network\",\"isPartOf\":{\"@id\":\"https:\/\/dypall.com\/#website\"},\"primaryImageOfPage\":{\"@id\":\"https:\/\/dypall.com\/activity\/youth2europe-youth-meeting\/#primaryimage\"},\"image\":{\"@id\":\"https:\/\/dypall.com\/activity\/youth2europe-youth-meeting\/#primaryimage\"},\"thumbnailUrl\":\"\",\"datePublished\":\"2023-05-10T15:37:22+00:00\",\"dateModified\":\"2023-05-10T15:37:22+00:00\",\"author\":{\"@id\":\"https:\/\/dypall.com\/#\/schema\/person\/206350efe851997fcdedef75d118766b\"},\"breadcrumb\":{\"@id\":\"https:\/\/dypall.com\/activity\/youth2europe-youth-meeting\/#breadcrumb\"},\"inLanguage\":\"lv-LV\",\"potentialAction\":[{\"@type\":\"ReadAction\",\"target\":[\"https:\/\/dypall.com\/activity\/youth2europe-youth-meeting\/\"]}]},{\"@type\":\"ImageObject\",\"inLanguage\":\"lv-LV\",\"@id\":\"https:\/\/dypall.com\/activity\/youth2europe-youth-meeting\/#primaryimage\",\"url\":\"\",\"contentUrl\":\"\"},{\"@type\":\"BreadcrumbList\",\"@id\":\"https:\/\/dypall.com\/activity\/youth2europe-youth-meeting\/#breadcrumb\",\"itemListElement\":[{\"@type\":\"ListItem\",\"position\":1,\"name\":\"Home\",\"item\":\"https:\/\/dypall.com\/\"},{\"@type\":\"ListItem\",\"position\":2,\"name\":\"Youth2EUrope Youth meeting\"}]},{\"@type\":\"WebSite\",\"@id\":\"https:\/\/dypall.com\/#website\",\"url\":\"https:\/\/dypall.com\/\",\"name\":\"DYPALL Network\",\"description\":\"We are a European network of civil society organisations, municipalities and research institutions dedicated to improving democracy through youth participation.\",\"potentialAction\":[{\"@type\":\"SearchAction\",\"target\":{\"@type\":\"EntryPoint\",\"urlTemplate\":\"https:\/\/dypall.com\/?s={search_term_string}\"},\"query-input\":\"required name=search_term_string\"}],\"inLanguage\":\"lv-LV\"},{\"@type\":\"Person\",\"@id\":\"https:\/\/dypall.com\/#\/schema\/person\/206350efe851997fcdedef75d118766b\",\"name\":\"dypall\",\"image\":{\"@type\":\"ImageObject\",\"inLanguage\":\"lv-LV\",\"@id\":\"https:\/\/dypall.com\/#\/schema\/person\/image\/\",\"url\":\"https:\/\/secure.gravatar.com\/avatar\/14e8d3d8841cd0bdf69915120bcf9fcfac1567f1dc7035664907322ac47efe29?s=96&d=mm&r=g\",\"contentUrl\":\"https:\/\/secure.gravatar.com\/avatar\/14e8d3d8841cd0bdf69915120bcf9fcfac1567f1dc7035664907322ac47efe29?s=96&d=mm&r=g\",\"caption\":\"dypall\"},\"url\":\"https:\/\/dypall.com\/lv\/author\/dypall_info\/\"}]}<\/script>\n<!-- \/ Yoast SEO plugin. -->","yoast_head_json":{"title":"Youth2EUrope Youth meeting - DYPALL Network","robots":{"index":"index","follow":"follow","max-snippet":"max-snippet:-1","max-image-preview":"max-image-preview:large","max-video-preview":"max-video-preview:-1"},"canonical":"https:\/\/dypall.com\/lv\/activity\/youth2europe-youth-meeting\/","og_locale":"lv_LV","og_type":"article","og_title":"Youth2EUrope Youth meeting - DYPALL Network","og_description":"The Youth2EUrope Youth meeting took place from 1st \u2013 7th May 2023 in Setubal, Portugal. During the Youth meeting, 25 young people from Croatia, Italy, Lithuania and Portugal further developed skills of active citizenship by increasing their knowledge about EU institutions, its values and priorities and the decision-making process. The participants will put their newly&hellip; Turpiniet las\u012bt Youth2EUrope Youth meeting","og_url":"https:\/\/dypall.com\/lv\/activity\/youth2europe-youth-meeting\/","og_site_name":"DYPALL Network","article_published_time":"2023-05-10T15:37:22+00:00","author":"dypall","twitter_card":"summary_large_image","twitter_misc":{"Written by":"dypall","Est. reading time":"1 min\u016bte"},"schema":{"@context":"https:\/\/schema.org","@graph":[{"@type":"WebPage","@id":"https:\/\/dypall.com\/activity\/youth2europe-youth-meeting\/","url":"https:\/\/dypall.com\/activity\/youth2europe-youth-meeting\/","name":"Youth2EUrope Youth meeting - DYPALL Network","isPartOf":{"@id":"https:\/\/dypall.com\/#website"},"primaryImageOfPage":{"@id":"https:\/\/dypall.com\/activity\/youth2europe-youth-meeting\/#primaryimage"},"image":{"@id":"https:\/\/dypall.com\/activity\/youth2europe-youth-meeting\/#primaryimage"},"thumbnailUrl":"","datePublished":"2023-05-10T15:37:22+00:00","dateModified":"2023-05-10T15:37:22+00:00","author":{"@id":"https:\/\/dypall.com\/#\/schema\/person\/206350efe851997fcdedef75d118766b"},"breadcrumb":{"@id":"https:\/\/dypall.com\/activity\/youth2europe-youth-meeting\/#breadcrumb"},"inLanguage":"lv-LV","potentialAction":[{"@type":"ReadAction","target":["https:\/\/dypall.com\/activity\/youth2europe-youth-meeting\/"]}]},{"@type":"ImageObject","inLanguage":"lv-LV","@id":"https:\/\/dypall.com\/activity\/youth2europe-youth-meeting\/#primaryimage","url":"","contentUrl":""},{"@type":"BreadcrumbList","@id":"https:\/\/dypall.com\/activity\/youth2europe-youth-meeting\/#breadcrumb","itemListElement":[{"@type":"ListItem","position":1,"name":"Home","item":"https:\/\/dypall.com\/"},{"@type":"ListItem","position":2,"name":"Youth2EUrope Youth meeting"}]},{"@type":"WebSite","@id":"https:\/\/dypall.com\/#website","url":"https:\/\/dypall.com\/","name":"DYPALL Network","description":"We are a European network of civil society organisations, municipalities and research institutions dedicated to improving democracy through youth participation.","potentialAction":[{"@type":"SearchAction","target":{"@type":"EntryPoint","urlTemplate":"https:\/\/dypall.com\/?s={search_term_string}"},"query-input":"required name=search_term_string"}],"inLanguage":"lv-LV"},{"@type":"Person","@id":"https:\/\/dypall.com\/#\/schema\/person\/206350efe851997fcdedef75d118766b","name":"dypall","image":{"@type":"ImageObject","inLanguage":"lv-LV","@id":"https:\/\/dypall.com\/#\/schema\/person\/image\/","url":"https:\/\/secure.gravatar.com\/avatar\/14e8d3d8841cd0bdf69915120bcf9fcfac1567f1dc7035664907322ac47efe29?s=96&d=mm&r=g","contentUrl":"https:\/\/secure.gravatar.com\/avatar\/14e8d3d8841cd0bdf69915120bcf9fcfac1567f1dc7035664907322ac47efe29?s=96&d=mm&r=g","caption":"dypall"},"url":"https:\/\/dypall.com\/lv\/author\/dypall_info\/"}]}},"jetpack_featured_media_url":"","jetpack_sharing_enabled":true,"_links":{"self":[{"href":"https:\/\/dypall.com\/lv\/wp-json\/wp\/v2\/posts\/6402","targetHints":{"allow":["GET"]}}],"collection":[{"href":"https:\/\/dypall.com\/lv\/wp-json\/wp\/v2\/posts"}],"about":[{"href":"https:\/\/dypall.com\/lv\/wp-json\/wp\/v2\/types\/post"}],"author":[{"embeddable":true,"href":"https:\/\/dypall.com\/lv\/wp-json\/wp\/v2\/users\/2"}],"replies":[{"embeddable":true,"href":"https:\/\/dypall.com\/lv\/wp-json\/wp\/v2\/comments?post=6402"}],"version-history":[{"count":0,"href":"https:\/\/dypall.com\/lv\/wp-json\/wp\/v2\/posts\/6402\/revisions"}],"wp:featuredmedia":[{"embeddable":true,"href":"https:\/\/dypall.com\/lv\/wp-json\/"}],"wp:attachment":[{"href":"https:\/\/dypall.com\/lv\/wp-json\/wp\/v2\/media?parent=6402"}],"wp:term":[{"taxonomy":"category","embeddable":true,"href":"https:\/\/dypall.com\/lv\/wp-json\/wp\/v2\/categories?post=6402"},{"taxonomy":"post_tag","embeddable":true,"href":"https:\/\/dypall.com\/lv\/wp-json\/wp\/v2\/tags?post=6402"}],"curies":[{"name":"wp","href":"https:\/\/api.w.org\/{rel}","templated":true}]}}