{"id":6244,"date":"2022-12-21T11:40:25","date_gmt":"2022-12-21T11:40:25","guid":{"rendered":"https:\/\/dypall.com\/?p=6244"},"modified":"2022-12-21T11:40:25","modified_gmt":"2022-12-21T11:40:25","slug":"youth-democracy-academy-2nd-transnational-partners-meeting","status":"publish","type":"post","link":"https:\/\/dypall.com\/lv\/activity\/youth-democracy-academy-2nd-transnational-partners-meeting\/","title":{"rendered":"Jaunatnes demokr\u0101tijas akad\u0113mijas otr\u0101 transnacion\u0101l\u0101 partneru san\u0101ksme"},"content":{"rendered":"<div class=\"x11i5rnm xat24cr x1mh8g0r x1vvkbs xtlvy1s x126k92a\">\n<div dir=\"auto\">\n<p><span style=\"font-weight: 400;\">Otr\u0101 starptautisk\u0101 partnera san\u0101ksme <em><strong>\u201cJaunatnes demokr\u0101tijas akad\u0113mija\u201d<\/strong><\/em> projekts tika \u012bstenots no 5<\/span><span style=\"font-weight: 400;\">th<\/span><span style=\"font-weight: 400;\"> \u20138<\/span><span style=\"font-weight: 400;\">th<\/span><span style=\"font-weight: 400;\"> 2022. gada decembr\u012b Setubal\u0101, Portug\u0101l\u0113.<\/span><\/p>\n<p>San\u0101ksme bija velt\u012bta tam, lai nov\u0113rt\u0113tu <strong>Izgl\u012bto\u0161ana par demokr\u0101tiju<\/strong> 2022. gada otraj\u0101 pusgad\u0101 programma tika p\u0101rbaud\u012bta skol\u0101 Zviedrij\u0101 un jaunatnes centr\u0101 It\u0101lij\u0101. San\u0101ksmes laik\u0101 tika prezent\u0113ts zi\u0146ojums par programmas \u012bsteno\u0161anu un nov\u0113rt\u0113\u0161anas r\u012bka rezult\u0101tiem. <span class=\"xt0psk2\">Olands folkh\u00f6gskola<\/span>\u00a0un La Fenice APS.<\/p>\n<\/div>\n<div dir=\"auto\"><span style=\"font-weight: 400;\">Par <strong>n\u0101kamais solis<\/strong> projekta ietvaros tiek gatavota sal\u012bdzino\u0161a anal\u012bze par rezult\u0101tiem Zviedrij\u0101 un It\u0101lij\u0101, kas kop\u0101 ar projekta rezult\u0101tiem tiks prezent\u0113ta gaid\u0101majos multiplikatora pas\u0101kumos Zviedrij\u0101, It\u0101lij\u0101 un Portug\u0101l\u0113. <strong>intelektu\u0101lie rezult\u0101ti<\/strong><\/span>:<\/div>\n<ul>\n<li dir=\"auto\">R\u012bkkopa \u201cIzgl\u012bto\u0161ana par demokr\u0101tiju\u201d<\/li>\n<li dir=\"auto\">Nov\u0113rt\u0113\u0161anas r\u012bks<\/li>\n<li dir=\"auto\">Galda sp\u0113le.<\/li>\n<\/ul>\n<\/div>\n<div class=\"x11i5rnm xat24cr x1mh8g0r x1vvkbs xtlvy1s x126k92a\">\n<div dir=\"auto\">Jaunie\u0161u demokr\u0101tijas akad\u0113mija ir ilgtermi\u0146a projekts, ko \u012bsteno konsorcijs, kuru veido DYPALL t\u012bkls, <a href=\"http:\/\/olandsfolkhogskola.se\">Olands folkh\u00f6gskola<\/a> (Zviedrija), Intelli sp\u0113les (Polija) un <a href=\"http:\/\/www.lafenicetortona.org\/site\/it\/\">La Fenice APS<\/a> (It\u0101lija) saska\u0146\u0101 ar \u201cErasmus+\u201d 2. pamatdarb\u012bbu \u201cInov\u0101cija\u201d. San\u0101ksme tika organiz\u0113ta ar Setubalas pa\u0161vald\u012bbas Jaunatnes departamenta atbalstu.<\/div>\n<div dir=\"auto\"><\/div>\n<\/div>\n<div dir=\"auto\"><a href=\"https:\/\/dypall.com\/lv\/2022\/12\/21\/youth-democracy-academy-2nd-transnational-partners-meeting\/318135018_6946788968669795_1078975386095903031_n\/#main\" rel=\"attachment wp-att-6246\"><img loading=\"lazy\" decoding=\"async\" class=\"alignnone size-full wp-image-6246\" src=\"https:\/\/dypall.com\/wp-content\/uploads\/2023\/01\/318135018_6946788968669795_1078975386095903031_n.jpeg\" alt=\"\" width=\"1080\" height=\"811\" \/><\/a><\/div>","protected":false},"excerpt":{"rendered":"<p>Projekta \u201cJaunatnes demokr\u0101tijas akad\u0113mija\u201d otr\u0101 transnacion\u0101l\u0101 partnera san\u0101ksme notika 2022. gada 5.\u20138. decembr\u012b Setubal\u0101, Portug\u0101l\u0113. San\u0101ksme bija velt\u012bta tam, lai nov\u0113rt\u0113tu programmu \u201cIzgl\u012bt\u012bba demokr\u0101tijai\u201d, kas 2022. gada otraj\u0101 pusgad\u0101 tika test\u0113ta skol\u0101 Zviedrij\u0101 un jaunatnes centr\u0101 It\u0101lij\u0101. Tik\u0161an\u0101s laik\u0101... <a class=\"more-link\" href=\"https:\/\/dypall.com\/lv\/activity\/youth-democracy-academy-2nd-transnational-partners-meeting\/\">Turpiniet las\u012bt <span class=\"screen-reader-text\">Jaunatnes demokr\u0101tijas akad\u0113mijas otr\u0101 transnacion\u0101l\u0101 partneru san\u0101ksme<\/span><\/a><\/p>","protected":false},"author":2,"featured_media":6246,"comment_status":"closed","ping_status":"open","sticky":false,"template":"","format":"standard","meta":{"_acf_changed":false,"_jetpack_memberships_contains_paid_content":false,"footnotes":""},"categories":[111],"tags":[],"class_list":["post-6244","post","type-post","status-publish","format-standard","has-post-thumbnail","hentry","category-activity","entry"],"acf":[],"yoast_head":"<!-- This site is optimized with the Yoast SEO plugin v22.8 - https:\/\/yoast.com\/wordpress\/plugins\/seo\/ -->\n<title>&quot;Youth Democracy Academy&quot; 2nd transnational partners&#039; meeting - DYPALL Network<\/title>\n<meta name=\"robots\" content=\"index, follow, max-snippet:-1, max-image-preview:large, max-video-preview:-1\" \/>\n<link rel=\"canonical\" href=\"https:\/\/dypall.com\/lv\/activity\/youth-democracy-academy-2nd-transnational-partners-meeting\/\" \/>\n<meta property=\"og:locale\" content=\"lv_LV\" \/>\n<meta property=\"og:type\" content=\"article\" \/>\n<meta property=\"og:title\" content=\"&quot;Youth Democracy Academy&quot; 2nd transnational partners&#039; meeting - DYPALL Network\" \/>\n<meta property=\"og:description\" content=\"The second Transnational partner\u2019s meeting of the &#8220;Youth Democracy Academy&#8221; project took place from 5th \u2013 8th December 2022 in Set\u00fabal, Portugal. The meeting was dedicated to evaluating the Educate for Democracy programme tested in a school in Sweden and a youth centre in Italy during the second semester of 2022. During the meeting, the&hellip; Turpiniet las\u012bt &#8220;Youth Democracy Academy&#8221; 2nd transnational partners&#8217; meeting\" \/>\n<meta property=\"og:url\" content=\"https:\/\/dypall.com\/lv\/activity\/youth-democracy-academy-2nd-transnational-partners-meeting\/\" \/>\n<meta property=\"og:site_name\" content=\"DYPALL Network\" \/>\n<meta property=\"article:published_time\" content=\"2022-12-21T11:40:25+00:00\" \/>\n<meta name=\"author\" content=\"dypall\" \/>\n<meta name=\"twitter:card\" content=\"summary_large_image\" \/>\n<meta name=\"twitter:label1\" content=\"Written by\" \/>\n\t<meta name=\"twitter:data1\" content=\"dypall\" \/>\n\t<meta name=\"twitter:label2\" content=\"Est. reading time\" \/>\n\t<meta name=\"twitter:data2\" content=\"1 min\u016bte\" \/>\n<script type=\"application\/ld+json\" class=\"yoast-schema-graph\">{\"@context\":\"https:\/\/schema.org\",\"@graph\":[{\"@type\":\"WebPage\",\"@id\":\"https:\/\/dypall.com\/activity\/youth-democracy-academy-2nd-transnational-partners-meeting\/\",\"url\":\"https:\/\/dypall.com\/activity\/youth-democracy-academy-2nd-transnational-partners-meeting\/\",\"name\":\"\\\"Youth Democracy Academy\\\" 2nd transnational partners' meeting - DYPALL Network\",\"isPartOf\":{\"@id\":\"https:\/\/dypall.com\/#website\"},\"primaryImageOfPage\":{\"@id\":\"https:\/\/dypall.com\/activity\/youth-democracy-academy-2nd-transnational-partners-meeting\/#primaryimage\"},\"image\":{\"@id\":\"https:\/\/dypall.com\/activity\/youth-democracy-academy-2nd-transnational-partners-meeting\/#primaryimage\"},\"thumbnailUrl\":\"\",\"datePublished\":\"2022-12-21T11:40:25+00:00\",\"dateModified\":\"2022-12-21T11:40:25+00:00\",\"author\":{\"@id\":\"https:\/\/dypall.com\/#\/schema\/person\/206350efe851997fcdedef75d118766b\"},\"breadcrumb\":{\"@id\":\"https:\/\/dypall.com\/activity\/youth-democracy-academy-2nd-transnational-partners-meeting\/#breadcrumb\"},\"inLanguage\":\"lv-LV\",\"potentialAction\":[{\"@type\":\"ReadAction\",\"target\":[\"https:\/\/dypall.com\/activity\/youth-democracy-academy-2nd-transnational-partners-meeting\/\"]}]},{\"@type\":\"ImageObject\",\"inLanguage\":\"lv-LV\",\"@id\":\"https:\/\/dypall.com\/activity\/youth-democracy-academy-2nd-transnational-partners-meeting\/#primaryimage\",\"url\":\"\",\"contentUrl\":\"\"},{\"@type\":\"BreadcrumbList\",\"@id\":\"https:\/\/dypall.com\/activity\/youth-democracy-academy-2nd-transnational-partners-meeting\/#breadcrumb\",\"itemListElement\":[{\"@type\":\"ListItem\",\"position\":1,\"name\":\"Home\",\"item\":\"https:\/\/dypall.com\/\"},{\"@type\":\"ListItem\",\"position\":2,\"name\":\"&#8220;Youth Democracy Academy&#8221; 2nd transnational partners&#8217; meeting\"}]},{\"@type\":\"WebSite\",\"@id\":\"https:\/\/dypall.com\/#website\",\"url\":\"https:\/\/dypall.com\/\",\"name\":\"DYPALL Network\",\"description\":\"We are a European network of civil society organisations, municipalities and research institutions dedicated to improving democracy through youth participation.\",\"potentialAction\":[{\"@type\":\"SearchAction\",\"target\":{\"@type\":\"EntryPoint\",\"urlTemplate\":\"https:\/\/dypall.com\/?s={search_term_string}\"},\"query-input\":\"required name=search_term_string\"}],\"inLanguage\":\"lv-LV\"},{\"@type\":\"Person\",\"@id\":\"https:\/\/dypall.com\/#\/schema\/person\/206350efe851997fcdedef75d118766b\",\"name\":\"dypall\",\"image\":{\"@type\":\"ImageObject\",\"inLanguage\":\"lv-LV\",\"@id\":\"https:\/\/dypall.com\/#\/schema\/person\/image\/\",\"url\":\"https:\/\/secure.gravatar.com\/avatar\/14e8d3d8841cd0bdf69915120bcf9fcfac1567f1dc7035664907322ac47efe29?s=96&d=mm&r=g\",\"contentUrl\":\"https:\/\/secure.gravatar.com\/avatar\/14e8d3d8841cd0bdf69915120bcf9fcfac1567f1dc7035664907322ac47efe29?s=96&d=mm&r=g\",\"caption\":\"dypall\"},\"url\":\"https:\/\/dypall.com\/lv\/author\/dypall_info\/\"}]}<\/script>\n<!-- \/ Yoast SEO plugin. -->","yoast_head_json":{"title":"\"Youth Democracy Academy\" 2nd transnational partners' meeting - DYPALL Network","robots":{"index":"index","follow":"follow","max-snippet":"max-snippet:-1","max-image-preview":"max-image-preview:large","max-video-preview":"max-video-preview:-1"},"canonical":"https:\/\/dypall.com\/lv\/activity\/youth-democracy-academy-2nd-transnational-partners-meeting\/","og_locale":"lv_LV","og_type":"article","og_title":"\"Youth Democracy Academy\" 2nd transnational partners' meeting - DYPALL Network","og_description":"The second Transnational partner\u2019s meeting of the &#8220;Youth Democracy Academy&#8221; project took place from 5th \u2013 8th December 2022 in Set\u00fabal, Portugal. The meeting was dedicated to evaluating the Educate for Democracy programme tested in a school in Sweden and a youth centre in Italy during the second semester of 2022. During the meeting, the&hellip; Turpiniet las\u012bt &#8220;Youth Democracy Academy&#8221; 2nd transnational partners&#8217; meeting","og_url":"https:\/\/dypall.com\/lv\/activity\/youth-democracy-academy-2nd-transnational-partners-meeting\/","og_site_name":"DYPALL Network","article_published_time":"2022-12-21T11:40:25+00:00","author":"dypall","twitter_card":"summary_large_image","twitter_misc":{"Written by":"dypall","Est. reading time":"1 min\u016bte"},"schema":{"@context":"https:\/\/schema.org","@graph":[{"@type":"WebPage","@id":"https:\/\/dypall.com\/activity\/youth-democracy-academy-2nd-transnational-partners-meeting\/","url":"https:\/\/dypall.com\/activity\/youth-democracy-academy-2nd-transnational-partners-meeting\/","name":"\"Youth Democracy Academy\" 2nd transnational partners' meeting - DYPALL Network","isPartOf":{"@id":"https:\/\/dypall.com\/#website"},"primaryImageOfPage":{"@id":"https:\/\/dypall.com\/activity\/youth-democracy-academy-2nd-transnational-partners-meeting\/#primaryimage"},"image":{"@id":"https:\/\/dypall.com\/activity\/youth-democracy-academy-2nd-transnational-partners-meeting\/#primaryimage"},"thumbnailUrl":"","datePublished":"2022-12-21T11:40:25+00:00","dateModified":"2022-12-21T11:40:25+00:00","author":{"@id":"https:\/\/dypall.com\/#\/schema\/person\/206350efe851997fcdedef75d118766b"},"breadcrumb":{"@id":"https:\/\/dypall.com\/activity\/youth-democracy-academy-2nd-transnational-partners-meeting\/#breadcrumb"},"inLanguage":"lv-LV","potentialAction":[{"@type":"ReadAction","target":["https:\/\/dypall.com\/activity\/youth-democracy-academy-2nd-transnational-partners-meeting\/"]}]},{"@type":"ImageObject","inLanguage":"lv-LV","@id":"https:\/\/dypall.com\/activity\/youth-democracy-academy-2nd-transnational-partners-meeting\/#primaryimage","url":"","contentUrl":""},{"@type":"BreadcrumbList","@id":"https:\/\/dypall.com\/activity\/youth-democracy-academy-2nd-transnational-partners-meeting\/#breadcrumb","itemListElement":[{"@type":"ListItem","position":1,"name":"Home","item":"https:\/\/dypall.com\/"},{"@type":"ListItem","position":2,"name":"&#8220;Youth Democracy Academy&#8221; 2nd transnational partners&#8217; meeting"}]},{"@type":"WebSite","@id":"https:\/\/dypall.com\/#website","url":"https:\/\/dypall.com\/","name":"DYPALL Network","description":"We are a European network of civil society organisations, municipalities and research institutions dedicated to improving democracy through youth participation.","potentialAction":[{"@type":"SearchAction","target":{"@type":"EntryPoint","urlTemplate":"https:\/\/dypall.com\/?s={search_term_string}"},"query-input":"required name=search_term_string"}],"inLanguage":"lv-LV"},{"@type":"Person","@id":"https:\/\/dypall.com\/#\/schema\/person\/206350efe851997fcdedef75d118766b","name":"dypall","image":{"@type":"ImageObject","inLanguage":"lv-LV","@id":"https:\/\/dypall.com\/#\/schema\/person\/image\/","url":"https:\/\/secure.gravatar.com\/avatar\/14e8d3d8841cd0bdf69915120bcf9fcfac1567f1dc7035664907322ac47efe29?s=96&d=mm&r=g","contentUrl":"https:\/\/secure.gravatar.com\/avatar\/14e8d3d8841cd0bdf69915120bcf9fcfac1567f1dc7035664907322ac47efe29?s=96&d=mm&r=g","caption":"dypall"},"url":"https:\/\/dypall.com\/lv\/author\/dypall_info\/"}]}},"jetpack_featured_media_url":"","jetpack_sharing_enabled":true,"_links":{"self":[{"href":"https:\/\/dypall.com\/lv\/wp-json\/wp\/v2\/posts\/6244","targetHints":{"allow":["GET"]}}],"collection":[{"href":"https:\/\/dypall.com\/lv\/wp-json\/wp\/v2\/posts"}],"about":[{"href":"https:\/\/dypall.com\/lv\/wp-json\/wp\/v2\/types\/post"}],"author":[{"embeddable":true,"href":"https:\/\/dypall.com\/lv\/wp-json\/wp\/v2\/users\/2"}],"replies":[{"embeddable":true,"href":"https:\/\/dypall.com\/lv\/wp-json\/wp\/v2\/comments?post=6244"}],"version-history":[{"count":0,"href":"https:\/\/dypall.com\/lv\/wp-json\/wp\/v2\/posts\/6244\/revisions"}],"wp:featuredmedia":[{"embeddable":true,"href":"https:\/\/dypall.com\/lv\/wp-json\/"}],"wp:attachment":[{"href":"https:\/\/dypall.com\/lv\/wp-json\/wp\/v2\/media?parent=6244"}],"wp:term":[{"taxonomy":"category","embeddable":true,"href":"https:\/\/dypall.com\/lv\/wp-json\/wp\/v2\/categories?post=6244"},{"taxonomy":"post_tag","embeddable":true,"href":"https:\/\/dypall.com\/lv\/wp-json\/wp\/v2\/tags?post=6244"}],"curies":[{"name":"wp","href":"https:\/\/api.w.org\/{rel}","templated":true}]}}