{"id":5721,"date":"2022-07-26T15:22:36","date_gmt":"2022-07-26T14:22:36","guid":{"rendered":"https:\/\/dypall.com\/?p=5721"},"modified":"2022-07-26T15:22:36","modified_gmt":"2022-07-26T14:22:36","slug":"1-st-transnational-partners-meeting-of-the-project-local-youth-councils-at-international-scale-20-23-07-2022-rabat-morocco","status":"publish","type":"post","link":"https:\/\/dypall.com\/lv\/activity\/1-st-transnational-partners-meeting-of-the-project-local-youth-councils-at-international-scale-20-23-07-2022-rabat-morocco\/","title":{"rendered":"Projekta \u201cViet\u0113j\u0101s jaunatnes padomes starptautisk\u0101 m\u0113rog\u0101\u201d san\u0101ksme Rab\u0101t\u0101, Marok\u0101"},"content":{"rendered":"<p>20.\u201323. j\u016blij\u0101 DYPALL t\u012bkls vad\u012bja pirmo Transnacion\u0101lo partneru san\u0101ksmi <strong>projekts \u201cViet\u0113j\u0101s jaunatnes padomes starptautisk\u0101 m\u0113rog\u0101\u201d<\/strong>. San\u0101ksme notika Rabat\u0101, Marok\u0101, un to r\u012bkoja Marokas Jaunatnes forums 3. t\u016bksto\u0161gadei.<\/p>\n<p>Partneriem t\u0101 bija iesp\u0113ja:<br \/>\n\u2013 iepaz\u012bt vienam otru person\u012bgi,<br \/>\n\u2013 jaun\u0101k\u0101 inform\u0101cija par projekta st\u0101vokli, tostarp par jaun\u0101kaj\u0101m projekta noris\u0113m, piem\u0113ram, <strong>ievirzes tie\u0161saistes konference \u201cViet\u0113j\u0101s jaunatnes padomes starptautisk\u0101 m\u0113rog\u0101\u201d<\/strong>,<br \/>\n\u2013 s\u012bki pl\u0101not \u0161\u0101das projekta darb\u012bbas, tostarp izsludin\u0101t uzaicin\u0101jumu viet\u0113jo jaunatnes padomju ekspertu grupai, pabeigt literat\u016bras p\u0113t\u012bjumu un s\u0101kt apzin\u0101t labu praksi attiec\u012bb\u0101 uz viet\u0113j\u0101m jaunatnes padom\u0113m projekta valst\u012bs,<br \/>\n\u2013 apspriest administrat\u012bvos jaut\u0101jumus, izplat\u012b\u0161anas pl\u0101nu un uzraudz\u012bbas strat\u0113\u0123iju.<\/p>\n<p>Projekts<em>Viet\u0113j\u0101s jaunatnes padomes starptautisk\u0101 m\u0113rog\u0101<\/em>\u201d uzman\u012bbas centr\u0101 ir <strong>darba ar jaunatni kvalit\u0101te starptautisk\u0101 l\u012bmen\u012b<\/strong> analiz\u0113jot un palielinot<strong> sp\u0113jas<\/strong> un <strong>iesp\u0113jas<\/strong> jaunatnes darbinieki no pilsonisk\u0101s sabiedr\u012bbas organiz\u0101cij\u0101m un pa\u0161vald\u012bb\u0101m <strong>iesaist\u012bt jaunie\u0161us <\/strong>l\u0113mumu pie\u0146em\u0161anas procesos viet\u0113j\u0101 l\u012bmen\u012b <strong>ar viet\u0113jo jaunatnes padomju starpniec\u012bbu<\/strong> un <strong>sagatavot jaunie\u0161us,<\/strong> ar prasm\u0113m un kompetenc\u0113m kvalitat\u012bvai l\u012bdzdal\u012bbai.<\/p>\n<p>Projektu koordin\u0113 DYPALL t\u012bkls sadarb\u012bb\u0101 ar <a href=\"https:\/\/www.europiamo.org\/\">Europiamo ETS<\/a> (It\u0101lija), <a href=\"https:\/\/youthonboard.com.mk\/\">Jaunatne vald\u0113<\/a> (Zieme\u013cma\u0137edonija), <a href=\"https:\/\/ysfi.ps\/En\/index.php\/en\/#\">Studentu foruma instit\u016bts<\/a> (Palest\u012bna), <a href=\"https:\/\/www.facebook.com\/fjmtm\">Marokas Jaunatnes forums 3. t\u016bksto\u0161gadei<\/a> (Maroka), <a href=\"https:\/\/www.facebook.com\/Fhird.tn\/\">Farhat Hached P\u0113tniec\u012bbas un demokr\u0101tijas instit\u016bts<\/a> (Tunisija). To finans\u0113 saska\u0146\u0101 ar <strong>Programma \u201cErasmus+\u201d sp\u0113ju veido\u0161anai jaunatnes jom\u0101<\/strong> ko veic <strong>Eiropas Izgl\u012bt\u012bbas un kult\u016bras izpilda\u0123ent\u016bra.<\/strong><\/p>\n<p><a href=\"https:\/\/dypall.com\/lv\/2022\/07\/26\/1-st-transnational-partners-meeting-of-the-project-local-youth-councils-at-international-scale-20-23-07-2022-rabat-morocco\/img-20220721-wa0030\/#main\" rel=\"attachment wp-att-5730\"><br \/>\n<img loading=\"lazy\" decoding=\"async\" class=\"alignleft size-full wp-image-5730\" src=\"https:\/\/dypall.com\/wp-content\/uploads\/2022\/07\/IMG-20220721-WA0030.jpg\" alt=\"\" width=\"2048\" height=\"1536\" \/><\/a> <a href=\"https:\/\/dypall.com\/lv\/2022\/07\/26\/1-st-transnational-partners-meeting-of-the-project-local-youth-councils-at-international-scale-20-23-07-2022-rabat-morocco\/img-20220721-wa0054\/#main\" rel=\"attachment wp-att-5729\"><img loading=\"lazy\" decoding=\"async\" class=\"alignleft size-full wp-image-5729\" src=\"https:\/\/dypall.com\/wp-content\/uploads\/2022\/07\/IMG-20220721-WA0054.jpg\" alt=\"\" width=\"1536\" height=\"2048\" \/><\/a> <a href=\"https:\/\/dypall.com\/lv\/2022\/07\/26\/1-st-transnational-partners-meeting-of-the-project-local-youth-councils-at-international-scale-20-23-07-2022-rabat-morocco\/img-20220721-wa0045\/#main\" rel=\"attachment wp-att-5728\"><img loading=\"lazy\" decoding=\"async\" class=\"alignleft size-full wp-image-5728\" src=\"https:\/\/dypall.com\/wp-content\/uploads\/2022\/07\/IMG-20220721-WA0045.jpg\" alt=\"\" width=\"2048\" height=\"1536\" \/><\/a> <a href=\"https:\/\/dypall.com\/lv\/2022\/07\/26\/1-st-transnational-partners-meeting-of-the-project-local-youth-councils-at-international-scale-20-23-07-2022-rabat-morocco\/img-20220723-wa0042\/#main\" rel=\"attachment wp-att-5727\"><img loading=\"lazy\" decoding=\"async\" class=\"alignleft size-full wp-image-5727\" src=\"https:\/\/dypall.com\/wp-content\/uploads\/2022\/07\/IMG-20220723-WA0042.jpg\" alt=\"\" width=\"1536\" height=\"2048\" \/><\/a> <a href=\"https:\/\/dypall.com\/lv\/2022\/07\/26\/1-st-transnational-partners-meeting-of-the-project-local-youth-councils-at-international-scale-20-23-07-2022-rabat-morocco\/img-20220721-wa0026\/#main\" rel=\"attachment wp-att-5731\"><img loading=\"lazy\" decoding=\"async\" class=\"alignleft size-full wp-image-5731\" src=\"https:\/\/dypall.com\/wp-content\/uploads\/2022\/07\/IMG-20220721-WA0026.jpg\" alt=\"\" width=\"1536\" height=\"2048\" \/><\/a> <a href=\"https:\/\/dypall.com\/lv\/2022\/07\/26\/1-st-transnational-partners-meeting-of-the-project-local-youth-councils-at-international-scale-20-23-07-2022-rabat-morocco\/img-20220723-wa0019\/#main\" rel=\"attachment wp-att-5725\"><img loading=\"lazy\" decoding=\"async\" class=\"alignleft size-full wp-image-5725\" src=\"https:\/\/dypall.com\/wp-content\/uploads\/2022\/07\/IMG-20220723-WA0019.jpg\" alt=\"\" width=\"2048\" height=\"1536\" \/><\/a> <a href=\"https:\/\/dypall.com\/lv\/2022\/07\/26\/1-st-transnational-partners-meeting-of-the-project-local-youth-councils-at-international-scale-20-23-07-2022-rabat-morocco\/img-20220723-wa0024\/#main\" rel=\"attachment wp-att-5724\"><img loading=\"lazy\" decoding=\"async\" class=\"alignleft size-full wp-image-5724\" src=\"https:\/\/dypall.com\/wp-content\/uploads\/2022\/07\/IMG-20220723-WA0024.jpg\" alt=\"\" width=\"2048\" height=\"1536\" \/><\/a> <a href=\"https:\/\/dypall.com\/lv\/2022\/07\/26\/1-st-transnational-partners-meeting-of-the-project-local-youth-councils-at-international-scale-20-23-07-2022-rabat-morocco\/img-20220723-wa0025\/#main\" rel=\"attachment wp-att-5723\"><img loading=\"lazy\" decoding=\"async\" class=\"alignleft size-full wp-image-5723\" src=\"https:\/\/dypall.com\/wp-content\/uploads\/2022\/07\/IMG-20220723-WA0025.jpg\" alt=\"\" width=\"1536\" height=\"2048\" \/><\/a> <a href=\"https:\/\/dypall.com\/lv\/2022\/07\/26\/1-st-transnational-partners-meeting-of-the-project-local-youth-councils-at-international-scale-20-23-07-2022-rabat-morocco\/img-20220723-wa0014\/#main\" rel=\"attachment wp-att-5726\"><img loading=\"lazy\" decoding=\"async\" class=\"alignleft size-full wp-image-5726\" src=\"https:\/\/dypall.com\/wp-content\/uploads\/2022\/07\/IMG-20220723-WA0014.jpg\" alt=\"\" width=\"1536\" height=\"2048\" \/><\/a><\/p>","protected":false},"excerpt":{"rendered":"<p>20.\u201323. j\u016blij\u0101 DYPALL t\u012bkls vad\u012bja projekta \u201cViet\u0113j\u0101s jaunatnes padomes starptautisk\u0101 m\u0113rog\u0101\u201d pirmo starptautisko partneru san\u0101ksmi. San\u0101ksme notika Rabat\u0101, Marok\u0101, un to r\u012bkoja Marokas Jaunatnes forums 3. t\u016bksto\u0161gadei. Partneriem t\u0101 bija iesp\u0113ja: \u2013 iepaz\u012bt viens otru... <a class=\"more-link\" href=\"https:\/\/dypall.com\/lv\/activity\/1-st-transnational-partners-meeting-of-the-project-local-youth-councils-at-international-scale-20-23-07-2022-rabat-morocco\/\">Turpiniet las\u012bt <span class=\"screen-reader-text\">Projekta \u201cViet\u0113j\u0101s jaunatnes padomes starptautisk\u0101 m\u0113rog\u0101\u201d san\u0101ksme Rab\u0101t\u0101, Marok\u0101<\/span><\/a><\/p>","protected":false},"author":2,"featured_media":5722,"comment_status":"closed","ping_status":"open","sticky":false,"template":"","format":"standard","meta":{"_acf_changed":false,"_jetpack_memberships_contains_paid_content":false,"footnotes":""},"categories":[111],"tags":[],"class_list":["post-5721","post","type-post","status-publish","format-standard","has-post-thumbnail","hentry","category-activity","entry"],"acf":[],"yoast_head":"<!-- This site is optimized with the Yoast SEO plugin v22.8 - https:\/\/yoast.com\/wordpress\/plugins\/seo\/ -->\n<title>\u201cLocal Youth Councils at International Scale\u201d Project Meeting in Rabat, Morocco - DYPALL Network<\/title>\n<meta name=\"robots\" content=\"index, follow, max-snippet:-1, max-image-preview:large, max-video-preview:-1\" \/>\n<link rel=\"canonical\" href=\"https:\/\/dypall.com\/lv\/activity\/1-st-transnational-partners-meeting-of-the-project-local-youth-councils-at-international-scale-20-23-07-2022-rabat-morocco\/\" \/>\n<meta property=\"og:locale\" content=\"lv_LV\" \/>\n<meta property=\"og:type\" content=\"article\" \/>\n<meta property=\"og:title\" content=\"\u201cLocal Youth Councils at International Scale\u201d Project Meeting in Rabat, Morocco - DYPALL Network\" \/>\n<meta property=\"og:description\" content=\"On the 20-23 July, DYPALL Network led the first Transnational Partners Meeting of the project &#8220;Local Youth Councils at International Scale&#8221;. The meeting took place in Rabat, Morocco, and was hosted by the Moroccan Youth Forum for the 3rd Millenium. It was an opportunity for the partners to: &#8211; get to know each other in&hellip; Turpiniet las\u012bt \u201cLocal Youth Councils at International Scale\u201d Project Meeting in Rabat, Morocco\" \/>\n<meta property=\"og:url\" content=\"https:\/\/dypall.com\/lv\/activity\/1-st-transnational-partners-meeting-of-the-project-local-youth-councils-at-international-scale-20-23-07-2022-rabat-morocco\/\" \/>\n<meta property=\"og:site_name\" content=\"DYPALL Network\" \/>\n<meta property=\"article:published_time\" content=\"2022-07-26T14:22:36+00:00\" \/>\n<meta name=\"author\" content=\"dypall\" \/>\n<meta name=\"twitter:card\" content=\"summary_large_image\" \/>\n<meta name=\"twitter:label1\" content=\"Written by\" \/>\n\t<meta name=\"twitter:data1\" content=\"dypall\" \/>\n\t<meta name=\"twitter:label2\" content=\"Est. reading time\" \/>\n\t<meta name=\"twitter:data2\" content=\"1 min\u016bte\" \/>\n<script type=\"application\/ld+json\" class=\"yoast-schema-graph\">{\"@context\":\"https:\/\/schema.org\",\"@graph\":[{\"@type\":\"WebPage\",\"@id\":\"https:\/\/dypall.com\/activity\/1-st-transnational-partners-meeting-of-the-project-local-youth-councils-at-international-scale-20-23-07-2022-rabat-morocco\/\",\"url\":\"https:\/\/dypall.com\/activity\/1-st-transnational-partners-meeting-of-the-project-local-youth-councils-at-international-scale-20-23-07-2022-rabat-morocco\/\",\"name\":\"\u201cLocal Youth Councils at International Scale\u201d Project Meeting in Rabat, Morocco - DYPALL Network\",\"isPartOf\":{\"@id\":\"https:\/\/dypall.com\/#website\"},\"primaryImageOfPage\":{\"@id\":\"https:\/\/dypall.com\/activity\/1-st-transnational-partners-meeting-of-the-project-local-youth-councils-at-international-scale-20-23-07-2022-rabat-morocco\/#primaryimage\"},\"image\":{\"@id\":\"https:\/\/dypall.com\/activity\/1-st-transnational-partners-meeting-of-the-project-local-youth-councils-at-international-scale-20-23-07-2022-rabat-morocco\/#primaryimage\"},\"thumbnailUrl\":\"\",\"datePublished\":\"2022-07-26T14:22:36+00:00\",\"dateModified\":\"2022-07-26T14:22:36+00:00\",\"author\":{\"@id\":\"https:\/\/dypall.com\/#\/schema\/person\/206350efe851997fcdedef75d118766b\"},\"breadcrumb\":{\"@id\":\"https:\/\/dypall.com\/activity\/1-st-transnational-partners-meeting-of-the-project-local-youth-councils-at-international-scale-20-23-07-2022-rabat-morocco\/#breadcrumb\"},\"inLanguage\":\"lv-LV\",\"potentialAction\":[{\"@type\":\"ReadAction\",\"target\":[\"https:\/\/dypall.com\/activity\/1-st-transnational-partners-meeting-of-the-project-local-youth-councils-at-international-scale-20-23-07-2022-rabat-morocco\/\"]}]},{\"@type\":\"ImageObject\",\"inLanguage\":\"lv-LV\",\"@id\":\"https:\/\/dypall.com\/activity\/1-st-transnational-partners-meeting-of-the-project-local-youth-councils-at-international-scale-20-23-07-2022-rabat-morocco\/#primaryimage\",\"url\":\"\",\"contentUrl\":\"\"},{\"@type\":\"BreadcrumbList\",\"@id\":\"https:\/\/dypall.com\/activity\/1-st-transnational-partners-meeting-of-the-project-local-youth-councils-at-international-scale-20-23-07-2022-rabat-morocco\/#breadcrumb\",\"itemListElement\":[{\"@type\":\"ListItem\",\"position\":1,\"name\":\"Home\",\"item\":\"https:\/\/dypall.com\/\"},{\"@type\":\"ListItem\",\"position\":2,\"name\":\"\u201cLocal Youth Councils at International Scale\u201d Project Meeting in Rabat, Morocco\"}]},{\"@type\":\"WebSite\",\"@id\":\"https:\/\/dypall.com\/#website\",\"url\":\"https:\/\/dypall.com\/\",\"name\":\"DYPALL Network\",\"description\":\"We are a European network of civil society organisations, municipalities and research institutions dedicated to improving democracy through youth participation.\",\"potentialAction\":[{\"@type\":\"SearchAction\",\"target\":{\"@type\":\"EntryPoint\",\"urlTemplate\":\"https:\/\/dypall.com\/?s={search_term_string}\"},\"query-input\":\"required name=search_term_string\"}],\"inLanguage\":\"lv-LV\"},{\"@type\":\"Person\",\"@id\":\"https:\/\/dypall.com\/#\/schema\/person\/206350efe851997fcdedef75d118766b\",\"name\":\"dypall\",\"image\":{\"@type\":\"ImageObject\",\"inLanguage\":\"lv-LV\",\"@id\":\"https:\/\/dypall.com\/#\/schema\/person\/image\/\",\"url\":\"https:\/\/secure.gravatar.com\/avatar\/14e8d3d8841cd0bdf69915120bcf9fcfac1567f1dc7035664907322ac47efe29?s=96&d=mm&r=g\",\"contentUrl\":\"https:\/\/secure.gravatar.com\/avatar\/14e8d3d8841cd0bdf69915120bcf9fcfac1567f1dc7035664907322ac47efe29?s=96&d=mm&r=g\",\"caption\":\"dypall\"},\"url\":\"https:\/\/dypall.com\/lv\/author\/dypall_info\/\"}]}<\/script>\n<!-- \/ Yoast SEO plugin. -->","yoast_head_json":{"title":"\u201cLocal Youth Councils at International Scale\u201d Project Meeting in Rabat, Morocco - DYPALL Network","robots":{"index":"index","follow":"follow","max-snippet":"max-snippet:-1","max-image-preview":"max-image-preview:large","max-video-preview":"max-video-preview:-1"},"canonical":"https:\/\/dypall.com\/lv\/activity\/1-st-transnational-partners-meeting-of-the-project-local-youth-councils-at-international-scale-20-23-07-2022-rabat-morocco\/","og_locale":"lv_LV","og_type":"article","og_title":"\u201cLocal Youth Councils at International Scale\u201d Project Meeting in Rabat, Morocco - DYPALL Network","og_description":"On the 20-23 July, DYPALL Network led the first Transnational Partners Meeting of the project &#8220;Local Youth Councils at International Scale&#8221;. The meeting took place in Rabat, Morocco, and was hosted by the Moroccan Youth Forum for the 3rd Millenium. It was an opportunity for the partners to: &#8211; get to know each other in&hellip; Turpiniet las\u012bt \u201cLocal Youth Councils at International Scale\u201d Project Meeting in Rabat, Morocco","og_url":"https:\/\/dypall.com\/lv\/activity\/1-st-transnational-partners-meeting-of-the-project-local-youth-councils-at-international-scale-20-23-07-2022-rabat-morocco\/","og_site_name":"DYPALL Network","article_published_time":"2022-07-26T14:22:36+00:00","author":"dypall","twitter_card":"summary_large_image","twitter_misc":{"Written by":"dypall","Est. reading time":"1 min\u016bte"},"schema":{"@context":"https:\/\/schema.org","@graph":[{"@type":"WebPage","@id":"https:\/\/dypall.com\/activity\/1-st-transnational-partners-meeting-of-the-project-local-youth-councils-at-international-scale-20-23-07-2022-rabat-morocco\/","url":"https:\/\/dypall.com\/activity\/1-st-transnational-partners-meeting-of-the-project-local-youth-councils-at-international-scale-20-23-07-2022-rabat-morocco\/","name":"\u201cLocal Youth Councils at International Scale\u201d Project Meeting in Rabat, Morocco - DYPALL Network","isPartOf":{"@id":"https:\/\/dypall.com\/#website"},"primaryImageOfPage":{"@id":"https:\/\/dypall.com\/activity\/1-st-transnational-partners-meeting-of-the-project-local-youth-councils-at-international-scale-20-23-07-2022-rabat-morocco\/#primaryimage"},"image":{"@id":"https:\/\/dypall.com\/activity\/1-st-transnational-partners-meeting-of-the-project-local-youth-councils-at-international-scale-20-23-07-2022-rabat-morocco\/#primaryimage"},"thumbnailUrl":"","datePublished":"2022-07-26T14:22:36+00:00","dateModified":"2022-07-26T14:22:36+00:00","author":{"@id":"https:\/\/dypall.com\/#\/schema\/person\/206350efe851997fcdedef75d118766b"},"breadcrumb":{"@id":"https:\/\/dypall.com\/activity\/1-st-transnational-partners-meeting-of-the-project-local-youth-councils-at-international-scale-20-23-07-2022-rabat-morocco\/#breadcrumb"},"inLanguage":"lv-LV","potentialAction":[{"@type":"ReadAction","target":["https:\/\/dypall.com\/activity\/1-st-transnational-partners-meeting-of-the-project-local-youth-councils-at-international-scale-20-23-07-2022-rabat-morocco\/"]}]},{"@type":"ImageObject","inLanguage":"lv-LV","@id":"https:\/\/dypall.com\/activity\/1-st-transnational-partners-meeting-of-the-project-local-youth-councils-at-international-scale-20-23-07-2022-rabat-morocco\/#primaryimage","url":"","contentUrl":""},{"@type":"BreadcrumbList","@id":"https:\/\/dypall.com\/activity\/1-st-transnational-partners-meeting-of-the-project-local-youth-councils-at-international-scale-20-23-07-2022-rabat-morocco\/#breadcrumb","itemListElement":[{"@type":"ListItem","position":1,"name":"Home","item":"https:\/\/dypall.com\/"},{"@type":"ListItem","position":2,"name":"\u201cLocal Youth Councils at International Scale\u201d Project Meeting in Rabat, Morocco"}]},{"@type":"WebSite","@id":"https:\/\/dypall.com\/#website","url":"https:\/\/dypall.com\/","name":"DYPALL Network","description":"We are a European network of civil society organisations, municipalities and research institutions dedicated to improving democracy through youth participation.","potentialAction":[{"@type":"SearchAction","target":{"@type":"EntryPoint","urlTemplate":"https:\/\/dypall.com\/?s={search_term_string}"},"query-input":"required name=search_term_string"}],"inLanguage":"lv-LV"},{"@type":"Person","@id":"https:\/\/dypall.com\/#\/schema\/person\/206350efe851997fcdedef75d118766b","name":"dypall","image":{"@type":"ImageObject","inLanguage":"lv-LV","@id":"https:\/\/dypall.com\/#\/schema\/person\/image\/","url":"https:\/\/secure.gravatar.com\/avatar\/14e8d3d8841cd0bdf69915120bcf9fcfac1567f1dc7035664907322ac47efe29?s=96&d=mm&r=g","contentUrl":"https:\/\/secure.gravatar.com\/avatar\/14e8d3d8841cd0bdf69915120bcf9fcfac1567f1dc7035664907322ac47efe29?s=96&d=mm&r=g","caption":"dypall"},"url":"https:\/\/dypall.com\/lv\/author\/dypall_info\/"}]}},"jetpack_featured_media_url":"","jetpack_sharing_enabled":true,"_links":{"self":[{"href":"https:\/\/dypall.com\/lv\/wp-json\/wp\/v2\/posts\/5721","targetHints":{"allow":["GET"]}}],"collection":[{"href":"https:\/\/dypall.com\/lv\/wp-json\/wp\/v2\/posts"}],"about":[{"href":"https:\/\/dypall.com\/lv\/wp-json\/wp\/v2\/types\/post"}],"author":[{"embeddable":true,"href":"https:\/\/dypall.com\/lv\/wp-json\/wp\/v2\/users\/2"}],"replies":[{"embeddable":true,"href":"https:\/\/dypall.com\/lv\/wp-json\/wp\/v2\/comments?post=5721"}],"version-history":[{"count":0,"href":"https:\/\/dypall.com\/lv\/wp-json\/wp\/v2\/posts\/5721\/revisions"}],"wp:featuredmedia":[{"embeddable":true,"href":"https:\/\/dypall.com\/lv\/wp-json\/"}],"wp:attachment":[{"href":"https:\/\/dypall.com\/lv\/wp-json\/wp\/v2\/media?parent=5721"}],"wp:term":[{"taxonomy":"category","embeddable":true,"href":"https:\/\/dypall.com\/lv\/wp-json\/wp\/v2\/categories?post=5721"},{"taxonomy":"post_tag","embeddable":true,"href":"https:\/\/dypall.com\/lv\/wp-json\/wp\/v2\/tags?post=5721"}],"curies":[{"name":"wp","href":"https:\/\/api.w.org\/{rel}","templated":true}]}}