{"id":5656,"date":"2022-06-15T17:56:02","date_gmt":"2022-06-15T16:56:02","guid":{"rendered":"https:\/\/dypall.com\/?p=5558"},"modified":"2022-06-15T17:56:02","modified_gmt":"2022-06-15T16:56:02","slug":"conference-digital-participation-tools-for-youth-engagement-in-local-governance","status":"publish","type":"post","link":"https:\/\/dypall.com\/lv\/activity\/conference-digital-participation-tools-for-youth-engagement-in-local-governance\/","title":{"rendered":"Konference \u201cDigit\u0101l\u0101s l\u012bdzdal\u012bbas instrumenti jaunie\u0161u iesaistei viet\u0113j\u0101 p\u0101rvald\u012bb\u0101\u201d"},"content":{"rendered":"<div class=\"kvgmc6g5 cxmmr5t8 oygrvhab hcukyx3x c1et5uql ii04i59q\">\n<p dir=\"auto\">DYPALL t\u012bkls 2022. gada 2. j\u016bnij\u0101 Antverpen\u0113 (Be\u013c\u0123ij\u0101) notiku\u0161aj\u0101 starptautiskaj\u0101 konferenc\u0113 s\u0101ka p\u0113t\u012bjumu \u201cDigit\u0101l\u0101s l\u012bdzdal\u012bbas r\u012bki jaunie\u0161u iesaistei viet\u0113j\u0101 p\u0101rvald\u012bb\u0101\u201d.<\/p>\n<\/div>\n<p dir=\"auto\">\n<p dir=\"auto\">\n<div dir=\"auto\">P\u0113t\u012bjums ir digit\u0101lo r\u012bku un prakses apkopojums viet\u0113jai jaunie\u0161u l\u012bdzdal\u012bbai l\u0113mumu pie\u0146em\u0161anas procesos Be\u013c\u0123ij\u0101, Slov\u0113nij\u0101, Portug\u0101l\u0113, It\u0101lij\u0101 un vis\u0101 Eirop\u0101.\u00a0 Konference bija vieta, kur da\u017eus no p\u0113t\u012bjuma r\u012bkiem prezent\u0113t pa\u0161vald\u012bbu p\u0101rst\u0101vjiem, kuri ar\u012b iesaist\u012bj\u0101s sarun\u0101 par probl\u0113m\u0101m, iesp\u0113j\u0101m un digit\u0101lo r\u012bku ietekmi uz viet\u0113jo jaunatnes politiku.<\/div>\n<p dir=\"auto\">\n<p dir=\"auto\">\n<p dir=\"auto\">Eiropas Komisijas publik\u0101cij\u0101 jaunie\u0161u l\u012bdzdal\u012bbas veicin\u0101\u0161ana, izmantojot digit\u0101los r\u012bkus, ir min\u0113ta k\u0101 viena no inovat\u012bvaj\u0101m praks\u0113m darb\u0101 ar jaunatni (<em>Digit\u0101l\u0101 darba ar jaunatni att\u012bst\u012b\u0161ana \u2013 politikas ieteikumi, apm\u0101c\u012bbas vajadz\u012bbas un labas prakses piem\u0113ri jaunatnes darbiniekiem un l\u0113mumu pie\u0146\u0113m\u0113jiem: ekspertu grupa, kas izveidota saska\u0146\u0101 ar Eiropas Savien\u012bbas darba pl\u0101nu jaunatnes jom\u0101 2016.\u20132018. gadam<\/em>). Digit\u0101los r\u012bkus var izmantot, lai atbalst\u012btu jau eso\u0161\u0101s jaunie\u0161u l\u012bdzdal\u012bbas strukt\u016bras un procesus vai stimul\u0113tu e-l\u012bdzdal\u012bbu tie\u0161saistes vid\u0113, vai abu kombin\u0101ciju, kas var b\u016bt savstarp\u0113ji papildino\u0161a.<\/p>\n<p dir=\"auto\">\n<p dir=\"auto\">\n<p dir=\"auto\">Lai gan jau ir paveikts zin\u0101ms darbs, p\u0113tot digit\u0101lo darbu ar jaunatni Eirop\u0101 un e-l\u012bdzdal\u012bbu kopum\u0101, joproj\u0101m nav pietiekami daudz sistematiz\u0113tas inform\u0101cijas par digit\u0101lajiem r\u012bkiem jaunie\u0161u l\u012bdzdal\u012bbai jo \u012bpa\u0161i l\u0113mumu pie\u0146em\u0161anas procesos. T\u0101p\u0113c DYPALL t\u012bkla vad\u012bts Eiropas konsorcijs ir nol\u0113mis veikt \u0161o p\u0113t\u012bjumu par digit\u0101l\u0101s l\u012bdzdal\u012bbas r\u012bkiem jaunie\u0161u iesaistei viet\u0113j\u0101 p\u0101rvald\u012bb\u0101, lai apkopotu praktiskus piem\u0113rus par digit\u0101lajiem r\u012bkiem, kas stiprina jaunie\u0161u l\u012bdzdal\u012bbu l\u0113mumu pie\u0146em\u0161anas procesos viet\u0113j\u0101 l\u012bmen\u012b. \u0160ie r\u012bki un prakse tika apkopoti no visas Eiropas, \u012bpa\u0161u uzman\u012bbu piev\u0113r\u0161ot projekta konsorcija valst\u012bm Be\u013c\u0123ijai, It\u0101lijai, Portug\u0101lei un Slov\u0113nijai, un tie ir paredz\u0113ti k\u0101 resurss jaunatnes darbiniekiem, organiz\u0101cij\u0101m un pa\u0161vald\u012bb\u0101m to darb\u0101 pie jaunie\u0161u l\u012bdzdal\u012bbas veicin\u0101\u0161anas viet\u0113j\u0101 l\u012bmen\u012b.<\/p>\n<p dir=\"auto\">\n<p dir=\"auto\">\n<div dir=\"auto\">\u0160is bija p\u0113d\u0113jais pas\u0101kums Erasmus + KA2 projekt\u0101 \u201cDigit\u0101l\u0101s l\u012bdzdal\u012bbas r\u012bki jaunie\u0161u iesaistei viet\u0113j\u0101 p\u0101rvald\u012bb\u0101\u201d, ko DYPALL t\u012bkls \u012bstenoja sadarb\u012bb\u0101 ar uz\u0146\u0113mumu \u201cTree\u201d (Be\u013c\u0123ija), ARS for Progress of People (It\u0101lija), In\u0161titut za elektronsko participacijo \u2013 INePA (Slov\u0113nija) un GIShub I GIScience for Humanity (It\u0101lija), ko atbalst\u012bja Portug\u0101les valsts a\u0123ent\u016bra.<\/div>\n<p dir=\"auto\">\n<p dir=\"auto\">\n<div dir=\"auto\">\n<div class=\"cxmmr5t8 oygrvhab hcukyx3x c1et5uql o9v6fnle ii04i59q\">\n<div dir=\"auto\">P\u0113t\u012bjums ir pieejams lejupiel\u0101dei \u0161aj\u0101 sait\u0113: <a class=\"oajrlxb2 g5ia77u1 qu0x051f esr5mh6w e9989ue4 r7d6kgcz rq0escxv nhd2j8a9 nc684nl6 p7hjln8o kvgmc6g5 cxmmr5t8 oygrvhab hcukyx3x jb3vyjys rz4wbd8a qt6c0cv9 a8nywdso i1ao9s8h esuyzwwr f1sip0of lzcic4wl gpro0wi8 py34i1dx\" tabindex=\"0\" role=\"link\" href=\"https:\/\/tinyurl.com\/StudyDigitalTools?fbclid=IwAR0llwtGaR49lv5Wpton6C30Es0lKmWB0GTwGCtjMxK9-loIp3jA2_z6NRQ\" target=\"_blank\" rel=\"nofollow noopener\">https:\/\/tinyurl.com\/StudyDigitalTools<\/a>.<\/div>\n<div dir=\"auto\"><\/div>\n<\/div>\n<\/div>\n<div dir=\"auto\"><\/div>\n<div dir=\"auto\"><\/div>\n<div dir=\"auto\" data-wp-editing=\"1\"><a href=\"https:\/\/dypall.com\/lv\/2022\/06\/15\/conference-digital-participation-tools-for-youth-engagement-in-local-governance\/img-20220602-wa0026\/#main\" rel=\"attachment wp-att-5562\"><img loading=\"lazy\" decoding=\"async\" class=\"alignleft size-large wp-image-5562\" src=\"https:\/\/dypall.com\/wp-content\/uploads\/2022\/06\/IMG-20220602-WA0026-1024x768.jpg\" alt=\"\" width=\"1024\" height=\"768\" \/><\/a> <a href=\"https:\/\/dypall.com\/lv\/2022\/06\/15\/conference-digital-participation-tools-for-youth-engagement-in-local-governance\/img-20220602-wa0022\/#main\" rel=\"attachment wp-att-5561\"><img loading=\"lazy\" decoding=\"async\" class=\"alignleft size-large wp-image-5561\" src=\"https:\/\/dypall.com\/wp-content\/uploads\/2022\/06\/IMG-20220602-WA0022-1024x768.jpg\" alt=\"\" width=\"1024\" height=\"768\" \/><\/a> <a href=\"https:\/\/dypall.com\/lv\/2022\/06\/15\/conference-digital-participation-tools-for-youth-engagement-in-local-governance\/img-20220602-wa0011\/#main\" rel=\"attachment wp-att-5560\"><img loading=\"lazy\" decoding=\"async\" class=\"alignleft size-large wp-image-5560\" src=\"https:\/\/dypall.com\/wp-content\/uploads\/2022\/06\/IMG-20220602-WA0011-1024x768.jpg\" alt=\"\" width=\"1024\" height=\"768\" \/><\/a> <a href=\"https:\/\/dypall.com\/lv\/2022\/06\/15\/conference-digital-participation-tools-for-youth-engagement-in-local-governance\/img-20220602-wa0010\/#main\" rel=\"attachment wp-att-5559\"><img loading=\"lazy\" decoding=\"async\" class=\"alignleft size-large wp-image-5559\" src=\"https:\/\/dypall.com\/wp-content\/uploads\/2022\/06\/IMG-20220602-WA0010-1024x768.jpg\" alt=\"\" width=\"1024\" height=\"768\" \/><\/a><\/div>\n<p dir=\"auto\" data-wp-editing=\"1\"><a href=\"https:\/\/dypall.com\/lv\/2022\/06\/15\/conference-digital-participation-tools-for-youth-engagement-in-local-governance\/img-20220602-wa0052\/#main\" rel=\"attachment wp-att-5564\"><img loading=\"lazy\" decoding=\"async\" class=\"alignleft size-large wp-image-5564\" src=\"https:\/\/dypall.com\/wp-content\/uploads\/2022\/06\/IMG-20220602-WA0052-1024x768.jpg\" alt=\"\" width=\"1024\" height=\"768\" \/><\/a><\/p>\n<p dir=\"auto\" data-wp-editing=\"1\"><a href=\"https:\/\/dypall.com\/lv\/2022\/06\/15\/conference-digital-participation-tools-for-youth-engagement-in-local-governance\/img-20220602-wa0032\/#main\" rel=\"attachment wp-att-5563\"><img loading=\"lazy\" decoding=\"async\" class=\"alignleft size-large wp-image-5563\" src=\"https:\/\/dypall.com\/wp-content\/uploads\/2022\/06\/IMG-20220602-WA0032-1024x768.jpg\" alt=\"\" width=\"1024\" height=\"768\" \/><\/a><\/p>","protected":false},"excerpt":{"rendered":"<p>DYPALL t\u012bkls 2022. gada 2. j\u016bnij\u0101 Antverpen\u0113 (Be\u013c\u0123ij\u0101) notiku\u0161aj\u0101 starptautiskaj\u0101 konferenc\u0113 s\u0101ka p\u0113t\u012bjumu \u201cDigit\u0101l\u0101s l\u012bdzdal\u012bbas r\u012bki jaunie\u0161u iesaistei viet\u0113j\u0101 p\u0101rvald\u012bb\u0101\u201d. P\u0113t\u012bjums ir digit\u0101lo r\u012bku un prakses apkopojums viet\u0113jai jaunie\u0161u l\u012bdzdal\u012bbai l\u0113mumu pie\u0146em\u0161anas procesos Be\u013c\u0123ij\u0101, Slov\u0113nij\u0101, Portug\u0101l\u0113, It\u0101lij\u0101 un vis\u0101 Eirop\u0101.\u00a0 Konference bija telpa... <a class=\"more-link\" href=\"https:\/\/dypall.com\/lv\/activity\/conference-digital-participation-tools-for-youth-engagement-in-local-governance\/\">Turpiniet las\u012bt <span class=\"screen-reader-text\">Konference \u201cDigit\u0101l\u0101s l\u012bdzdal\u012bbas instrumenti jaunie\u0161u iesaistei viet\u0113j\u0101 p\u0101rvald\u012bb\u0101\u201d<\/span><\/a><\/p>","protected":false},"author":2,"featured_media":5562,"comment_status":"closed","ping_status":"open","sticky":false,"template":"","format":"standard","meta":{"_acf_changed":false,"_jetpack_memberships_contains_paid_content":false,"footnotes":""},"categories":[111,112],"tags":[],"class_list":["post-5656","post","type-post","status-publish","format-standard","has-post-thumbnail","hentry","category-activity","category-conference","entry"],"acf":[],"yoast_head":"<!-- This site is optimized with the Yoast SEO plugin v22.8 - https:\/\/yoast.com\/wordpress\/plugins\/seo\/ -->\n<title>Conference &quot;Digital Participation Tools for Youth Engagement in Local Governance&quot; - DYPALL Network<\/title>\n<meta name=\"robots\" content=\"index, follow, max-snippet:-1, max-image-preview:large, max-video-preview:-1\" \/>\n<link rel=\"canonical\" href=\"https:\/\/dypall.com\/lv\/activity\/conference-digital-participation-tools-for-youth-engagement-in-local-governance\/\" \/>\n<meta property=\"og:locale\" content=\"lv_LV\" \/>\n<meta property=\"og:type\" content=\"article\" \/>\n<meta property=\"og:title\" content=\"Conference &quot;Digital Participation Tools for Youth Engagement in Local Governance&quot; - DYPALL Network\" \/>\n<meta property=\"og:description\" content=\"DYPALL Network launched the Study &#8220;Digital Participation Tools for Youth Engagement in Local Governance&#8221; at the international conference on 2nd June 2022 in Antwerp, Belgium. The Study is a collection of digital tools and practices for local youth participation in decision-making processes from Belgium, Slovenia, Portugal, Italy and around Europe.\u00a0 The Conference was a space&hellip; Turpiniet las\u012bt Conference &#8220;Digital Participation Tools for Youth Engagement in Local Governance&#8221;\" \/>\n<meta property=\"og:url\" content=\"https:\/\/dypall.com\/lv\/activity\/conference-digital-participation-tools-for-youth-engagement-in-local-governance\/\" \/>\n<meta property=\"og:site_name\" content=\"DYPALL Network\" \/>\n<meta property=\"article:published_time\" content=\"2022-06-15T16:56:02+00:00\" \/>\n<meta name=\"author\" content=\"dypall\" \/>\n<meta name=\"twitter:card\" content=\"summary_large_image\" \/>\n<meta name=\"twitter:label1\" content=\"Written by\" \/>\n\t<meta name=\"twitter:data1\" content=\"dypall\" \/>\n\t<meta name=\"twitter:label2\" content=\"Est. reading time\" \/>\n\t<meta name=\"twitter:data2\" content=\"2 min\u016btes\" \/>\n<script type=\"application\/ld+json\" class=\"yoast-schema-graph\">{\"@context\":\"https:\/\/schema.org\",\"@graph\":[{\"@type\":\"WebPage\",\"@id\":\"https:\/\/dypall.com\/activity\/conference-digital-participation-tools-for-youth-engagement-in-local-governance\/\",\"url\":\"https:\/\/dypall.com\/activity\/conference-digital-participation-tools-for-youth-engagement-in-local-governance\/\",\"name\":\"Conference \\\"Digital Participation Tools for Youth Engagement in Local Governance\\\" - DYPALL Network\",\"isPartOf\":{\"@id\":\"https:\/\/dypall.com\/#website\"},\"primaryImageOfPage\":{\"@id\":\"https:\/\/dypall.com\/activity\/conference-digital-participation-tools-for-youth-engagement-in-local-governance\/#primaryimage\"},\"image\":{\"@id\":\"https:\/\/dypall.com\/activity\/conference-digital-participation-tools-for-youth-engagement-in-local-governance\/#primaryimage\"},\"thumbnailUrl\":\"\",\"datePublished\":\"2022-06-15T16:56:02+00:00\",\"dateModified\":\"2022-06-15T16:56:02+00:00\",\"author\":{\"@id\":\"https:\/\/dypall.com\/#\/schema\/person\/206350efe851997fcdedef75d118766b\"},\"breadcrumb\":{\"@id\":\"https:\/\/dypall.com\/activity\/conference-digital-participation-tools-for-youth-engagement-in-local-governance\/#breadcrumb\"},\"inLanguage\":\"lv-LV\",\"potentialAction\":[{\"@type\":\"ReadAction\",\"target\":[\"https:\/\/dypall.com\/activity\/conference-digital-participation-tools-for-youth-engagement-in-local-governance\/\"]}]},{\"@type\":\"ImageObject\",\"inLanguage\":\"lv-LV\",\"@id\":\"https:\/\/dypall.com\/activity\/conference-digital-participation-tools-for-youth-engagement-in-local-governance\/#primaryimage\",\"url\":\"\",\"contentUrl\":\"\"},{\"@type\":\"BreadcrumbList\",\"@id\":\"https:\/\/dypall.com\/activity\/conference-digital-participation-tools-for-youth-engagement-in-local-governance\/#breadcrumb\",\"itemListElement\":[{\"@type\":\"ListItem\",\"position\":1,\"name\":\"Home\",\"item\":\"https:\/\/dypall.com\/\"},{\"@type\":\"ListItem\",\"position\":2,\"name\":\"Conference &#8220;Digital Participation Tools for Youth Engagement in Local Governance&#8221;\"}]},{\"@type\":\"WebSite\",\"@id\":\"https:\/\/dypall.com\/#website\",\"url\":\"https:\/\/dypall.com\/\",\"name\":\"DYPALL Network\",\"description\":\"We are a European network of civil society organisations, municipalities and research institutions dedicated to improving democracy through youth participation.\",\"potentialAction\":[{\"@type\":\"SearchAction\",\"target\":{\"@type\":\"EntryPoint\",\"urlTemplate\":\"https:\/\/dypall.com\/?s={search_term_string}\"},\"query-input\":\"required name=search_term_string\"}],\"inLanguage\":\"lv-LV\"},{\"@type\":\"Person\",\"@id\":\"https:\/\/dypall.com\/#\/schema\/person\/206350efe851997fcdedef75d118766b\",\"name\":\"dypall\",\"image\":{\"@type\":\"ImageObject\",\"inLanguage\":\"lv-LV\",\"@id\":\"https:\/\/dypall.com\/#\/schema\/person\/image\/\",\"url\":\"https:\/\/secure.gravatar.com\/avatar\/14e8d3d8841cd0bdf69915120bcf9fcfac1567f1dc7035664907322ac47efe29?s=96&d=mm&r=g\",\"contentUrl\":\"https:\/\/secure.gravatar.com\/avatar\/14e8d3d8841cd0bdf69915120bcf9fcfac1567f1dc7035664907322ac47efe29?s=96&d=mm&r=g\",\"caption\":\"dypall\"},\"url\":\"https:\/\/dypall.com\/lv\/author\/dypall_info\/\"}]}<\/script>\n<!-- \/ Yoast SEO plugin. -->","yoast_head_json":{"title":"Conference \"Digital Participation Tools for Youth Engagement in Local Governance\" - DYPALL Network","robots":{"index":"index","follow":"follow","max-snippet":"max-snippet:-1","max-image-preview":"max-image-preview:large","max-video-preview":"max-video-preview:-1"},"canonical":"https:\/\/dypall.com\/lv\/activity\/conference-digital-participation-tools-for-youth-engagement-in-local-governance\/","og_locale":"lv_LV","og_type":"article","og_title":"Conference \"Digital Participation Tools for Youth Engagement in Local Governance\" - DYPALL Network","og_description":"DYPALL Network launched the Study &#8220;Digital Participation Tools for Youth Engagement in Local Governance&#8221; at the international conference on 2nd June 2022 in Antwerp, Belgium. The Study is a collection of digital tools and practices for local youth participation in decision-making processes from Belgium, Slovenia, Portugal, Italy and around Europe.\u00a0 The Conference was a space&hellip; Turpiniet las\u012bt Conference &#8220;Digital Participation Tools for Youth Engagement in Local Governance&#8221;","og_url":"https:\/\/dypall.com\/lv\/activity\/conference-digital-participation-tools-for-youth-engagement-in-local-governance\/","og_site_name":"DYPALL Network","article_published_time":"2022-06-15T16:56:02+00:00","author":"dypall","twitter_card":"summary_large_image","twitter_misc":{"Written by":"dypall","Est. reading time":"2 min\u016btes"},"schema":{"@context":"https:\/\/schema.org","@graph":[{"@type":"WebPage","@id":"https:\/\/dypall.com\/activity\/conference-digital-participation-tools-for-youth-engagement-in-local-governance\/","url":"https:\/\/dypall.com\/activity\/conference-digital-participation-tools-for-youth-engagement-in-local-governance\/","name":"Conference \"Digital Participation Tools for Youth Engagement in Local Governance\" - DYPALL Network","isPartOf":{"@id":"https:\/\/dypall.com\/#website"},"primaryImageOfPage":{"@id":"https:\/\/dypall.com\/activity\/conference-digital-participation-tools-for-youth-engagement-in-local-governance\/#primaryimage"},"image":{"@id":"https:\/\/dypall.com\/activity\/conference-digital-participation-tools-for-youth-engagement-in-local-governance\/#primaryimage"},"thumbnailUrl":"","datePublished":"2022-06-15T16:56:02+00:00","dateModified":"2022-06-15T16:56:02+00:00","author":{"@id":"https:\/\/dypall.com\/#\/schema\/person\/206350efe851997fcdedef75d118766b"},"breadcrumb":{"@id":"https:\/\/dypall.com\/activity\/conference-digital-participation-tools-for-youth-engagement-in-local-governance\/#breadcrumb"},"inLanguage":"lv-LV","potentialAction":[{"@type":"ReadAction","target":["https:\/\/dypall.com\/activity\/conference-digital-participation-tools-for-youth-engagement-in-local-governance\/"]}]},{"@type":"ImageObject","inLanguage":"lv-LV","@id":"https:\/\/dypall.com\/activity\/conference-digital-participation-tools-for-youth-engagement-in-local-governance\/#primaryimage","url":"","contentUrl":""},{"@type":"BreadcrumbList","@id":"https:\/\/dypall.com\/activity\/conference-digital-participation-tools-for-youth-engagement-in-local-governance\/#breadcrumb","itemListElement":[{"@type":"ListItem","position":1,"name":"Home","item":"https:\/\/dypall.com\/"},{"@type":"ListItem","position":2,"name":"Conference &#8220;Digital Participation Tools for Youth Engagement in Local Governance&#8221;"}]},{"@type":"WebSite","@id":"https:\/\/dypall.com\/#website","url":"https:\/\/dypall.com\/","name":"DYPALL Network","description":"We are a European network of civil society organisations, municipalities and research institutions dedicated to improving democracy through youth participation.","potentialAction":[{"@type":"SearchAction","target":{"@type":"EntryPoint","urlTemplate":"https:\/\/dypall.com\/?s={search_term_string}"},"query-input":"required name=search_term_string"}],"inLanguage":"lv-LV"},{"@type":"Person","@id":"https:\/\/dypall.com\/#\/schema\/person\/206350efe851997fcdedef75d118766b","name":"dypall","image":{"@type":"ImageObject","inLanguage":"lv-LV","@id":"https:\/\/dypall.com\/#\/schema\/person\/image\/","url":"https:\/\/secure.gravatar.com\/avatar\/14e8d3d8841cd0bdf69915120bcf9fcfac1567f1dc7035664907322ac47efe29?s=96&d=mm&r=g","contentUrl":"https:\/\/secure.gravatar.com\/avatar\/14e8d3d8841cd0bdf69915120bcf9fcfac1567f1dc7035664907322ac47efe29?s=96&d=mm&r=g","caption":"dypall"},"url":"https:\/\/dypall.com\/lv\/author\/dypall_info\/"}]}},"jetpack_featured_media_url":"","jetpack_sharing_enabled":true,"_links":{"self":[{"href":"https:\/\/dypall.com\/lv\/wp-json\/wp\/v2\/posts\/5656","targetHints":{"allow":["GET"]}}],"collection":[{"href":"https:\/\/dypall.com\/lv\/wp-json\/wp\/v2\/posts"}],"about":[{"href":"https:\/\/dypall.com\/lv\/wp-json\/wp\/v2\/types\/post"}],"author":[{"embeddable":true,"href":"https:\/\/dypall.com\/lv\/wp-json\/wp\/v2\/users\/2"}],"replies":[{"embeddable":true,"href":"https:\/\/dypall.com\/lv\/wp-json\/wp\/v2\/comments?post=5656"}],"version-history":[{"count":0,"href":"https:\/\/dypall.com\/lv\/wp-json\/wp\/v2\/posts\/5656\/revisions"}],"wp:featuredmedia":[{"embeddable":true,"href":"https:\/\/dypall.com\/lv\/wp-json\/wp\/v2\/posts\/5562"}],"wp:attachment":[{"href":"https:\/\/dypall.com\/lv\/wp-json\/wp\/v2\/media?parent=5656"}],"wp:term":[{"taxonomy":"category","embeddable":true,"href":"https:\/\/dypall.com\/lv\/wp-json\/wp\/v2\/categories?post=5656"},{"taxonomy":"post_tag","embeddable":true,"href":"https:\/\/dypall.com\/lv\/wp-json\/wp\/v2\/tags?post=5656"}],"curies":[{"name":"wp","href":"https:\/\/api.w.org\/{rel}","templated":true}]}}