{"id":5573,"date":"2022-06-23T14:35:08","date_gmt":"2022-06-23T13:35:08","guid":{"rendered":"https:\/\/dypall.com\/?p=5573"},"modified":"2022-06-23T14:35:08","modified_gmt":"2022-06-23T13:35:08","slug":"register-to-the-conference-local-youth-councils-at-international-scale-on-the-6-7-july-2022-1030-1400-brussels-time","status":"publish","type":"post","link":"https:\/\/dypall.com\/lv\/activity\/register-to-the-conference-local-youth-councils-at-international-scale-on-the-6-7-july-2022-1030-1400-brussels-time\/","title":{"rendered":"Re\u0123istr\u0113jieties konferencei \u201cLOCAL YOUTH Councils AT INTERNATIONAL SCALE\u201d 2022. gada 6.\u20137. j\u016blij\u0101 (plkst. 10.30\u201314.00 p\u0113c Briseles laika)."},"content":{"rendered":"<p>Pievienojieties mums konferenc\u0113!<span class=\"JsGRdQ\"><strong>LOCAL YOUTH Councils AT INTERNATIONAL SCALE (Viet\u0113j\u0101s jaunatnes padomes starptautisk\u0101 m\u0113rog\u0101)<\/strong>\u201d uz<strong> 2022. gada 6.\u20137. j\u016blijs (plkst. 10.30\u201314.00 p\u0113c Briseles laika)<\/strong>.<\/span><\/p>\n<p>Konference ir lieliska vieta <span class=\"JsGRdQ\">starptautiska pieredzes un perspekt\u012bvu apmai\u0146a par viet\u0113jo jaunatnes padomju kvalit\u0101ti pla\u0161\u0101, starptautisk\u0101 un starpkontinent\u0101l\u0101 l\u012bmen\u012b. T\u0101 pulc\u0113 da\u017e\u0101das jaunatnes jom\u0101 ieinteres\u0113t\u0101s personas, piem\u0113ram, nevalstisk\u0101s organiz\u0101cijas, pa\u0161vald\u012bbu p\u0101rst\u0101vjus, p\u0113tniekus, jaunatnes darbiniekus un jaunatnes vad\u012bt\u0101jus, lai apspriestu jaunie\u0161u l\u012bdzdal\u012bbas noz\u012bmi viet\u0113j\u0101 l\u012bmen\u012b vis\u0101s iesaist\u012btaj\u0101s valst\u012bs un kontinentos. Konferences dal\u012bbniekiem b\u016bs iesp\u0113ja apspriest un apmain\u012bties ar idej\u0101m, pieredzi un paraugpraksi jaunie\u0161u iesaist\u012b\u0161anai l\u0113mumu pie\u0146em\u0161anas procesos, t\u0101d\u0113j\u0101di dodot vi\u0146iem iesp\u0113ju paust viedokli un akt\u012bvi piedal\u012bties viet\u0113j\u0101s kopien\u0101s.<\/span><\/p>\n<p class=\"_04xlpA direction-ltr align-justify para-style-body\"><span class=\"JsGRdQ\">Konference ir ar\u012b Eiropas Savien\u012bbas finans\u0113ta divu gadu projekta LOCAL YOUTH COUNCILS AT INTERNATIONAL SCALE s\u0101kums, un taj\u0101 v\u0113l ir daudz aizraujo\u0161as pieredzes, apm\u0101c\u012bbas un rezult\u0101tu.<\/span><\/p>\n<p><strong>Pilna darba k\u0101rt\u012bba:<\/strong> <a href=\"http:\/\/tiny.cc\/lycisconfagenda\">http:\/\/tiny.cc\/lycisconfagenda<\/a><\/p>\n<p class=\"_04xlpA direction-ltr align-justify para-style-body\"><span class=\"JsGRdQ\">Aicin\u0101m visus interesentus apmain\u012bties ar pieredzi par viet\u0113j\u0101s jaunatnes padomes t\u0113mu starptautisk\u0101, starpkontinent\u0101l\u0101 l\u012bmen\u012b, \u012bpa\u0161i:<\/span><\/p>\n<ul>\n<li><span class=\"JsGRdQ\">jaunie\u0161i un viet\u0113jo jaunatnes padomju vai l\u012bdz\u012bgu strukt\u016bru locek\u013ci;<\/span><\/li>\n<li><span class=\"JsGRdQ\">jaunatnes darbinieki no jaunatnes l\u012bdzdal\u012bbas jomas<\/span><\/li>\n<li><span class=\"JsGRdQ\">politikas veidot\u0101ji, par jaunie\u0161u l\u012bdzdal\u012bbu atbild\u012bgie pa\u0161vald\u012bbu darbinieki<\/span><\/li>\n<li><span class=\"JsGRdQ\">p\u0113tnieki viet\u0113jo jaunatnes padomju jom\u0101<\/span><\/li>\n<li><span class=\"JsGRdQ\">NVO un instit\u016bciju p\u0101rst\u0101vji, kas interes\u0113jas par jauniem r\u012bkiem un argumentiem diskusij\u0101m par viet\u0113j\u0101m jaunatnes padom\u0113m<\/span> <span class=\"JsGRdQ\">sav\u0101s valst\u012bs<\/span><\/li>\n<\/ul>\n<p class=\"_04xlpA direction-ltr align-justify para-style-body\"><span class=\"JsGRdQ\"><strong>Re\u0123istr\u0113jieties \u0161eit<\/strong>: <\/span><a class=\"JsGRdQ\" draggable=\"false\" href=\"http:\/\/tiny.cc\/lycisconfregistration\" target=\"_blank\" rel=\"noopener\">http:\/\/tiny.cc\/lycisconfregistration<\/a><\/p>\n<p>Visi dal\u012bbnieki sa\u0146ems dal\u012bbas sertifik\u0101tu.<\/p>\n<p>Dal\u012bba ab\u0101s pas\u0101kuma dien\u0101s nav oblig\u0101ta.<\/p>","protected":false},"excerpt":{"rendered":"<p>Piedalieties konferenc\u0113 \u201cLOCAL YOUTH COUNCILs AT INTERNATIONAL SCALE\u201d 2022. gada 6. un 7. j\u016blij\u0101 (plkst. 10.30\u201314.00 p\u0113c Briseles laika). Konference ir lieliska vieta starptautiskai pieredzes un perspekt\u012bvu apmai\u0146ai par viet\u0113jo jaunatnes padomju kvalit\u0101ti pla\u0161\u0101, starptautisk\u0101 un starpkontinent\u0101l\u0101 l\u012bmen\u012b. T\u0101 apvieno da\u017e\u0101das ieinteres\u0113t\u0101s personas jaunie\u0161u vid\u016b... <a class=\"more-link\" href=\"https:\/\/dypall.com\/lv\/activity\/register-to-the-conference-local-youth-councils-at-international-scale-on-the-6-7-july-2022-1030-1400-brussels-time\/\">Turpiniet las\u012bt <span class=\"screen-reader-text\">Re\u0123istr\u0113jieties konferencei \u201cLOCAL YOUTH Councils AT INTERNATIONAL SCALE\u201d 2022. gada 6.\u20137. j\u016blij\u0101 (plkst. 10.30\u201314.00 p\u0113c Briseles laika).<\/span><\/a><\/p>","protected":false},"author":1,"featured_media":5574,"comment_status":"closed","ping_status":"open","sticky":false,"template":"","format":"standard","meta":{"_acf_changed":false,"_jetpack_memberships_contains_paid_content":false,"footnotes":""},"categories":[111,112],"tags":[],"class_list":["post-5573","post","type-post","status-publish","format-standard","has-post-thumbnail","hentry","category-activity","category-conference","entry"],"acf":[],"yoast_head":"<!-- This site is optimized with the Yoast SEO plugin v22.8 - https:\/\/yoast.com\/wordpress\/plugins\/seo\/ -->\n<title>Register to the conference &quot;LOCAL YOUTH COUNCILS AT INTERNATIONAL SCALE&quot; on the 6-7 July 2022 (10:30-14:00 Brussels time). - DYPALL Network<\/title>\n<meta name=\"robots\" content=\"index, follow, max-snippet:-1, max-image-preview:large, max-video-preview:-1\" \/>\n<link rel=\"canonical\" href=\"https:\/\/dypall.com\/lv\/activity\/register-to-the-conference-local-youth-councils-at-international-scale-on-the-6-7-july-2022-1030-1400-brussels-time\/\" \/>\n<meta property=\"og:locale\" content=\"lv_LV\" \/>\n<meta property=\"og:type\" content=\"article\" \/>\n<meta property=\"og:title\" content=\"Register to the conference &quot;LOCAL YOUTH COUNCILS AT INTERNATIONAL SCALE&quot; on the 6-7 July 2022 (10:30-14:00 Brussels time). - DYPALL Network\" \/>\n<meta property=\"og:description\" content=\"Join us for the conference &#8220;LOCAL YOUTH COUNCILS AT INTERNATIONAL SCALE&#8221; on the 6-7 July 2022 (10:30-14:00 Brussels time). The conference is a perfect space for the international exchange of experiences and perspectives on the quality of local youth councils at a broad, international and intercontinental level. It brings together various stakeholders in the youth&hellip; Turpiniet las\u012bt Register to the conference &#8220;LOCAL YOUTH COUNCILS AT INTERNATIONAL SCALE&#8221; on the 6-7 July 2022 (10:30-14:00 Brussels time).\" \/>\n<meta property=\"og:url\" content=\"https:\/\/dypall.com\/lv\/activity\/register-to-the-conference-local-youth-councils-at-international-scale-on-the-6-7-july-2022-1030-1400-brussels-time\/\" \/>\n<meta property=\"og:site_name\" content=\"DYPALL Network\" \/>\n<meta property=\"article:published_time\" content=\"2022-06-23T13:35:08+00:00\" \/>\n<meta name=\"author\" content=\"DYPALL Network\" \/>\n<meta name=\"twitter:card\" content=\"summary_large_image\" \/>\n<meta name=\"twitter:label1\" content=\"Written by\" \/>\n\t<meta name=\"twitter:data1\" content=\"DYPALL Network\" \/>\n\t<meta name=\"twitter:label2\" content=\"Est. reading time\" \/>\n\t<meta name=\"twitter:data2\" content=\"1 min\u016bte\" \/>\n<script type=\"application\/ld+json\" class=\"yoast-schema-graph\">{\"@context\":\"https:\/\/schema.org\",\"@graph\":[{\"@type\":\"WebPage\",\"@id\":\"https:\/\/dypall.com\/activity\/register-to-the-conference-local-youth-councils-at-international-scale-on-the-6-7-july-2022-1030-1400-brussels-time\/\",\"url\":\"https:\/\/dypall.com\/activity\/register-to-the-conference-local-youth-councils-at-international-scale-on-the-6-7-july-2022-1030-1400-brussels-time\/\",\"name\":\"Register to the conference \\\"LOCAL YOUTH COUNCILS AT INTERNATIONAL SCALE\\\" on the 6-7 July 2022 (10:30-14:00 Brussels time). - DYPALL Network\",\"isPartOf\":{\"@id\":\"https:\/\/dypall.com\/#website\"},\"primaryImageOfPage\":{\"@id\":\"https:\/\/dypall.com\/activity\/register-to-the-conference-local-youth-councils-at-international-scale-on-the-6-7-july-2022-1030-1400-brussels-time\/#primaryimage\"},\"image\":{\"@id\":\"https:\/\/dypall.com\/activity\/register-to-the-conference-local-youth-councils-at-international-scale-on-the-6-7-july-2022-1030-1400-brussels-time\/#primaryimage\"},\"thumbnailUrl\":\"\",\"datePublished\":\"2022-06-23T13:35:08+00:00\",\"dateModified\":\"2022-06-23T13:35:08+00:00\",\"author\":{\"@id\":\"https:\/\/dypall.com\/#\/schema\/person\/f92e08aa15c8ba711a9d153129f03377\"},\"breadcrumb\":{\"@id\":\"https:\/\/dypall.com\/activity\/register-to-the-conference-local-youth-councils-at-international-scale-on-the-6-7-july-2022-1030-1400-brussels-time\/#breadcrumb\"},\"inLanguage\":\"lv-LV\",\"potentialAction\":[{\"@type\":\"ReadAction\",\"target\":[\"https:\/\/dypall.com\/activity\/register-to-the-conference-local-youth-councils-at-international-scale-on-the-6-7-july-2022-1030-1400-brussels-time\/\"]}]},{\"@type\":\"ImageObject\",\"inLanguage\":\"lv-LV\",\"@id\":\"https:\/\/dypall.com\/activity\/register-to-the-conference-local-youth-councils-at-international-scale-on-the-6-7-july-2022-1030-1400-brussels-time\/#primaryimage\",\"url\":\"\",\"contentUrl\":\"\"},{\"@type\":\"BreadcrumbList\",\"@id\":\"https:\/\/dypall.com\/activity\/register-to-the-conference-local-youth-councils-at-international-scale-on-the-6-7-july-2022-1030-1400-brussels-time\/#breadcrumb\",\"itemListElement\":[{\"@type\":\"ListItem\",\"position\":1,\"name\":\"Home\",\"item\":\"https:\/\/dypall.com\/\"},{\"@type\":\"ListItem\",\"position\":2,\"name\":\"Register to the conference &#8220;LOCAL YOUTH COUNCILS AT INTERNATIONAL SCALE&#8221; on the 6-7 July 2022 (10:30-14:00 Brussels time).\"}]},{\"@type\":\"WebSite\",\"@id\":\"https:\/\/dypall.com\/#website\",\"url\":\"https:\/\/dypall.com\/\",\"name\":\"DYPALL Network\",\"description\":\"We are a European network of civil society organisations, municipalities and research institutions dedicated to improving democracy through youth participation.\",\"potentialAction\":[{\"@type\":\"SearchAction\",\"target\":{\"@type\":\"EntryPoint\",\"urlTemplate\":\"https:\/\/dypall.com\/?s={search_term_string}\"},\"query-input\":\"required name=search_term_string\"}],\"inLanguage\":\"lv-LV\"},{\"@type\":\"Person\",\"@id\":\"https:\/\/dypall.com\/#\/schema\/person\/f92e08aa15c8ba711a9d153129f03377\",\"name\":\"DYPALL Network\",\"image\":{\"@type\":\"ImageObject\",\"inLanguage\":\"lv-LV\",\"@id\":\"https:\/\/dypall.com\/#\/schema\/person\/image\/\",\"url\":\"https:\/\/secure.gravatar.com\/avatar\/9c39e299279800c6d69c5e02cf613e7bab060889f373052a03d7ac399e8f0d3c?s=96&d=mm&r=g\",\"contentUrl\":\"https:\/\/secure.gravatar.com\/avatar\/9c39e299279800c6d69c5e02cf613e7bab060889f373052a03d7ac399e8f0d3c?s=96&d=mm&r=g\",\"caption\":\"DYPALL Network\"},\"sameAs\":[\"https:\/\/dypall.com\"],\"url\":\"https:\/\/dypall.com\/lv\/author\/dypall\/\"}]}<\/script>\n<!-- \/ Yoast SEO plugin. -->","yoast_head_json":{"title":"Register to the conference \"LOCAL YOUTH COUNCILS AT INTERNATIONAL SCALE\" on the 6-7 July 2022 (10:30-14:00 Brussels time). - DYPALL Network","robots":{"index":"index","follow":"follow","max-snippet":"max-snippet:-1","max-image-preview":"max-image-preview:large","max-video-preview":"max-video-preview:-1"},"canonical":"https:\/\/dypall.com\/lv\/activity\/register-to-the-conference-local-youth-councils-at-international-scale-on-the-6-7-july-2022-1030-1400-brussels-time\/","og_locale":"lv_LV","og_type":"article","og_title":"Register to the conference \"LOCAL YOUTH COUNCILS AT INTERNATIONAL SCALE\" on the 6-7 July 2022 (10:30-14:00 Brussels time). - DYPALL Network","og_description":"Join us for the conference &#8220;LOCAL YOUTH COUNCILS AT INTERNATIONAL SCALE&#8221; on the 6-7 July 2022 (10:30-14:00 Brussels time). The conference is a perfect space for the international exchange of experiences and perspectives on the quality of local youth councils at a broad, international and intercontinental level. It brings together various stakeholders in the youth&hellip; Turpiniet las\u012bt Register to the conference &#8220;LOCAL YOUTH COUNCILS AT INTERNATIONAL SCALE&#8221; on the 6-7 July 2022 (10:30-14:00 Brussels time).","og_url":"https:\/\/dypall.com\/lv\/activity\/register-to-the-conference-local-youth-councils-at-international-scale-on-the-6-7-july-2022-1030-1400-brussels-time\/","og_site_name":"DYPALL Network","article_published_time":"2022-06-23T13:35:08+00:00","author":"DYPALL Network","twitter_card":"summary_large_image","twitter_misc":{"Written by":"DYPALL Network","Est. reading time":"1 min\u016bte"},"schema":{"@context":"https:\/\/schema.org","@graph":[{"@type":"WebPage","@id":"https:\/\/dypall.com\/activity\/register-to-the-conference-local-youth-councils-at-international-scale-on-the-6-7-july-2022-1030-1400-brussels-time\/","url":"https:\/\/dypall.com\/activity\/register-to-the-conference-local-youth-councils-at-international-scale-on-the-6-7-july-2022-1030-1400-brussels-time\/","name":"Register to the conference \"LOCAL YOUTH COUNCILS AT INTERNATIONAL SCALE\" on the 6-7 July 2022 (10:30-14:00 Brussels time). - DYPALL Network","isPartOf":{"@id":"https:\/\/dypall.com\/#website"},"primaryImageOfPage":{"@id":"https:\/\/dypall.com\/activity\/register-to-the-conference-local-youth-councils-at-international-scale-on-the-6-7-july-2022-1030-1400-brussels-time\/#primaryimage"},"image":{"@id":"https:\/\/dypall.com\/activity\/register-to-the-conference-local-youth-councils-at-international-scale-on-the-6-7-july-2022-1030-1400-brussels-time\/#primaryimage"},"thumbnailUrl":"","datePublished":"2022-06-23T13:35:08+00:00","dateModified":"2022-06-23T13:35:08+00:00","author":{"@id":"https:\/\/dypall.com\/#\/schema\/person\/f92e08aa15c8ba711a9d153129f03377"},"breadcrumb":{"@id":"https:\/\/dypall.com\/activity\/register-to-the-conference-local-youth-councils-at-international-scale-on-the-6-7-july-2022-1030-1400-brussels-time\/#breadcrumb"},"inLanguage":"lv-LV","potentialAction":[{"@type":"ReadAction","target":["https:\/\/dypall.com\/activity\/register-to-the-conference-local-youth-councils-at-international-scale-on-the-6-7-july-2022-1030-1400-brussels-time\/"]}]},{"@type":"ImageObject","inLanguage":"lv-LV","@id":"https:\/\/dypall.com\/activity\/register-to-the-conference-local-youth-councils-at-international-scale-on-the-6-7-july-2022-1030-1400-brussels-time\/#primaryimage","url":"","contentUrl":""},{"@type":"BreadcrumbList","@id":"https:\/\/dypall.com\/activity\/register-to-the-conference-local-youth-councils-at-international-scale-on-the-6-7-july-2022-1030-1400-brussels-time\/#breadcrumb","itemListElement":[{"@type":"ListItem","position":1,"name":"Home","item":"https:\/\/dypall.com\/"},{"@type":"ListItem","position":2,"name":"Register to the conference &#8220;LOCAL YOUTH COUNCILS AT INTERNATIONAL SCALE&#8221; on the 6-7 July 2022 (10:30-14:00 Brussels time)."}]},{"@type":"WebSite","@id":"https:\/\/dypall.com\/#website","url":"https:\/\/dypall.com\/","name":"DYPALL Network","description":"We are a European network of civil society organisations, municipalities and research institutions dedicated to improving democracy through youth participation.","potentialAction":[{"@type":"SearchAction","target":{"@type":"EntryPoint","urlTemplate":"https:\/\/dypall.com\/?s={search_term_string}"},"query-input":"required name=search_term_string"}],"inLanguage":"lv-LV"},{"@type":"Person","@id":"https:\/\/dypall.com\/#\/schema\/person\/f92e08aa15c8ba711a9d153129f03377","name":"DYPALL Network","image":{"@type":"ImageObject","inLanguage":"lv-LV","@id":"https:\/\/dypall.com\/#\/schema\/person\/image\/","url":"https:\/\/secure.gravatar.com\/avatar\/9c39e299279800c6d69c5e02cf613e7bab060889f373052a03d7ac399e8f0d3c?s=96&d=mm&r=g","contentUrl":"https:\/\/secure.gravatar.com\/avatar\/9c39e299279800c6d69c5e02cf613e7bab060889f373052a03d7ac399e8f0d3c?s=96&d=mm&r=g","caption":"DYPALL Network"},"sameAs":["https:\/\/dypall.com"],"url":"https:\/\/dypall.com\/lv\/author\/dypall\/"}]}},"jetpack_featured_media_url":"","jetpack_sharing_enabled":true,"_links":{"self":[{"href":"https:\/\/dypall.com\/lv\/wp-json\/wp\/v2\/posts\/5573","targetHints":{"allow":["GET"]}}],"collection":[{"href":"https:\/\/dypall.com\/lv\/wp-json\/wp\/v2\/posts"}],"about":[{"href":"https:\/\/dypall.com\/lv\/wp-json\/wp\/v2\/types\/post"}],"author":[{"embeddable":true,"href":"https:\/\/dypall.com\/lv\/wp-json\/wp\/v2\/users\/1"}],"replies":[{"embeddable":true,"href":"https:\/\/dypall.com\/lv\/wp-json\/wp\/v2\/comments?post=5573"}],"version-history":[{"count":0,"href":"https:\/\/dypall.com\/lv\/wp-json\/wp\/v2\/posts\/5573\/revisions"}],"wp:featuredmedia":[{"embeddable":true,"href":"https:\/\/dypall.com\/lv\/wp-json\/"}],"wp:attachment":[{"href":"https:\/\/dypall.com\/lv\/wp-json\/wp\/v2\/media?parent=5573"}],"wp:term":[{"taxonomy":"category","embeddable":true,"href":"https:\/\/dypall.com\/lv\/wp-json\/wp\/v2\/categories?post=5573"},{"taxonomy":"post_tag","embeddable":true,"href":"https:\/\/dypall.com\/lv\/wp-json\/wp\/v2\/tags?post=5573"}],"curies":[{"name":"wp","href":"https:\/\/api.w.org\/{rel}","templated":true}]}}