{"id":5572,"date":"2022-03-18T17:21:54","date_gmt":"2022-03-18T17:21:54","guid":{"rendered":"https:\/\/dypall.com\/?p=5405"},"modified":"2022-03-18T17:21:54","modified_gmt":"2022-03-18T17:21:54","slug":"international-conference-building-resilient-communities-training-course-youth-takes-the-floor-2","status":"publish","type":"post","link":"https:\/\/dypall.com\/lv\/conference\/international-conference-building-resilient-communities-training-course-youth-takes-the-floor-2\/","title":{"rendered":"Starptautisk\u0101 konference: Veidojot notur\u012bgas kopienas &amp; M\u0101c\u012bbu kurss Jaunatne Uzst\u0101jas"},"content":{"rendered":"<p>N\u0101kamned\u0113\u013c DYPALL t\u012bkls Brag\u0101 (Portug\u0101le) paral\u0113li organiz\u0113s divas aktivit\u0101tes, kur\u0101s pulc\u0113sies vair\u0101k nek\u0101 80 jaunatnes darbinieki, pa\u0161vald\u012bbu p\u0101rst\u0101vji un jaunatnes l\u012bderi no visas Eiropas.<\/p>\n<p>Viena no t\u0101m ir Starptautisk\u0101 konference: Notur\u012bgu kopienu veido\u0161ana \u2013 darbs ar jaunatni pa\u0161vald\u012bbu l\u012bmen\u012b Covid-19 laik\u0101, kas b\u016bs platforma pilsonisk\u0101s sabiedr\u012bbas organiz\u0101cij\u0101m un pa\u0161vald\u012bb\u0101m no visas Eiropas, lai san\u0101ktu kop\u0101, izp\u0113t\u012btu un apspriestu jaunus r\u012bkus un praksi darb\u0101 ar jaunatni, kas pal\u012bdz rea\u0123\u0113t uz jaunaj\u0101m probl\u0113m\u0101m Eirop\u0101, \u012bpa\u0161u uzman\u012bbu piev\u0113r\u0161ot ilgtsp\u0113j\u012bgai praksei un instrumentiem, kas veicina notur\u012bgas kopienas, kuras ir gatavas tikt gal\u0101 ar \u0101rk\u0101rt\u0113jiem apst\u0101k\u013ciem.<\/p>\n<p>Otrs pas\u0101kums ir m\u0101c\u012bbu kurss par to, k\u0101 palielin\u0101t jaunie\u0161u l\u012bdzdal\u012bbu l\u0113mumu pie\u0146em\u0161an\u0101. M\u0101c\u012bbu kursa laik\u0101 dal\u012bbnieki att\u012bst\u012bs kompetences, lai izveidotu un stiprin\u0101tu jaunie\u0161u l\u012bdzdal\u012bbas strukt\u016bras un instrumentus, kas \u013cauj jaunie\u0161iem akt\u012bvi piedal\u012bties l\u0113mumu pie\u0146em\u0161anas procesos viet\u0113j\u0101 l\u012bmen\u012b.<\/p>\n<p>Konference tiek organiz\u0113ta ar programmas \u201cErasmus+\u201d atbalstu ar Portug\u0101les valsts a\u0123ent\u016bras starpniec\u012bbu. Apm\u0101c\u012bba tiek organiz\u0113ta ar Eiropas Padomes Eiropas Jaunatnes fonda atbalstu. Abas aktivit\u0101tes atbalsta Bragas pa\u0161vald\u012bba.<\/p>\n<p><a href=\"https:\/\/dypall.com\/lv\/2022\/03\/18\/international-conference-building-resilient-communities-training-course-youth-takes-the-floor\/whatsapp-image-2022-03-18-at-15-56-47\/#main\" rel=\"attachment wp-att-5406\"><img loading=\"lazy\" decoding=\"async\" class=\"alignleft size-large wp-image-5406\" src=\"https:\/\/dypall.com\/wp-content\/uploads\/2022\/03\/WhatsApp-Image-2022-03-18-at-15.56.47-1024x858.jpeg\" alt=\"\" width=\"1024\" height=\"858\" \/><\/a><\/p>\n<p><a href=\"https:\/\/dypall.com\/lv\/2022\/03\/18\/international-conference-building-resilient-communities-training-course-youth-takes-the-floor\/whatsapp-image-2022-03-18-at-15-57-08\/#main\" rel=\"attachment wp-att-5407\"><img loading=\"lazy\" decoding=\"async\" class=\"alignleft size-large wp-image-5407\" src=\"https:\/\/dypall.com\/wp-content\/uploads\/2022\/03\/WhatsApp-Image-2022-03-18-at-15.57.08-1024x1024.jpeg\" alt=\"\" width=\"1024\" height=\"1024\" \/><\/a><\/p>","protected":false},"excerpt":{"rendered":"<p>N\u0101kamned\u0113\u013c DYPALL t\u012bkls Brag\u0101 (Portug\u0101le) paral\u0113li organiz\u0113s divas aktivit\u0101tes, kur\u0101s pulc\u0113sies vair\u0101k nek\u0101 80 jaunatnes darbinieki, pa\u0161vald\u012bbu p\u0101rst\u0101vji un jaunatnes l\u012bderi no visas Eiropas. Viena no t\u0101m ir Starptautisk\u0101 konference: Notur\u012bgu kopienu veido\u0161ana \u2013 darbs ar jaunatni pa\u0161vald\u012bbu l\u012bmen\u012b Covid-19 laik\u0101, kas b\u016bs platforma pilsoniskajai sabiedr\u012bbai... <a class=\"more-link\" href=\"https:\/\/dypall.com\/lv\/conference\/international-conference-building-resilient-communities-training-course-youth-takes-the-floor-2\/\">Turpiniet las\u012bt <span class=\"screen-reader-text\">Starptautisk\u0101 konference: Veidojot notur\u012bgas kopienas &amp; M\u0101c\u012bbu kurss Jaunatne Uzst\u0101jas<\/span><\/a><\/p>","protected":false},"author":1,"featured_media":5406,"comment_status":"closed","ping_status":"open","sticky":false,"template":"","format":"standard","meta":{"_acf_changed":false,"_jetpack_memberships_contains_paid_content":false,"footnotes":""},"categories":[112,141],"tags":[],"class_list":["post-5572","post","type-post","status-publish","format-standard","has-post-thumbnail","hentry","category-conference","category-training-course","entry"],"acf":[],"yoast_head":"<!-- This site is optimized with the Yoast SEO plugin v22.8 - https:\/\/yoast.com\/wordpress\/plugins\/seo\/ -->\n<title>International Conference: Building Resilient Communities &amp; Training Course Youth Takes the Floor - DYPALL Network<\/title>\n<meta name=\"robots\" content=\"index, follow, max-snippet:-1, max-image-preview:large, max-video-preview:-1\" \/>\n<link rel=\"canonical\" href=\"https:\/\/dypall.com\/lv\/conference\/international-conference-building-resilient-communities-training-course-youth-takes-the-floor-2\/\" \/>\n<meta property=\"og:locale\" content=\"lv_LV\" \/>\n<meta property=\"og:type\" content=\"article\" \/>\n<meta property=\"og:title\" content=\"International Conference: Building Resilient Communities &amp; Training Course Youth Takes the Floor - DYPALL Network\" \/>\n<meta property=\"og:description\" content=\"Next week DYPALL Network is organising two activities in parallel in Braga, Portugal, that will gather more than 80 youth workers, municipality representatives and youth leaders from all over Europe. One of them is International Conference: Building Resilient Communities \u2013Youth Work at Municipality Level during COVID-19 times that will be a platform for civil society&hellip; Turpiniet las\u012bt International Conference: Building Resilient Communities &#038; Training Course Youth Takes the Floor\" \/>\n<meta property=\"og:url\" content=\"https:\/\/dypall.com\/lv\/conference\/international-conference-building-resilient-communities-training-course-youth-takes-the-floor-2\/\" \/>\n<meta property=\"og:site_name\" content=\"DYPALL Network\" \/>\n<meta property=\"article:published_time\" content=\"2022-03-18T17:21:54+00:00\" \/>\n<meta name=\"author\" content=\"DYPALL Network\" \/>\n<meta name=\"twitter:card\" content=\"summary_large_image\" \/>\n<meta name=\"twitter:label1\" content=\"Written by\" \/>\n\t<meta name=\"twitter:data1\" content=\"DYPALL Network\" \/>\n\t<meta name=\"twitter:label2\" content=\"Est. reading time\" \/>\n\t<meta name=\"twitter:data2\" content=\"1 min\u016bte\" \/>\n<script type=\"application\/ld+json\" class=\"yoast-schema-graph\">{\"@context\":\"https:\/\/schema.org\",\"@graph\":[{\"@type\":\"WebPage\",\"@id\":\"https:\/\/dypall.com\/conference\/international-conference-building-resilient-communities-training-course-youth-takes-the-floor-2\/\",\"url\":\"https:\/\/dypall.com\/conference\/international-conference-building-resilient-communities-training-course-youth-takes-the-floor-2\/\",\"name\":\"International Conference: Building Resilient Communities & Training Course Youth Takes the Floor - DYPALL Network\",\"isPartOf\":{\"@id\":\"https:\/\/dypall.com\/#website\"},\"primaryImageOfPage\":{\"@id\":\"https:\/\/dypall.com\/conference\/international-conference-building-resilient-communities-training-course-youth-takes-the-floor-2\/#primaryimage\"},\"image\":{\"@id\":\"https:\/\/dypall.com\/conference\/international-conference-building-resilient-communities-training-course-youth-takes-the-floor-2\/#primaryimage\"},\"thumbnailUrl\":\"\",\"datePublished\":\"2022-03-18T17:21:54+00:00\",\"dateModified\":\"2022-03-18T17:21:54+00:00\",\"author\":{\"@id\":\"https:\/\/dypall.com\/#\/schema\/person\/f92e08aa15c8ba711a9d153129f03377\"},\"breadcrumb\":{\"@id\":\"https:\/\/dypall.com\/conference\/international-conference-building-resilient-communities-training-course-youth-takes-the-floor-2\/#breadcrumb\"},\"inLanguage\":\"lv-LV\",\"potentialAction\":[{\"@type\":\"ReadAction\",\"target\":[\"https:\/\/dypall.com\/conference\/international-conference-building-resilient-communities-training-course-youth-takes-the-floor-2\/\"]}]},{\"@type\":\"ImageObject\",\"inLanguage\":\"lv-LV\",\"@id\":\"https:\/\/dypall.com\/conference\/international-conference-building-resilient-communities-training-course-youth-takes-the-floor-2\/#primaryimage\",\"url\":\"\",\"contentUrl\":\"\"},{\"@type\":\"BreadcrumbList\",\"@id\":\"https:\/\/dypall.com\/conference\/international-conference-building-resilient-communities-training-course-youth-takes-the-floor-2\/#breadcrumb\",\"itemListElement\":[{\"@type\":\"ListItem\",\"position\":1,\"name\":\"Home\",\"item\":\"https:\/\/dypall.com\/\"},{\"@type\":\"ListItem\",\"position\":2,\"name\":\"International Conference: Building Resilient Communities &#038; Training Course Youth Takes the Floor\"}]},{\"@type\":\"WebSite\",\"@id\":\"https:\/\/dypall.com\/#website\",\"url\":\"https:\/\/dypall.com\/\",\"name\":\"DYPALL Network\",\"description\":\"We are a European network of civil society organisations, municipalities and research institutions dedicated to improving democracy through youth participation.\",\"potentialAction\":[{\"@type\":\"SearchAction\",\"target\":{\"@type\":\"EntryPoint\",\"urlTemplate\":\"https:\/\/dypall.com\/?s={search_term_string}\"},\"query-input\":\"required name=search_term_string\"}],\"inLanguage\":\"lv-LV\"},{\"@type\":\"Person\",\"@id\":\"https:\/\/dypall.com\/#\/schema\/person\/f92e08aa15c8ba711a9d153129f03377\",\"name\":\"DYPALL Network\",\"image\":{\"@type\":\"ImageObject\",\"inLanguage\":\"lv-LV\",\"@id\":\"https:\/\/dypall.com\/#\/schema\/person\/image\/\",\"url\":\"https:\/\/secure.gravatar.com\/avatar\/9c39e299279800c6d69c5e02cf613e7bab060889f373052a03d7ac399e8f0d3c?s=96&d=mm&r=g\",\"contentUrl\":\"https:\/\/secure.gravatar.com\/avatar\/9c39e299279800c6d69c5e02cf613e7bab060889f373052a03d7ac399e8f0d3c?s=96&d=mm&r=g\",\"caption\":\"DYPALL Network\"},\"sameAs\":[\"https:\/\/dypall.com\"],\"url\":\"https:\/\/dypall.com\/lv\/author\/dypall\/\"}]}<\/script>\n<!-- \/ Yoast SEO plugin. -->","yoast_head_json":{"title":"International Conference: Building Resilient Communities & Training Course Youth Takes the Floor - DYPALL Network","robots":{"index":"index","follow":"follow","max-snippet":"max-snippet:-1","max-image-preview":"max-image-preview:large","max-video-preview":"max-video-preview:-1"},"canonical":"https:\/\/dypall.com\/lv\/conference\/international-conference-building-resilient-communities-training-course-youth-takes-the-floor-2\/","og_locale":"lv_LV","og_type":"article","og_title":"International Conference: Building Resilient Communities & Training Course Youth Takes the Floor - DYPALL Network","og_description":"Next week DYPALL Network is organising two activities in parallel in Braga, Portugal, that will gather more than 80 youth workers, municipality representatives and youth leaders from all over Europe. One of them is International Conference: Building Resilient Communities \u2013Youth Work at Municipality Level during COVID-19 times that will be a platform for civil society&hellip; Turpiniet las\u012bt International Conference: Building Resilient Communities &#038; Training Course Youth Takes the Floor","og_url":"https:\/\/dypall.com\/lv\/conference\/international-conference-building-resilient-communities-training-course-youth-takes-the-floor-2\/","og_site_name":"DYPALL Network","article_published_time":"2022-03-18T17:21:54+00:00","author":"DYPALL Network","twitter_card":"summary_large_image","twitter_misc":{"Written by":"DYPALL Network","Est. reading time":"1 min\u016bte"},"schema":{"@context":"https:\/\/schema.org","@graph":[{"@type":"WebPage","@id":"https:\/\/dypall.com\/conference\/international-conference-building-resilient-communities-training-course-youth-takes-the-floor-2\/","url":"https:\/\/dypall.com\/conference\/international-conference-building-resilient-communities-training-course-youth-takes-the-floor-2\/","name":"International Conference: Building Resilient Communities & Training Course Youth Takes the Floor - DYPALL Network","isPartOf":{"@id":"https:\/\/dypall.com\/#website"},"primaryImageOfPage":{"@id":"https:\/\/dypall.com\/conference\/international-conference-building-resilient-communities-training-course-youth-takes-the-floor-2\/#primaryimage"},"image":{"@id":"https:\/\/dypall.com\/conference\/international-conference-building-resilient-communities-training-course-youth-takes-the-floor-2\/#primaryimage"},"thumbnailUrl":"","datePublished":"2022-03-18T17:21:54+00:00","dateModified":"2022-03-18T17:21:54+00:00","author":{"@id":"https:\/\/dypall.com\/#\/schema\/person\/f92e08aa15c8ba711a9d153129f03377"},"breadcrumb":{"@id":"https:\/\/dypall.com\/conference\/international-conference-building-resilient-communities-training-course-youth-takes-the-floor-2\/#breadcrumb"},"inLanguage":"lv-LV","potentialAction":[{"@type":"ReadAction","target":["https:\/\/dypall.com\/conference\/international-conference-building-resilient-communities-training-course-youth-takes-the-floor-2\/"]}]},{"@type":"ImageObject","inLanguage":"lv-LV","@id":"https:\/\/dypall.com\/conference\/international-conference-building-resilient-communities-training-course-youth-takes-the-floor-2\/#primaryimage","url":"","contentUrl":""},{"@type":"BreadcrumbList","@id":"https:\/\/dypall.com\/conference\/international-conference-building-resilient-communities-training-course-youth-takes-the-floor-2\/#breadcrumb","itemListElement":[{"@type":"ListItem","position":1,"name":"Home","item":"https:\/\/dypall.com\/"},{"@type":"ListItem","position":2,"name":"International Conference: Building Resilient Communities &#038; Training Course Youth Takes the Floor"}]},{"@type":"WebSite","@id":"https:\/\/dypall.com\/#website","url":"https:\/\/dypall.com\/","name":"DYPALL Network","description":"We are a European network of civil society organisations, municipalities and research institutions dedicated to improving democracy through youth participation.","potentialAction":[{"@type":"SearchAction","target":{"@type":"EntryPoint","urlTemplate":"https:\/\/dypall.com\/?s={search_term_string}"},"query-input":"required name=search_term_string"}],"inLanguage":"lv-LV"},{"@type":"Person","@id":"https:\/\/dypall.com\/#\/schema\/person\/f92e08aa15c8ba711a9d153129f03377","name":"DYPALL Network","image":{"@type":"ImageObject","inLanguage":"lv-LV","@id":"https:\/\/dypall.com\/#\/schema\/person\/image\/","url":"https:\/\/secure.gravatar.com\/avatar\/9c39e299279800c6d69c5e02cf613e7bab060889f373052a03d7ac399e8f0d3c?s=96&d=mm&r=g","contentUrl":"https:\/\/secure.gravatar.com\/avatar\/9c39e299279800c6d69c5e02cf613e7bab060889f373052a03d7ac399e8f0d3c?s=96&d=mm&r=g","caption":"DYPALL Network"},"sameAs":["https:\/\/dypall.com"],"url":"https:\/\/dypall.com\/lv\/author\/dypall\/"}]}},"jetpack_featured_media_url":"","jetpack_sharing_enabled":true,"_links":{"self":[{"href":"https:\/\/dypall.com\/lv\/wp-json\/wp\/v2\/posts\/5572","targetHints":{"allow":["GET"]}}],"collection":[{"href":"https:\/\/dypall.com\/lv\/wp-json\/wp\/v2\/posts"}],"about":[{"href":"https:\/\/dypall.com\/lv\/wp-json\/wp\/v2\/types\/post"}],"author":[{"embeddable":true,"href":"https:\/\/dypall.com\/lv\/wp-json\/wp\/v2\/users\/1"}],"replies":[{"embeddable":true,"href":"https:\/\/dypall.com\/lv\/wp-json\/wp\/v2\/comments?post=5572"}],"version-history":[{"count":0,"href":"https:\/\/dypall.com\/lv\/wp-json\/wp\/v2\/posts\/5572\/revisions"}],"wp:featuredmedia":[{"embeddable":true,"href":"https:\/\/dypall.com\/lv\/wp-json\/"}],"wp:attachment":[{"href":"https:\/\/dypall.com\/lv\/wp-json\/wp\/v2\/media?parent=5572"}],"wp:term":[{"taxonomy":"category","embeddable":true,"href":"https:\/\/dypall.com\/lv\/wp-json\/wp\/v2\/categories?post=5572"},{"taxonomy":"post_tag","embeddable":true,"href":"https:\/\/dypall.com\/lv\/wp-json\/wp\/v2\/tags?post=5572"}],"curies":[{"name":"wp","href":"https:\/\/api.w.org\/{rel}","templated":true}]}}