{"id":5564,"date":"2019-06-04T14:22:54","date_gmt":"2019-06-04T12:22:54","guid":{"rendered":"http:\/\/dypall.com\/?p=3725"},"modified":"2019-06-04T14:22:54","modified_gmt":"2019-06-04T12:22:54","slug":"study-visit-local-youth-policies-on-social-entrepreneurship-2","status":"publish","type":"post","link":"https:\/\/dypall.com\/lv\/activity\/study-visit-local-youth-policies-on-social-entrepreneurship-2\/","title":{"rendered":"Izp\u0113tes viz\u012bte \u201cViet\u0113j\u0101 jaunatnes politika soci\u0101l\u0101s uz\u0146\u0113m\u0113jdarb\u012bbas jom\u0101\u201d"},"content":{"rendered":"<p>Izp\u0113tes viz\u012bte \u201cViet\u0113j\u0101 jaunatnes politika soci\u0101l\u0101s uz\u0146\u0113m\u0113jdarb\u012bbas jom\u0101\u201d notika Lisabon\u0101 no 27 dal\u012bbvalst\u012bm.<sup>th<\/sup> no 1. maija l\u012bdz 1. maijam<sup>st<\/sup> j\u016bnij\u0101. \u0160aj\u0101 viz\u012bt\u0113 piedal\u012bj\u0101s 27 pa\u0161vald\u012bbu amatpersonas un jaunatnes darbinieki no Bulg\u0101rijas, Horv\u0101tijas, Portug\u0101les, Somijas, It\u0101lijas, Latvijas, Rum\u0101nijas, Turcijas, Apvienot\u0101s Karalistes un N\u012bderlandes, lai apmekl\u0113tu un izp\u0113t\u012btu jaunie\u0161u soci\u0101l\u0101s uz\u0146\u0113m\u0113jdarb\u012bbas praksi un mode\u013cus un viet\u0113jo jaunatnes politiku soci\u0101l\u0101s uz\u0146\u0113m\u0113jdarb\u012bbas jom\u0101, \u012bpa\u0161u uzman\u012bbu piev\u0113r\u0161ot migrantu izcelsmes jaunie\u0161u iek\u013cau\u0161anai.<\/p>\n<p>Izp\u0113tes viz\u012btes laik\u0101 dal\u012bbnieki var\u0113ja iepaz\u012bties ar da\u017e\u0101d\u0101m jaunie\u0161u soci\u0101l\u0101s uz\u0146\u0113m\u0113jdarb\u012bbas praks\u0113m un mode\u013ciem un meh\u0101nismiem un strukt\u016br\u0101m, kas atbalsta \u0161\u0101das prakses, k\u0101 ar\u012b nodot \u0161o pieredzi savai viet\u0113jai realit\u0101tei.<\/p>\n<p>Projekta m\u0113r\u0137is bija veicin\u0101t jaunatnes darbinieku lab\u0101ku izpratni par to, k\u0101 atbalst\u012bt t\u0101du soci\u0101lo jaunuz\u0146\u0113mumu izveidi, kas var uzlabot soci\u0101lo ekonomiku, un jaunu darba iesp\u0113ju rad\u012b\u0161anu jaunie\u0161iem migrantiem k\u0101 soli ce\u013c\u0101 uz soci\u0101lo iek\u013cau\u0161anu un integr\u0101ciju.<\/p>\n<p>Par 28<sup>th<\/sup> Maij\u0101 r\u012bts tika pavad\u012bts ar viz\u012btes prezent\u0101ciju, t\u0101s m\u0113r\u0137iem un programmas deta\u013c\u0101m, k\u0101 ar\u012b br\u012bdi, lai dal\u012bbnieki iepaz\u012btos viens ar otru, un p\u0113cpusdien\u0101 ar soci\u0101l\u0101s uz\u0146\u0113m\u0113jdarb\u012bbas pamatj\u0113dzieniem un labas prakses apmai\u0146u par viet\u0113jo jaunatnes politiku soci\u0101l\u0101s uz\u0146\u0113m\u0113jdarb\u012bbas jom\u0101. Vakars pulc\u0113ja dal\u012bbniekus starpkult\u016bru vakar\u0101.<\/p>\n<p>Apmekl\u0113juma tre\u0161\u0101 diena notika Kaskai\u0161\u0101, sazinoties ar pa\u0161vald\u012bbas jaunatnes departamentu un t\u0101 jaunatnes iesaistes projektiem, k\u0101 ar\u012b ar apvien\u012bbu DNA Cascais. P\u0113cpusdiena tika pavad\u012bta \u0101rpus\u0113, apmekl\u0113jot Torres apkaimi, kur dal\u012bbniekiem bija iesp\u0113ja redz\u0113t projektu \u201cTake it\u201d un uzzin\u0101t vair\u0101k par nodarbin\u0101t\u012bbas departamentu.<\/p>\n<p>Par 30<sup>th<\/sup> Maij\u0101 izp\u0113tes viz\u012bte notika ap Lisabonas centru. No r\u012bta notika Lisabonas pa\u0161vald\u012bbas apmekl\u0113jums, sazinoties ar ComNetNEET projektu, kura m\u0113r\u0137is ir veicin\u0101t jaunie\u0161u nodarbin\u0101t\u012bbu un nov\u0113rst jaunie\u0161u soci\u0101lo atstumt\u012bbu. Viz\u012btes p\u0113cpusdiena notika Lisabonas Universit\u0101tes Zin\u0101t\u0146u fakult\u0101tes jaunaj\u0101 soci\u0101laj\u0101 pieej\u0101 uz\u0146\u0113m\u0113jdarb\u012bbai TecLabs.<\/p>\n<p>Apmekl\u0113juma p\u0113d\u0113j\u0101 diena bija paredz\u0113ta viet\u0113jo strat\u0113\u0123iju un r\u012bc\u012bbas pl\u0101nu izstr\u0101dei, k\u0101 ar\u012b turpm\u0101ku pas\u0101kumu iesp\u0113ju izp\u0113tei un izv\u0113rt\u0113\u0161anai un nosl\u0113g\u0161anai.<\/p>\n<p>\u0160is projekts sast\u0101v no div\u0101m izp\u0113tes viz\u012bt\u0113m, no kur\u0101m pirm\u0101 notiks Portug\u0101l\u0113 (2019. gada maij\u0101) un otr\u0101 \u2013 N\u012bderland\u0113 (2019. gada oktobr\u012b). Projektu atbalsta programma \u201cErasmus+\u201d.<\/p>\n<p><img loading=\"lazy\" decoding=\"async\" class=\"aligncenter size-full wp-image-3726\" src=\"http:\/\/dypall.com\/wp-content\/uploads\/2019\/06\/DSC0014_edited.jpg\" alt=\"\" width=\"968\" height=\"648\" \/><\/p>\n<p><img loading=\"lazy\" decoding=\"async\" class=\"aligncenter size-large wp-image-3727\" src=\"http:\/\/dypall.com\/wp-content\/uploads\/2019\/06\/DSC0015.jpg\" alt=\"\" width=\"960\" height=\"643\" \/><\/p>\n<p><img loading=\"lazy\" decoding=\"async\" class=\"aligncenter size-large wp-image-3728\" src=\"http:\/\/dypall.com\/wp-content\/uploads\/2019\/06\/Cascais-2-1024x575.jpg\" alt=\"\" width=\"960\" height=\"539\" \/><\/p>\n<p><img loading=\"lazy\" decoding=\"async\" class=\"aligncenter size-large wp-image-3729\" src=\"http:\/\/dypall.com\/wp-content\/uploads\/2019\/06\/conversating-1024x575.jpg\" alt=\"\" width=\"960\" height=\"539\" \/><\/p>\n<p><img loading=\"lazy\" decoding=\"async\" class=\"aligncenter size-large wp-image-3730\" src=\"http:\/\/dypall.com\/wp-content\/uploads\/2019\/06\/group-1_edited.jpg\" alt=\"\" width=\"960\" height=\"540\" \/><\/p>\n<p><img loading=\"lazy\" decoding=\"async\" class=\"aligncenter size-large wp-image-3731\" src=\"http:\/\/dypall.com\/wp-content\/uploads\/2019\/06\/Reflect-1-1024x575.jpg\" alt=\"\" width=\"960\" height=\"539\" \/><\/p>\n<p><img loading=\"lazy\" decoding=\"async\" class=\"aligncenter size-large wp-image-3732\" src=\"http:\/\/dypall.com\/wp-content\/uploads\/2019\/06\/techlab-1-1024x575.jpg\" alt=\"\" width=\"960\" height=\"539\" \/><\/p>\n<p><img loading=\"lazy\" decoding=\"async\" class=\"aligncenter size-large wp-image-3733\" src=\"http:\/\/dypall.com\/wp-content\/uploads\/2019\/06\/WhatsApp-Image-2019-05-30-at-11.43.14.jpeg\" alt=\"\" width=\"960\" height=\"720\" \/><\/p>","protected":false},"excerpt":{"rendered":"<p>Izp\u0113tes viz\u012bte \u201cViet\u0113j\u0101 jaunatnes politika soci\u0101l\u0101s uz\u0146\u0113m\u0113jdarb\u012bbas jom\u0101\u201d notika Lisabon\u0101 no 27. maija l\u012bdz 1. j\u016bnijam. \u0160aj\u0101 viz\u012bt\u0113 piedal\u012bj\u0101s 27 pa\u0161vald\u012bbu amatpersonas un jaunatnes darbinieki no Bulg\u0101rijas, Horv\u0101tijas, Portug\u0101les, Somijas, It\u0101lijas, Latvijas, Rum\u0101nijas, Turcijas, Apvienot\u0101s Karalistes un N\u012bderlandes, lai apmekl\u0113tu un izp\u0113t\u012btu jaunie\u0161u soci\u0101l\u0101s uz\u0146\u0113m\u0113jdarb\u012bbas un viet\u0113j\u0101s jaunatnes politikas praksi un mode\u013cus... <a class=\"more-link\" href=\"https:\/\/dypall.com\/lv\/activity\/study-visit-local-youth-policies-on-social-entrepreneurship-2\/\">Turpiniet las\u012bt <span class=\"screen-reader-text\">Izp\u0113tes viz\u012bte \u201cViet\u0113j\u0101 jaunatnes politika soci\u0101l\u0101s uz\u0146\u0113m\u0113jdarb\u012bbas jom\u0101\u201d<\/span><\/a><\/p>","protected":false},"author":1,"featured_media":3726,"comment_status":"closed","ping_status":"open","sticky":false,"template":"","format":"standard","meta":{"_acf_changed":false,"_jetpack_memberships_contains_paid_content":false,"footnotes":""},"categories":[111,152],"tags":[129],"class_list":["post-5564","post","type-post","status-publish","format-standard","has-post-thumbnail","hentry","category-activity","category-study-visits","tag-study-visit","entry"],"acf":[],"yoast_head":"<!-- This site is optimized with the Yoast SEO plugin v22.8 - https:\/\/yoast.com\/wordpress\/plugins\/seo\/ -->\n<title>Study visit \u201cLocal youth policies on social entrepreneurship\u201d - DYPALL Network<\/title>\n<meta name=\"robots\" content=\"index, follow, max-snippet:-1, max-image-preview:large, max-video-preview:-1\" \/>\n<link rel=\"canonical\" href=\"https:\/\/dypall.com\/lv\/activity\/study-visit-local-youth-policies-on-social-entrepreneurship-2\/\" \/>\n<meta property=\"og:locale\" content=\"lv_LV\" \/>\n<meta property=\"og:type\" content=\"article\" \/>\n<meta property=\"og:title\" content=\"Study visit \u201cLocal youth policies on social entrepreneurship\u201d - DYPALL Network\" \/>\n<meta property=\"og:description\" content=\"The study visit \u201cLocal youth policies on social entrepreneurship\u201d took place in Lisbon, from 27th May- 1st June. This visit brought together 27 municipality officers and youth workers from Bulgaria, Croatia, Portugal, Finland, Italy, Latvia, Romania, Turkey, UK and Netherlands to visit and explore practices and models of youth social entrepreneurship and local youth policies&hellip; Turpiniet las\u012bt Study visit \u201cLocal youth policies on social entrepreneurship\u201d\" \/>\n<meta property=\"og:url\" content=\"https:\/\/dypall.com\/lv\/activity\/study-visit-local-youth-policies-on-social-entrepreneurship-2\/\" \/>\n<meta property=\"og:site_name\" content=\"DYPALL Network\" \/>\n<meta property=\"article:published_time\" content=\"2019-06-04T12:22:54+00:00\" \/>\n<meta name=\"author\" content=\"DYPALL Network\" \/>\n<meta name=\"twitter:card\" content=\"summary_large_image\" \/>\n<meta name=\"twitter:label1\" content=\"Written by\" \/>\n\t<meta name=\"twitter:data1\" content=\"DYPALL Network\" \/>\n\t<meta name=\"twitter:label2\" content=\"Est. reading time\" \/>\n\t<meta name=\"twitter:data2\" content=\"2 min\u016btes\" \/>\n<script type=\"application\/ld+json\" class=\"yoast-schema-graph\">{\"@context\":\"https:\/\/schema.org\",\"@graph\":[{\"@type\":\"WebPage\",\"@id\":\"https:\/\/dypall.com\/activity\/study-visit-local-youth-policies-on-social-entrepreneurship-2\/\",\"url\":\"https:\/\/dypall.com\/activity\/study-visit-local-youth-policies-on-social-entrepreneurship-2\/\",\"name\":\"Study visit \u201cLocal youth policies on social entrepreneurship\u201d - DYPALL Network\",\"isPartOf\":{\"@id\":\"https:\/\/dypall.com\/#website\"},\"primaryImageOfPage\":{\"@id\":\"https:\/\/dypall.com\/activity\/study-visit-local-youth-policies-on-social-entrepreneurship-2\/#primaryimage\"},\"image\":{\"@id\":\"https:\/\/dypall.com\/activity\/study-visit-local-youth-policies-on-social-entrepreneurship-2\/#primaryimage\"},\"thumbnailUrl\":\"\",\"datePublished\":\"2019-06-04T12:22:54+00:00\",\"dateModified\":\"2019-06-04T12:22:54+00:00\",\"author\":{\"@id\":\"https:\/\/dypall.com\/#\/schema\/person\/f92e08aa15c8ba711a9d153129f03377\"},\"breadcrumb\":{\"@id\":\"https:\/\/dypall.com\/activity\/study-visit-local-youth-policies-on-social-entrepreneurship-2\/#breadcrumb\"},\"inLanguage\":\"lv-LV\",\"potentialAction\":[{\"@type\":\"ReadAction\",\"target\":[\"https:\/\/dypall.com\/activity\/study-visit-local-youth-policies-on-social-entrepreneurship-2\/\"]}]},{\"@type\":\"ImageObject\",\"inLanguage\":\"lv-LV\",\"@id\":\"https:\/\/dypall.com\/activity\/study-visit-local-youth-policies-on-social-entrepreneurship-2\/#primaryimage\",\"url\":\"\",\"contentUrl\":\"\"},{\"@type\":\"BreadcrumbList\",\"@id\":\"https:\/\/dypall.com\/activity\/study-visit-local-youth-policies-on-social-entrepreneurship-2\/#breadcrumb\",\"itemListElement\":[{\"@type\":\"ListItem\",\"position\":1,\"name\":\"Home\",\"item\":\"https:\/\/dypall.com\/\"},{\"@type\":\"ListItem\",\"position\":2,\"name\":\"Study visit \u201cLocal youth policies on social entrepreneurship\u201d\"}]},{\"@type\":\"WebSite\",\"@id\":\"https:\/\/dypall.com\/#website\",\"url\":\"https:\/\/dypall.com\/\",\"name\":\"DYPALL Network\",\"description\":\"We are a European network of civil society organisations, municipalities and research institutions dedicated to improving democracy through youth participation.\",\"potentialAction\":[{\"@type\":\"SearchAction\",\"target\":{\"@type\":\"EntryPoint\",\"urlTemplate\":\"https:\/\/dypall.com\/?s={search_term_string}\"},\"query-input\":\"required name=search_term_string\"}],\"inLanguage\":\"lv-LV\"},{\"@type\":\"Person\",\"@id\":\"https:\/\/dypall.com\/#\/schema\/person\/f92e08aa15c8ba711a9d153129f03377\",\"name\":\"DYPALL Network\",\"image\":{\"@type\":\"ImageObject\",\"inLanguage\":\"lv-LV\",\"@id\":\"https:\/\/dypall.com\/#\/schema\/person\/image\/\",\"url\":\"https:\/\/secure.gravatar.com\/avatar\/9c39e299279800c6d69c5e02cf613e7bab060889f373052a03d7ac399e8f0d3c?s=96&d=mm&r=g\",\"contentUrl\":\"https:\/\/secure.gravatar.com\/avatar\/9c39e299279800c6d69c5e02cf613e7bab060889f373052a03d7ac399e8f0d3c?s=96&d=mm&r=g\",\"caption\":\"DYPALL Network\"},\"sameAs\":[\"https:\/\/dypall.com\"],\"url\":\"https:\/\/dypall.com\/lv\/author\/dypall\/\"}]}<\/script>\n<!-- \/ Yoast SEO plugin. -->","yoast_head_json":{"title":"Study visit \u201cLocal youth policies on social entrepreneurship\u201d - DYPALL Network","robots":{"index":"index","follow":"follow","max-snippet":"max-snippet:-1","max-image-preview":"max-image-preview:large","max-video-preview":"max-video-preview:-1"},"canonical":"https:\/\/dypall.com\/lv\/activity\/study-visit-local-youth-policies-on-social-entrepreneurship-2\/","og_locale":"lv_LV","og_type":"article","og_title":"Study visit \u201cLocal youth policies on social entrepreneurship\u201d - DYPALL Network","og_description":"The study visit \u201cLocal youth policies on social entrepreneurship\u201d took place in Lisbon, from 27th May- 1st June. This visit brought together 27 municipality officers and youth workers from Bulgaria, Croatia, Portugal, Finland, Italy, Latvia, Romania, Turkey, UK and Netherlands to visit and explore practices and models of youth social entrepreneurship and local youth policies&hellip; Turpiniet las\u012bt Study visit \u201cLocal youth policies on social entrepreneurship\u201d","og_url":"https:\/\/dypall.com\/lv\/activity\/study-visit-local-youth-policies-on-social-entrepreneurship-2\/","og_site_name":"DYPALL Network","article_published_time":"2019-06-04T12:22:54+00:00","author":"DYPALL Network","twitter_card":"summary_large_image","twitter_misc":{"Written by":"DYPALL Network","Est. reading time":"2 min\u016btes"},"schema":{"@context":"https:\/\/schema.org","@graph":[{"@type":"WebPage","@id":"https:\/\/dypall.com\/activity\/study-visit-local-youth-policies-on-social-entrepreneurship-2\/","url":"https:\/\/dypall.com\/activity\/study-visit-local-youth-policies-on-social-entrepreneurship-2\/","name":"Study visit \u201cLocal youth policies on social entrepreneurship\u201d - DYPALL Network","isPartOf":{"@id":"https:\/\/dypall.com\/#website"},"primaryImageOfPage":{"@id":"https:\/\/dypall.com\/activity\/study-visit-local-youth-policies-on-social-entrepreneurship-2\/#primaryimage"},"image":{"@id":"https:\/\/dypall.com\/activity\/study-visit-local-youth-policies-on-social-entrepreneurship-2\/#primaryimage"},"thumbnailUrl":"","datePublished":"2019-06-04T12:22:54+00:00","dateModified":"2019-06-04T12:22:54+00:00","author":{"@id":"https:\/\/dypall.com\/#\/schema\/person\/f92e08aa15c8ba711a9d153129f03377"},"breadcrumb":{"@id":"https:\/\/dypall.com\/activity\/study-visit-local-youth-policies-on-social-entrepreneurship-2\/#breadcrumb"},"inLanguage":"lv-LV","potentialAction":[{"@type":"ReadAction","target":["https:\/\/dypall.com\/activity\/study-visit-local-youth-policies-on-social-entrepreneurship-2\/"]}]},{"@type":"ImageObject","inLanguage":"lv-LV","@id":"https:\/\/dypall.com\/activity\/study-visit-local-youth-policies-on-social-entrepreneurship-2\/#primaryimage","url":"","contentUrl":""},{"@type":"BreadcrumbList","@id":"https:\/\/dypall.com\/activity\/study-visit-local-youth-policies-on-social-entrepreneurship-2\/#breadcrumb","itemListElement":[{"@type":"ListItem","position":1,"name":"Home","item":"https:\/\/dypall.com\/"},{"@type":"ListItem","position":2,"name":"Study visit \u201cLocal youth policies on social entrepreneurship\u201d"}]},{"@type":"WebSite","@id":"https:\/\/dypall.com\/#website","url":"https:\/\/dypall.com\/","name":"DYPALL Network","description":"We are a European network of civil society organisations, municipalities and research institutions dedicated to improving democracy through youth participation.","potentialAction":[{"@type":"SearchAction","target":{"@type":"EntryPoint","urlTemplate":"https:\/\/dypall.com\/?s={search_term_string}"},"query-input":"required name=search_term_string"}],"inLanguage":"lv-LV"},{"@type":"Person","@id":"https:\/\/dypall.com\/#\/schema\/person\/f92e08aa15c8ba711a9d153129f03377","name":"DYPALL Network","image":{"@type":"ImageObject","inLanguage":"lv-LV","@id":"https:\/\/dypall.com\/#\/schema\/person\/image\/","url":"https:\/\/secure.gravatar.com\/avatar\/9c39e299279800c6d69c5e02cf613e7bab060889f373052a03d7ac399e8f0d3c?s=96&d=mm&r=g","contentUrl":"https:\/\/secure.gravatar.com\/avatar\/9c39e299279800c6d69c5e02cf613e7bab060889f373052a03d7ac399e8f0d3c?s=96&d=mm&r=g","caption":"DYPALL Network"},"sameAs":["https:\/\/dypall.com"],"url":"https:\/\/dypall.com\/lv\/author\/dypall\/"}]}},"jetpack_featured_media_url":"","jetpack_sharing_enabled":true,"_links":{"self":[{"href":"https:\/\/dypall.com\/lv\/wp-json\/wp\/v2\/posts\/5564","targetHints":{"allow":["GET"]}}],"collection":[{"href":"https:\/\/dypall.com\/lv\/wp-json\/wp\/v2\/posts"}],"about":[{"href":"https:\/\/dypall.com\/lv\/wp-json\/wp\/v2\/types\/post"}],"author":[{"embeddable":true,"href":"https:\/\/dypall.com\/lv\/wp-json\/wp\/v2\/users\/1"}],"replies":[{"embeddable":true,"href":"https:\/\/dypall.com\/lv\/wp-json\/wp\/v2\/comments?post=5564"}],"version-history":[{"count":0,"href":"https:\/\/dypall.com\/lv\/wp-json\/wp\/v2\/posts\/5564\/revisions"}],"wp:featuredmedia":[{"embeddable":true,"href":"https:\/\/dypall.com\/lv\/wp-json\/"}],"wp:attachment":[{"href":"https:\/\/dypall.com\/lv\/wp-json\/wp\/v2\/media?parent=5564"}],"wp:term":[{"taxonomy":"category","embeddable":true,"href":"https:\/\/dypall.com\/lv\/wp-json\/wp\/v2\/categories?post=5564"},{"taxonomy":"post_tag","embeddable":true,"href":"https:\/\/dypall.com\/lv\/wp-json\/wp\/v2\/tags?post=5564"}],"curies":[{"name":"wp","href":"https:\/\/api.w.org\/{rel}","templated":true}]}}