{"id":5428,"date":"2022-04-08T14:27:21","date_gmt":"2022-04-08T13:27:21","guid":{"rendered":"https:\/\/dypall.com\/?p=5428"},"modified":"2022-04-08T14:27:21","modified_gmt":"2022-04-08T13:27:21","slug":"international-conference-building-resilient-communities-youth-work-at-municipality-level-during-covid-19-times","status":"publish","type":"post","link":"https:\/\/dypall.com\/lv\/conference\/international-conference-building-resilient-communities-youth-work-at-municipality-level-during-covid-19-times\/","title":{"rendered":"Starptautisk\u0101 konference \u201cBuilding RESILIENT COMMUNIES \u2013 YOUTH WORK AT MUNICIPALITY LEVEL during COVID-19 TIMES\u201d"},"content":{"rendered":"<p><span style=\"font-weight: 400;\">DYPALL t\u012bkls no 2022. gada 21. marta l\u012bdz 26. martam Brag\u0101 (Portug\u0101le) organiz\u0113ja starptautisku konferenci \u201cNotur\u012bgu kopienu veido\u0161ana \u2013 darbs ar jaunatni pa\u0161vald\u012bbu l\u012bmen\u012b Covid-19 laik\u0101\u201d.<\/span><\/p>\n<p><span style=\"font-weight: 400;\">Konference bija iesp\u0113ja vair\u0101k nek\u0101 70 jaunatnes darbiniekiem un valsts amatperson\u0101m no viet\u0113j\u0101m un re\u0123ion\u0101laj\u0101m pa\u0161vald\u012bb\u0101m san\u0101kt kop\u0101 un koncentr\u0113ties uz da\u017e\u0101d\u0101m ar jaunatni saist\u012bt\u0101m jom\u0101m, piem\u0113ram, cita starp\u0101 l\u012bdzdal\u012bbu, nodarbin\u0101t\u012bbu, izgl\u012bt\u012bbu, vesel\u012bbu, m\u0101jok\u013ciem, \u012bpa\u0161u uzman\u012bbu piev\u0113r\u0161ot konkr\u0113tiem pas\u0101kumiem, ilgtsp\u0113j\u012bgai praksei un instrumentiem, kas veicina notur\u012bgas kopienas, kuras ir gatavas tikt gal\u0101 ar \u0101rk\u0101rt\u0113jiem apst\u0101k\u013ciem, piem\u0113ram, Covid-19 pand\u0113miju. Konferences programm\u0101 bija iek\u013cauti da\u017e\u0101di galvenie referenti, paraugprakses apmai\u0146a, tematiskas apa\u013c\u0101 galda sarunas un darba grupas.\u00a0<\/span><\/p>\n<p><span style=\"font-weight: 400;\">Konferences atkl\u0101\u0161an\u0101 mums pal\u012bdz\u0113ja Ricardo Rio, <\/span><a href=\"https:\/\/www.cm-braga.pt\/en\/0101\/municipio\/camara-municipal\/presidente\"><span style=\"font-weight: 400;\">Bragas m\u0113rs<\/span><\/a><span style=\"font-weight: 400;\">, Bruno Antoniu [Bruno Ant\u00f3nio], p\u0101rst\u0101vis, <\/span><a href=\"https:\/\/dypall.com\/lv\/\"><span style=\"font-weight: 400;\">DYPALL t\u012bkls<\/span><\/a><span style=\"font-weight: 400;\"> koordinatore, Carla Mouro, <\/span><a href=\"https:\/\/www.fjuventude.pt\/\"><span style=\"font-weight: 400;\">Jaunatnes fonds<\/span><\/a><span style=\"font-weight: 400;\"> un Rui Oliveira, <\/span><a href=\"https:\/\/www.cnj.pt\/\"><span style=\"font-weight: 400;\">Portug\u0101les Nacion\u0101l\u0101 jaunatnes padome.<\/span><\/a><\/p>\n<p><span style=\"font-weight: 400;\">P\u0113c atkl\u0101\u0161anas run\u0101m sekoja politikas anal\u012bti\u0137a viedoklis no <\/span><a href=\"https:\/\/www.oecd.org\/\"><span style=\"font-weight: 400;\">ESAO<\/span><\/a><span style=\"font-weight: 400;\">, un apa\u013c\u0101 galda sarunas ar p\u0113tnieku un jaunatnes politikas anal\u012bti\u0137i no <\/span><a href=\"https:\/\/pjp-eu.coe.int\/en\/web\/youth-partnership\"><span style=\"font-weight: 400;\">ES un Eiropas Padomes jaunatnes partner\u012bba<\/span><\/a><span style=\"font-weight: 400;\"> un Direktoru padomes loceklis no <\/span><a href=\"https:\/\/ipdj.gov.pt\/\"><span style=\"font-weight: 400;\">Portug\u0101les Jaunatnes un sporta instit\u016bts<\/span><\/a><span style=\"font-weight: 400;\">.<\/span><\/p>\n<p><span style=\"font-weight: 400;\">Konferences laik\u0101 dal\u012bbnieki piedal\u012bj\u0101s vair\u0101k\u0101s tematiskaj\u0101s darba grup\u0101s Covid-19 pand\u0113mijas ietekmes mazin\u0101\u0161anai, apa\u013c\u0101 galda san\u0101ksm\u0113s un darbsemin\u0101ros par darbu ar jaunatni notur\u012bgu kopienu veido\u0161an\u0101, kurus vad\u012bja p\u0101rst\u0101vji no <\/span><a href=\"https:\/\/www.facebook.com\/democracyreloading\/\"><span style=\"font-weight: 400;\">Demokr\u0101tijas p\u0101rl\u0101d\u0113\u0161ana<\/span><\/a><span style=\"font-weight: 400;\">, <\/span><a href=\"https:\/\/ipdj.gov.pt\/\"><span style=\"font-weight: 400;\">Portug\u0101les Jaunatnes un sporta instit\u016bts<\/span><\/a><span style=\"font-weight: 400;\"> un <\/span><a href=\"https:\/\/www.europegoeslocal.eu\/\"><span style=\"font-weight: 400;\">Eiropa darbojas viet\u0113j\u0101 l\u012bmen\u012b<\/span><\/a><span style=\"font-weight: 400;\">. Mums bija iesp\u0113ja noklaus\u012bties galvenos run\u0101t\u0101jus no <\/span><a href=\"https:\/\/www.salto-youth.net\/\"><span style=\"font-weight: 400;\">SALTO<\/span><\/a><span style=\"font-weight: 400;\"> un <\/span><a href=\"https:\/\/www.verke.org\/en\/\"><span style=\"font-weight: 400;\">Verke<\/span><\/a><span style=\"font-weight: 400;\"> par e-l\u012bdzdal\u012bbu un digit\u0101lo p\u0101rveidi un papla\u0161in\u0101t m\u016bsu zin\u0101\u0161anas, izmantojot izp\u0113tes grupas par r\u012bkiem un resursiem jaun\u0101m tendenc\u0113m darb\u0101 ar jaunatni un digit\u0101laj\u0101 p\u0101rveid\u0113, ko vada p\u0101rst\u0101vji no <\/span><a href=\"https:\/\/www.salto-youth.net\/rc\/participation\/\"><span style=\"font-weight: 400;\">SALTO-YOUTH Dal\u012bba &amp; Inform\u0101cija<\/span><\/a><span style=\"font-weight: 400;\"> un <\/span><a href=\"https:\/\/www.europiamo.org\/\"><span style=\"font-weight: 400;\">Europiamo<\/span><\/a><span style=\"font-weight: 400;\">. Sesij\u0101s tika izmantotas da\u017e\u0101das metodes, kas ietver fokusa grupu diskusijas, pr\u0101ta v\u0113tras un pieredzes m\u0101c\u012bbu vingrin\u0101jumus.<\/span><\/p>\n<p><span style=\"font-weight: 400;\">Dal\u012bbnieki ar\u012b izp\u0113t\u012bja viet\u0113jo jaunatnes darba realit\u0101ti Vila Nova de Gaia un Vila Nova de Famalic\u00e3o un apmekl\u0113ja Bragas pils\u0113tas centru.<\/span><\/p>\n<p><span style=\"font-weight: 400;\">Konferences p\u0113d\u0113j\u0101 dien\u0101 m\u0113s piev\u0113rs\u0101mies ilgtsp\u0113jai darb\u0101 ar jaunatni. <\/span><a href=\"https:\/\/www.humanpowerhub.org\/\"><span style=\"font-weight: 400;\">Cilv\u0113ka sp\u0113ka centrmezgls<\/span><\/a><span style=\"font-weight: 400;\"> sniedza prezent\u0101ciju par soci\u0101lo inov\u0101ciju, kam sekoja apa\u013c\u0101 galda diskusija par ilgtsp\u0113jas rad\u012b\u0161anu, m\u0101coties no Eiropas Jaunatnes galvaspils\u0113tu prakses. M\u0113s apspried\u0101m ar\u012b darba ar jaunatni ietekmi un t\u0101 saist\u012bbu ar klimata p\u0101rmai\u0146\u0101m.<\/span><\/p>\n<p><span style=\"font-weight: 400;\">Pas\u0101kuma laik\u0101 dal\u012bbniekiem bija iesp\u0113ja izveidot sp\u0113c\u012bgu t\u012bklu, apmainoties ar paraugpraksi attiec\u012bb\u0101 uz sadarb\u012bbu starp viet\u0113j\u0101m iest\u0101d\u0113m un pilsonisko sabiedr\u012bbu, \u012bpa\u0161u uzman\u012bbu piev\u0113r\u0161ot strat\u0113\u0123ij\u0101m, kuru m\u0113r\u0137is ir samazin\u0101t pand\u0113mijas ietekmi uz jaunie\u0161u dz\u012bvi.<\/span><\/p>\n<p><span style=\"font-weight: 400;\">Konference tika organiz\u0113ta ar programmas \u201cErasmus+\u201d atbalstu ar Portug\u0101les valsts a\u0123ent\u016bras un Bragas pa\u0161vald\u012bbas starpniec\u012bbu.<\/span><\/p>\n<p><span style=\"font-weight: 400;\"><a href=\"https:\/\/dypall.com\/lv\/2022\/04\/08\/international-conference-building-resilient-communities-youth-work-at-municipality-level-during-covid-19-times\/building-2\/#main\" rel=\"attachment wp-att-5456\"><img loading=\"lazy\" decoding=\"async\" class=\"alignleft size-large wp-image-5456\" src=\"https:\/\/dypall.com\/wp-content\/uploads\/2022\/04\/building-1-1024x769.jpg\" alt=\"\" width=\"1024\" height=\"769\" \/><\/a><a href=\"https:\/\/dypall.com\/lv\/2022\/04\/08\/international-conference-building-resilient-communities-youth-work-at-municipality-level-during-covid-19-times\/konf\/#main\" rel=\"attachment wp-att-5439\"><img loading=\"lazy\" decoding=\"async\" class=\"alignleft size-large wp-image-5439\" src=\"https:\/\/dypall.com\/wp-content\/uploads\/2022\/04\/konf-1024x711.jpg\" alt=\"\" width=\"1024\" height=\"711\" \/><\/a><a href=\"https:\/\/dypall.com\/lv\/2022\/04\/08\/international-conference-building-resilient-communities-youth-work-at-municipality-level-during-covid-19-times\/konf1\/#main\" rel=\"attachment wp-att-5438\"><img loading=\"lazy\" decoding=\"async\" class=\"alignleft size-large wp-image-5438\" src=\"https:\/\/dypall.com\/wp-content\/uploads\/2022\/04\/konf1-1024x671.jpg\" alt=\"\" width=\"1024\" height=\"671\" \/><\/a><a href=\"https:\/\/dypall.com\/lv\/2022\/04\/08\/international-conference-building-resilient-communities-youth-work-at-municipality-level-during-covid-19-times\/konffff\/#main\" rel=\"attachment wp-att-5450\"><img loading=\"lazy\" decoding=\"async\" class=\"alignleft size-large wp-image-5450\" src=\"https:\/\/dypall.com\/wp-content\/uploads\/2022\/04\/konffff-1024x683.jpg\" alt=\"\" width=\"1024\" height=\"683\" \/><\/a><a href=\"https:\/\/dypall.com\/lv\/2022\/04\/08\/international-conference-building-resilient-communities-youth-work-at-municipality-level-during-covid-19-times\/konf11\/#main\" rel=\"attachment wp-att-5460\"><img loading=\"lazy\" decoding=\"async\" class=\"alignleft size-large wp-image-5460\" src=\"https:\/\/dypall.com\/wp-content\/uploads\/2022\/04\/KONF11-1024x683.jpg\" alt=\"\" width=\"1024\" height=\"683\" \/><\/a><a href=\"https:\/\/dypall.com\/lv\/2022\/04\/08\/international-conference-building-resilient-communities-youth-work-at-municipality-level-during-covid-19-times\/democracy-reloading-1\/#main\" rel=\"attachment wp-att-5441\"><img loading=\"lazy\" decoding=\"async\" class=\"alignleft size-large wp-image-5441\" src=\"https:\/\/dypall.com\/wp-content\/uploads\/2022\/04\/democracy-reloading-1-1024x683.jpg\" alt=\"\" width=\"1024\" height=\"683\" \/><\/a><a href=\"https:\/\/dypall.com\/lv\/2022\/04\/08\/international-conference-building-resilient-communities-youth-work-at-municipality-level-during-covid-19-times\/konfff1111\/#main\" rel=\"attachment wp-att-5457\"><img loading=\"lazy\" decoding=\"async\" class=\"alignleft size-large wp-image-5457\" src=\"https:\/\/dypall.com\/wp-content\/uploads\/2022\/04\/konfff1111-1024x724.jpeg\" alt=\"\" width=\"1024\" height=\"724\" \/><\/a><a href=\"https:\/\/dypall.com\/lv\/2022\/04\/08\/international-conference-building-resilient-communities-youth-work-at-municipality-level-during-covid-19-times\/salto\/#main\" rel=\"attachment wp-att-5448\"><img loading=\"lazy\" decoding=\"async\" class=\"alignleft size-large wp-image-5448\" src=\"https:\/\/dypall.com\/wp-content\/uploads\/2022\/04\/Salto-1024x683.jpg\" alt=\"\" width=\"1024\" height=\"683\" \/><\/a><a href=\"https:\/\/dypall.com\/lv\/2022\/04\/08\/international-conference-building-resilient-communities-youth-work-at-municipality-level-during-covid-19-times\/conference\/#main\" rel=\"attachment wp-att-5447\"><img loading=\"lazy\" decoding=\"async\" class=\"alignleft size-large wp-image-5447\" src=\"https:\/\/dypall.com\/wp-content\/uploads\/2022\/04\/Conference-1024x683.jpg\" alt=\"\" width=\"1024\" height=\"683\" \/><\/a><a href=\"https:\/\/dypall.com\/lv\/2022\/04\/08\/international-conference-building-resilient-communities-youth-work-at-municipality-level-during-covid-19-times\/covid-19\/#main\" rel=\"attachment wp-att-5446\"><img loading=\"lazy\" decoding=\"async\" class=\"alignleft size-large wp-image-5446\" src=\"https:\/\/dypall.com\/wp-content\/uploads\/2022\/04\/COVID-19-1024x683.jpg\" alt=\"\" width=\"1024\" height=\"683\" \/><\/a><a href=\"https:\/\/dypall.com\/lv\/2022\/04\/08\/international-conference-building-resilient-communities-youth-work-at-municipality-level-during-covid-19-times\/groupsss-3\/#main\" rel=\"attachment wp-att-5497\"><img loading=\"lazy\" decoding=\"async\" class=\"alignleft size-large wp-image-5497\" src=\"https:\/\/dypall.com\/wp-content\/uploads\/2022\/04\/groupsss-1-1024x887.jpeg\" alt=\"\" width=\"1024\" height=\"887\" \/><\/a><a href=\"https:\/\/dypall.com\/lv\/2022\/04\/08\/international-conference-building-resilient-communities-youth-work-at-municipality-level-during-covid-19-times\/erasmuss-2\/#main\" rel=\"attachment wp-att-5499\"><img loading=\"lazy\" decoding=\"async\" class=\"alignleft size-large wp-image-5499\" src=\"https:\/\/dypall.com\/wp-content\/uploads\/2022\/04\/erasmuss-1-1024x769.jpg\" alt=\"\" width=\"1024\" height=\"769\" \/><\/a><a href=\"https:\/\/dypall.com\/lv\/2022\/04\/08\/international-conference-building-resilient-communities-youth-work-at-municipality-level-during-covid-19-times\/sucesso\/#main\" rel=\"attachment wp-att-5445\"><img loading=\"lazy\" decoding=\"async\" class=\"alignleft size-large wp-image-5445\" src=\"https:\/\/dypall.com\/wp-content\/uploads\/2022\/04\/SUCESSO-1024x683.jpg\" alt=\"\" width=\"1024\" height=\"683\" \/><\/a><a href=\"https:\/\/dypall.com\/lv\/2022\/04\/08\/international-conference-building-resilient-communities-youth-work-at-municipality-level-during-covid-19-times\/konf-svi-zajedno\/#main\" rel=\"attachment wp-att-5452\"><img loading=\"lazy\" decoding=\"async\" class=\"alignleft size-large wp-image-5452\" src=\"https:\/\/dypall.com\/wp-content\/uploads\/2022\/04\/konf-svi-zajedno-1024x683.jpg\" alt=\"\" width=\"1024\" height=\"683\" \/><\/a><\/span><\/p>\n<p>&nbsp;<\/p>\n<p>&nbsp;<\/p>\n<p>&nbsp;<\/p>\n<p>&nbsp;<\/p>\n<p>&nbsp;<\/p>","protected":false},"excerpt":{"rendered":"<p>DYPALL t\u012bkls no 2022. gada 21. marta l\u012bdz 26. martam Brag\u0101 (Portug\u0101le) organiz\u0113ja starptautisku konferenci \u201cNotur\u012bgu kopienu veido\u0161ana \u2013 darbs ar jaunatni pa\u0161vald\u012bbu l\u012bmen\u012b Covid-19 laik\u0101\u201d. Konference bija iesp\u0113ja vair\u0101k nek\u0101 70 jaunatnes darbiniekiem un valsts amatperson\u0101m no viet\u0113j\u0101m un re\u0123ion\u0101laj\u0101m pa\u0161vald\u012bb\u0101m san\u0101kt kop\u0101 un koncentr\u0113ties uz da\u017e\u0101diem... <a class=\"more-link\" href=\"https:\/\/dypall.com\/lv\/conference\/international-conference-building-resilient-communities-youth-work-at-municipality-level-during-covid-19-times\/\">Turpiniet las\u012bt <span class=\"screen-reader-text\">Starptautisk\u0101 konference \u201cBuilding RESILIENT COMMUNIES \u2013 YOUTH WORK AT MUNICIPALITY LEVEL during COVID-19 TIMES\u201d<\/span><\/a><\/p>","protected":false},"author":3,"featured_media":5432,"comment_status":"closed","ping_status":"open","sticky":false,"template":"","format":"standard","meta":{"_acf_changed":false,"_jetpack_memberships_contains_paid_content":false,"footnotes":""},"categories":[112],"tags":[],"class_list":["post-5428","post","type-post","status-publish","format-standard","has-post-thumbnail","hentry","category-conference","entry"],"acf":[],"yoast_head":"<!-- This site is optimized with the Yoast SEO plugin v22.8 - https:\/\/yoast.com\/wordpress\/plugins\/seo\/ -->\n<title>INTERNATIONAL CONFERENCE \u201cBUILDING RESILIENT COMMUNITIES \u2013 YOUTH WORK AT MUNICIPALITY LEVEL DURING COVID-19 TIMES&quot; - DYPALL Network<\/title>\n<meta name=\"robots\" content=\"index, follow, max-snippet:-1, max-image-preview:large, max-video-preview:-1\" \/>\n<link rel=\"canonical\" href=\"https:\/\/dypall.com\/lv\/conference\/international-conference-building-resilient-communities-youth-work-at-municipality-level-during-covid-19-times\/\" \/>\n<meta property=\"og:locale\" content=\"lv_LV\" \/>\n<meta property=\"og:type\" content=\"article\" \/>\n<meta property=\"og:title\" content=\"INTERNATIONAL CONFERENCE \u201cBUILDING RESILIENT COMMUNITIES \u2013 YOUTH WORK AT MUNICIPALITY LEVEL DURING COVID-19 TIMES&quot; - DYPALL Network\" \/>\n<meta property=\"og:description\" content=\"International Conference \u201cBuilding Resilient Communities \u2013 Youth Work at Municipality Level during COVID-19 times\u201d was organised by DYPALL Network from 21st March \u2013 26th March 2022 in Braga, Portugal. The Conference was a space for more than 70 youth workers and public officers from local and regional authorities to come together and focus on different&hellip; Turpiniet las\u012bt INTERNATIONAL CONFERENCE \u201cBUILDING RESILIENT COMMUNITIES \u2013 YOUTH WORK AT MUNICIPALITY LEVEL DURING COVID-19 TIMES&#8221;\" \/>\n<meta property=\"og:url\" content=\"https:\/\/dypall.com\/lv\/conference\/international-conference-building-resilient-communities-youth-work-at-municipality-level-during-covid-19-times\/\" \/>\n<meta property=\"og:site_name\" content=\"DYPALL Network\" \/>\n<meta property=\"article:published_time\" content=\"2022-04-08T13:27:21+00:00\" \/>\n<meta name=\"author\" content=\"Admin\" \/>\n<meta name=\"twitter:card\" content=\"summary_large_image\" \/>\n<meta name=\"twitter:label1\" content=\"Written by\" \/>\n\t<meta name=\"twitter:data1\" content=\"Admin\" \/>\n\t<meta name=\"twitter:label2\" content=\"Est. reading time\" \/>\n\t<meta name=\"twitter:data2\" content=\"2 min\u016btes\" \/>\n<script type=\"application\/ld+json\" class=\"yoast-schema-graph\">{\"@context\":\"https:\/\/schema.org\",\"@graph\":[{\"@type\":\"WebPage\",\"@id\":\"https:\/\/dypall.com\/conference\/international-conference-building-resilient-communities-youth-work-at-municipality-level-during-covid-19-times\/\",\"url\":\"https:\/\/dypall.com\/conference\/international-conference-building-resilient-communities-youth-work-at-municipality-level-during-covid-19-times\/\",\"name\":\"INTERNATIONAL CONFERENCE \u201cBUILDING RESILIENT COMMUNITIES \u2013 YOUTH WORK AT MUNICIPALITY LEVEL DURING COVID-19 TIMES\\\" - DYPALL Network\",\"isPartOf\":{\"@id\":\"https:\/\/dypall.com\/#website\"},\"primaryImageOfPage\":{\"@id\":\"https:\/\/dypall.com\/conference\/international-conference-building-resilient-communities-youth-work-at-municipality-level-during-covid-19-times\/#primaryimage\"},\"image\":{\"@id\":\"https:\/\/dypall.com\/conference\/international-conference-building-resilient-communities-youth-work-at-municipality-level-during-covid-19-times\/#primaryimage\"},\"thumbnailUrl\":\"\",\"datePublished\":\"2022-04-08T13:27:21+00:00\",\"dateModified\":\"2022-04-08T13:27:21+00:00\",\"author\":{\"@id\":\"https:\/\/dypall.com\/#\/schema\/person\/15b093a5f6054aadaa6a2f9da7b7f73a\"},\"breadcrumb\":{\"@id\":\"https:\/\/dypall.com\/conference\/international-conference-building-resilient-communities-youth-work-at-municipality-level-during-covid-19-times\/#breadcrumb\"},\"inLanguage\":\"lv-LV\",\"potentialAction\":[{\"@type\":\"ReadAction\",\"target\":[\"https:\/\/dypall.com\/conference\/international-conference-building-resilient-communities-youth-work-at-municipality-level-during-covid-19-times\/\"]}]},{\"@type\":\"ImageObject\",\"inLanguage\":\"lv-LV\",\"@id\":\"https:\/\/dypall.com\/conference\/international-conference-building-resilient-communities-youth-work-at-municipality-level-during-covid-19-times\/#primaryimage\",\"url\":\"\",\"contentUrl\":\"\"},{\"@type\":\"BreadcrumbList\",\"@id\":\"https:\/\/dypall.com\/conference\/international-conference-building-resilient-communities-youth-work-at-municipality-level-during-covid-19-times\/#breadcrumb\",\"itemListElement\":[{\"@type\":\"ListItem\",\"position\":1,\"name\":\"Home\",\"item\":\"https:\/\/dypall.com\/\"},{\"@type\":\"ListItem\",\"position\":2,\"name\":\"INTERNATIONAL CONFERENCE \u201cBUILDING RESILIENT COMMUNITIES \u2013 YOUTH WORK AT MUNICIPALITY LEVEL DURING COVID-19 TIMES&#8221;\"}]},{\"@type\":\"WebSite\",\"@id\":\"https:\/\/dypall.com\/#website\",\"url\":\"https:\/\/dypall.com\/\",\"name\":\"DYPALL Network\",\"description\":\"We are a European network of civil society organisations, municipalities and research institutions dedicated to improving democracy through youth participation.\",\"potentialAction\":[{\"@type\":\"SearchAction\",\"target\":{\"@type\":\"EntryPoint\",\"urlTemplate\":\"https:\/\/dypall.com\/?s={search_term_string}\"},\"query-input\":\"required name=search_term_string\"}],\"inLanguage\":\"lv-LV\"},{\"@type\":\"Person\",\"@id\":\"https:\/\/dypall.com\/#\/schema\/person\/15b093a5f6054aadaa6a2f9da7b7f73a\",\"name\":\"Admin\",\"image\":{\"@type\":\"ImageObject\",\"inLanguage\":\"lv-LV\",\"@id\":\"https:\/\/dypall.com\/#\/schema\/person\/image\/\",\"url\":\"https:\/\/secure.gravatar.com\/avatar\/d61590bc1c655fab87f188c8b9d55a8d8f3680a64ab062456660c4c4bf4019e5?s=96&d=mm&r=g\",\"contentUrl\":\"https:\/\/secure.gravatar.com\/avatar\/d61590bc1c655fab87f188c8b9d55a8d8f3680a64ab062456660c4c4bf4019e5?s=96&d=mm&r=g\",\"caption\":\"Admin\"},\"url\":\"https:\/\/dypall.com\/lv\/author\/dypall5_wp\/\"}]}<\/script>\n<!-- \/ Yoast SEO plugin. -->","yoast_head_json":{"title":"INTERNATIONAL CONFERENCE \u201cBUILDING RESILIENT COMMUNITIES \u2013 YOUTH WORK AT MUNICIPALITY LEVEL DURING COVID-19 TIMES\" - DYPALL Network","robots":{"index":"index","follow":"follow","max-snippet":"max-snippet:-1","max-image-preview":"max-image-preview:large","max-video-preview":"max-video-preview:-1"},"canonical":"https:\/\/dypall.com\/lv\/conference\/international-conference-building-resilient-communities-youth-work-at-municipality-level-during-covid-19-times\/","og_locale":"lv_LV","og_type":"article","og_title":"INTERNATIONAL CONFERENCE \u201cBUILDING RESILIENT COMMUNITIES \u2013 YOUTH WORK AT MUNICIPALITY LEVEL DURING COVID-19 TIMES\" - DYPALL Network","og_description":"International Conference \u201cBuilding Resilient Communities \u2013 Youth Work at Municipality Level during COVID-19 times\u201d was organised by DYPALL Network from 21st March \u2013 26th March 2022 in Braga, Portugal. The Conference was a space for more than 70 youth workers and public officers from local and regional authorities to come together and focus on different&hellip; Turpiniet las\u012bt INTERNATIONAL CONFERENCE \u201cBUILDING RESILIENT COMMUNITIES \u2013 YOUTH WORK AT MUNICIPALITY LEVEL DURING COVID-19 TIMES&#8221;","og_url":"https:\/\/dypall.com\/lv\/conference\/international-conference-building-resilient-communities-youth-work-at-municipality-level-during-covid-19-times\/","og_site_name":"DYPALL Network","article_published_time":"2022-04-08T13:27:21+00:00","author":"Admin","twitter_card":"summary_large_image","twitter_misc":{"Written by":"Admin","Est. reading time":"2 min\u016btes"},"schema":{"@context":"https:\/\/schema.org","@graph":[{"@type":"WebPage","@id":"https:\/\/dypall.com\/conference\/international-conference-building-resilient-communities-youth-work-at-municipality-level-during-covid-19-times\/","url":"https:\/\/dypall.com\/conference\/international-conference-building-resilient-communities-youth-work-at-municipality-level-during-covid-19-times\/","name":"INTERNATIONAL CONFERENCE \u201cBUILDING RESILIENT COMMUNITIES \u2013 YOUTH WORK AT MUNICIPALITY LEVEL DURING COVID-19 TIMES\" - DYPALL Network","isPartOf":{"@id":"https:\/\/dypall.com\/#website"},"primaryImageOfPage":{"@id":"https:\/\/dypall.com\/conference\/international-conference-building-resilient-communities-youth-work-at-municipality-level-during-covid-19-times\/#primaryimage"},"image":{"@id":"https:\/\/dypall.com\/conference\/international-conference-building-resilient-communities-youth-work-at-municipality-level-during-covid-19-times\/#primaryimage"},"thumbnailUrl":"","datePublished":"2022-04-08T13:27:21+00:00","dateModified":"2022-04-08T13:27:21+00:00","author":{"@id":"https:\/\/dypall.com\/#\/schema\/person\/15b093a5f6054aadaa6a2f9da7b7f73a"},"breadcrumb":{"@id":"https:\/\/dypall.com\/conference\/international-conference-building-resilient-communities-youth-work-at-municipality-level-during-covid-19-times\/#breadcrumb"},"inLanguage":"lv-LV","potentialAction":[{"@type":"ReadAction","target":["https:\/\/dypall.com\/conference\/international-conference-building-resilient-communities-youth-work-at-municipality-level-during-covid-19-times\/"]}]},{"@type":"ImageObject","inLanguage":"lv-LV","@id":"https:\/\/dypall.com\/conference\/international-conference-building-resilient-communities-youth-work-at-municipality-level-during-covid-19-times\/#primaryimage","url":"","contentUrl":""},{"@type":"BreadcrumbList","@id":"https:\/\/dypall.com\/conference\/international-conference-building-resilient-communities-youth-work-at-municipality-level-during-covid-19-times\/#breadcrumb","itemListElement":[{"@type":"ListItem","position":1,"name":"Home","item":"https:\/\/dypall.com\/"},{"@type":"ListItem","position":2,"name":"INTERNATIONAL CONFERENCE \u201cBUILDING RESILIENT COMMUNITIES \u2013 YOUTH WORK AT MUNICIPALITY LEVEL DURING COVID-19 TIMES&#8221;"}]},{"@type":"WebSite","@id":"https:\/\/dypall.com\/#website","url":"https:\/\/dypall.com\/","name":"DYPALL Network","description":"We are a European network of civil society organisations, municipalities and research institutions dedicated to improving democracy through youth participation.","potentialAction":[{"@type":"SearchAction","target":{"@type":"EntryPoint","urlTemplate":"https:\/\/dypall.com\/?s={search_term_string}"},"query-input":"required name=search_term_string"}],"inLanguage":"lv-LV"},{"@type":"Person","@id":"https:\/\/dypall.com\/#\/schema\/person\/15b093a5f6054aadaa6a2f9da7b7f73a","name":"Admin","image":{"@type":"ImageObject","inLanguage":"lv-LV","@id":"https:\/\/dypall.com\/#\/schema\/person\/image\/","url":"https:\/\/secure.gravatar.com\/avatar\/d61590bc1c655fab87f188c8b9d55a8d8f3680a64ab062456660c4c4bf4019e5?s=96&d=mm&r=g","contentUrl":"https:\/\/secure.gravatar.com\/avatar\/d61590bc1c655fab87f188c8b9d55a8d8f3680a64ab062456660c4c4bf4019e5?s=96&d=mm&r=g","caption":"Admin"},"url":"https:\/\/dypall.com\/lv\/author\/dypall5_wp\/"}]}},"jetpack_featured_media_url":"","jetpack_sharing_enabled":true,"_links":{"self":[{"href":"https:\/\/dypall.com\/lv\/wp-json\/wp\/v2\/posts\/5428","targetHints":{"allow":["GET"]}}],"collection":[{"href":"https:\/\/dypall.com\/lv\/wp-json\/wp\/v2\/posts"}],"about":[{"href":"https:\/\/dypall.com\/lv\/wp-json\/wp\/v2\/types\/post"}],"author":[{"embeddable":true,"href":"https:\/\/dypall.com\/lv\/wp-json\/wp\/v2\/users\/3"}],"replies":[{"embeddable":true,"href":"https:\/\/dypall.com\/lv\/wp-json\/wp\/v2\/comments?post=5428"}],"version-history":[{"count":0,"href":"https:\/\/dypall.com\/lv\/wp-json\/wp\/v2\/posts\/5428\/revisions"}],"wp:featuredmedia":[{"embeddable":true,"href":"https:\/\/dypall.com\/lv\/wp-json\/"}],"wp:attachment":[{"href":"https:\/\/dypall.com\/lv\/wp-json\/wp\/v2\/media?parent=5428"}],"wp:term":[{"taxonomy":"category","embeddable":true,"href":"https:\/\/dypall.com\/lv\/wp-json\/wp\/v2\/categories?post=5428"},{"taxonomy":"post_tag","embeddable":true,"href":"https:\/\/dypall.com\/lv\/wp-json\/wp\/v2\/tags?post=5428"}],"curies":[{"name":"wp","href":"https:\/\/api.w.org\/{rel}","templated":true}]}}