{"id":5141,"date":"2021-10-04T11:52:10","date_gmt":"2021-10-04T10:52:10","guid":{"rendered":"https:\/\/dypall.com\/?p=5141"},"modified":"2021-10-04T11:52:10","modified_gmt":"2021-10-04T10:52:10","slug":"training-course-youth-centres-models-of-participation-and-management","status":"publish","type":"post","link":"https:\/\/dypall.com\/lv\/activity\/training-course-youth-centres-models-of-participation-and-management\/","title":{"rendered":"M\u0101c\u012bbu kurss \u201cJaunatnes centri \u2014 l\u012bdzdal\u012bbas un vad\u012bbas mode\u013ci\u201d"},"content":{"rendered":"<p>Apm\u0101c\u012bbu kurss notika no 27<sup>th<\/sup> Septembris \u2013 3. septembris<sup>rd<\/sup> oktobr\u012b Bilbao, Sp\u0101nij\u0101, organiz\u0113 DYPALL Network sadarb\u012bb\u0101 ar Novisi Elkartea. Jaunatnes darbinieki un pa\u0161vald\u012bbu amatpersonas no Bulg\u0101rijas, Horv\u0101tijas, Grie\u0137ijas, It\u0101lijas, Portug\u0101les, Slov\u0101kijas, Sp\u0101nijas un Turcijas p\u0113t\u012bja jaut\u0101jumu par jaunatnes centru kopvad\u012bbu ar jaunie\u0161iem.<\/p>\n<p>Apm\u0101c\u012bbu kursa pamat\u0101 bija neform\u0101l\u0101s izgl\u012bt\u012bbas metodika, un t\u0101 m\u0113r\u0137is bija veicin\u0101t visu dal\u012bbnieku profesion\u0101lo att\u012bst\u012bbu, dodot vi\u0146iem iesp\u0113ju pilnveidot savas zin\u0101\u0161anas, kompetences un sp\u0113jas par jaunie\u0161u l\u012bdzdal\u012bbas teor\u0113tisko pamatu. Turkl\u0101t, izp\u0113tot da\u017e\u0101dus mode\u013cus un praksi jaunatnes centru p\u0101rvald\u012bb\u0101, dal\u012bbniekiem bija piek\u013cuve vair\u0101k\u0101m metodik\u0101m, ko vi\u0146i var\u0113ja izmantot atbilsto\u0161i savam konkr\u0113tajam kontekstam un m\u0113r\u0137im.<\/p>\n<p>Dal\u012bbniekiem bija iesp\u0113ja uzlabot savas kompetences l\u012bdzdal\u012bbas vides un vides veido\u0161an\u0101 un t\u0101du strat\u0113\u0123iju \u012bsteno\u0161an\u0101, kuru m\u0113r\u0137is ir iesaist\u012bt jaunie\u0161us jaunatnes centru l\u012bdzrad\u012b\u0161anas procesos. Tika izp\u0113t\u012btas un katram kontekstam piel\u0101gotas kompetences, piem\u0113ram, pl\u0101no\u0161ana, organiz\u0113\u0161ana, person\u0101la vad\u012bba, vad\u012bba vai vad\u012b\u0161ana un telpas vad\u012b\u0161ana m\u0113r\u0137a sasnieg\u0161anai, lai dal\u012bbnieki var\u0113tu nodot zin\u0101\u0161anas savai realit\u0101tei.<\/p>\n<p>V\u0113l viens svar\u012bgs elements bija iesp\u0113ja dal\u012bbniekiem dal\u012bties pieredz\u0113 un probl\u0113m\u0101s, ar kur\u0101m vi\u0146i saskaras, vadot jaunatnes telpas un veicinot jaunie\u0161u l\u012bdzdal\u012bbu.<\/p>\n<p>\u0160is m\u0101c\u012bbu kurss tika organiz\u0113ts ar programmas \u201cErasmus+\u201d atbalstu ar Sp\u0101nijas valsts a\u0123ent\u016bras INJUVE starpniec\u012bbu.<\/p>\n<p>&nbsp;<\/p>\n<p><a href=\"https:\/\/dypall.com\/lv\/2021\/10\/07\/training-course-youth-centres-models-of-participation-and-management\/whatsapp-image-2021-10-07-at-09-51-46\/#main\" rel=\"attachment wp-att-5147\"><img loading=\"lazy\" decoding=\"async\" class=\"alignleft size-full wp-image-5147\" src=\"https:\/\/dypall.com\/wp-content\/uploads\/2021\/10\/WhatsApp-Image-2021-10-07-at-09.51.46.jpeg\" alt=\"Apm\u0101c\u012bbas kurss Jaunatnes centrs Bilbao\" width=\"960\" height=\"720\" \/><\/a><\/p>\n<p>&nbsp;<\/p>\n<p><a href=\"https:\/\/dypall.com\/lv\/2021\/10\/07\/training-course-youth-centres-models-of-participation-and-management\/whatsapp-image-2021-10-06-at-16-46-29-8\/#main\" rel=\"attachment wp-att-5145\"><img loading=\"lazy\" decoding=\"async\" class=\"alignleft size-full wp-image-5145\" src=\"https:\/\/dypall.com\/wp-content\/uploads\/2021\/10\/WhatsApp-Image-2021-10-06-at-16.46.29-8.jpeg\" alt=\"Apm\u0101c\u012bbas kurss Jaunatnes centrs Bilbao\" width=\"960\" height=\"720\" \/><\/a><a href=\"https:\/\/dypall.com\/lv\/2021\/10\/07\/training-course-youth-centres-models-of-participation-and-management\/whatsapp-image-2021-10-06-at-16-46-29-6\/#main\" rel=\"attachment wp-att-5144\"><img loading=\"lazy\" decoding=\"async\" class=\"alignleft size-full wp-image-5144\" src=\"https:\/\/dypall.com\/wp-content\/uploads\/2021\/10\/WhatsApp-Image-2021-10-06-at-16.46.29-6.jpeg\" alt=\"Jaunie\u0161u centra m\u0101c\u012bbu kurss Bilbao\" width=\"960\" height=\"720\" \/><\/a><a href=\"https:\/\/dypall.com\/lv\/2021\/10\/07\/training-course-youth-centres-models-of-participation-and-management\/whatsapp-image-2021-10-06-at-16-46-29-5\/#main\" rel=\"attachment wp-att-5142\"><img loading=\"lazy\" decoding=\"async\" class=\"alignleft size-full wp-image-5142\" src=\"https:\/\/dypall.com\/wp-content\/uploads\/2021\/10\/WhatsApp-Image-2021-10-06-at-16.46.29-5.jpeg\" alt=\"Bilbao_Youth Center m\u0101c\u012bbu kurss\" width=\"960\" height=\"720\" \/><\/a><a href=\"https:\/\/dypall.com\/lv\/2021\/10\/07\/training-course-youth-centres-models-of-participation-and-management\/whatsapp-image-2021-10-06-at-16-46-29-9\/#main\" rel=\"attachment wp-att-5146\"><img loading=\"lazy\" decoding=\"async\" class=\"alignleft size-full wp-image-5146\" src=\"https:\/\/dypall.com\/wp-content\/uploads\/2021\/10\/WhatsApp-Image-2021-10-06-at-16.46.29-9.jpeg\" alt=\"Apm\u0101c\u012bbas kurss Jaunatnes centrs Bilbao\" width=\"960\" height=\"720\" \/><\/a><\/p>","protected":false},"excerpt":{"rendered":"<p>M\u0101c\u012bbu kurss notika no 27. septembra l\u012bdz 3. oktobrim Bilbao, Sp\u0101nij\u0101, un to organiz\u0113ja DYPALL Network sadarb\u012bb\u0101 ar Novisi Elkartea. Jaunatnes darbinieki un pa\u0161vald\u012bbu amatpersonas no Bulg\u0101rijas, Horv\u0101tijas, Grie\u0137ijas, It\u0101lijas, Portug\u0101les, Slov\u0101kijas, Sp\u0101nijas un Turcijas p\u0113t\u012bja jaut\u0101jumu par jaunatnes centru kopvad\u012bbu ar jaunie\u0161iem. Apm\u0101c\u012bbas kurss balst\u012bj\u0101s uz... <a class=\"more-link\" href=\"https:\/\/dypall.com\/lv\/activity\/training-course-youth-centres-models-of-participation-and-management\/\">Turpiniet las\u012bt <span class=\"screen-reader-text\">M\u0101c\u012bbu kurss \u201cJaunatnes centri \u2014 l\u012bdzdal\u012bbas un vad\u012bbas mode\u013ci\u201d<\/span><\/a><\/p>","protected":false},"author":2,"featured_media":5160,"comment_status":"closed","ping_status":"open","sticky":false,"template":"","format":"standard","meta":{"_acf_changed":false,"_jetpack_memberships_contains_paid_content":false,"footnotes":""},"categories":[111,141],"tags":[116,136,189],"class_list":["post-5141","post","type-post","status-publish","format-standard","has-post-thumbnail","hentry","category-activity","category-training-course","tag-dypall-network","tag-training-course","tag-youth-center","entry"],"acf":[],"yoast_head":"<!-- This site is optimized with the Yoast SEO plugin v22.8 - https:\/\/yoast.com\/wordpress\/plugins\/seo\/ -->\n<title>Training course \u201cYouth centres - Models of participation and management\u201d - DYPALL Network<\/title>\n<meta name=\"robots\" content=\"index, follow, max-snippet:-1, max-image-preview:large, max-video-preview:-1\" \/>\n<link rel=\"canonical\" href=\"https:\/\/dypall.com\/lv\/activity\/training-course-youth-centres-models-of-participation-and-management\/\" \/>\n<meta property=\"og:locale\" content=\"lv_LV\" \/>\n<meta property=\"og:type\" content=\"article\" \/>\n<meta property=\"og:title\" content=\"Training course \u201cYouth centres - Models of participation and management\u201d - DYPALL Network\" \/>\n<meta property=\"og:description\" content=\"Training course took place from 27th September &#8211; 3rd of October in Bilbao, Spain, organized by DYPALL Network in cooperation with Novisi Elkartea. Youth workers and municipality officers from Bulgaria, Croatia, Greece, Italy, Portugal, Slovakia, Spain and Turkey explored the topic of co-management of youth centers with young people. The Training course, was based on&hellip; Turpiniet las\u012bt Training course \u201cYouth centres &#8211; Models of participation and management\u201d\" \/>\n<meta property=\"og:url\" content=\"https:\/\/dypall.com\/lv\/activity\/training-course-youth-centres-models-of-participation-and-management\/\" \/>\n<meta property=\"og:site_name\" content=\"DYPALL Network\" \/>\n<meta property=\"article:published_time\" content=\"2021-10-04T10:52:10+00:00\" \/>\n<meta name=\"author\" content=\"dypall\" \/>\n<meta name=\"twitter:card\" content=\"summary_large_image\" \/>\n<meta name=\"twitter:label1\" content=\"Written by\" \/>\n\t<meta name=\"twitter:data1\" content=\"dypall\" \/>\n\t<meta name=\"twitter:label2\" content=\"Est. reading time\" \/>\n\t<meta name=\"twitter:data2\" content=\"1 min\u016bte\" \/>\n<script type=\"application\/ld+json\" class=\"yoast-schema-graph\">{\"@context\":\"https:\/\/schema.org\",\"@graph\":[{\"@type\":\"WebPage\",\"@id\":\"https:\/\/dypall.com\/activity\/training-course-youth-centres-models-of-participation-and-management\/\",\"url\":\"https:\/\/dypall.com\/activity\/training-course-youth-centres-models-of-participation-and-management\/\",\"name\":\"Training course \u201cYouth centres - Models of participation and management\u201d - DYPALL Network\",\"isPartOf\":{\"@id\":\"https:\/\/dypall.com\/#website\"},\"primaryImageOfPage\":{\"@id\":\"https:\/\/dypall.com\/activity\/training-course-youth-centres-models-of-participation-and-management\/#primaryimage\"},\"image\":{\"@id\":\"https:\/\/dypall.com\/activity\/training-course-youth-centres-models-of-participation-and-management\/#primaryimage\"},\"thumbnailUrl\":\"\",\"datePublished\":\"2021-10-04T10:52:10+00:00\",\"dateModified\":\"2021-10-04T10:52:10+00:00\",\"author\":{\"@id\":\"https:\/\/dypall.com\/#\/schema\/person\/206350efe851997fcdedef75d118766b\"},\"breadcrumb\":{\"@id\":\"https:\/\/dypall.com\/activity\/training-course-youth-centres-models-of-participation-and-management\/#breadcrumb\"},\"inLanguage\":\"lv-LV\",\"potentialAction\":[{\"@type\":\"ReadAction\",\"target\":[\"https:\/\/dypall.com\/activity\/training-course-youth-centres-models-of-participation-and-management\/\"]}]},{\"@type\":\"ImageObject\",\"inLanguage\":\"lv-LV\",\"@id\":\"https:\/\/dypall.com\/activity\/training-course-youth-centres-models-of-participation-and-management\/#primaryimage\",\"url\":\"\",\"contentUrl\":\"\"},{\"@type\":\"BreadcrumbList\",\"@id\":\"https:\/\/dypall.com\/activity\/training-course-youth-centres-models-of-participation-and-management\/#breadcrumb\",\"itemListElement\":[{\"@type\":\"ListItem\",\"position\":1,\"name\":\"Home\",\"item\":\"https:\/\/dypall.com\/\"},{\"@type\":\"ListItem\",\"position\":2,\"name\":\"Training course \u201cYouth centres &#8211; Models of participation and management\u201d\"}]},{\"@type\":\"WebSite\",\"@id\":\"https:\/\/dypall.com\/#website\",\"url\":\"https:\/\/dypall.com\/\",\"name\":\"DYPALL Network\",\"description\":\"We are a European network of civil society organisations, municipalities and research institutions dedicated to improving democracy through youth participation.\",\"potentialAction\":[{\"@type\":\"SearchAction\",\"target\":{\"@type\":\"EntryPoint\",\"urlTemplate\":\"https:\/\/dypall.com\/?s={search_term_string}\"},\"query-input\":\"required name=search_term_string\"}],\"inLanguage\":\"lv-LV\"},{\"@type\":\"Person\",\"@id\":\"https:\/\/dypall.com\/#\/schema\/person\/206350efe851997fcdedef75d118766b\",\"name\":\"dypall\",\"image\":{\"@type\":\"ImageObject\",\"inLanguage\":\"lv-LV\",\"@id\":\"https:\/\/dypall.com\/#\/schema\/person\/image\/\",\"url\":\"https:\/\/secure.gravatar.com\/avatar\/14e8d3d8841cd0bdf69915120bcf9fcfac1567f1dc7035664907322ac47efe29?s=96&d=mm&r=g\",\"contentUrl\":\"https:\/\/secure.gravatar.com\/avatar\/14e8d3d8841cd0bdf69915120bcf9fcfac1567f1dc7035664907322ac47efe29?s=96&d=mm&r=g\",\"caption\":\"dypall\"},\"url\":\"https:\/\/dypall.com\/lv\/author\/dypall_info\/\"}]}<\/script>\n<!-- \/ Yoast SEO plugin. -->","yoast_head_json":{"title":"Training course \u201cYouth centres - Models of participation and management\u201d - DYPALL Network","robots":{"index":"index","follow":"follow","max-snippet":"max-snippet:-1","max-image-preview":"max-image-preview:large","max-video-preview":"max-video-preview:-1"},"canonical":"https:\/\/dypall.com\/lv\/activity\/training-course-youth-centres-models-of-participation-and-management\/","og_locale":"lv_LV","og_type":"article","og_title":"Training course \u201cYouth centres - Models of participation and management\u201d - DYPALL Network","og_description":"Training course took place from 27th September &#8211; 3rd of October in Bilbao, Spain, organized by DYPALL Network in cooperation with Novisi Elkartea. Youth workers and municipality officers from Bulgaria, Croatia, Greece, Italy, Portugal, Slovakia, Spain and Turkey explored the topic of co-management of youth centers with young people. The Training course, was based on&hellip; Turpiniet las\u012bt Training course \u201cYouth centres &#8211; Models of participation and management\u201d","og_url":"https:\/\/dypall.com\/lv\/activity\/training-course-youth-centres-models-of-participation-and-management\/","og_site_name":"DYPALL Network","article_published_time":"2021-10-04T10:52:10+00:00","author":"dypall","twitter_card":"summary_large_image","twitter_misc":{"Written by":"dypall","Est. reading time":"1 min\u016bte"},"schema":{"@context":"https:\/\/schema.org","@graph":[{"@type":"WebPage","@id":"https:\/\/dypall.com\/activity\/training-course-youth-centres-models-of-participation-and-management\/","url":"https:\/\/dypall.com\/activity\/training-course-youth-centres-models-of-participation-and-management\/","name":"Training course \u201cYouth centres - Models of participation and management\u201d - DYPALL Network","isPartOf":{"@id":"https:\/\/dypall.com\/#website"},"primaryImageOfPage":{"@id":"https:\/\/dypall.com\/activity\/training-course-youth-centres-models-of-participation-and-management\/#primaryimage"},"image":{"@id":"https:\/\/dypall.com\/activity\/training-course-youth-centres-models-of-participation-and-management\/#primaryimage"},"thumbnailUrl":"","datePublished":"2021-10-04T10:52:10+00:00","dateModified":"2021-10-04T10:52:10+00:00","author":{"@id":"https:\/\/dypall.com\/#\/schema\/person\/206350efe851997fcdedef75d118766b"},"breadcrumb":{"@id":"https:\/\/dypall.com\/activity\/training-course-youth-centres-models-of-participation-and-management\/#breadcrumb"},"inLanguage":"lv-LV","potentialAction":[{"@type":"ReadAction","target":["https:\/\/dypall.com\/activity\/training-course-youth-centres-models-of-participation-and-management\/"]}]},{"@type":"ImageObject","inLanguage":"lv-LV","@id":"https:\/\/dypall.com\/activity\/training-course-youth-centres-models-of-participation-and-management\/#primaryimage","url":"","contentUrl":""},{"@type":"BreadcrumbList","@id":"https:\/\/dypall.com\/activity\/training-course-youth-centres-models-of-participation-and-management\/#breadcrumb","itemListElement":[{"@type":"ListItem","position":1,"name":"Home","item":"https:\/\/dypall.com\/"},{"@type":"ListItem","position":2,"name":"Training course \u201cYouth centres &#8211; Models of participation and management\u201d"}]},{"@type":"WebSite","@id":"https:\/\/dypall.com\/#website","url":"https:\/\/dypall.com\/","name":"DYPALL Network","description":"We are a European network of civil society organisations, municipalities and research institutions dedicated to improving democracy through youth participation.","potentialAction":[{"@type":"SearchAction","target":{"@type":"EntryPoint","urlTemplate":"https:\/\/dypall.com\/?s={search_term_string}"},"query-input":"required name=search_term_string"}],"inLanguage":"lv-LV"},{"@type":"Person","@id":"https:\/\/dypall.com\/#\/schema\/person\/206350efe851997fcdedef75d118766b","name":"dypall","image":{"@type":"ImageObject","inLanguage":"lv-LV","@id":"https:\/\/dypall.com\/#\/schema\/person\/image\/","url":"https:\/\/secure.gravatar.com\/avatar\/14e8d3d8841cd0bdf69915120bcf9fcfac1567f1dc7035664907322ac47efe29?s=96&d=mm&r=g","contentUrl":"https:\/\/secure.gravatar.com\/avatar\/14e8d3d8841cd0bdf69915120bcf9fcfac1567f1dc7035664907322ac47efe29?s=96&d=mm&r=g","caption":"dypall"},"url":"https:\/\/dypall.com\/lv\/author\/dypall_info\/"}]}},"jetpack_featured_media_url":"","jetpack_sharing_enabled":true,"_links":{"self":[{"href":"https:\/\/dypall.com\/lv\/wp-json\/wp\/v2\/posts\/5141","targetHints":{"allow":["GET"]}}],"collection":[{"href":"https:\/\/dypall.com\/lv\/wp-json\/wp\/v2\/posts"}],"about":[{"href":"https:\/\/dypall.com\/lv\/wp-json\/wp\/v2\/types\/post"}],"author":[{"embeddable":true,"href":"https:\/\/dypall.com\/lv\/wp-json\/wp\/v2\/users\/2"}],"replies":[{"embeddable":true,"href":"https:\/\/dypall.com\/lv\/wp-json\/wp\/v2\/comments?post=5141"}],"version-history":[{"count":0,"href":"https:\/\/dypall.com\/lv\/wp-json\/wp\/v2\/posts\/5141\/revisions"}],"wp:featuredmedia":[{"embeddable":true,"href":"https:\/\/dypall.com\/lv\/wp-json\/"}],"wp:attachment":[{"href":"https:\/\/dypall.com\/lv\/wp-json\/wp\/v2\/media?parent=5141"}],"wp:term":[{"taxonomy":"category","embeddable":true,"href":"https:\/\/dypall.com\/lv\/wp-json\/wp\/v2\/categories?post=5141"},{"taxonomy":"post_tag","embeddable":true,"href":"https:\/\/dypall.com\/lv\/wp-json\/wp\/v2\/tags?post=5141"}],"curies":[{"name":"wp","href":"https:\/\/api.w.org\/{rel}","templated":true}]}}