{"id":4907,"date":"2021-04-07T10:42:34","date_gmt":"2021-04-07T09:42:34","guid":{"rendered":"https:\/\/dypall.com\/?p=4907"},"modified":"2021-04-07T10:42:34","modified_gmt":"2021-04-07T09:42:34","slug":"to-the-point-on-youth-participatory-budget","status":"publish","type":"post","link":"https:\/\/dypall.com\/lv\/activity\/to-the-point-on-youth-participatory-budget\/","title":{"rendered":"PUNKTS par jaunie\u0161u l\u012bdzdal\u012bbas bud\u017eetu"},"content":{"rendered":"<p>&nbsp;<\/p>\n<p><a href=\"https:\/\/dypall.com\/lv\/2021\/04\/07\/to-the-point-on-youth-participatory-budget\/picture_poster-7_to-the-point\/#main\" rel=\"attachment wp-att-4908\"><img loading=\"lazy\" decoding=\"async\" class=\"aligncenter size-large wp-image-4908\" src=\"https:\/\/dypall.com\/wp-content\/uploads\/2021\/04\/Picture_Poster-7_To-the-Point-1024x576.jpg\" alt=\"\" width=\"1024\" height=\"576\" \/><\/a><\/p>\n<div><\/div>\n<div>6. apr\u012bl\u012b DYPALL t\u012bkls r\u012bkoja p\u0113d\u0113jo pas\u0101kumu, kas bija velt\u012bts jaunie\u0161u l\u012bdzdal\u012bbas momentu s\u0113rijai TO THE POINT. \u0160oreiz m\u0113s padzi\u013cin\u0101ti apskat\u012bj\u0101m <strong>jaunie\u0161u l\u012bdzdal\u012bbas bud\u017eeti<\/strong>.<\/div>\n<div><\/div>\n<div>Jaunie\u0161u PB ir modelis ar lielu potenci\u0101lu jaunie\u0161u l\u012bdzdal\u012bbai l\u0113mumu pie\u0146em\u0161an\u0101\u00a0<span class=\"il\">ir<\/span>\u00a0viet\u0113j\u0101 l\u012bmen\u012b, bet ar daudziem slazdiem gar\u00a0<span class=\"il\">ir<\/span> veids. San\u0101ksmes laik\u0101 m\u0113s uzklaus\u012bj\u0101m ekspertus no <span class=\"il\">ir<\/span> jaunie\u0161u l\u012bdzdal\u012bbas joma, kas m\u016bs iepaz\u012bstin\u0101ja ar lieliskiem vi\u0146u viet\u0113j\u0101s prakses piem\u0113riem:<\/div>\n<div>&#8211;\u00a0<b>Karin Pereira<\/b>, par Kaskai\u0161as (Portug\u0101le) jaunie\u0161u l\u012bdzdal\u012bbas bud\u017eetu<\/div>\n<div>&#8211;\u00a0<b>Hrvoje Novak<\/b>\u00a0par Jaunatnes l\u012bdzdal\u012bbas bud\u017eetu Pregrada, Zabok un Klanjec (Horv\u0101tija).<\/div>\n<div><\/div>\n<div>Ir v\u0113rts piemin\u0113t, ka Horv\u0101tijas jaunie\u0161u l\u012bdzdal\u012bbas bud\u017eets tika veidots, iedvesmojoties no <span class=\"il\">ir<\/span> Cascais modelis un \u0161odien sasniedz 11 pa\u0161vald\u012bbas. Tie\u0161i t\u0101da ir DYPALL t\u012bkla b\u016bt\u012bba \u2014 apmain\u012bties ar labu praksi jaunie\u0161u l\u012bdzdal\u012bbas jom\u0101 un to atk\u0101rtoti \u012bstenot viet\u0113j\u0101 l\u012bmen\u012b vis\u0101 Eirop\u0101. Vair\u0101k par \u0161o piem\u0113ru varat m\u0101c\u012bties no <a href=\"https:\/\/www.youtube.com\/watch?v=4NE1-GdiQqg\" target=\"_blank\" rel=\"noopener\" data-saferedirecturl=\"https:\/\/www.google.com\/url?q=https:\/\/www.youtube.com\/watch?v%3D4NE1-GdiQqg&amp;source=gmail&amp;ust=1617794831111000&amp;usg=AFQjCNHXmTDsLDczrUKCuQFfo4RNs3AU3g\">\u0161o \u012bso video<\/a>.<\/div>\n<div><\/div>\n<div>Lai gan \u0161is notikums bija nedaudz ilg\u0101ks nek\u0101 parasti, tas joproj\u0101m bija tikai uzkoda. Ja v\u0113laties\u00a0<span class=\"il\">l\u012bdz<\/span>\u00a0Uzziniet vair\u0101k par \u0161o t\u0113mu, m\u0113s aicin\u0101m j\u016bs\u00a0<span class=\"il\">l\u012bdz<\/span>\u00a0Apl\u016bkojiet\u00a0<span class=\"il\">ir<\/span>\u00a0\u0161\u0101di avoti:<\/div>\n<div>\n<ul>\n<li><a href=\"https:\/\/www.oficina.org.pt\/participatory-budgeting-world-atlas-2019.html\" target=\"_blank\" rel=\"noopener\" data-saferedirecturl=\"https:\/\/www.google.com\/url?q=https:\/\/www.oficina.org.pt\/participatory-budgeting-world-atlas-2019.html&amp;source=gmail&amp;ust=1617794831111000&amp;usg=AFQjCNFv-Bcanx08z1ZDvK-3brGoVa3tFg\">Pasaules l\u012bdzdal\u012bgas bud\u017eeta pl\u0101no\u0161anas atlants<\/a>, Portug\u0101le, 2019. gads \u2013 sare\u017e\u0123\u012bti un aug\u0161up\u0113ji<span class=\"il\">l\u012bdz<\/span>-datuma p\u0101rskats par l\u012bdzdal\u012bgu bud\u017eeta pl\u0101no\u0161anu\u00a0<span class=\"il\">ir<\/span>\u00a0pasaul\u0113<\/li>\n<li><a href=\"http:\/\/comoneurope.org\/uploads\/documents\/documents_aYPNov_White%20Paper%20EN.pdf\" target=\"_blank\" rel=\"noopener\" data-saferedirecturl=\"https:\/\/www.google.com\/url?q=http:\/\/comoneurope.org\/uploads\/documents\/documents_aYPNov_White%2520Paper%2520EN.pdf&amp;source=gmail&amp;ust=1617794831111000&amp;usg=AFQjCNGrRzxASsqLAp3HSiuwfm2XR-fIAw\">Balt\u0101 gr\u0101mata par l\u012bdzdal\u012bgu bud\u017eeta pl\u0101no\u0161anu jaunatnei Eirop\u0101<\/a>\u00a0un\u00a0<a href=\"http:\/\/comoneurope.org\/uploads\/documents\/documents_wxdW3q_ComONEurope_ToolkitPBY_2019_Final_EN.pdf\" target=\"_blank\" rel=\"noopener\" data-saferedirecturl=\"https:\/\/www.google.com\/url?q=http:\/\/comoneurope.org\/uploads\/documents\/documents_wxdW3q_ComONEurope_ToolkitPBY_2019_Final_EN.pdf&amp;source=gmail&amp;ust=1617794831111000&amp;usg=AFQjCNFuYbu4SLqOAEQsT1tNXWgpgCLuzA\">R\u012bkkopa l\u012bdzdal\u012bgas bud\u017eeta pl\u0101no\u0161anas nodro\u0161in\u0101\u0161anai jaunie\u0161iem pils\u0113t\u0101s \u2014 papildin\u0101jums\u00a0<span class=\"il\">L\u012bdz<\/span>\u00a0<span class=\"il\">Par<\/span>\u00a0Balt\u0101 gr\u0101mata<\/a>, Portug\u0101le, 2019. gads \u2013 atv\u0113rt\u0101 pirmkoda satvars Eiropas pils\u0113t\u0101m l\u012bdzdal\u012bgas bud\u017eeta pl\u0101no\u0161anas procesu \u012bsteno\u0161an\u0101<\/li>\n<li><a href=\"http:\/\/youthpb.eu\/\" target=\"_blank\" rel=\"noopener\" data-saferedirecturl=\"https:\/\/www.google.com\/url?q=http:\/\/YouthPB.eu&amp;source=gmail&amp;ust=1617794831111000&amp;usg=AFQjCNEpTB-dggCZG90JFGErt0A8YlKU5g\">YouthPB.eu<\/a>\u00a0\u2014 jaunie\u0161u l\u012bdzdal\u012bbas bud\u017eeta veido\u0161anas procesu datub\u0101ze\u00a0<span class=\"il\">ir<\/span>\u00a0pasaul\u0113, ar galvenajiem labas prakses piem\u0113riem un katra projekta aprakstiem<\/li>\n<li><a href=\"https:\/\/pbnetwork.org.uk\/wp-content\/uploads\/2015\/04\/Welsh-Govt-PB-toolkit.pdf\" target=\"_blank\" rel=\"noopener\" data-saferedirecturl=\"https:\/\/www.google.com\/url?q=https:\/\/pbnetwork.org.uk\/wp-content\/uploads\/2015\/04\/Welsh-Govt-PB-toolkit.pdf&amp;source=gmail&amp;ust=1617794831111000&amp;usg=AFQjCNEWVh_X6KI3YNkUrKaBkvIGcfWBIg\">L\u012bdzdal\u012bgas bud\u017eeta pl\u0101no\u0161anas r\u012bkkopa,<\/a>\u00a0Lielbrit\u0101nija 2012 \u2013 par to, k\u0101\u00a0<span class=\"il\">l\u012bdz<\/span>\u00a0pl\u0101not a<br \/>\nl\u012bdzdal\u012bgas bud\u017eeta pl\u0101no\u0161anas projekts ar jaunie\u0161iem<\/li>\n<\/ul>\n<div>Lai gan \u0161\u012b san\u0101ksme bija m\u016bsu<b>\u00a0gal\u012bgais\u00a0<span class=\"il\">TO<\/span>\u00a0<span class=\"il\">Saist\u012btie raksti<\/span>\u00a0<span class=\"il\">Punkts<\/span> br\u012bdis 2021. gad\u0101, <\/b>pl\u0101nojam <span class=\"il\">l\u012bdz<\/span>\u00a0n\u0101k atpaka\u013c ar\u00a0<span class=\"il\">ir<\/span>\u00a0otro sezonu jau 2022. gad\u0101, t\u0101p\u0113c sekojiet l\u012bdzi!<\/div>\n<div><\/div>\n<\/div>\n<div><a href=\"https:\/\/dypall.com\/lv\/2021\/04\/07\/to-the-point-on-youth-participatory-budget\/whatsapp-image-2021-04-07-at-11-34-42\/#main\" rel=\"attachment wp-att-4909\"><img loading=\"lazy\" decoding=\"async\" class=\"aligncenter size-large wp-image-4909\" src=\"https:\/\/dypall.com\/wp-content\/uploads\/2021\/04\/WhatsApp-Image-2021-04-07-at-11.34.42-1024x604.jpeg\" alt=\"\" width=\"1024\" height=\"604\" \/><\/a><\/div>\n<div><a href=\"https:\/\/dypall.com\/lv\/2021\/04\/07\/to-the-point-on-youth-participatory-budget\/whatsapp-image-2021-04-07-at-11-34-43-1\/#main\" rel=\"attachment wp-att-4910\"><img loading=\"lazy\" decoding=\"async\" class=\"aligncenter size-large wp-image-4910\" src=\"https:\/\/dypall.com\/wp-content\/uploads\/2021\/04\/WhatsApp-Image-2021-04-07-at-11.34.43-1-1024x607.jpeg\" alt=\"\" width=\"1024\" height=\"607\" \/><\/a><\/div>\n<div><a href=\"https:\/\/dypall.com\/lv\/2021\/04\/07\/to-the-point-on-youth-participatory-budget\/whatsapp-image-2021-04-07-at-11-34-43-2\/#main\" rel=\"attachment wp-att-4911\"><img loading=\"lazy\" decoding=\"async\" class=\"aligncenter size-large wp-image-4911\" src=\"https:\/\/dypall.com\/wp-content\/uploads\/2021\/04\/WhatsApp-Image-2021-04-07-at-11.34.43-2-1024x607.jpeg\" alt=\"\" width=\"1024\" height=\"607\" \/><\/a><\/div>\n<div><a href=\"https:\/\/dypall.com\/lv\/2021\/04\/07\/to-the-point-on-youth-participatory-budget\/whatsapp-image-2021-04-07-at-11-34-43-3\/#main\" rel=\"attachment wp-att-4912\"><img loading=\"lazy\" decoding=\"async\" class=\"aligncenter size-large wp-image-4912\" src=\"https:\/\/dypall.com\/wp-content\/uploads\/2021\/04\/WhatsApp-Image-2021-04-07-at-11.34.43-3-1024x596.jpeg\" alt=\"\" width=\"1024\" height=\"596\" \/><\/a><\/div>\n<div><a href=\"https:\/\/dypall.com\/lv\/2021\/04\/07\/to-the-point-on-youth-participatory-budget\/whatsapp-image-2021-04-07-at-11-34-43\/#main\" rel=\"attachment wp-att-4913\"><img loading=\"lazy\" decoding=\"async\" class=\"aligncenter size-large wp-image-4913\" src=\"https:\/\/dypall.com\/wp-content\/uploads\/2021\/04\/WhatsApp-Image-2021-04-07-at-11.34.43-1024x602.jpeg\" alt=\"\" width=\"1024\" height=\"602\" \/><\/a><\/div>\n<div><a href=\"https:\/\/dypall.com\/lv\/2021\/04\/07\/to-the-point-on-youth-participatory-budget\/170072021_4839969699351743_2676080271808163359_n\/#main\" rel=\"attachment wp-att-4914\"><img loading=\"lazy\" decoding=\"async\" class=\"aligncenter size-large wp-image-4914\" src=\"https:\/\/dypall.com\/wp-content\/uploads\/2021\/04\/170072021_4839969699351743_2676080271808163359_n-1024x407.png\" alt=\"\" width=\"1024\" height=\"407\" \/><\/a><\/div>","protected":false},"excerpt":{"rendered":"<p>&nbsp; 6. apr\u012bl\u012b DYPALL t\u012bkls r\u012bkoja p\u0113d\u0113jo pas\u0101kumu, kas bija velt\u012bts jaunie\u0161u l\u012bdzdal\u012bbas momentu s\u0113rijai TO THE POINT. \u0160oreiz m\u0113s r\u016bp\u012bg\u0101k apl\u016bkoj\u0101m jaunie\u0161u l\u012bdzdal\u012bbas bud\u017eetus. Jaunie\u0161u PB ir modelis ar lielu potenci\u0101lu jaunie\u0161u l\u012bdzdal\u012bbai l\u0113mumu pie\u0146em\u0161an\u0101 viet\u0113j\u0101 l\u012bmen\u012b, bet ar daudziem slazdiem... <a class=\"more-link\" href=\"https:\/\/dypall.com\/lv\/activity\/to-the-point-on-youth-participatory-budget\/\">Turpiniet las\u012bt <span class=\"screen-reader-text\">PUNKTS par jaunie\u0161u l\u012bdzdal\u012bbas bud\u017eetu<\/span><\/a><\/p>","protected":false},"author":1,"featured_media":4908,"comment_status":"closed","ping_status":"open","sticky":false,"template":"","format":"standard","meta":{"_acf_changed":false,"_jetpack_memberships_contains_paid_content":false,"footnotes":""},"categories":[111],"tags":[],"class_list":["post-4907","post","type-post","status-publish","format-standard","has-post-thumbnail","hentry","category-activity","entry"],"acf":[],"yoast_head":"<!-- This site is optimized with the Yoast SEO plugin v22.8 - https:\/\/yoast.com\/wordpress\/plugins\/seo\/ -->\n<title>TO THE POINT on youth participatory budget - DYPALL Network<\/title>\n<meta name=\"robots\" content=\"index, follow, max-snippet:-1, max-image-preview:large, max-video-preview:-1\" \/>\n<link rel=\"canonical\" href=\"https:\/\/dypall.com\/lv\/activity\/to-the-point-on-youth-participatory-budget\/\" \/>\n<meta property=\"og:locale\" content=\"lv_LV\" \/>\n<meta property=\"og:type\" content=\"article\" \/>\n<meta property=\"og:title\" content=\"TO THE POINT on youth participatory budget - DYPALL Network\" \/>\n<meta property=\"og:description\" content=\"&nbsp; On the 6th of April, DYPALL Network hosted the final activity of the TO THE POINT series of moments on youth participation. This time, we took a closer look at the youth participatory budgets. Youth PB is a model with a great potential for youth participation in decision-making at\u00a0the\u00a0local level, but with many traps&hellip; Turpiniet las\u012bt TO THE POINT on youth participatory budget\" \/>\n<meta property=\"og:url\" content=\"https:\/\/dypall.com\/lv\/activity\/to-the-point-on-youth-participatory-budget\/\" \/>\n<meta property=\"og:site_name\" content=\"DYPALL Network\" \/>\n<meta property=\"article:published_time\" content=\"2021-04-07T09:42:34+00:00\" \/>\n<meta name=\"author\" content=\"DYPALL Network\" \/>\n<meta name=\"twitter:card\" content=\"summary_large_image\" \/>\n<meta name=\"twitter:label1\" content=\"Written by\" \/>\n\t<meta name=\"twitter:data1\" content=\"DYPALL Network\" \/>\n\t<meta name=\"twitter:label2\" content=\"Est. reading time\" \/>\n\t<meta name=\"twitter:data2\" content=\"2 min\u016btes\" \/>\n<script type=\"application\/ld+json\" class=\"yoast-schema-graph\">{\"@context\":\"https:\/\/schema.org\",\"@graph\":[{\"@type\":\"WebPage\",\"@id\":\"https:\/\/dypall.com\/activity\/to-the-point-on-youth-participatory-budget\/\",\"url\":\"https:\/\/dypall.com\/activity\/to-the-point-on-youth-participatory-budget\/\",\"name\":\"TO THE POINT on youth participatory budget - DYPALL Network\",\"isPartOf\":{\"@id\":\"https:\/\/dypall.com\/#website\"},\"primaryImageOfPage\":{\"@id\":\"https:\/\/dypall.com\/activity\/to-the-point-on-youth-participatory-budget\/#primaryimage\"},\"image\":{\"@id\":\"https:\/\/dypall.com\/activity\/to-the-point-on-youth-participatory-budget\/#primaryimage\"},\"thumbnailUrl\":\"\",\"datePublished\":\"2021-04-07T09:42:34+00:00\",\"dateModified\":\"2021-04-07T09:42:34+00:00\",\"author\":{\"@id\":\"https:\/\/dypall.com\/#\/schema\/person\/f92e08aa15c8ba711a9d153129f03377\"},\"breadcrumb\":{\"@id\":\"https:\/\/dypall.com\/activity\/to-the-point-on-youth-participatory-budget\/#breadcrumb\"},\"inLanguage\":\"lv-LV\",\"potentialAction\":[{\"@type\":\"ReadAction\",\"target\":[\"https:\/\/dypall.com\/activity\/to-the-point-on-youth-participatory-budget\/\"]}]},{\"@type\":\"ImageObject\",\"inLanguage\":\"lv-LV\",\"@id\":\"https:\/\/dypall.com\/activity\/to-the-point-on-youth-participatory-budget\/#primaryimage\",\"url\":\"\",\"contentUrl\":\"\"},{\"@type\":\"BreadcrumbList\",\"@id\":\"https:\/\/dypall.com\/activity\/to-the-point-on-youth-participatory-budget\/#breadcrumb\",\"itemListElement\":[{\"@type\":\"ListItem\",\"position\":1,\"name\":\"Home\",\"item\":\"https:\/\/dypall.com\/\"},{\"@type\":\"ListItem\",\"position\":2,\"name\":\"TO THE POINT on youth participatory budget\"}]},{\"@type\":\"WebSite\",\"@id\":\"https:\/\/dypall.com\/#website\",\"url\":\"https:\/\/dypall.com\/\",\"name\":\"DYPALL Network\",\"description\":\"We are a European network of civil society organisations, municipalities and research institutions dedicated to improving democracy through youth participation.\",\"potentialAction\":[{\"@type\":\"SearchAction\",\"target\":{\"@type\":\"EntryPoint\",\"urlTemplate\":\"https:\/\/dypall.com\/?s={search_term_string}\"},\"query-input\":\"required name=search_term_string\"}],\"inLanguage\":\"lv-LV\"},{\"@type\":\"Person\",\"@id\":\"https:\/\/dypall.com\/#\/schema\/person\/f92e08aa15c8ba711a9d153129f03377\",\"name\":\"DYPALL Network\",\"image\":{\"@type\":\"ImageObject\",\"inLanguage\":\"lv-LV\",\"@id\":\"https:\/\/dypall.com\/#\/schema\/person\/image\/\",\"url\":\"https:\/\/secure.gravatar.com\/avatar\/9c39e299279800c6d69c5e02cf613e7bab060889f373052a03d7ac399e8f0d3c?s=96&d=mm&r=g\",\"contentUrl\":\"https:\/\/secure.gravatar.com\/avatar\/9c39e299279800c6d69c5e02cf613e7bab060889f373052a03d7ac399e8f0d3c?s=96&d=mm&r=g\",\"caption\":\"DYPALL Network\"},\"sameAs\":[\"https:\/\/dypall.com\"],\"url\":\"https:\/\/dypall.com\/lv\/author\/dypall\/\"}]}<\/script>\n<!-- \/ Yoast SEO plugin. -->","yoast_head_json":{"title":"TO THE POINT on youth participatory budget - DYPALL Network","robots":{"index":"index","follow":"follow","max-snippet":"max-snippet:-1","max-image-preview":"max-image-preview:large","max-video-preview":"max-video-preview:-1"},"canonical":"https:\/\/dypall.com\/lv\/activity\/to-the-point-on-youth-participatory-budget\/","og_locale":"lv_LV","og_type":"article","og_title":"TO THE POINT on youth participatory budget - DYPALL Network","og_description":"&nbsp; On the 6th of April, DYPALL Network hosted the final activity of the TO THE POINT series of moments on youth participation. This time, we took a closer look at the youth participatory budgets. Youth PB is a model with a great potential for youth participation in decision-making at\u00a0the\u00a0local level, but with many traps&hellip; Turpiniet las\u012bt TO THE POINT on youth participatory budget","og_url":"https:\/\/dypall.com\/lv\/activity\/to-the-point-on-youth-participatory-budget\/","og_site_name":"DYPALL Network","article_published_time":"2021-04-07T09:42:34+00:00","author":"DYPALL Network","twitter_card":"summary_large_image","twitter_misc":{"Written by":"DYPALL Network","Est. reading time":"2 min\u016btes"},"schema":{"@context":"https:\/\/schema.org","@graph":[{"@type":"WebPage","@id":"https:\/\/dypall.com\/activity\/to-the-point-on-youth-participatory-budget\/","url":"https:\/\/dypall.com\/activity\/to-the-point-on-youth-participatory-budget\/","name":"TO THE POINT on youth participatory budget - DYPALL Network","isPartOf":{"@id":"https:\/\/dypall.com\/#website"},"primaryImageOfPage":{"@id":"https:\/\/dypall.com\/activity\/to-the-point-on-youth-participatory-budget\/#primaryimage"},"image":{"@id":"https:\/\/dypall.com\/activity\/to-the-point-on-youth-participatory-budget\/#primaryimage"},"thumbnailUrl":"","datePublished":"2021-04-07T09:42:34+00:00","dateModified":"2021-04-07T09:42:34+00:00","author":{"@id":"https:\/\/dypall.com\/#\/schema\/person\/f92e08aa15c8ba711a9d153129f03377"},"breadcrumb":{"@id":"https:\/\/dypall.com\/activity\/to-the-point-on-youth-participatory-budget\/#breadcrumb"},"inLanguage":"lv-LV","potentialAction":[{"@type":"ReadAction","target":["https:\/\/dypall.com\/activity\/to-the-point-on-youth-participatory-budget\/"]}]},{"@type":"ImageObject","inLanguage":"lv-LV","@id":"https:\/\/dypall.com\/activity\/to-the-point-on-youth-participatory-budget\/#primaryimage","url":"","contentUrl":""},{"@type":"BreadcrumbList","@id":"https:\/\/dypall.com\/activity\/to-the-point-on-youth-participatory-budget\/#breadcrumb","itemListElement":[{"@type":"ListItem","position":1,"name":"Home","item":"https:\/\/dypall.com\/"},{"@type":"ListItem","position":2,"name":"TO THE POINT on youth participatory budget"}]},{"@type":"WebSite","@id":"https:\/\/dypall.com\/#website","url":"https:\/\/dypall.com\/","name":"DYPALL Network","description":"We are a European network of civil society organisations, municipalities and research institutions dedicated to improving democracy through youth participation.","potentialAction":[{"@type":"SearchAction","target":{"@type":"EntryPoint","urlTemplate":"https:\/\/dypall.com\/?s={search_term_string}"},"query-input":"required name=search_term_string"}],"inLanguage":"lv-LV"},{"@type":"Person","@id":"https:\/\/dypall.com\/#\/schema\/person\/f92e08aa15c8ba711a9d153129f03377","name":"DYPALL Network","image":{"@type":"ImageObject","inLanguage":"lv-LV","@id":"https:\/\/dypall.com\/#\/schema\/person\/image\/","url":"https:\/\/secure.gravatar.com\/avatar\/9c39e299279800c6d69c5e02cf613e7bab060889f373052a03d7ac399e8f0d3c?s=96&d=mm&r=g","contentUrl":"https:\/\/secure.gravatar.com\/avatar\/9c39e299279800c6d69c5e02cf613e7bab060889f373052a03d7ac399e8f0d3c?s=96&d=mm&r=g","caption":"DYPALL Network"},"sameAs":["https:\/\/dypall.com"],"url":"https:\/\/dypall.com\/lv\/author\/dypall\/"}]}},"jetpack_featured_media_url":"","jetpack_sharing_enabled":true,"_links":{"self":[{"href":"https:\/\/dypall.com\/lv\/wp-json\/wp\/v2\/posts\/4907","targetHints":{"allow":["GET"]}}],"collection":[{"href":"https:\/\/dypall.com\/lv\/wp-json\/wp\/v2\/posts"}],"about":[{"href":"https:\/\/dypall.com\/lv\/wp-json\/wp\/v2\/types\/post"}],"author":[{"embeddable":true,"href":"https:\/\/dypall.com\/lv\/wp-json\/wp\/v2\/users\/1"}],"replies":[{"embeddable":true,"href":"https:\/\/dypall.com\/lv\/wp-json\/wp\/v2\/comments?post=4907"}],"version-history":[{"count":0,"href":"https:\/\/dypall.com\/lv\/wp-json\/wp\/v2\/posts\/4907\/revisions"}],"wp:featuredmedia":[{"embeddable":true,"href":"https:\/\/dypall.com\/lv\/wp-json\/"}],"wp:attachment":[{"href":"https:\/\/dypall.com\/lv\/wp-json\/wp\/v2\/media?parent=4907"}],"wp:term":[{"taxonomy":"category","embeddable":true,"href":"https:\/\/dypall.com\/lv\/wp-json\/wp\/v2\/categories?post=4907"},{"taxonomy":"post_tag","embeddable":true,"href":"https:\/\/dypall.com\/lv\/wp-json\/wp\/v2\/tags?post=4907"}],"curies":[{"name":"wp","href":"https:\/\/api.w.org\/{rel}","templated":true}]}}