{"id":4820,"date":"2021-03-11T10:46:00","date_gmt":"2021-03-11T10:46:00","guid":{"rendered":"https:\/\/dypall.com\/?p=4820"},"modified":"2021-03-11T10:46:00","modified_gmt":"2021-03-11T10:46:00","slug":"gamifyeu-ideathon-what-if-you-were-in-charge-of-the-eu-for-48-hours","status":"publish","type":"post","link":"https:\/\/dypall.com\/lv\/activity\/gamifyeu-ideathon-what-if-you-were-in-charge-of-the-eu-for-48-hours\/","title":{"rendered":"GamifyEU ideathon: Ko dar\u012bt, ja 48 stundas esat bijis atbild\u012bgs par ES?"},"content":{"rendered":"<p><b>Kad? <\/b><span style=\"font-weight: 400;\">No piektdienas, 26. marta, plkst. 18.27 (p\u0113c Centr\u0101leiropas laika) l\u012bdz sv\u0113tdienai, 28. martam, plkst. 18.27 (p\u0113c Centr\u0101leiropas laika)<br \/>\n<\/span><b>Kur? <\/b><span style=\"font-weight: 400;\">Tie\u0161saist\u0113, Zoom &amp; Gathertown<br \/>\n<\/span><b>Kas var piedal\u012bties? <\/b><span style=\"font-weight: 400;\">Jaunie\u0161i vecum\u0101 no 16 l\u012bdz 30 gadiem no jebkuras vietas Eirop\u0101<\/span><span style=\"font-weight: 400;\"><br \/>\n<\/span><b>Kur pieteikties?<\/b><a href=\"https:\/\/l.facebook.com\/l.php?u=https%3A%2F%2Fforms.gle%2FmwQp8cCJgMrZYCaZA%3Ffbclid%3DIwAR1Ck3qin3mMXPP0b5z6lb4vIqcc1uIN1Q9zfszBxGnbcqbArRA9YYqRQsY&amp;h=AT3q261ELk-d0iHcOIXqsCDW2QvUeMRDxqUa_54QSiXvWrCjmNE8SjWZuuk97D79evrLXhwH5Yjz0H8NlhUaWiat-hl5-xWzD3JxO7mgYVL3OH7s4ijNcZty90IGKm4i7KoRSl4&amp;__tn__=-UK-R&amp;c[0]=AT01lStYSmj8nvm-z4p7puSpKIofFSjmKPO9oi5EqMRCyCMoQR9gijVCT1mLVpNSNovF8OQ2pWRgXCA2L6uNAcKOKyfNonQQxOuD8Rdhqwl8xHeTvV578g0-WnRd6OoSfIrH_wX-JXwRxx1awhRZS3XNEV670Zxi2QNOhoFYksM659v6sZlz4hr-J1LRL6L-j7np3Xcx\"> <span style=\"font-weight: 400;\">https:\/\/forms.gle\/mwQp8cCJgMrZYCaZA<\/span><\/a> <span style=\"font-weight: 400;\"><br \/>\n<\/span><b>Piem\u0113ro\u0161anas termi\u0146\u0161: <\/b><span style=\"font-weight: 400;\">19. marts, plkst. 23.59 (p\u0113c Centr\u0101leiropas laika)<\/span><\/p>\n<p><span style=\"font-weight: 400;\">Pievienojieties mums 48h piedz\u012bvojumu, kur\u0101 jaunie\u0161i uz\u0146emas atbild\u012bbu! Piedalieties sadarb\u012bbas izaicin\u0101jum\u0101 kop\u0101 ar saviem vienaud\u017eiem no visas Eiropas un par\u0101diet mums, k\u0101da izskat\u012bsies j\u016bsu sap\u0146u Eiropas Savien\u012bba.\u00a0<\/span><\/p>\n<p><span style=\"font-weight: 400;\">Ar koordinatoru atbalstu j\u016bs s\u0101ksiet pieredzes apmai\u0146as braucienu, kur\u0101 j\u016bs veidosiet risin\u0101jumus da\u017e\u0101d\u0101m probl\u0113m\u0101m, ar kur\u0101m saskaras ES. T\u0101pat k\u0101 hakatons, \u0161aj\u0101 Ideaton\u0101 j\u016bs iesaist\u012bsieties rado\u0161\u0101 dom\u0101\u0161anas, risin\u0101jumu atra\u0161anas proces\u0101, kura laik\u0101 j\u016bs uzzin\u0101siet jaunas lietas, izstr\u0101d\u0101siet ideju, sagatavosiet laukumu un sacent\u012bsieties ar citiem dal\u012bbniekiem, str\u0101d\u0101jot komand\u0101.<\/span><\/p>\n<p><span style=\"font-weight: 400;\">M\u0113s izmantosim da\u017e\u0101das tie\u0161saistes platformas un r\u012bkus, b\u016bs sp\u0113les, interakt\u012bvi semin\u0101ri, iedvesmojo\u0161i run\u0101t\u0101ji un daudz jautr\u012bbas.\u00a0<\/span><\/p>\n<p>Iepaz\u012bstieties ar programmu <a href=\"https:\/\/u.pcloud.link\/publink\/show?code=XZc8Q2XZtaWuCBs8arjBPPuicBfCr8YovhrV\">\u0161eit<\/a>.<\/p>\n<p><b>Vai es varu pieteikties k\u0101 indiv\u012bds vai k\u0101 komanda?<\/b><span style=\"font-weight: 400;\"> Abas iesp\u0113jas ir iesp\u0113jamas. Ja jums jau ir komanda, j\u016bs varat pieteikties visi kop\u0101. Ja n\u0113, j\u016bs varat pieteikties individu\u0101li, un m\u0113s izveidosim komandas pas\u0101kuma s\u0101kum\u0101.<\/span><\/p>\n<p><b>Vai man ir j\u0101n\u0101k klaj\u0101 ar ideju? <\/b><span style=\"font-weight: 400;\">N\u0113, pas\u0101kuma s\u0101kum\u0101 m\u0113s izveidosim komandas, pamatojoties uz j\u016bsu interes\u0113jo\u0161\u0101m t\u0113m\u0101m, un tad j\u016bs s\u0101ksiet att\u012bst\u012bt savu ideju ar koordinatoru atbalstu.<\/span><\/p>\n<p><b>Vai man vajadz\u0113tu b\u016bt tie\u0161saist\u0113 48 stundas taisni? <\/b><span style=\"font-weight: 400;\">J\u016bs varat, ja j\u016bs un j\u016bsu komanda v\u0113las, bet tas nav oblig\u0101ti. Mums b\u016bs da\u017e\u0101di br\u012b\u017ei 48h laik\u0101, kad m\u0113s visi b\u016bsim kop\u0101 tie\u0161saist\u0113, k\u0101 ar\u012b br\u012b\u017ei, lai j\u016bs var\u0113tu str\u0101d\u0101t j\u016bsu komand\u0101s un atp\u016bsties.\u00a0<\/span><\/p>\n<p><b>Vai man ir nepiecie\u0161amas \u012bpa\u0161as prasmes? <\/b><span style=\"font-weight: 400;\">N\u0113, tikai atv\u0113rts pr\u0101ts un komandas gars.<\/span><\/p>\n<p>&nbsp;<\/p>\n<p><span style=\"font-weight: 400;\">Ideatonu organiz\u0113 YEU International un DYPALL Network<\/span><span style=\"font-weight: 400;\"> GamifyEU projekta ietvaros. Vair\u0101k inform\u0101cijas: <\/span><\/p>\n<p>&nbsp;<\/p>\n<p><a href=\"https:\/\/dypall.com\/lv\/2021\/03\/11\/gamifyeu-ideathon-what-if-you-were-in-charge-of-the-eu-for-48-hours\/ideathon-poster\/#main\" rel=\"attachment wp-att-4821\"><img loading=\"lazy\" decoding=\"async\" class=\"aligncenter size-large wp-image-4821\" src=\"https:\/\/dypall.com\/wp-content\/uploads\/2021\/03\/Ideathon-Poster-819x1024.png\" alt=\"\" width=\"819\" height=\"1024\" \/><\/a><\/p>\n<div id=\"gtx-trans\" style=\"position: absolute; left: 204px; top: 328.667px;\">\n<div class=\"gtx-trans-icon\"><\/div>\n<\/div>","protected":false},"excerpt":{"rendered":"<p>Kad? No piektdienas, 26. marta, plkst. 18.27 (p\u0113c Centr\u0101leiropas laika) l\u012bdz sv\u0113tdienai, 28. martam, plkst. 18.27 (p\u0113c Centr\u0101leiropas laika) Kur? Tie\u0161saist\u0113, Zoom &amp; Gathertown Kas var piedal\u012bties? Jaunie\u0161i vecum\u0101 no 16 l\u012bdz 30 gadiem no jebkuras vietas Eirop\u0101 Kur pieteikties? https:\/\/forms.gle\/mwQp8cCJgMrZYCaZA Pieteik\u0161an\u0101s termi\u0146\u0161: 19. marts, 23:59 CET Pievienojies mums 48h piedz\u012bvojumu, kur\u0101 jaunie\u0161i uz\u0146emas atbild\u012bbu!... <a class=\"more-link\" href=\"https:\/\/dypall.com\/lv\/activity\/gamifyeu-ideathon-what-if-you-were-in-charge-of-the-eu-for-48-hours\/\">Turpiniet las\u012bt <span class=\"screen-reader-text\">GamifyEU ideathon: Ko dar\u012bt, ja 48 stundas esat bijis atbild\u012bgs par ES?<\/span><\/a><\/p>","protected":false},"author":1,"featured_media":4822,"comment_status":"closed","ping_status":"open","sticky":false,"template":"","format":"standard","meta":{"_acf_changed":false,"_jetpack_memberships_contains_paid_content":false,"footnotes":""},"categories":[111,141],"tags":[],"class_list":["post-4820","post","type-post","status-publish","format-standard","has-post-thumbnail","hentry","category-activity","category-training-course","entry"],"acf":[],"yoast_head":"<!-- This site is optimized with the Yoast SEO plugin v22.8 - https:\/\/yoast.com\/wordpress\/plugins\/seo\/ -->\n<title>GamifyEU Ideathon: What if you were in charge of the EU for 48 hours? - DYPALL Network<\/title>\n<meta name=\"robots\" content=\"index, follow, max-snippet:-1, max-image-preview:large, max-video-preview:-1\" \/>\n<link rel=\"canonical\" href=\"https:\/\/dypall.com\/lv\/activity\/gamifyeu-ideathon-what-if-you-were-in-charge-of-the-eu-for-48-hours\/\" \/>\n<meta property=\"og:locale\" content=\"lv_LV\" \/>\n<meta property=\"og:type\" content=\"article\" \/>\n<meta property=\"og:title\" content=\"GamifyEU Ideathon: What if you were in charge of the EU for 48 hours? - DYPALL Network\" \/>\n<meta property=\"og:description\" content=\"When? From Friday 26th March at 18:27 CET to Sunday 28th March at 18.27 CET Where? Online, on Zoom &amp; Gathertown Who can participate? Young people aged 16-30 from anywhere in Europe Where to apply? https:\/\/forms.gle\/mwQp8cCJgMrZYCaZA Deadline to apply: 19th March, 23:59 CET Join us for a 48h adventure in which young people take charge!&hellip; Turpiniet las\u012bt GamifyEU Ideathon: What if you were in charge of the EU for 48 hours?\" \/>\n<meta property=\"og:url\" content=\"https:\/\/dypall.com\/lv\/activity\/gamifyeu-ideathon-what-if-you-were-in-charge-of-the-eu-for-48-hours\/\" \/>\n<meta property=\"og:site_name\" content=\"DYPALL Network\" \/>\n<meta property=\"article:published_time\" content=\"2021-03-11T10:46:00+00:00\" \/>\n<meta name=\"author\" content=\"DYPALL Network\" \/>\n<meta name=\"twitter:card\" content=\"summary_large_image\" \/>\n<meta name=\"twitter:label1\" content=\"Written by\" \/>\n\t<meta name=\"twitter:data1\" content=\"DYPALL Network\" \/>\n\t<meta name=\"twitter:label2\" content=\"Est. reading time\" \/>\n\t<meta name=\"twitter:data2\" content=\"2 min\u016btes\" \/>\n<script type=\"application\/ld+json\" class=\"yoast-schema-graph\">{\"@context\":\"https:\/\/schema.org\",\"@graph\":[{\"@type\":\"WebPage\",\"@id\":\"https:\/\/dypall.com\/activity\/gamifyeu-ideathon-what-if-you-were-in-charge-of-the-eu-for-48-hours\/\",\"url\":\"https:\/\/dypall.com\/activity\/gamifyeu-ideathon-what-if-you-were-in-charge-of-the-eu-for-48-hours\/\",\"name\":\"GamifyEU Ideathon: What if you were in charge of the EU for 48 hours? - DYPALL Network\",\"isPartOf\":{\"@id\":\"https:\/\/dypall.com\/#website\"},\"primaryImageOfPage\":{\"@id\":\"https:\/\/dypall.com\/activity\/gamifyeu-ideathon-what-if-you-were-in-charge-of-the-eu-for-48-hours\/#primaryimage\"},\"image\":{\"@id\":\"https:\/\/dypall.com\/activity\/gamifyeu-ideathon-what-if-you-were-in-charge-of-the-eu-for-48-hours\/#primaryimage\"},\"thumbnailUrl\":\"\",\"datePublished\":\"2021-03-11T10:46:00+00:00\",\"dateModified\":\"2021-03-11T10:46:00+00:00\",\"author\":{\"@id\":\"https:\/\/dypall.com\/#\/schema\/person\/f92e08aa15c8ba711a9d153129f03377\"},\"breadcrumb\":{\"@id\":\"https:\/\/dypall.com\/activity\/gamifyeu-ideathon-what-if-you-were-in-charge-of-the-eu-for-48-hours\/#breadcrumb\"},\"inLanguage\":\"lv-LV\",\"potentialAction\":[{\"@type\":\"ReadAction\",\"target\":[\"https:\/\/dypall.com\/activity\/gamifyeu-ideathon-what-if-you-were-in-charge-of-the-eu-for-48-hours\/\"]}]},{\"@type\":\"ImageObject\",\"inLanguage\":\"lv-LV\",\"@id\":\"https:\/\/dypall.com\/activity\/gamifyeu-ideathon-what-if-you-were-in-charge-of-the-eu-for-48-hours\/#primaryimage\",\"url\":\"\",\"contentUrl\":\"\"},{\"@type\":\"BreadcrumbList\",\"@id\":\"https:\/\/dypall.com\/activity\/gamifyeu-ideathon-what-if-you-were-in-charge-of-the-eu-for-48-hours\/#breadcrumb\",\"itemListElement\":[{\"@type\":\"ListItem\",\"position\":1,\"name\":\"Home\",\"item\":\"https:\/\/dypall.com\/\"},{\"@type\":\"ListItem\",\"position\":2,\"name\":\"GamifyEU Ideathon: What if you were in charge of the EU for 48 hours?\"}]},{\"@type\":\"WebSite\",\"@id\":\"https:\/\/dypall.com\/#website\",\"url\":\"https:\/\/dypall.com\/\",\"name\":\"DYPALL Network\",\"description\":\"We are a European network of civil society organisations, municipalities and research institutions dedicated to improving democracy through youth participation.\",\"potentialAction\":[{\"@type\":\"SearchAction\",\"target\":{\"@type\":\"EntryPoint\",\"urlTemplate\":\"https:\/\/dypall.com\/?s={search_term_string}\"},\"query-input\":\"required name=search_term_string\"}],\"inLanguage\":\"lv-LV\"},{\"@type\":\"Person\",\"@id\":\"https:\/\/dypall.com\/#\/schema\/person\/f92e08aa15c8ba711a9d153129f03377\",\"name\":\"DYPALL Network\",\"image\":{\"@type\":\"ImageObject\",\"inLanguage\":\"lv-LV\",\"@id\":\"https:\/\/dypall.com\/#\/schema\/person\/image\/\",\"url\":\"https:\/\/secure.gravatar.com\/avatar\/9c39e299279800c6d69c5e02cf613e7bab060889f373052a03d7ac399e8f0d3c?s=96&d=mm&r=g\",\"contentUrl\":\"https:\/\/secure.gravatar.com\/avatar\/9c39e299279800c6d69c5e02cf613e7bab060889f373052a03d7ac399e8f0d3c?s=96&d=mm&r=g\",\"caption\":\"DYPALL Network\"},\"sameAs\":[\"https:\/\/dypall.com\"],\"url\":\"https:\/\/dypall.com\/lv\/author\/dypall\/\"}]}<\/script>\n<!-- \/ Yoast SEO plugin. -->","yoast_head_json":{"title":"GamifyEU Ideathon: What if you were in charge of the EU for 48 hours? - DYPALL Network","robots":{"index":"index","follow":"follow","max-snippet":"max-snippet:-1","max-image-preview":"max-image-preview:large","max-video-preview":"max-video-preview:-1"},"canonical":"https:\/\/dypall.com\/lv\/activity\/gamifyeu-ideathon-what-if-you-were-in-charge-of-the-eu-for-48-hours\/","og_locale":"lv_LV","og_type":"article","og_title":"GamifyEU Ideathon: What if you were in charge of the EU for 48 hours? - DYPALL Network","og_description":"When? From Friday 26th March at 18:27 CET to Sunday 28th March at 18.27 CET Where? Online, on Zoom &amp; Gathertown Who can participate? Young people aged 16-30 from anywhere in Europe Where to apply? https:\/\/forms.gle\/mwQp8cCJgMrZYCaZA Deadline to apply: 19th March, 23:59 CET Join us for a 48h adventure in which young people take charge!&hellip; Turpiniet las\u012bt GamifyEU Ideathon: What if you were in charge of the EU for 48 hours?","og_url":"https:\/\/dypall.com\/lv\/activity\/gamifyeu-ideathon-what-if-you-were-in-charge-of-the-eu-for-48-hours\/","og_site_name":"DYPALL Network","article_published_time":"2021-03-11T10:46:00+00:00","author":"DYPALL Network","twitter_card":"summary_large_image","twitter_misc":{"Written by":"DYPALL Network","Est. reading time":"2 min\u016btes"},"schema":{"@context":"https:\/\/schema.org","@graph":[{"@type":"WebPage","@id":"https:\/\/dypall.com\/activity\/gamifyeu-ideathon-what-if-you-were-in-charge-of-the-eu-for-48-hours\/","url":"https:\/\/dypall.com\/activity\/gamifyeu-ideathon-what-if-you-were-in-charge-of-the-eu-for-48-hours\/","name":"GamifyEU Ideathon: What if you were in charge of the EU for 48 hours? - DYPALL Network","isPartOf":{"@id":"https:\/\/dypall.com\/#website"},"primaryImageOfPage":{"@id":"https:\/\/dypall.com\/activity\/gamifyeu-ideathon-what-if-you-were-in-charge-of-the-eu-for-48-hours\/#primaryimage"},"image":{"@id":"https:\/\/dypall.com\/activity\/gamifyeu-ideathon-what-if-you-were-in-charge-of-the-eu-for-48-hours\/#primaryimage"},"thumbnailUrl":"","datePublished":"2021-03-11T10:46:00+00:00","dateModified":"2021-03-11T10:46:00+00:00","author":{"@id":"https:\/\/dypall.com\/#\/schema\/person\/f92e08aa15c8ba711a9d153129f03377"},"breadcrumb":{"@id":"https:\/\/dypall.com\/activity\/gamifyeu-ideathon-what-if-you-were-in-charge-of-the-eu-for-48-hours\/#breadcrumb"},"inLanguage":"lv-LV","potentialAction":[{"@type":"ReadAction","target":["https:\/\/dypall.com\/activity\/gamifyeu-ideathon-what-if-you-were-in-charge-of-the-eu-for-48-hours\/"]}]},{"@type":"ImageObject","inLanguage":"lv-LV","@id":"https:\/\/dypall.com\/activity\/gamifyeu-ideathon-what-if-you-were-in-charge-of-the-eu-for-48-hours\/#primaryimage","url":"","contentUrl":""},{"@type":"BreadcrumbList","@id":"https:\/\/dypall.com\/activity\/gamifyeu-ideathon-what-if-you-were-in-charge-of-the-eu-for-48-hours\/#breadcrumb","itemListElement":[{"@type":"ListItem","position":1,"name":"Home","item":"https:\/\/dypall.com\/"},{"@type":"ListItem","position":2,"name":"GamifyEU Ideathon: What if you were in charge of the EU for 48 hours?"}]},{"@type":"WebSite","@id":"https:\/\/dypall.com\/#website","url":"https:\/\/dypall.com\/","name":"DYPALL Network","description":"We are a European network of civil society organisations, municipalities and research institutions dedicated to improving democracy through youth participation.","potentialAction":[{"@type":"SearchAction","target":{"@type":"EntryPoint","urlTemplate":"https:\/\/dypall.com\/?s={search_term_string}"},"query-input":"required name=search_term_string"}],"inLanguage":"lv-LV"},{"@type":"Person","@id":"https:\/\/dypall.com\/#\/schema\/person\/f92e08aa15c8ba711a9d153129f03377","name":"DYPALL Network","image":{"@type":"ImageObject","inLanguage":"lv-LV","@id":"https:\/\/dypall.com\/#\/schema\/person\/image\/","url":"https:\/\/secure.gravatar.com\/avatar\/9c39e299279800c6d69c5e02cf613e7bab060889f373052a03d7ac399e8f0d3c?s=96&d=mm&r=g","contentUrl":"https:\/\/secure.gravatar.com\/avatar\/9c39e299279800c6d69c5e02cf613e7bab060889f373052a03d7ac399e8f0d3c?s=96&d=mm&r=g","caption":"DYPALL Network"},"sameAs":["https:\/\/dypall.com"],"url":"https:\/\/dypall.com\/lv\/author\/dypall\/"}]}},"jetpack_featured_media_url":"","jetpack_sharing_enabled":true,"_links":{"self":[{"href":"https:\/\/dypall.com\/lv\/wp-json\/wp\/v2\/posts\/4820","targetHints":{"allow":["GET"]}}],"collection":[{"href":"https:\/\/dypall.com\/lv\/wp-json\/wp\/v2\/posts"}],"about":[{"href":"https:\/\/dypall.com\/lv\/wp-json\/wp\/v2\/types\/post"}],"author":[{"embeddable":true,"href":"https:\/\/dypall.com\/lv\/wp-json\/wp\/v2\/users\/1"}],"replies":[{"embeddable":true,"href":"https:\/\/dypall.com\/lv\/wp-json\/wp\/v2\/comments?post=4820"}],"version-history":[{"count":0,"href":"https:\/\/dypall.com\/lv\/wp-json\/wp\/v2\/posts\/4820\/revisions"}],"wp:featuredmedia":[{"embeddable":true,"href":"https:\/\/dypall.com\/lv\/wp-json\/"}],"wp:attachment":[{"href":"https:\/\/dypall.com\/lv\/wp-json\/wp\/v2\/media?parent=4820"}],"wp:term":[{"taxonomy":"category","embeddable":true,"href":"https:\/\/dypall.com\/lv\/wp-json\/wp\/v2\/categories?post=4820"},{"taxonomy":"post_tag","embeddable":true,"href":"https:\/\/dypall.com\/lv\/wp-json\/wp\/v2\/tags?post=4820"}],"curies":[{"name":"wp","href":"https:\/\/api.w.org\/{rel}","templated":true}]}}