{"id":4812,"date":"2021-03-09T15:31:05","date_gmt":"2021-03-09T15:31:05","guid":{"rendered":"https:\/\/dypall.com\/?p=4812"},"modified":"2021-03-09T15:31:05","modified_gmt":"2021-03-09T15:31:05","slug":"to-the-point-on-creating-a-local-youth-strategic-plan","status":"publish","type":"post","link":"https:\/\/dypall.com\/lv\/activity\/to-the-point-on-creating-a-local-youth-strategic-plan\/","title":{"rendered":"PUNKTS par viet\u0113j\u0101 jaunatnes strat\u0113\u0123isk\u0101 pl\u0101na izveidi"},"content":{"rendered":"<p><a href=\"https:\/\/dypall.com\/lv\/2021\/03\/09\/to-the-point-on-creating-a-local-youth-strategic-plan\/picture_poster-5_to-the-point\/#main\" rel=\"attachment wp-att-4813\"><img loading=\"lazy\" decoding=\"async\" class=\"size-large wp-image-4813 aligncenter\" src=\"https:\/\/dypall.com\/wp-content\/uploads\/2021\/03\/Picture_Poster-5_To-the-Point-1024x576.jpg\" alt=\"\" width=\"1024\" height=\"576\" \/><\/a><\/p>\n<p>\u0160odien DYPALL t\u012bkla dal\u012bbnieki tik\u0101s tie\u0161saist\u0113 piekto reizi. <b>Uz punktu<\/b> br\u012bdis. \u0160oreiz DYPALL t\u012bkla koordinators Bruno Ant\u00f3nio dal\u012bj\u0101s pieredz\u0113 par l\u012bdzdal\u012bgas jaunatnes politikas izstr\u0101di pa\u0161vald\u012bb\u0101s vis\u0101 Eirop\u0101. Apsild\u0101ma diskusija p\u0113c ieguld\u012bjuma pier\u0101d\u012bja \u0161\u0101 temata noz\u012bm\u012bgumu dal\u012bbniekiem.<\/p>\n<div>Ja ar\u012b j\u016bs v\u0113laties uzzin\u0101t vair\u0101k par \u0161o tematu, m\u0113s iesak\u0101m turpm\u0101k min\u0113tos resursus k\u0101 kvalitat\u012bvu s\u0101kumpunktu turpm\u0101kai viet\u0113j\u0101s jaunatnes politikas izstr\u0101dei:<\/div>\n<div>\n<ul>\n<li><a style=\"color: #0000ff;\" href=\"https:\/\/pjp-eu.coe.int\/documents\/42128013\/47261953\/Youth+Policy+Essentials+-updated.pdf\/92d6c20f-8cba-205f-0e53-14e16d69e561\" target=\"_blank\" rel=\"noopener\" data-saferedirecturl=\"https:\/\/www.google.com\/url?q=https:\/\/pjp-eu.coe.int\/documents\/42128013\/47261953\/Youth%2BPolicy%2BEssentials%2B-updated.pdf\/92d6c20f-8cba-205f-0e53-14e16d69e561&amp;source=gmail&amp;ust=1615389031757000&amp;usg=AFQjCNFeDAIaqb_oZqCtjigQeyYaRwfg-w\">Jaunatnes politikas pamatjaut\u0101jumi<\/a><\/li>\n<li><a style=\"color: #0000ff;\" href=\"https:\/\/dypall.com\/wp-content\/uploads\/2019\/08\/2015-Have-Your-Say-Council-of-Europe.pdf\" target=\"_blank\" rel=\"noopener\" data-saferedirecturl=\"https:\/\/www.google.com\/url?q=https:\/\/dypall.com\/wp-content\/uploads\/2019\/08\/2015-Have-Your-Say-Council-of-Europe.pdf&amp;source=gmail&amp;ust=1615389031757000&amp;usg=AFQjCNGhwet1cnWrMCRbK_AwWiomVvfjOA\">Vai jaunie\u0161i saka: Rokasgr\u0101mata par p\u0101rskat\u012bto Eiropas L\u012bdzdal\u012bbas hartu<\/a>\u00a0<a style=\"color: #0000ff;\" href=\"https:\/\/dypall.com\/wp-content\/uploads\/2019\/08\/2015-Have-Your-Say-Council-of-Europe.pdf\" target=\"_blank\" rel=\"noopener\" data-saferedirecturl=\"https:\/\/www.google.com\/url?q=https:\/\/dypall.com\/wp-content\/uploads\/2019\/08\/2015-Have-Your-Say-Council-of-Europe.pdf&amp;source=gmail&amp;ust=1615389031757000&amp;usg=AFQjCNGhwet1cnWrMCRbK_AwWiomVvfjOA\">Jaunie\u0161u l\u012bdzdal\u012bba viet\u0113j\u0101 un re\u0123ion\u0101laj\u0101 dz\u012bv\u0113<\/a><\/li>\n<li><a style=\"color: #0000ff;\" href=\"http:\/\/www.civilsocietylibrary.org\/CSL\/1080\/Steps-towards-successful-youth-policy-in-local-communities\" target=\"_blank\" rel=\"noopener\" data-saferedirecturl=\"https:\/\/www.google.com\/url?q=http:\/\/www.civilsocietylibrary.org\/CSL\/1080\/Steps-towards-successful-youth-policy-in-local-communities&amp;source=gmail&amp;ust=1615389031757000&amp;usg=AFQjCNEuT1ea7n9A7uSxIkJrqneVNXZZtw\">S<\/a><a style=\"color: #0000ff;\" href=\"http:\/\/www.civilsocietylibrary.org\/CSL\/1080\/Steps-towards-successful-youth-policy-in-local-communities\" target=\"_blank\" rel=\"noopener\" data-saferedirecturl=\"https:\/\/www.google.com\/url?q=http:\/\/www.civilsocietylibrary.org\/CSL\/1080\/Steps-towards-successful-youth-policy-in-local-communities&amp;source=gmail&amp;ust=1615389031757000&amp;usg=AFQjCNEuT1ea7n9A7uSxIkJrqneVNXZZtw\">virz\u012bba uz veiksm\u012bgu jaunatnes politiku viet\u0113j\u0101s kopien\u0101s<\/a><\/li>\n<li><a style=\"color: #0000ff;\" href=\"https:\/\/pjp-eu.coe.int\/en\/web\/youth-partnership\/the-history-of-youth-work-in-europe-volume-1\" target=\"_blank\" rel=\"noopener\" data-saferedirecturl=\"https:\/\/www.google.com\/url?q=https:\/\/pjp-eu.coe.int\/en\/web\/youth-partnership\/the-history-of-youth-work-in-europe-volume-1&amp;source=gmail&amp;ust=1615389031757000&amp;usg=AFQjCNG6DtBK2x5HaepdfdepMpj-McMtWg\">Darba ar jaunatni v\u0113sture Eirop\u0101 un t\u0101 noz\u012bme viet\u0113j\u0101 jaunatnes politik\u0101<\/a><a style=\"color: #0000ff;\" href=\"https:\/\/pjp-eu.coe.int\/en\/web\/youth-partnership\/the-history-of-youth-work-in-europe-volume-1\" target=\"_blank\" rel=\"noopener\" data-saferedirecturl=\"https:\/\/www.google.com\/url?q=https:\/\/pjp-eu.coe.int\/en\/web\/youth-partnership\/the-history-of-youth-work-in-europe-volume-1&amp;source=gmail&amp;ust=1615389031757000&amp;usg=AFQjCNG6DtBK2x5HaepdfdepMpj-McMtWg\">y \u0161odien<\/a><\/li>\n<\/ul>\n<p>N\u0101kamaj\u0101m san\u0101ksm\u0113m m\u0113s ierosin\u0101m:<br \/>\n1. PUNKTS par jaunie\u0161u iesaistes metod\u0113m pand\u0113mijas laik\u0101 \u2013 23\/03\/2021 (plkst. 10.00 p\u0113c Centr\u0101leiropas laika, atv\u0113rts) <a style=\"color: #0000ff;\" href=\"https:\/\/us02web.zoom.us\/meeting\/register\/tZMlf-mtqjojHNCWM8GZf_Boak7yvyOTrKBI\">Re\u0123istr\u0113ties<\/a><br \/>\n2. PUNKTS \u201cJaunie\u0161u l\u012bdzdal\u012bbas bud\u017eets\u201d \u2013 06.04.2021. (plkst. 10.00 p\u0113c Centr\u0101leiropas laika, locek\u013ciem)<\/p>\n<p>Pievienojies mums!<\/p>\n<p>&nbsp;<\/p>\n<p><a href=\"https:\/\/dypall.com\/lv\/2021\/03\/09\/to-the-point-on-creating-a-local-youth-strategic-plan\/screenshot_20210309_101611\/#main\" rel=\"attachment wp-att-4815\"><img loading=\"lazy\" decoding=\"async\" class=\"size-large wp-image-4815 aligncenter\" src=\"https:\/\/dypall.com\/wp-content\/uploads\/2021\/03\/screenshot_20210309_101611-e1615303735101-1024x501.png\" alt=\"\" width=\"1024\" height=\"501\" \/><\/a><\/p>\n<\/div>\n<p><a href=\"https:\/\/dypall.com\/lv\/2021\/03\/09\/to-the-point-on-creating-a-local-youth-strategic-plan\/screenshot_20210309_101335\/#main\" rel=\"attachment wp-att-4816\"><img loading=\"lazy\" decoding=\"async\" class=\"size-large wp-image-4816 aligncenter\" src=\"https:\/\/dypall.com\/wp-content\/uploads\/2021\/03\/screenshot_20210309_101335-e1615303701939-1024x491.png\" alt=\"\" width=\"1024\" height=\"491\" \/><\/a><\/p>","protected":false},"excerpt":{"rendered":"<p>\u0160odien DYPALL t\u012bkla dal\u012bbnieki tik\u0101s tie\u0161saist\u0113 piekto reizi. \u0160oreiz DYPALL t\u012bkla koordinators Bruno Ant\u00f3nio dal\u012bj\u0101s pieredz\u0113 par l\u012bdzdal\u012bgas jaunatnes politikas izstr\u0101di pa\u0161vald\u012bb\u0101s vis\u0101 Eirop\u0101. Apsild\u0101ma diskusija p\u0113c ieguld\u012bjuma pier\u0101d\u012bja \u0161\u0101 temata noz\u012bm\u012bgumu dal\u012bbniekiem. Ja ar\u012b tu v\u0113lies iem\u0101c\u012bties... <a class=\"more-link\" href=\"https:\/\/dypall.com\/lv\/activity\/to-the-point-on-creating-a-local-youth-strategic-plan\/\">Turpiniet las\u012bt <span class=\"screen-reader-text\">PUNKTS par viet\u0113j\u0101 jaunatnes strat\u0113\u0123isk\u0101 pl\u0101na izveidi<\/span><\/a><\/p>","protected":false},"author":1,"featured_media":4817,"comment_status":"closed","ping_status":"open","sticky":false,"template":"","format":"standard","meta":{"_acf_changed":false,"_jetpack_memberships_contains_paid_content":false,"footnotes":""},"categories":[111],"tags":[],"class_list":["post-4812","post","type-post","status-publish","format-standard","has-post-thumbnail","hentry","category-activity","entry"],"acf":[],"yoast_head":"<!-- This site is optimized with the Yoast SEO plugin v22.8 - https:\/\/yoast.com\/wordpress\/plugins\/seo\/ -->\n<title>TO THE POINT on creating a local youth strategic plan - DYPALL Network<\/title>\n<meta name=\"robots\" content=\"index, follow, max-snippet:-1, max-image-preview:large, max-video-preview:-1\" \/>\n<link rel=\"canonical\" href=\"https:\/\/dypall.com\/lv\/activity\/to-the-point-on-creating-a-local-youth-strategic-plan\/\" \/>\n<meta property=\"og:locale\" content=\"lv_LV\" \/>\n<meta property=\"og:type\" content=\"article\" \/>\n<meta property=\"og:title\" content=\"TO THE POINT on creating a local youth strategic plan - DYPALL Network\" \/>\n<meta property=\"og:description\" content=\"Today members of DYPALL Network met online for the fifth TO THE\u00a0POINT moment. This time Bruno Ant\u00f3nio, the coordinator of DYPALL Network, shared his experience of participatory youth policy development in municipalities around Europe. A heated discussion after the input proved the relevance of this topic for the participants. If you too want to learn&hellip; Turpiniet las\u012bt TO THE POINT on creating a local youth strategic plan\" \/>\n<meta property=\"og:url\" content=\"https:\/\/dypall.com\/lv\/activity\/to-the-point-on-creating-a-local-youth-strategic-plan\/\" \/>\n<meta property=\"og:site_name\" content=\"DYPALL Network\" \/>\n<meta property=\"article:published_time\" content=\"2021-03-09T15:31:05+00:00\" \/>\n<meta name=\"author\" content=\"DYPALL Network\" \/>\n<meta name=\"twitter:card\" content=\"summary_large_image\" \/>\n<meta name=\"twitter:label1\" content=\"Written by\" \/>\n\t<meta name=\"twitter:data1\" content=\"DYPALL Network\" \/>\n\t<meta name=\"twitter:label2\" content=\"Est. reading time\" \/>\n\t<meta name=\"twitter:data2\" content=\"1 min\u016bte\" \/>\n<script type=\"application\/ld+json\" class=\"yoast-schema-graph\">{\"@context\":\"https:\/\/schema.org\",\"@graph\":[{\"@type\":\"WebPage\",\"@id\":\"https:\/\/dypall.com\/activity\/to-the-point-on-creating-a-local-youth-strategic-plan\/\",\"url\":\"https:\/\/dypall.com\/activity\/to-the-point-on-creating-a-local-youth-strategic-plan\/\",\"name\":\"TO THE POINT on creating a local youth strategic plan - DYPALL Network\",\"isPartOf\":{\"@id\":\"https:\/\/dypall.com\/#website\"},\"primaryImageOfPage\":{\"@id\":\"https:\/\/dypall.com\/activity\/to-the-point-on-creating-a-local-youth-strategic-plan\/#primaryimage\"},\"image\":{\"@id\":\"https:\/\/dypall.com\/activity\/to-the-point-on-creating-a-local-youth-strategic-plan\/#primaryimage\"},\"thumbnailUrl\":\"\",\"datePublished\":\"2021-03-09T15:31:05+00:00\",\"dateModified\":\"2021-03-09T15:31:05+00:00\",\"author\":{\"@id\":\"https:\/\/dypall.com\/#\/schema\/person\/f92e08aa15c8ba711a9d153129f03377\"},\"breadcrumb\":{\"@id\":\"https:\/\/dypall.com\/activity\/to-the-point-on-creating-a-local-youth-strategic-plan\/#breadcrumb\"},\"inLanguage\":\"lv-LV\",\"potentialAction\":[{\"@type\":\"ReadAction\",\"target\":[\"https:\/\/dypall.com\/activity\/to-the-point-on-creating-a-local-youth-strategic-plan\/\"]}]},{\"@type\":\"ImageObject\",\"inLanguage\":\"lv-LV\",\"@id\":\"https:\/\/dypall.com\/activity\/to-the-point-on-creating-a-local-youth-strategic-plan\/#primaryimage\",\"url\":\"\",\"contentUrl\":\"\"},{\"@type\":\"BreadcrumbList\",\"@id\":\"https:\/\/dypall.com\/activity\/to-the-point-on-creating-a-local-youth-strategic-plan\/#breadcrumb\",\"itemListElement\":[{\"@type\":\"ListItem\",\"position\":1,\"name\":\"Home\",\"item\":\"https:\/\/dypall.com\/\"},{\"@type\":\"ListItem\",\"position\":2,\"name\":\"TO THE POINT on creating a local youth strategic plan\"}]},{\"@type\":\"WebSite\",\"@id\":\"https:\/\/dypall.com\/#website\",\"url\":\"https:\/\/dypall.com\/\",\"name\":\"DYPALL Network\",\"description\":\"We are a European network of civil society organisations, municipalities and research institutions dedicated to improving democracy through youth participation.\",\"potentialAction\":[{\"@type\":\"SearchAction\",\"target\":{\"@type\":\"EntryPoint\",\"urlTemplate\":\"https:\/\/dypall.com\/?s={search_term_string}\"},\"query-input\":\"required name=search_term_string\"}],\"inLanguage\":\"lv-LV\"},{\"@type\":\"Person\",\"@id\":\"https:\/\/dypall.com\/#\/schema\/person\/f92e08aa15c8ba711a9d153129f03377\",\"name\":\"DYPALL Network\",\"image\":{\"@type\":\"ImageObject\",\"inLanguage\":\"lv-LV\",\"@id\":\"https:\/\/dypall.com\/#\/schema\/person\/image\/\",\"url\":\"https:\/\/secure.gravatar.com\/avatar\/9c39e299279800c6d69c5e02cf613e7bab060889f373052a03d7ac399e8f0d3c?s=96&d=mm&r=g\",\"contentUrl\":\"https:\/\/secure.gravatar.com\/avatar\/9c39e299279800c6d69c5e02cf613e7bab060889f373052a03d7ac399e8f0d3c?s=96&d=mm&r=g\",\"caption\":\"DYPALL Network\"},\"sameAs\":[\"https:\/\/dypall.com\"],\"url\":\"https:\/\/dypall.com\/lv\/author\/dypall\/\"}]}<\/script>\n<!-- \/ Yoast SEO plugin. -->","yoast_head_json":{"title":"TO THE POINT on creating a local youth strategic plan - DYPALL Network","robots":{"index":"index","follow":"follow","max-snippet":"max-snippet:-1","max-image-preview":"max-image-preview:large","max-video-preview":"max-video-preview:-1"},"canonical":"https:\/\/dypall.com\/lv\/activity\/to-the-point-on-creating-a-local-youth-strategic-plan\/","og_locale":"lv_LV","og_type":"article","og_title":"TO THE POINT on creating a local youth strategic plan - DYPALL Network","og_description":"Today members of DYPALL Network met online for the fifth TO THE\u00a0POINT moment. This time Bruno Ant\u00f3nio, the coordinator of DYPALL Network, shared his experience of participatory youth policy development in municipalities around Europe. A heated discussion after the input proved the relevance of this topic for the participants. If you too want to learn&hellip; Turpiniet las\u012bt TO THE POINT on creating a local youth strategic plan","og_url":"https:\/\/dypall.com\/lv\/activity\/to-the-point-on-creating-a-local-youth-strategic-plan\/","og_site_name":"DYPALL Network","article_published_time":"2021-03-09T15:31:05+00:00","author":"DYPALL Network","twitter_card":"summary_large_image","twitter_misc":{"Written by":"DYPALL Network","Est. reading time":"1 min\u016bte"},"schema":{"@context":"https:\/\/schema.org","@graph":[{"@type":"WebPage","@id":"https:\/\/dypall.com\/activity\/to-the-point-on-creating-a-local-youth-strategic-plan\/","url":"https:\/\/dypall.com\/activity\/to-the-point-on-creating-a-local-youth-strategic-plan\/","name":"TO THE POINT on creating a local youth strategic plan - DYPALL Network","isPartOf":{"@id":"https:\/\/dypall.com\/#website"},"primaryImageOfPage":{"@id":"https:\/\/dypall.com\/activity\/to-the-point-on-creating-a-local-youth-strategic-plan\/#primaryimage"},"image":{"@id":"https:\/\/dypall.com\/activity\/to-the-point-on-creating-a-local-youth-strategic-plan\/#primaryimage"},"thumbnailUrl":"","datePublished":"2021-03-09T15:31:05+00:00","dateModified":"2021-03-09T15:31:05+00:00","author":{"@id":"https:\/\/dypall.com\/#\/schema\/person\/f92e08aa15c8ba711a9d153129f03377"},"breadcrumb":{"@id":"https:\/\/dypall.com\/activity\/to-the-point-on-creating-a-local-youth-strategic-plan\/#breadcrumb"},"inLanguage":"lv-LV","potentialAction":[{"@type":"ReadAction","target":["https:\/\/dypall.com\/activity\/to-the-point-on-creating-a-local-youth-strategic-plan\/"]}]},{"@type":"ImageObject","inLanguage":"lv-LV","@id":"https:\/\/dypall.com\/activity\/to-the-point-on-creating-a-local-youth-strategic-plan\/#primaryimage","url":"","contentUrl":""},{"@type":"BreadcrumbList","@id":"https:\/\/dypall.com\/activity\/to-the-point-on-creating-a-local-youth-strategic-plan\/#breadcrumb","itemListElement":[{"@type":"ListItem","position":1,"name":"Home","item":"https:\/\/dypall.com\/"},{"@type":"ListItem","position":2,"name":"TO THE POINT on creating a local youth strategic plan"}]},{"@type":"WebSite","@id":"https:\/\/dypall.com\/#website","url":"https:\/\/dypall.com\/","name":"DYPALL Network","description":"We are a European network of civil society organisations, municipalities and research institutions dedicated to improving democracy through youth participation.","potentialAction":[{"@type":"SearchAction","target":{"@type":"EntryPoint","urlTemplate":"https:\/\/dypall.com\/?s={search_term_string}"},"query-input":"required name=search_term_string"}],"inLanguage":"lv-LV"},{"@type":"Person","@id":"https:\/\/dypall.com\/#\/schema\/person\/f92e08aa15c8ba711a9d153129f03377","name":"DYPALL Network","image":{"@type":"ImageObject","inLanguage":"lv-LV","@id":"https:\/\/dypall.com\/#\/schema\/person\/image\/","url":"https:\/\/secure.gravatar.com\/avatar\/9c39e299279800c6d69c5e02cf613e7bab060889f373052a03d7ac399e8f0d3c?s=96&d=mm&r=g","contentUrl":"https:\/\/secure.gravatar.com\/avatar\/9c39e299279800c6d69c5e02cf613e7bab060889f373052a03d7ac399e8f0d3c?s=96&d=mm&r=g","caption":"DYPALL Network"},"sameAs":["https:\/\/dypall.com"],"url":"https:\/\/dypall.com\/lv\/author\/dypall\/"}]}},"jetpack_featured_media_url":"","jetpack_sharing_enabled":true,"_links":{"self":[{"href":"https:\/\/dypall.com\/lv\/wp-json\/wp\/v2\/posts\/4812","targetHints":{"allow":["GET"]}}],"collection":[{"href":"https:\/\/dypall.com\/lv\/wp-json\/wp\/v2\/posts"}],"about":[{"href":"https:\/\/dypall.com\/lv\/wp-json\/wp\/v2\/types\/post"}],"author":[{"embeddable":true,"href":"https:\/\/dypall.com\/lv\/wp-json\/wp\/v2\/users\/1"}],"replies":[{"embeddable":true,"href":"https:\/\/dypall.com\/lv\/wp-json\/wp\/v2\/comments?post=4812"}],"version-history":[{"count":0,"href":"https:\/\/dypall.com\/lv\/wp-json\/wp\/v2\/posts\/4812\/revisions"}],"wp:featuredmedia":[{"embeddable":true,"href":"https:\/\/dypall.com\/lv\/wp-json\/"}],"wp:attachment":[{"href":"https:\/\/dypall.com\/lv\/wp-json\/wp\/v2\/media?parent=4812"}],"wp:term":[{"taxonomy":"category","embeddable":true,"href":"https:\/\/dypall.com\/lv\/wp-json\/wp\/v2\/categories?post=4812"},{"taxonomy":"post_tag","embeddable":true,"href":"https:\/\/dypall.com\/lv\/wp-json\/wp\/v2\/tags?post=4812"}],"curies":[{"name":"wp","href":"https:\/\/api.w.org\/{rel}","templated":true}]}}