{"id":4804,"date":"2021-03-04T09:21:32","date_gmt":"2021-03-04T09:21:32","guid":{"rendered":"https:\/\/dypall.com\/?p=4804"},"modified":"2021-03-04T09:21:32","modified_gmt":"2021-03-04T09:21:32","slug":"international-conference-how-to-cultivate-a-culture-of-innovation-and-an-entrepreneurial-mindset-in-schools","status":"publish","type":"post","link":"https:\/\/dypall.com\/lv\/activity\/international-conference-how-to-cultivate-a-culture-of-innovation-and-an-entrepreneurial-mindset-in-schools\/","title":{"rendered":"Starptautisk\u0101 konference: K\u0101 skol\u0101s att\u012bst\u012bt inov\u0101cijas kult\u016bru un uz\u0146\u0113m\u0113jdarb\u012bbas garu?"},"content":{"rendered":"<p><a href=\"https:\/\/dypall.com\/lv\/2021\/03\/04\/international-conference-how-to-cultivate-a-culture-of-innovation-and-an-entrepreneurial-mindset-in-schools\/medium-poster-nes-international-conference\/#main\" rel=\"attachment wp-att-4806\"><img loading=\"lazy\" decoding=\"async\" class=\"size-large wp-image-4806 aligncenter\" src=\"https:\/\/dypall.com\/wp-content\/uploads\/2021\/03\/Medium-Poster-NES-International-Conference-1024x576.jpg\" alt=\"\" width=\"1024\" height=\"576\" \/><\/a><\/p>\n<p>Pievienojieties starptautiskajai konferencei \u201c<strong>K\u0101 skol\u0101s att\u012bst\u012bt inov\u0101cijas kult\u016bru un uz\u0146\u0113m\u0113jdarb\u012bbas garu?<\/strong>&#8221;<\/p>\n<p><strong>Datums:<\/strong> 11. marts plkst. 16.00 (p\u0113c Centr\u0101leiropas laika) (90 min\u016btes)<\/p>\n<p><strong>Re\u0123istr\u0113jieties \u0161eit<\/strong>: <a style=\"color: #0000ff;\" href=\"https:\/\/us02web.zoom.us\/meeting\/register\/tZYlc-ypqzooGtwF5cL_bTzRmU30qrmz4azs\">https:\/\/us02web.zoom.us\/meeting\/register\/tZYlc-ypqzooGtwF5cL_bTzRmU30qrmz4azs<\/a><br \/>\nKatrs dal\u012bbnieks sa\u0146ems dal\u012bbas sertifik\u0101tu.<\/p>\n<p><strong>Papildu inform\u0101cija:<\/strong><\/p>\n<p>Uz\u0146\u0113m\u0113jdarb\u012bbai ir b\u016btiska noz\u012bme, risinot XXI gadsimta glob\u0101l\u0101s probl\u0113mas, veicinot ilgtsp\u0113j\u012bg\u0101ku att\u012bst\u012bbu, radot nodarbin\u0101t\u012bbas iesp\u0113jas, veicinot soci\u0101lo v\u0113rt\u012bbu sabiedr\u012bbai un stimul\u0113jot viet\u0113jo teritoriju att\u012bst\u012bbu. Ir \u013coti svar\u012bgi izstr\u0101d\u0101t izgl\u012bt\u012bbas strat\u0113\u0123ijas uz\u0146\u0113m\u0113jdarb\u012bbai, kur\u0101s b\u0113rni un jaunie\u0161i var att\u012bst\u012bt prasmes, zin\u0101\u0161anas un attieksmi, kas vi\u0146iem \u013cauj rad\u012bt soci\u0101lo un ekonomisko v\u0113rt\u012bbu, nodro\u0161inot vi\u0146iem uz\u0146\u0113m\u0113jdarb\u012bbas prasmes, kas \u013cauj vi\u0146iem darboties k\u0101 soci\u0101lo p\u0101rmai\u0146u veicin\u0101t\u0101jiem.<\/p>\n<p>Partneri projekt\u0101 \u201c<strong>Uz\u0146\u0113m\u0113jdarb\u012bbas skolu t\u012bkls<\/strong>\u201cizstr\u0101d\u0101ts\u201d<strong> vair\u0101ki inovat\u012bvi r\u012bki un standarti, lai nov\u0113rt\u0113tu un uzlabotu uz\u0146\u0113m\u0113jdarb\u012bbas izgl\u012bt\u012bbu skol\u0101s;<\/strong>. Konference ir iesp\u0113ja dal\u012bties ar \u0161iem r\u012bkiem un m\u0101c\u012bties no to skolu pieredzes, kuras tos \u012bstenoja k\u0101 izm\u0113\u0123in\u0101juma projektu.<\/p>\n<p>Tas kalpos ar\u012b tam, lai populariz\u0113tu Uz\u0146\u0113m\u0113jdarb\u012bbas skolu t\u012bklu \u2014 atv\u0113rtu starptautisku skolu un ieinteres\u0113to personu t\u012bklu, kas ir platforma, lai:<\/p>\n<p><strong>T\u012bkls:<\/strong> dal\u012bties pieredz\u0113, veidot starptautiskas partner\u012bbas un projektus, kuru pamat\u0101 ir uztic\u0113\u0161an\u0101s un sadarb\u012bbas principi;<br \/>\n<strong>ZIN\u0100\u0160ANA: <\/strong>integr\u0113t m\u0101c\u012bbu kopienu, kas nodro\u0161ina piek\u013cuvi zin\u0101\u0161an\u0101m, praksei un uz\u0146\u0113m\u0113jdarb\u012bbas un izgl\u012bt\u012bbas inov\u0101cijas programm\u0101m visai skolu kopienai;<br \/>\n<strong>Atz\u012b\u0161ana:\u00a0<\/strong>j\u0101b\u016bt iesp\u0113jai vair\u0101k atz\u012bt organiz\u0101ciju\/skolu viet\u0113j\u0101 un starptautisk\u0101 l\u012bmen\u012b;<br \/>\n<strong>ATBALST\u012aT:<\/strong> ir iesp\u0113ja sniegt izgl\u012bt\u012bbas konsult\u0101cijas, lai atbalst\u012btu uz\u0146\u0113m\u0113jdarb\u012bbas projektu un iniciat\u012bvu izstr\u0101di;<\/p>\n<p>Galvenais run\u0101t\u0101js: <strong>Ciprian St\u0103nescu<br \/>\n<\/strong><img loading=\"lazy\" decoding=\"async\" class=\"alignright wp-image-4805\" src=\"https:\/\/dypall.com\/wp-content\/uploads\/2021\/03\/received_1797493403743638-1024x1024.jpeg\" alt=\"\" width=\"175\" height=\"175\" \/><em>Soci\u0101l\u0101s inov\u0101cijas risin\u0101jumu l\u012bdzdibin\u0101t\u0101js, organiz\u0101cija, kas pied\u0101v\u0101 konsult\u0101cijas un atbalstu NVO un korpor\u0101cij\u0101m par soci\u0101lo ietekmi, n\u0101kotnes tendenc\u0113m un inov\u0101cij\u0101m. Vi\u0146\u0161 vada da\u017e\u0101das izgl\u012bt\u012bbas programmas un biznesa konkursus, piem\u0113ram, Soci\u0101l\u0101s ietekmes balvu un Future Makers vai sarunu platformas, piem\u0113ram, Future Summit of Future Talks. Ciprian 2 gadus str\u0101d\u0101ja Ashoka Romania un 10 gadus Aspen Institute Romania. Vi\u0146\u0161 ir Pasaules Ekonomikas foruma Global Shaper absolvents un Global Shapers Bucharest Hub l\u012bdzdibin\u0101t\u0101js. Vi\u0146\u0161 pasniedz 3 klases Bukarestes Uz\u0146\u0113m\u0113jdarb\u012bbas akad\u0113mij\u0101 (Fut\u016brisms, CSR &amp; Ilgtsp\u0113ja un l\u012bder\u012bba) un pa\u0161laik Bukarest\u0113 veic doktorant\u016bras studijas starptautiskaj\u0101 ekonomik\u0101. Ciprian ir ma\u0123istra gr\u0101ds politikas zin\u0101tn\u0113s Centr\u0101leiropas Universit\u0101t\u0113 Budape\u0161t\u0101. Vi\u0146\u0161 ir bie\u017es run\u0101t\u0101js par n\u0101kotnes tendenc\u0113m un ampul\u0101m; prognoz\u0113\u0161anu, r\u016bpniec\u012bbu un soci\u0101lo inov\u0101ciju gan Rum\u0101nij\u0101, gan \u0101rvalst\u012bs.<\/em><\/p>\n<p>Vai j\u016bs nevarat piedal\u012bties konferenc\u0113? Lai pievienotos t\u012bklam, aizpildiet \u012bsu anketu <a style=\"color: #0000ff;\" href=\"https:\/\/www.entrepreneurialschoolsnetwork.com\/join-us\">\u0161eit<\/a> vai uzziniet vair\u0101k no t\u0101 <a style=\"color: #0000ff;\" href=\"https:\/\/dypall.com\/wp-content\/uploads\/2021\/02\/NES-Presentation-Join-us-2.pdf\">\u012bss izkl\u0101sts<\/a>.<\/p>\n<p>\u0160is un v\u0113l vair\u0101k ir atrodams <a style=\"color: #0000ff;\" href=\"https:\/\/www.entrepreneurialschoolsnetwork.com\/\">m\u0101jaslapa<\/a> un <a style=\"color: #0000ff;\" href=\"https:\/\/www.facebook.com\/entrepreneurialschools\">Facebook<\/a> Uz\u0146\u0113m\u0113jdarb\u012bbas skolu t\u012bkls.<\/p>\n<p>Konference ir Uz\u0146\u0113m\u0113jdarb\u012bbas skolu t\u012bkla (NES) nosl\u0113guma pas\u0101kums \u2014 projekts, ko l\u012bdzfinans\u0113 Eiropas Savien\u012bbas programma Erasmus+ un ko vada Ag\u00eancia DNA Cascais sadarb\u012bb\u0101 ar DYPALL t\u012bklu, Scoala Gimnaziala Traian Craiova, Maltas Vidusskola un Kartidsa vidusskolas direktore. Projekta m\u0113r\u0137is ir veicin\u0101t inov\u0101cijas kult\u016bru un uz\u0146\u0113m\u0113jdarb\u012bbas garu skolu kopien\u0101.<\/p>","protected":false},"excerpt":{"rendered":"<p>Pievienojieties starptautiskajai konferencei \u201cK\u0101 skol\u0101s att\u012bst\u012bt inov\u0101cijas kult\u016bru un uz\u0146\u0113m\u0113jdarb\u012bbas garu?\u201d Datums: 11. marts 16:00 p\u0113c Centr\u0101leiropas laika (90 min\u016btes) Re\u0123istr\u0113jieties \u0161eit: https:\/\/us02web.zoom.us\/meeting\/register\/tZYlc-ypqzooGtwF5cL_bTzRmU30qrmz4azs Katrs dal\u012bbnieks sa\u0146ems dal\u012bbas sertifik\u0101tu. Papildu inform\u0101cija: Uz\u0146\u0113m\u0113jdarb\u012bbai ir b\u016btiska noz\u012bme XXI gadsimta glob\u0101lo probl\u0113mu risin\u0101\u0161an\u0101, veicinot... <a class=\"more-link\" href=\"https:\/\/dypall.com\/lv\/activity\/international-conference-how-to-cultivate-a-culture-of-innovation-and-an-entrepreneurial-mindset-in-schools\/\">Turpiniet las\u012bt <span class=\"screen-reader-text\">Starptautisk\u0101 konference: K\u0101 skol\u0101s att\u012bst\u012bt inov\u0101cijas kult\u016bru un uz\u0146\u0113m\u0113jdarb\u012bbas garu?<\/span><\/a><\/p>","protected":false},"author":2,"featured_media":4810,"comment_status":"closed","ping_status":"open","sticky":false,"template":"","format":"standard","meta":{"_acf_changed":false,"_jetpack_memberships_contains_paid_content":false,"footnotes":""},"categories":[111,112],"tags":[],"class_list":["post-4804","post","type-post","status-publish","format-standard","has-post-thumbnail","hentry","category-activity","category-conference","entry"],"acf":[],"yoast_head":"<!-- This site is optimized with the Yoast SEO plugin v22.8 - https:\/\/yoast.com\/wordpress\/plugins\/seo\/ -->\n<title>International Conference: How to cultivate a culture of innovation and an entrepreneurial mindset in schools? - DYPALL Network<\/title>\n<meta name=\"robots\" content=\"index, follow, max-snippet:-1, max-image-preview:large, max-video-preview:-1\" \/>\n<link rel=\"canonical\" href=\"https:\/\/dypall.com\/lv\/activity\/international-conference-how-to-cultivate-a-culture-of-innovation-and-an-entrepreneurial-mindset-in-schools\/\" \/>\n<meta property=\"og:locale\" content=\"lv_LV\" \/>\n<meta property=\"og:type\" content=\"article\" \/>\n<meta property=\"og:title\" content=\"International Conference: How to cultivate a culture of innovation and an entrepreneurial mindset in schools? - DYPALL Network\" \/>\n<meta property=\"og:description\" content=\"Join us for the international conference &#8220;How to cultivate a culture of innovation and an entrepreneurial mindset in schools?&#8221; Date: 11th March 16:00 CET (90 minutes) Register here: https:\/\/us02web.zoom.us\/meeting\/register\/tZYlc-ypqzooGtwF5cL_bTzRmU30qrmz4azs Each participant will receive a certificate of participation. Additional information: Entrepreneurship plays a key role in addressing the global challenges of the XXI century, contributing to&hellip; Turpiniet las\u012bt International Conference: How to cultivate a culture of innovation and an entrepreneurial mindset in schools?\" \/>\n<meta property=\"og:url\" content=\"https:\/\/dypall.com\/lv\/activity\/international-conference-how-to-cultivate-a-culture-of-innovation-and-an-entrepreneurial-mindset-in-schools\/\" \/>\n<meta property=\"og:site_name\" content=\"DYPALL Network\" \/>\n<meta property=\"article:published_time\" content=\"2021-03-04T09:21:32+00:00\" \/>\n<meta name=\"author\" content=\"dypall\" \/>\n<meta name=\"twitter:card\" content=\"summary_large_image\" \/>\n<meta name=\"twitter:label1\" content=\"Written by\" \/>\n\t<meta name=\"twitter:data1\" content=\"dypall\" \/>\n\t<meta name=\"twitter:label2\" content=\"Est. reading time\" \/>\n\t<meta name=\"twitter:data2\" content=\"3 min\u016btes\" \/>\n<script type=\"application\/ld+json\" class=\"yoast-schema-graph\">{\"@context\":\"https:\/\/schema.org\",\"@graph\":[{\"@type\":\"WebPage\",\"@id\":\"https:\/\/dypall.com\/activity\/international-conference-how-to-cultivate-a-culture-of-innovation-and-an-entrepreneurial-mindset-in-schools\/\",\"url\":\"https:\/\/dypall.com\/activity\/international-conference-how-to-cultivate-a-culture-of-innovation-and-an-entrepreneurial-mindset-in-schools\/\",\"name\":\"International Conference: How to cultivate a culture of innovation and an entrepreneurial mindset in schools? - DYPALL Network\",\"isPartOf\":{\"@id\":\"https:\/\/dypall.com\/#website\"},\"primaryImageOfPage\":{\"@id\":\"https:\/\/dypall.com\/activity\/international-conference-how-to-cultivate-a-culture-of-innovation-and-an-entrepreneurial-mindset-in-schools\/#primaryimage\"},\"image\":{\"@id\":\"https:\/\/dypall.com\/activity\/international-conference-how-to-cultivate-a-culture-of-innovation-and-an-entrepreneurial-mindset-in-schools\/#primaryimage\"},\"thumbnailUrl\":\"\",\"datePublished\":\"2021-03-04T09:21:32+00:00\",\"dateModified\":\"2021-03-04T09:21:32+00:00\",\"author\":{\"@id\":\"https:\/\/dypall.com\/#\/schema\/person\/206350efe851997fcdedef75d118766b\"},\"breadcrumb\":{\"@id\":\"https:\/\/dypall.com\/activity\/international-conference-how-to-cultivate-a-culture-of-innovation-and-an-entrepreneurial-mindset-in-schools\/#breadcrumb\"},\"inLanguage\":\"lv-LV\",\"potentialAction\":[{\"@type\":\"ReadAction\",\"target\":[\"https:\/\/dypall.com\/activity\/international-conference-how-to-cultivate-a-culture-of-innovation-and-an-entrepreneurial-mindset-in-schools\/\"]}]},{\"@type\":\"ImageObject\",\"inLanguage\":\"lv-LV\",\"@id\":\"https:\/\/dypall.com\/activity\/international-conference-how-to-cultivate-a-culture-of-innovation-and-an-entrepreneurial-mindset-in-schools\/#primaryimage\",\"url\":\"\",\"contentUrl\":\"\"},{\"@type\":\"BreadcrumbList\",\"@id\":\"https:\/\/dypall.com\/activity\/international-conference-how-to-cultivate-a-culture-of-innovation-and-an-entrepreneurial-mindset-in-schools\/#breadcrumb\",\"itemListElement\":[{\"@type\":\"ListItem\",\"position\":1,\"name\":\"Home\",\"item\":\"https:\/\/dypall.com\/\"},{\"@type\":\"ListItem\",\"position\":2,\"name\":\"International Conference: How to cultivate a culture of innovation and an entrepreneurial mindset in schools?\"}]},{\"@type\":\"WebSite\",\"@id\":\"https:\/\/dypall.com\/#website\",\"url\":\"https:\/\/dypall.com\/\",\"name\":\"DYPALL Network\",\"description\":\"We are a European network of civil society organisations, municipalities and research institutions dedicated to improving democracy through youth participation.\",\"potentialAction\":[{\"@type\":\"SearchAction\",\"target\":{\"@type\":\"EntryPoint\",\"urlTemplate\":\"https:\/\/dypall.com\/?s={search_term_string}\"},\"query-input\":\"required name=search_term_string\"}],\"inLanguage\":\"lv-LV\"},{\"@type\":\"Person\",\"@id\":\"https:\/\/dypall.com\/#\/schema\/person\/206350efe851997fcdedef75d118766b\",\"name\":\"dypall\",\"image\":{\"@type\":\"ImageObject\",\"inLanguage\":\"lv-LV\",\"@id\":\"https:\/\/dypall.com\/#\/schema\/person\/image\/\",\"url\":\"https:\/\/secure.gravatar.com\/avatar\/14e8d3d8841cd0bdf69915120bcf9fcfac1567f1dc7035664907322ac47efe29?s=96&d=mm&r=g\",\"contentUrl\":\"https:\/\/secure.gravatar.com\/avatar\/14e8d3d8841cd0bdf69915120bcf9fcfac1567f1dc7035664907322ac47efe29?s=96&d=mm&r=g\",\"caption\":\"dypall\"},\"url\":\"https:\/\/dypall.com\/lv\/author\/dypall_info\/\"}]}<\/script>\n<!-- \/ Yoast SEO plugin. -->","yoast_head_json":{"title":"International Conference: How to cultivate a culture of innovation and an entrepreneurial mindset in schools? - DYPALL Network","robots":{"index":"index","follow":"follow","max-snippet":"max-snippet:-1","max-image-preview":"max-image-preview:large","max-video-preview":"max-video-preview:-1"},"canonical":"https:\/\/dypall.com\/lv\/activity\/international-conference-how-to-cultivate-a-culture-of-innovation-and-an-entrepreneurial-mindset-in-schools\/","og_locale":"lv_LV","og_type":"article","og_title":"International Conference: How to cultivate a culture of innovation and an entrepreneurial mindset in schools? - DYPALL Network","og_description":"Join us for the international conference &#8220;How to cultivate a culture of innovation and an entrepreneurial mindset in schools?&#8221; Date: 11th March 16:00 CET (90 minutes) Register here: https:\/\/us02web.zoom.us\/meeting\/register\/tZYlc-ypqzooGtwF5cL_bTzRmU30qrmz4azs Each participant will receive a certificate of participation. Additional information: Entrepreneurship plays a key role in addressing the global challenges of the XXI century, contributing to&hellip; Turpiniet las\u012bt International Conference: How to cultivate a culture of innovation and an entrepreneurial mindset in schools?","og_url":"https:\/\/dypall.com\/lv\/activity\/international-conference-how-to-cultivate-a-culture-of-innovation-and-an-entrepreneurial-mindset-in-schools\/","og_site_name":"DYPALL Network","article_published_time":"2021-03-04T09:21:32+00:00","author":"dypall","twitter_card":"summary_large_image","twitter_misc":{"Written by":"dypall","Est. reading time":"3 min\u016btes"},"schema":{"@context":"https:\/\/schema.org","@graph":[{"@type":"WebPage","@id":"https:\/\/dypall.com\/activity\/international-conference-how-to-cultivate-a-culture-of-innovation-and-an-entrepreneurial-mindset-in-schools\/","url":"https:\/\/dypall.com\/activity\/international-conference-how-to-cultivate-a-culture-of-innovation-and-an-entrepreneurial-mindset-in-schools\/","name":"International Conference: How to cultivate a culture of innovation and an entrepreneurial mindset in schools? - DYPALL Network","isPartOf":{"@id":"https:\/\/dypall.com\/#website"},"primaryImageOfPage":{"@id":"https:\/\/dypall.com\/activity\/international-conference-how-to-cultivate-a-culture-of-innovation-and-an-entrepreneurial-mindset-in-schools\/#primaryimage"},"image":{"@id":"https:\/\/dypall.com\/activity\/international-conference-how-to-cultivate-a-culture-of-innovation-and-an-entrepreneurial-mindset-in-schools\/#primaryimage"},"thumbnailUrl":"","datePublished":"2021-03-04T09:21:32+00:00","dateModified":"2021-03-04T09:21:32+00:00","author":{"@id":"https:\/\/dypall.com\/#\/schema\/person\/206350efe851997fcdedef75d118766b"},"breadcrumb":{"@id":"https:\/\/dypall.com\/activity\/international-conference-how-to-cultivate-a-culture-of-innovation-and-an-entrepreneurial-mindset-in-schools\/#breadcrumb"},"inLanguage":"lv-LV","potentialAction":[{"@type":"ReadAction","target":["https:\/\/dypall.com\/activity\/international-conference-how-to-cultivate-a-culture-of-innovation-and-an-entrepreneurial-mindset-in-schools\/"]}]},{"@type":"ImageObject","inLanguage":"lv-LV","@id":"https:\/\/dypall.com\/activity\/international-conference-how-to-cultivate-a-culture-of-innovation-and-an-entrepreneurial-mindset-in-schools\/#primaryimage","url":"","contentUrl":""},{"@type":"BreadcrumbList","@id":"https:\/\/dypall.com\/activity\/international-conference-how-to-cultivate-a-culture-of-innovation-and-an-entrepreneurial-mindset-in-schools\/#breadcrumb","itemListElement":[{"@type":"ListItem","position":1,"name":"Home","item":"https:\/\/dypall.com\/"},{"@type":"ListItem","position":2,"name":"International Conference: How to cultivate a culture of innovation and an entrepreneurial mindset in schools?"}]},{"@type":"WebSite","@id":"https:\/\/dypall.com\/#website","url":"https:\/\/dypall.com\/","name":"DYPALL Network","description":"We are a European network of civil society organisations, municipalities and research institutions dedicated to improving democracy through youth participation.","potentialAction":[{"@type":"SearchAction","target":{"@type":"EntryPoint","urlTemplate":"https:\/\/dypall.com\/?s={search_term_string}"},"query-input":"required name=search_term_string"}],"inLanguage":"lv-LV"},{"@type":"Person","@id":"https:\/\/dypall.com\/#\/schema\/person\/206350efe851997fcdedef75d118766b","name":"dypall","image":{"@type":"ImageObject","inLanguage":"lv-LV","@id":"https:\/\/dypall.com\/#\/schema\/person\/image\/","url":"https:\/\/secure.gravatar.com\/avatar\/14e8d3d8841cd0bdf69915120bcf9fcfac1567f1dc7035664907322ac47efe29?s=96&d=mm&r=g","contentUrl":"https:\/\/secure.gravatar.com\/avatar\/14e8d3d8841cd0bdf69915120bcf9fcfac1567f1dc7035664907322ac47efe29?s=96&d=mm&r=g","caption":"dypall"},"url":"https:\/\/dypall.com\/lv\/author\/dypall_info\/"}]}},"jetpack_featured_media_url":"","jetpack_sharing_enabled":true,"_links":{"self":[{"href":"https:\/\/dypall.com\/lv\/wp-json\/wp\/v2\/posts\/4804","targetHints":{"allow":["GET"]}}],"collection":[{"href":"https:\/\/dypall.com\/lv\/wp-json\/wp\/v2\/posts"}],"about":[{"href":"https:\/\/dypall.com\/lv\/wp-json\/wp\/v2\/types\/post"}],"author":[{"embeddable":true,"href":"https:\/\/dypall.com\/lv\/wp-json\/wp\/v2\/users\/2"}],"replies":[{"embeddable":true,"href":"https:\/\/dypall.com\/lv\/wp-json\/wp\/v2\/comments?post=4804"}],"version-history":[{"count":0,"href":"https:\/\/dypall.com\/lv\/wp-json\/wp\/v2\/posts\/4804\/revisions"}],"wp:featuredmedia":[{"embeddable":true,"href":"https:\/\/dypall.com\/lv\/wp-json\/"}],"wp:attachment":[{"href":"https:\/\/dypall.com\/lv\/wp-json\/wp\/v2\/media?parent=4804"}],"wp:term":[{"taxonomy":"category","embeddable":true,"href":"https:\/\/dypall.com\/lv\/wp-json\/wp\/v2\/categories?post=4804"},{"taxonomy":"post_tag","embeddable":true,"href":"https:\/\/dypall.com\/lv\/wp-json\/wp\/v2\/tags?post=4804"}],"curies":[{"name":"wp","href":"https:\/\/api.w.org\/{rel}","templated":true}]}}