{"id":4678,"date":"2021-01-26T15:42:23","date_gmt":"2021-01-26T15:42:23","guid":{"rendered":"https:\/\/dypall.com\/?p=4678"},"modified":"2021-01-26T15:42:23","modified_gmt":"2021-01-26T15:42:23","slug":"to-the-point-on-the-new-erasmus-programme","status":"publish","type":"post","link":"https:\/\/dypall.com\/lv\/activity\/to-the-point-on-the-new-erasmus-programme\/","title":{"rendered":"PUNKTS par jauno programmu \u201cErasmus+\u201d"},"content":{"rendered":"<p><a href=\"https:\/\/dypall.com\/lv\/2021\/01\/26\/to-the-point-on-the-new-erasmus-programme\/picture_poster-2_to-the-point\/#main\" rel=\"attachment wp-att-4679\"><img loading=\"lazy\" decoding=\"async\" class=\"aligncenter size-large wp-image-4679\" src=\"https:\/\/dypall.com\/wp-content\/uploads\/2021\/01\/Picture_Poster-2_To-the-Point-1024x576.png\" alt=\"\" width=\"1024\" height=\"576\" \/><\/a><\/p>\n<p>\u0160odien m\u0113s tik\u0101mies tie\u0161saist\u0113 ar DYPALL t\u012bkla locek\u013ciem un draugiem, lai piedal\u012btos m\u016bsu otraj\u0101 izdevum\u0101. <strong>Punktu s\u0113rija par jaunie\u0161u l\u012bdzdal\u012bbu.\u00a0<\/strong>\u0160oreiz m\u0113s iepaz\u012bstin\u0101j\u0101m ar <strong>galven\u0101s at\u0161\u0137ir\u012bbas starp veco un jauno programmu \u201cErasmus+\u201d<\/strong>.<\/p>\n<p>Lai gan programma kav\u0113jas, mums izdev\u0101s apkopot daudz noder\u012bgas inform\u0101cijas, pamatojoties uz da\u017e\u0101du valstu a\u0123ent\u016bru prezent\u0101cij\u0101m. K\u0101 tas izskat\u0101s?<\/p>\n<ul>\n<li>80% liel\u0101ks bud\u017eets, kas palielin\u0101ts no 14,7 miljardiem EUR 2014.\u20132020. gad\u0101 l\u012bdz vair\u0101k nek\u0101 26 miljardiem EUR 2021.\u20132027. gad\u0101;<\/li>\n<li>par \u201cErasmus+\u201d mobilit\u0101ti atbild\u012bgo organiz\u0101ciju un konsorciju akredit\u0101cija<\/li>\n<li>jaunas darb\u012bbas saska\u0146\u0101 ar 1. pamatdarb\u012bbu (DiscoberEU, jaunie\u0161u l\u012bdzdal\u012bbas pas\u0101kumi) un 2. pamatdarb\u012bbu (maza m\u0113roga projekti, uz n\u0101kotni v\u0113rsti projekti)<\/li>\n<li>za\u013c\u0101ka, iek\u013caujo\u0161\u0101ka un digit\u0101l\u0101ka programma \u201cErasmus+\u201d<\/li>\n<\/ul>\n<p>\u0160\u012bs ir p\u0101rmai\u0146as, ar kur\u0101m m\u0113s gaid\u0101m un kur\u0101m var\u0113tu b\u016bt b\u016btiska pozit\u012bva ietekme uz darbu ar jaunatni.<\/p>\n<p>\u0160odienas pas\u0101kums UZ PUNKTU ir atv\u0113rts sabiedr\u012bbai. T\u0101 v\u0113rsa uzman\u012bbu uz vair\u0101k nek\u0101 60 dal\u012bbniekiem no 21 valsts. M\u0113s ar nepaciet\u012bbu gaid\u0101m \u0161\u0101dus interesantus mirk\u013cus n\u0101kotn\u0113.<\/p>\n<p>&nbsp;<\/p>\n<p><strong>Uz punktu<\/strong> ir <strong>virkne tie\u0161saistes mirk\u013cu<\/strong>, kur m\u0113s vai uzaicin\u0101tie eksperti sniedzam v\u0113rt\u012bgu ieguld\u012bjumu jaunie\u0161u l\u012bdzdal\u012bb\u0101. S\u0101kot ar 2021. gada 12. janv\u0101ri, m\u0113s tiksimies katru otro ned\u0113\u013cu tikai stundas garum\u0101, lai sniegtu ieguld\u012bjumu, uzdotu jaut\u0101jumus un veidotu kontaktus.<\/p>\n<p>N\u0101kamajai san\u0101ksmei m\u0113s sagatavoj\u0101m:<\/p>\n<ul>\n<li>PUNKTS par jaunie\u0161u e-l\u012bdzdal\u012bbu \u2013 09\/02\/2021 (plkst. 10.00 p\u0113c Centr\u0101leiropas laika)<\/li>\n<\/ul>\n<div class=\"o9v6fnle cxmmr5t8 oygrvhab hcukyx3x c1et5uql ii04i59q\">\n<div dir=\"auto\">\u0160\u012b san\u0101ksme b\u016bs paredz\u0113ta tikai m\u016bsu t\u012bkla dal\u012bbniekiem, bet da\u017ei no gaid\u0101majiem s\u0113rijas pas\u0101kumiem b\u016bs publiski pieejami. Sekojiet l\u012bdzi un sekojiet m\u016bsu <span style=\"color: #0000ff;\"><a style=\"color: #0000ff;\" href=\"https:\/\/www.facebook.com\/DYPALLNetwork\" target=\"_blank\" rel=\"noopener noreferrer\">soci\u0101lie mediji<\/a><\/span> ja j\u016bs interes\u0113 dal\u012bba.<\/div>\n<\/div>\n<div dir=\"auto\"><\/div>\n<div dir=\"auto\"><\/div>\n<div dir=\"auto\"><a href=\"https:\/\/dypall.com\/lv\/2021\/01\/26\/to-the-point-on-the-new-erasmus-programme\/whatsapp-image-2021-01-26-at-17-40-49-2\/#main\" rel=\"attachment wp-att-4686\"><img loading=\"lazy\" decoding=\"async\" class=\"aligncenter size-full wp-image-4686\" src=\"https:\/\/dypall.com\/wp-content\/uploads\/2021\/01\/WhatsApp-Image-2021-01-26-at-17.40.49-2.jpeg\" alt=\"\" width=\"979\" height=\"640\" \/><\/a><\/div>\n<div dir=\"auto\"><a href=\"https:\/\/dypall.com\/lv\/2021\/01\/26\/to-the-point-on-the-new-erasmus-programme\/whatsapp-image-2021-01-26-at-17-40-48-3\/#main\" rel=\"attachment wp-att-4689\"><img loading=\"lazy\" decoding=\"async\" class=\"aligncenter size-large wp-image-4689\" src=\"https:\/\/dypall.com\/wp-content\/uploads\/2021\/01\/WhatsApp-Image-2021-01-26-at-17.40.48-3-1024x475.jpeg\" alt=\"\" width=\"1024\" height=\"475\" \/><\/a><\/div>","protected":false},"excerpt":{"rendered":"<p>\u0160odien m\u0113s tie\u0161saist\u0113 tik\u0101mies ar DYPALL t\u012bkla locek\u013ciem un draugiem, lai otro reizi r\u012bkotu m\u016bsu s\u0113rijas TO THE POINT br\u012b\u017eus par jaunie\u0161u l\u012bdzdal\u012bbu.\u00a0\u0160oreiz m\u0113s iepaz\u012bstin\u0101j\u0101m ar galvenaj\u0101m at\u0161\u0137ir\u012bb\u0101m starp veco un jauno programmu \u201cErasmus+\u201d. Lai gan programma tiek aizkav\u0113ta, mums izdev\u0101s apkopot daudz noder\u012bgas inform\u0101cijas, pamatojoties uz... <a class=\"more-link\" href=\"https:\/\/dypall.com\/lv\/activity\/to-the-point-on-the-new-erasmus-programme\/\">Turpiniet las\u012bt <span class=\"screen-reader-text\">PUNKTS par jauno programmu \u201cErasmus+\u201d<\/span><\/a><\/p>","protected":false},"author":2,"featured_media":4683,"comment_status":"closed","ping_status":"open","sticky":false,"template":"","format":"standard","meta":{"_acf_changed":false,"_jetpack_memberships_contains_paid_content":false,"footnotes":""},"categories":[111],"tags":[],"class_list":["post-4678","post","type-post","status-publish","format-standard","has-post-thumbnail","hentry","category-activity","entry"],"acf":[],"yoast_head":"<!-- This site is optimized with the Yoast SEO plugin v22.8 - https:\/\/yoast.com\/wordpress\/plugins\/seo\/ -->\n<title>TO THE POINT on the new Erasmus+ programme - DYPALL Network<\/title>\n<meta name=\"robots\" content=\"index, follow, max-snippet:-1, max-image-preview:large, max-video-preview:-1\" \/>\n<link rel=\"canonical\" href=\"https:\/\/dypall.com\/lv\/activity\/to-the-point-on-the-new-erasmus-programme\/\" \/>\n<meta property=\"og:locale\" content=\"lv_LV\" \/>\n<meta property=\"og:type\" content=\"article\" \/>\n<meta property=\"og:title\" content=\"TO THE POINT on the new Erasmus+ programme - DYPALL Network\" \/>\n<meta property=\"og:description\" content=\"Today we met online with members and friends of DYPALL Network for the second edition of our TO THE POINT series of moments on youth participation.\u00a0This time we presented the key differences between the old and new Erasmus+ programme. Although the programme is being delayed, we managed to gather a lot of useful information based&hellip; Turpiniet las\u012bt TO THE POINT on the new Erasmus+ programme\" \/>\n<meta property=\"og:url\" content=\"https:\/\/dypall.com\/lv\/activity\/to-the-point-on-the-new-erasmus-programme\/\" \/>\n<meta property=\"og:site_name\" content=\"DYPALL Network\" \/>\n<meta property=\"article:published_time\" content=\"2021-01-26T15:42:23+00:00\" \/>\n<meta name=\"author\" content=\"dypall\" \/>\n<meta name=\"twitter:card\" content=\"summary_large_image\" \/>\n<meta name=\"twitter:label1\" content=\"Written by\" \/>\n\t<meta name=\"twitter:data1\" content=\"dypall\" \/>\n\t<meta name=\"twitter:label2\" content=\"Est. reading time\" \/>\n\t<meta name=\"twitter:data2\" content=\"1 min\u016bte\" \/>\n<script type=\"application\/ld+json\" class=\"yoast-schema-graph\">{\"@context\":\"https:\/\/schema.org\",\"@graph\":[{\"@type\":\"WebPage\",\"@id\":\"https:\/\/dypall.com\/activity\/to-the-point-on-the-new-erasmus-programme\/\",\"url\":\"https:\/\/dypall.com\/activity\/to-the-point-on-the-new-erasmus-programme\/\",\"name\":\"TO THE POINT on the new Erasmus+ programme - DYPALL Network\",\"isPartOf\":{\"@id\":\"https:\/\/dypall.com\/#website\"},\"primaryImageOfPage\":{\"@id\":\"https:\/\/dypall.com\/activity\/to-the-point-on-the-new-erasmus-programme\/#primaryimage\"},\"image\":{\"@id\":\"https:\/\/dypall.com\/activity\/to-the-point-on-the-new-erasmus-programme\/#primaryimage\"},\"thumbnailUrl\":\"\",\"datePublished\":\"2021-01-26T15:42:23+00:00\",\"dateModified\":\"2021-01-26T15:42:23+00:00\",\"author\":{\"@id\":\"https:\/\/dypall.com\/#\/schema\/person\/206350efe851997fcdedef75d118766b\"},\"breadcrumb\":{\"@id\":\"https:\/\/dypall.com\/activity\/to-the-point-on-the-new-erasmus-programme\/#breadcrumb\"},\"inLanguage\":\"lv-LV\",\"potentialAction\":[{\"@type\":\"ReadAction\",\"target\":[\"https:\/\/dypall.com\/activity\/to-the-point-on-the-new-erasmus-programme\/\"]}]},{\"@type\":\"ImageObject\",\"inLanguage\":\"lv-LV\",\"@id\":\"https:\/\/dypall.com\/activity\/to-the-point-on-the-new-erasmus-programme\/#primaryimage\",\"url\":\"\",\"contentUrl\":\"\"},{\"@type\":\"BreadcrumbList\",\"@id\":\"https:\/\/dypall.com\/activity\/to-the-point-on-the-new-erasmus-programme\/#breadcrumb\",\"itemListElement\":[{\"@type\":\"ListItem\",\"position\":1,\"name\":\"Home\",\"item\":\"https:\/\/dypall.com\/\"},{\"@type\":\"ListItem\",\"position\":2,\"name\":\"TO THE POINT on the new Erasmus+ programme\"}]},{\"@type\":\"WebSite\",\"@id\":\"https:\/\/dypall.com\/#website\",\"url\":\"https:\/\/dypall.com\/\",\"name\":\"DYPALL Network\",\"description\":\"We are a European network of civil society organisations, municipalities and research institutions dedicated to improving democracy through youth participation.\",\"potentialAction\":[{\"@type\":\"SearchAction\",\"target\":{\"@type\":\"EntryPoint\",\"urlTemplate\":\"https:\/\/dypall.com\/?s={search_term_string}\"},\"query-input\":\"required name=search_term_string\"}],\"inLanguage\":\"lv-LV\"},{\"@type\":\"Person\",\"@id\":\"https:\/\/dypall.com\/#\/schema\/person\/206350efe851997fcdedef75d118766b\",\"name\":\"dypall\",\"image\":{\"@type\":\"ImageObject\",\"inLanguage\":\"lv-LV\",\"@id\":\"https:\/\/dypall.com\/#\/schema\/person\/image\/\",\"url\":\"https:\/\/secure.gravatar.com\/avatar\/14e8d3d8841cd0bdf69915120bcf9fcfac1567f1dc7035664907322ac47efe29?s=96&d=mm&r=g\",\"contentUrl\":\"https:\/\/secure.gravatar.com\/avatar\/14e8d3d8841cd0bdf69915120bcf9fcfac1567f1dc7035664907322ac47efe29?s=96&d=mm&r=g\",\"caption\":\"dypall\"},\"url\":\"https:\/\/dypall.com\/lv\/author\/dypall_info\/\"}]}<\/script>\n<!-- \/ Yoast SEO plugin. -->","yoast_head_json":{"title":"TO THE POINT on the new Erasmus+ programme - DYPALL Network","robots":{"index":"index","follow":"follow","max-snippet":"max-snippet:-1","max-image-preview":"max-image-preview:large","max-video-preview":"max-video-preview:-1"},"canonical":"https:\/\/dypall.com\/lv\/activity\/to-the-point-on-the-new-erasmus-programme\/","og_locale":"lv_LV","og_type":"article","og_title":"TO THE POINT on the new Erasmus+ programme - DYPALL Network","og_description":"Today we met online with members and friends of DYPALL Network for the second edition of our TO THE POINT series of moments on youth participation.\u00a0This time we presented the key differences between the old and new Erasmus+ programme. Although the programme is being delayed, we managed to gather a lot of useful information based&hellip; Turpiniet las\u012bt TO THE POINT on the new Erasmus+ programme","og_url":"https:\/\/dypall.com\/lv\/activity\/to-the-point-on-the-new-erasmus-programme\/","og_site_name":"DYPALL Network","article_published_time":"2021-01-26T15:42:23+00:00","author":"dypall","twitter_card":"summary_large_image","twitter_misc":{"Written by":"dypall","Est. reading time":"1 min\u016bte"},"schema":{"@context":"https:\/\/schema.org","@graph":[{"@type":"WebPage","@id":"https:\/\/dypall.com\/activity\/to-the-point-on-the-new-erasmus-programme\/","url":"https:\/\/dypall.com\/activity\/to-the-point-on-the-new-erasmus-programme\/","name":"TO THE POINT on the new Erasmus+ programme - DYPALL Network","isPartOf":{"@id":"https:\/\/dypall.com\/#website"},"primaryImageOfPage":{"@id":"https:\/\/dypall.com\/activity\/to-the-point-on-the-new-erasmus-programme\/#primaryimage"},"image":{"@id":"https:\/\/dypall.com\/activity\/to-the-point-on-the-new-erasmus-programme\/#primaryimage"},"thumbnailUrl":"","datePublished":"2021-01-26T15:42:23+00:00","dateModified":"2021-01-26T15:42:23+00:00","author":{"@id":"https:\/\/dypall.com\/#\/schema\/person\/206350efe851997fcdedef75d118766b"},"breadcrumb":{"@id":"https:\/\/dypall.com\/activity\/to-the-point-on-the-new-erasmus-programme\/#breadcrumb"},"inLanguage":"lv-LV","potentialAction":[{"@type":"ReadAction","target":["https:\/\/dypall.com\/activity\/to-the-point-on-the-new-erasmus-programme\/"]}]},{"@type":"ImageObject","inLanguage":"lv-LV","@id":"https:\/\/dypall.com\/activity\/to-the-point-on-the-new-erasmus-programme\/#primaryimage","url":"","contentUrl":""},{"@type":"BreadcrumbList","@id":"https:\/\/dypall.com\/activity\/to-the-point-on-the-new-erasmus-programme\/#breadcrumb","itemListElement":[{"@type":"ListItem","position":1,"name":"Home","item":"https:\/\/dypall.com\/"},{"@type":"ListItem","position":2,"name":"TO THE POINT on the new Erasmus+ programme"}]},{"@type":"WebSite","@id":"https:\/\/dypall.com\/#website","url":"https:\/\/dypall.com\/","name":"DYPALL Network","description":"We are a European network of civil society organisations, municipalities and research institutions dedicated to improving democracy through youth participation.","potentialAction":[{"@type":"SearchAction","target":{"@type":"EntryPoint","urlTemplate":"https:\/\/dypall.com\/?s={search_term_string}"},"query-input":"required name=search_term_string"}],"inLanguage":"lv-LV"},{"@type":"Person","@id":"https:\/\/dypall.com\/#\/schema\/person\/206350efe851997fcdedef75d118766b","name":"dypall","image":{"@type":"ImageObject","inLanguage":"lv-LV","@id":"https:\/\/dypall.com\/#\/schema\/person\/image\/","url":"https:\/\/secure.gravatar.com\/avatar\/14e8d3d8841cd0bdf69915120bcf9fcfac1567f1dc7035664907322ac47efe29?s=96&d=mm&r=g","contentUrl":"https:\/\/secure.gravatar.com\/avatar\/14e8d3d8841cd0bdf69915120bcf9fcfac1567f1dc7035664907322ac47efe29?s=96&d=mm&r=g","caption":"dypall"},"url":"https:\/\/dypall.com\/lv\/author\/dypall_info\/"}]}},"jetpack_featured_media_url":"","jetpack_sharing_enabled":true,"_links":{"self":[{"href":"https:\/\/dypall.com\/lv\/wp-json\/wp\/v2\/posts\/4678","targetHints":{"allow":["GET"]}}],"collection":[{"href":"https:\/\/dypall.com\/lv\/wp-json\/wp\/v2\/posts"}],"about":[{"href":"https:\/\/dypall.com\/lv\/wp-json\/wp\/v2\/types\/post"}],"author":[{"embeddable":true,"href":"https:\/\/dypall.com\/lv\/wp-json\/wp\/v2\/users\/2"}],"replies":[{"embeddable":true,"href":"https:\/\/dypall.com\/lv\/wp-json\/wp\/v2\/comments?post=4678"}],"version-history":[{"count":0,"href":"https:\/\/dypall.com\/lv\/wp-json\/wp\/v2\/posts\/4678\/revisions"}],"wp:featuredmedia":[{"embeddable":true,"href":"https:\/\/dypall.com\/lv\/wp-json\/"}],"wp:attachment":[{"href":"https:\/\/dypall.com\/lv\/wp-json\/wp\/v2\/media?parent=4678"}],"wp:term":[{"taxonomy":"category","embeddable":true,"href":"https:\/\/dypall.com\/lv\/wp-json\/wp\/v2\/categories?post=4678"},{"taxonomy":"post_tag","embeddable":true,"href":"https:\/\/dypall.com\/lv\/wp-json\/wp\/v2\/tags?post=4678"}],"curies":[{"name":"wp","href":"https:\/\/api.w.org\/{rel}","templated":true}]}}