{"id":4012,"date":"2019-10-28T14:30:41","date_gmt":"2019-10-28T13:30:41","guid":{"rendered":"http:\/\/dypall.com\/?p=4012"},"modified":"2019-10-28T14:30:41","modified_gmt":"2019-10-28T13:30:41","slug":"study-visit-local-youth-policies-on-social-entrepreneurship-2-2","status":"publish","type":"post","link":"https:\/\/dypall.com\/lv\/activity\/study-visit-local-youth-policies-on-social-entrepreneurship-2-2\/","title":{"rendered":"Izp\u0113tes viz\u012bte \u201cViet\u0113j\u0101 jaunatnes politika soci\u0101l\u0101s uz\u0146\u0113m\u0113jdarb\u012bbas jom\u0101\u201d"},"content":{"rendered":"<p>No 21 gada<sup>st<\/sup>-26<sup>th<\/sup> Oktobr\u012b Tilburg\u0101 (N\u012bderland\u0113) notika izp\u0113tes viz\u012bte \u201cViet\u0113j\u0101 jaunatnes politika soci\u0101l\u0101s uz\u0146\u0113m\u0113jdarb\u012bbas jom\u0101\u201d. \u0160\u012b izp\u0113tes viz\u012bte ir otr\u0101 no div\u0101m projekta viz\u012bt\u0113m, pirm\u0101 Portug\u0101l\u0113 (2019. gada maij\u0101), ko organiz\u0113 DYPALL Network sadarb\u012bb\u0101 ar R-Newt (N\u012bderland\u0113).<\/p>\n<p>Ned\u0113\u013cas laik\u0101 dal\u012bbnieki var\u0113ja redz\u0113t da\u017e\u0101das jaunie\u0161u soci\u0101l\u0101s uz\u0146\u0113m\u0113jdarb\u012bbas prakses un mode\u013cus, k\u0101 ar\u012b meh\u0101nismus un strukt\u016bras, kas atbalsta \u0161\u0101das prakses, k\u0101 ar\u012b nodot \u0161o pieredzi savai viet\u0113jai realit\u0101tei.<\/p>\n<p>Viz\u012btes m\u0113r\u0137is bija \u013caut dal\u012bbniekiem ieg\u016bt prasmes un zin\u0101\u0161anas, lai atbalst\u012btu jaunie\u0161us uz\u0146\u0113m\u0113jdarb\u012bbas s\u0101k\u0161an\u0101, veidojot dzi\u013c\u0101ku izpratni par jaunie\u0161u soci\u0101l\u0101s uz\u0146\u0113m\u0113jdarb\u012bbas da\u017e\u0101daj\u0101m realit\u0101t\u0113m, pieredzi un iesp\u0113j\u0101m un viet\u0113jo jaunatnes politiku soci\u0101lajai uz\u0146\u0113m\u0113jdarb\u012bbai, kuras m\u0113r\u0137is ir iek\u013caut migrantu izcelsmes jaunie\u0161us.<\/p>\n<p>Izp\u0113tes viz\u012btes ned\u0113\u013cas programm\u0101 dal\u012bbnieki apmekl\u0113ja da\u017e\u0101dus Tilburg\u0101 \u012bstenotus uz\u0146\u0113m\u0113jdarb\u012bbas uz\u0146\u0113mumus un idejas un apsprieda to rad\u012bt\u0101jus. Turkl\u0101t dal\u012bbnieki apmekl\u0113ja Tilburgas pa\u0161vald\u012bbu un uzzin\u0101ja, k\u0101 vi\u0146i veicina jaunie\u0161u l\u012bdzdal\u012bbu viet\u0113j\u0101 l\u012bmen\u012b.<\/p>\n<p>Tika prezent\u0113tas daudzas interesantas programmas jaunie\u0161u iesaist\u012b\u0161anai soci\u0101laj\u0101 uz\u0146\u0113m\u0113jdarb\u012bb\u0101, un tika izstr\u0101d\u0101ti secin\u0101jumi un r\u012bc\u012bbas pl\u0101ni, lai atspogu\u013cotu Tilburgas pieredzi dal\u012bbnieku viet\u0113j\u0101 realit\u0101t\u0113.<\/p>\n<p><img loading=\"lazy\" decoding=\"async\" class=\"aligncenter size-large wp-image-4013\" src=\"http:\/\/dypall.com\/wp-content\/uploads\/2019\/10\/Adjustments-82-1024x768.jpeg\" alt=\"\" width=\"1024\" height=\"768\" \/><\/p>\n<p><img loading=\"lazy\" decoding=\"async\" class=\"aligncenter size-large wp-image-4014\" src=\"http:\/\/dypall.com\/wp-content\/uploads\/2019\/10\/Adjustments-129-1024x768.jpeg\" alt=\"\" width=\"1024\" height=\"768\" \/><\/p>\n<p><img loading=\"lazy\" decoding=\"async\" class=\"aligncenter size-large wp-image-4015\" src=\"http:\/\/dypall.com\/wp-content\/uploads\/2019\/10\/Adjustments-210-1024x768.jpeg\" alt=\"\" width=\"1024\" height=\"768\" \/><\/p>\n<p><img loading=\"lazy\" decoding=\"async\" class=\"aligncenter size-large wp-image-4016\" src=\"http:\/\/dypall.com\/wp-content\/uploads\/2019\/10\/Adjustments-14-1024x768.jpeg\" alt=\"\" width=\"1024\" height=\"768\" \/><\/p>\n<p><img loading=\"lazy\" decoding=\"async\" class=\"aligncenter size-large wp-image-4018\" src=\"http:\/\/dypall.com\/wp-content\/uploads\/2019\/10\/Adjustments-53-1024x768.jpeg\" alt=\"\" width=\"1024\" height=\"768\" \/><\/p>\n<p><img loading=\"lazy\" decoding=\"async\" class=\"aligncenter size-large wp-image-4022\" src=\"http:\/\/dypall.com\/wp-content\/uploads\/2019\/10\/Adjustments-110-1024x768.jpeg\" alt=\"\" width=\"1024\" height=\"768\" \/><\/p>","protected":false},"excerpt":{"rendered":"<p>No 21. l\u012bdz 26. oktobrim Tilburg\u0101 (N\u012bderland\u0113) notika izp\u0113tes viz\u012bte \u201cViet\u0113j\u0101 jaunatnes politika soci\u0101l\u0101s uz\u0146\u0113m\u0113jdarb\u012bbas jom\u0101\u201d. \u0160\u012b izp\u0113tes viz\u012bte ir otr\u0101 no div\u0101m projekta viz\u012bt\u0113m, pirm\u0101 Portug\u0101l\u0113 (2019. gada maij\u0101), ko organiz\u0113 DYPALL Network sadarb\u012bb\u0101 ar R-Newt (N\u012bderland\u0113). Ned\u0113\u013cas laik\u0101 dal\u012bbnieki var\u0113ja redz\u0113t... <a class=\"more-link\" href=\"https:\/\/dypall.com\/lv\/activity\/study-visit-local-youth-policies-on-social-entrepreneurship-2-2\/\">Turpiniet las\u012bt <span class=\"screen-reader-text\">Izp\u0113tes viz\u012bte \u201cViet\u0113j\u0101 jaunatnes politika soci\u0101l\u0101s uz\u0146\u0113m\u0113jdarb\u012bbas jom\u0101\u201d<\/span><\/a><\/p>","protected":false},"author":1,"featured_media":4015,"comment_status":"closed","ping_status":"open","sticky":false,"template":"","format":"standard","meta":{"_acf_changed":false,"_jetpack_memberships_contains_paid_content":false,"footnotes":""},"categories":[111,152],"tags":[129],"class_list":["post-4012","post","type-post","status-publish","format-standard","has-post-thumbnail","hentry","category-activity","category-study-visits","tag-study-visit","entry"],"acf":[],"yoast_head":"<!-- This site is optimized with the Yoast SEO plugin v22.8 - https:\/\/yoast.com\/wordpress\/plugins\/seo\/ -->\n<title>Study visit \u201cLocal youth policies on social entrepreneurship\u201d - DYPALL Network<\/title>\n<meta name=\"robots\" content=\"index, follow, max-snippet:-1, max-image-preview:large, max-video-preview:-1\" \/>\n<link rel=\"canonical\" href=\"https:\/\/dypall.com\/lv\/activity\/study-visit-local-youth-policies-on-social-entrepreneurship-2-2\/\" \/>\n<meta property=\"og:locale\" content=\"lv_LV\" \/>\n<meta property=\"og:type\" content=\"article\" \/>\n<meta property=\"og:title\" content=\"Study visit \u201cLocal youth policies on social entrepreneurship\u201d - DYPALL Network\" \/>\n<meta property=\"og:description\" content=\"From the 21st-26th October, the Study visit \u201cLocal youth policies on social entrepreneurship\u201d took place in Tilburg, Netherlands. This study visit is the second of two visits that composed the project, the first in Portugal (May 2019), organized by DYPALL Network in cooperation with R-Newt (Netherlands). During the week, participants were able to see a&hellip; Turpiniet las\u012bt Study visit \u201cLocal youth policies on social entrepreneurship\u201d\" \/>\n<meta property=\"og:url\" content=\"https:\/\/dypall.com\/lv\/activity\/study-visit-local-youth-policies-on-social-entrepreneurship-2-2\/\" \/>\n<meta property=\"og:site_name\" content=\"DYPALL Network\" \/>\n<meta property=\"article:published_time\" content=\"2019-10-28T13:30:41+00:00\" \/>\n<meta name=\"author\" content=\"DYPALL Network\" \/>\n<meta name=\"twitter:card\" content=\"summary_large_image\" \/>\n<meta name=\"twitter:label1\" content=\"Written by\" \/>\n\t<meta name=\"twitter:data1\" content=\"DYPALL Network\" \/>\n\t<meta name=\"twitter:label2\" content=\"Est. reading time\" \/>\n\t<meta name=\"twitter:data2\" content=\"1 min\u016bte\" \/>\n<script type=\"application\/ld+json\" class=\"yoast-schema-graph\">{\"@context\":\"https:\/\/schema.org\",\"@graph\":[{\"@type\":\"WebPage\",\"@id\":\"https:\/\/dypall.com\/activity\/study-visit-local-youth-policies-on-social-entrepreneurship-2-2\/\",\"url\":\"https:\/\/dypall.com\/activity\/study-visit-local-youth-policies-on-social-entrepreneurship-2-2\/\",\"name\":\"Study visit \u201cLocal youth policies on social entrepreneurship\u201d - DYPALL Network\",\"isPartOf\":{\"@id\":\"https:\/\/dypall.com\/#website\"},\"primaryImageOfPage\":{\"@id\":\"https:\/\/dypall.com\/activity\/study-visit-local-youth-policies-on-social-entrepreneurship-2-2\/#primaryimage\"},\"image\":{\"@id\":\"https:\/\/dypall.com\/activity\/study-visit-local-youth-policies-on-social-entrepreneurship-2-2\/#primaryimage\"},\"thumbnailUrl\":\"\",\"datePublished\":\"2019-10-28T13:30:41+00:00\",\"dateModified\":\"2019-10-28T13:30:41+00:00\",\"author\":{\"@id\":\"https:\/\/dypall.com\/#\/schema\/person\/f92e08aa15c8ba711a9d153129f03377\"},\"breadcrumb\":{\"@id\":\"https:\/\/dypall.com\/activity\/study-visit-local-youth-policies-on-social-entrepreneurship-2-2\/#breadcrumb\"},\"inLanguage\":\"lv-LV\",\"potentialAction\":[{\"@type\":\"ReadAction\",\"target\":[\"https:\/\/dypall.com\/activity\/study-visit-local-youth-policies-on-social-entrepreneurship-2-2\/\"]}]},{\"@type\":\"ImageObject\",\"inLanguage\":\"lv-LV\",\"@id\":\"https:\/\/dypall.com\/activity\/study-visit-local-youth-policies-on-social-entrepreneurship-2-2\/#primaryimage\",\"url\":\"\",\"contentUrl\":\"\"},{\"@type\":\"BreadcrumbList\",\"@id\":\"https:\/\/dypall.com\/activity\/study-visit-local-youth-policies-on-social-entrepreneurship-2-2\/#breadcrumb\",\"itemListElement\":[{\"@type\":\"ListItem\",\"position\":1,\"name\":\"Home\",\"item\":\"https:\/\/dypall.com\/\"},{\"@type\":\"ListItem\",\"position\":2,\"name\":\"Study visit \u201cLocal youth policies on social entrepreneurship\u201d\"}]},{\"@type\":\"WebSite\",\"@id\":\"https:\/\/dypall.com\/#website\",\"url\":\"https:\/\/dypall.com\/\",\"name\":\"DYPALL Network\",\"description\":\"We are a European network of civil society organisations, municipalities and research institutions dedicated to improving democracy through youth participation.\",\"potentialAction\":[{\"@type\":\"SearchAction\",\"target\":{\"@type\":\"EntryPoint\",\"urlTemplate\":\"https:\/\/dypall.com\/?s={search_term_string}\"},\"query-input\":\"required name=search_term_string\"}],\"inLanguage\":\"lv-LV\"},{\"@type\":\"Person\",\"@id\":\"https:\/\/dypall.com\/#\/schema\/person\/f92e08aa15c8ba711a9d153129f03377\",\"name\":\"DYPALL Network\",\"image\":{\"@type\":\"ImageObject\",\"inLanguage\":\"lv-LV\",\"@id\":\"https:\/\/dypall.com\/#\/schema\/person\/image\/\",\"url\":\"https:\/\/secure.gravatar.com\/avatar\/9c39e299279800c6d69c5e02cf613e7bab060889f373052a03d7ac399e8f0d3c?s=96&d=mm&r=g\",\"contentUrl\":\"https:\/\/secure.gravatar.com\/avatar\/9c39e299279800c6d69c5e02cf613e7bab060889f373052a03d7ac399e8f0d3c?s=96&d=mm&r=g\",\"caption\":\"DYPALL Network\"},\"sameAs\":[\"https:\/\/dypall.com\"],\"url\":\"https:\/\/dypall.com\/lv\/author\/dypall\/\"}]}<\/script>\n<!-- \/ Yoast SEO plugin. -->","yoast_head_json":{"title":"Study visit \u201cLocal youth policies on social entrepreneurship\u201d - DYPALL Network","robots":{"index":"index","follow":"follow","max-snippet":"max-snippet:-1","max-image-preview":"max-image-preview:large","max-video-preview":"max-video-preview:-1"},"canonical":"https:\/\/dypall.com\/lv\/activity\/study-visit-local-youth-policies-on-social-entrepreneurship-2-2\/","og_locale":"lv_LV","og_type":"article","og_title":"Study visit \u201cLocal youth policies on social entrepreneurship\u201d - DYPALL Network","og_description":"From the 21st-26th October, the Study visit \u201cLocal youth policies on social entrepreneurship\u201d took place in Tilburg, Netherlands. This study visit is the second of two visits that composed the project, the first in Portugal (May 2019), organized by DYPALL Network in cooperation with R-Newt (Netherlands). During the week, participants were able to see a&hellip; Turpiniet las\u012bt Study visit \u201cLocal youth policies on social entrepreneurship\u201d","og_url":"https:\/\/dypall.com\/lv\/activity\/study-visit-local-youth-policies-on-social-entrepreneurship-2-2\/","og_site_name":"DYPALL Network","article_published_time":"2019-10-28T13:30:41+00:00","author":"DYPALL Network","twitter_card":"summary_large_image","twitter_misc":{"Written by":"DYPALL Network","Est. reading time":"1 min\u016bte"},"schema":{"@context":"https:\/\/schema.org","@graph":[{"@type":"WebPage","@id":"https:\/\/dypall.com\/activity\/study-visit-local-youth-policies-on-social-entrepreneurship-2-2\/","url":"https:\/\/dypall.com\/activity\/study-visit-local-youth-policies-on-social-entrepreneurship-2-2\/","name":"Study visit \u201cLocal youth policies on social entrepreneurship\u201d - DYPALL Network","isPartOf":{"@id":"https:\/\/dypall.com\/#website"},"primaryImageOfPage":{"@id":"https:\/\/dypall.com\/activity\/study-visit-local-youth-policies-on-social-entrepreneurship-2-2\/#primaryimage"},"image":{"@id":"https:\/\/dypall.com\/activity\/study-visit-local-youth-policies-on-social-entrepreneurship-2-2\/#primaryimage"},"thumbnailUrl":"","datePublished":"2019-10-28T13:30:41+00:00","dateModified":"2019-10-28T13:30:41+00:00","author":{"@id":"https:\/\/dypall.com\/#\/schema\/person\/f92e08aa15c8ba711a9d153129f03377"},"breadcrumb":{"@id":"https:\/\/dypall.com\/activity\/study-visit-local-youth-policies-on-social-entrepreneurship-2-2\/#breadcrumb"},"inLanguage":"lv-LV","potentialAction":[{"@type":"ReadAction","target":["https:\/\/dypall.com\/activity\/study-visit-local-youth-policies-on-social-entrepreneurship-2-2\/"]}]},{"@type":"ImageObject","inLanguage":"lv-LV","@id":"https:\/\/dypall.com\/activity\/study-visit-local-youth-policies-on-social-entrepreneurship-2-2\/#primaryimage","url":"","contentUrl":""},{"@type":"BreadcrumbList","@id":"https:\/\/dypall.com\/activity\/study-visit-local-youth-policies-on-social-entrepreneurship-2-2\/#breadcrumb","itemListElement":[{"@type":"ListItem","position":1,"name":"Home","item":"https:\/\/dypall.com\/"},{"@type":"ListItem","position":2,"name":"Study visit \u201cLocal youth policies on social entrepreneurship\u201d"}]},{"@type":"WebSite","@id":"https:\/\/dypall.com\/#website","url":"https:\/\/dypall.com\/","name":"DYPALL Network","description":"We are a European network of civil society organisations, municipalities and research institutions dedicated to improving democracy through youth participation.","potentialAction":[{"@type":"SearchAction","target":{"@type":"EntryPoint","urlTemplate":"https:\/\/dypall.com\/?s={search_term_string}"},"query-input":"required name=search_term_string"}],"inLanguage":"lv-LV"},{"@type":"Person","@id":"https:\/\/dypall.com\/#\/schema\/person\/f92e08aa15c8ba711a9d153129f03377","name":"DYPALL Network","image":{"@type":"ImageObject","inLanguage":"lv-LV","@id":"https:\/\/dypall.com\/#\/schema\/person\/image\/","url":"https:\/\/secure.gravatar.com\/avatar\/9c39e299279800c6d69c5e02cf613e7bab060889f373052a03d7ac399e8f0d3c?s=96&d=mm&r=g","contentUrl":"https:\/\/secure.gravatar.com\/avatar\/9c39e299279800c6d69c5e02cf613e7bab060889f373052a03d7ac399e8f0d3c?s=96&d=mm&r=g","caption":"DYPALL Network"},"sameAs":["https:\/\/dypall.com"],"url":"https:\/\/dypall.com\/lv\/author\/dypall\/"}]}},"jetpack_featured_media_url":"","jetpack_sharing_enabled":true,"_links":{"self":[{"href":"https:\/\/dypall.com\/lv\/wp-json\/wp\/v2\/posts\/4012","targetHints":{"allow":["GET"]}}],"collection":[{"href":"https:\/\/dypall.com\/lv\/wp-json\/wp\/v2\/posts"}],"about":[{"href":"https:\/\/dypall.com\/lv\/wp-json\/wp\/v2\/types\/post"}],"author":[{"embeddable":true,"href":"https:\/\/dypall.com\/lv\/wp-json\/wp\/v2\/users\/1"}],"replies":[{"embeddable":true,"href":"https:\/\/dypall.com\/lv\/wp-json\/wp\/v2\/comments?post=4012"}],"version-history":[{"count":0,"href":"https:\/\/dypall.com\/lv\/wp-json\/wp\/v2\/posts\/4012\/revisions"}],"wp:featuredmedia":[{"embeddable":true,"href":"https:\/\/dypall.com\/lv\/wp-json\/"}],"wp:attachment":[{"href":"https:\/\/dypall.com\/lv\/wp-json\/wp\/v2\/media?parent=4012"}],"wp:term":[{"taxonomy":"category","embeddable":true,"href":"https:\/\/dypall.com\/lv\/wp-json\/wp\/v2\/categories?post=4012"},{"taxonomy":"post_tag","embeddable":true,"href":"https:\/\/dypall.com\/lv\/wp-json\/wp\/v2\/tags?post=4012"}],"curies":[{"name":"wp","href":"https:\/\/api.w.org\/{rel}","templated":true}]}}