{"id":3979,"date":"2019-10-11T12:08:36","date_gmt":"2019-10-11T10:08:36","guid":{"rendered":"http:\/\/dypall.com\/?p=3979"},"modified":"2019-10-11T12:08:36","modified_gmt":"2019-10-11T10:08:36","slug":"dypall-network-at-the-20th-edition-of-the-uyd","status":"publish","type":"post","link":"https:\/\/dypall.com\/lv\/activity\/dypall-network-at-the-20th-edition-of-the-uyd\/","title":{"rendered":"DYPALL Network UYD 20. izdevum\u0101"},"content":{"rendered":"<p>No 15. l\u012bdz 18. septembrim DYPALL t\u012bkls piedal\u012bj\u0101s Jaunatnes un att\u012bst\u012bbas universit\u0101tes 20. pas\u0101kum\u0101 CEULAJ (Mollina, Sp\u0101nija), ko vad\u012bja Eiropas Padomes Zieme\u013cu\u2013dienvidu centrs, par tematu \u201cJaunatne un tiesiskums\u201d.<\/p>\n<p>M\u0113s apsv\u0113r\u0101m t\u012bkla strat\u0113\u0123isk\u0101s priorit\u0101tes turpm\u0101kajiem gadiem (2021.\u20132023. gadam), lai uzlabotu m\u016bsu darbu pie da\u017e\u0101d\u0101m darb\u012bb\u0101m, piem\u0113ram, projektu izstr\u0101des un atbalsta. DYPALL t\u012bkls sniedza jaun\u0101ko inform\u0101ciju par glob\u0101l\u0101m un ES l\u012bme\u0146a jaunatnes strat\u0113\u0123ij\u0101m un politikas satvariem un to, k\u0101 Eiropas jaunatnes politiku sasaist\u012bt ar viet\u0113jo jaunie\u0161u l\u012bdzdal\u012bbu.<\/p>\n<p>Tr\u012bs darba dienu laik\u0101 tika apzin\u0101tas un pilnveidotas da\u017eas no T\u012bkla pamatiniciat\u012bv\u0101m, kas saist\u012btas ar jaunie\u0161u l\u012bdzdal\u012bbas integr\u0113\u0161anu un jaunatnes politikas izstr\u0101di viet\u0113j\u0101 p\u0101rvald\u012bb\u0101.<\/p>\n<p>UYD 20. pas\u0101kums apvienoja vair\u0101kas organiz\u0101cijas un atv\u0113ra vietu t\u012bklo\u0161anai un zin\u0101\u0161anu apmai\u0146ai, vienm\u0113r paturot pr\u0101t\u0101 m\u016bsu m\u0113r\u0137i \u2014 jaunie\u0161us un iesp\u0113ju nodro\u0161in\u0101\u0161anu viet\u0113j\u0101m demokr\u0101tij\u0101m.<\/p>\n<p><img loading=\"lazy\" decoding=\"async\" class=\"aligncenter size-full wp-image-3981\" src=\"http:\/\/dypall.com\/wp-content\/uploads\/2019\/10\/70708534_2529065107136475_9034962254054817792_n.jpg\" alt=\"\" width=\"960\" height=\"640\" \/><\/p>\n<p><img loading=\"lazy\" decoding=\"async\" class=\"aligncenter size-large wp-image-3982\" src=\"http:\/\/dypall.com\/wp-content\/uploads\/2019\/10\/71209707_2529064593803193_2810427947675025408_n.jpg\" alt=\"\" width=\"960\" height=\"600\" \/><\/p>\n<p><img loading=\"lazy\" decoding=\"async\" class=\"aligncenter size-large wp-image-3983\" src=\"http:\/\/dypall.com\/wp-content\/uploads\/2019\/10\/48739177728_4e302b7fb3_o-1024x683.jpg\" alt=\"\" width=\"1024\" height=\"683\" \/><\/p>\n<p><img loading=\"lazy\" decoding=\"async\" class=\"aligncenter size-large wp-image-3984\" src=\"http:\/\/dypall.com\/wp-content\/uploads\/2019\/10\/48745946793_772b598a4f_o-1024x683.jpg\" alt=\"\" width=\"1024\" height=\"683\" \/><\/p>\n<p><img loading=\"lazy\" decoding=\"async\" class=\"aligncenter size-large wp-image-3985\" src=\"http:\/\/dypall.com\/wp-content\/uploads\/2019\/10\/48746277131_e3d5d38bd9_o-1024x683.jpg\" alt=\"\" width=\"1024\" height=\"683\" \/><\/p>","protected":false},"excerpt":{"rendered":"<p>No 15. l\u012bdz 18. septembrim DYPALL t\u012bkls piedal\u012bj\u0101s Jaunatnes un att\u012bst\u012bbas universit\u0101tes 20. pas\u0101kum\u0101 CEULAJ (Mollina, Sp\u0101nija), ko vad\u012bja Eiropas Padomes Zieme\u013cu\u2013dienvidu centrs, par tematu \u201cJaunatne un tiesiskums\u201d. M\u0113s apsv\u0113r\u0101m t\u012bkla strat\u0113\u0123isk\u0101s priorit\u0101tes turpm\u0101kajiem gadiem (2021.\u20132023. gadam), lai uzlabotu... <a class=\"more-link\" href=\"https:\/\/dypall.com\/lv\/activity\/dypall-network-at-the-20th-edition-of-the-uyd\/\">Turpiniet las\u012bt <span class=\"screen-reader-text\">DYPALL Network UYD 20. izdevum\u0101<\/span><\/a><\/p>","protected":false},"author":2,"featured_media":3982,"comment_status":"closed","ping_status":"open","sticky":false,"template":"","format":"standard","meta":{"_acf_changed":false,"_jetpack_memberships_contains_paid_content":false,"footnotes":""},"categories":[111,112],"tags":[176],"class_list":["post-3979","post","type-post","status-publish","format-standard","has-post-thumbnail","hentry","category-activity","category-conference","tag-20uyd","entry"],"acf":[],"yoast_head":"<!-- This site is optimized with the Yoast SEO plugin v22.8 - https:\/\/yoast.com\/wordpress\/plugins\/seo\/ -->\n<title>DYPALL Network at the 20th edition of the UYD - DYPALL Network<\/title>\n<meta name=\"robots\" content=\"index, follow, max-snippet:-1, max-image-preview:large, max-video-preview:-1\" \/>\n<link rel=\"canonical\" href=\"https:\/\/dypall.com\/lv\/activity\/dypall-network-at-the-20th-edition-of-the-uyd\/\" \/>\n<meta property=\"og:locale\" content=\"lv_LV\" \/>\n<meta property=\"og:type\" content=\"article\" \/>\n<meta property=\"og:title\" content=\"DYPALL Network at the 20th edition of the UYD - DYPALL Network\" \/>\n<meta property=\"og:description\" content=\"From 15th-18th of September, DYPALL Network participated in the 20th edition of the University on Youth and Development, at CEULAJ (Mollina, Spain), facilitated by the North-South Centre of the Council of Europe, on the topic \u201cYouth and Justice\u201d. We reflected on the Network&#8217;s strategic priorities for the upcoming years (2021-2023), with the sense of bettering&hellip; Turpiniet las\u012bt DYPALL Network at the 20th edition of the UYD\" \/>\n<meta property=\"og:url\" content=\"https:\/\/dypall.com\/lv\/activity\/dypall-network-at-the-20th-edition-of-the-uyd\/\" \/>\n<meta property=\"og:site_name\" content=\"DYPALL Network\" \/>\n<meta property=\"article:published_time\" content=\"2019-10-11T10:08:36+00:00\" \/>\n<meta name=\"author\" content=\"dypall\" \/>\n<meta name=\"twitter:card\" content=\"summary_large_image\" \/>\n<meta name=\"twitter:label1\" content=\"Written by\" \/>\n\t<meta name=\"twitter:data1\" content=\"dypall\" \/>\n\t<meta name=\"twitter:label2\" content=\"Est. reading time\" \/>\n\t<meta name=\"twitter:data2\" content=\"1 min\u016bte\" \/>\n<script type=\"application\/ld+json\" class=\"yoast-schema-graph\">{\"@context\":\"https:\/\/schema.org\",\"@graph\":[{\"@type\":\"WebPage\",\"@id\":\"https:\/\/dypall.com\/activity\/dypall-network-at-the-20th-edition-of-the-uyd\/\",\"url\":\"https:\/\/dypall.com\/activity\/dypall-network-at-the-20th-edition-of-the-uyd\/\",\"name\":\"DYPALL Network at the 20th edition of the UYD - DYPALL Network\",\"isPartOf\":{\"@id\":\"https:\/\/dypall.com\/#website\"},\"primaryImageOfPage\":{\"@id\":\"https:\/\/dypall.com\/activity\/dypall-network-at-the-20th-edition-of-the-uyd\/#primaryimage\"},\"image\":{\"@id\":\"https:\/\/dypall.com\/activity\/dypall-network-at-the-20th-edition-of-the-uyd\/#primaryimage\"},\"thumbnailUrl\":\"\",\"datePublished\":\"2019-10-11T10:08:36+00:00\",\"dateModified\":\"2019-10-11T10:08:36+00:00\",\"author\":{\"@id\":\"https:\/\/dypall.com\/#\/schema\/person\/206350efe851997fcdedef75d118766b\"},\"breadcrumb\":{\"@id\":\"https:\/\/dypall.com\/activity\/dypall-network-at-the-20th-edition-of-the-uyd\/#breadcrumb\"},\"inLanguage\":\"lv-LV\",\"potentialAction\":[{\"@type\":\"ReadAction\",\"target\":[\"https:\/\/dypall.com\/activity\/dypall-network-at-the-20th-edition-of-the-uyd\/\"]}]},{\"@type\":\"ImageObject\",\"inLanguage\":\"lv-LV\",\"@id\":\"https:\/\/dypall.com\/activity\/dypall-network-at-the-20th-edition-of-the-uyd\/#primaryimage\",\"url\":\"\",\"contentUrl\":\"\"},{\"@type\":\"BreadcrumbList\",\"@id\":\"https:\/\/dypall.com\/activity\/dypall-network-at-the-20th-edition-of-the-uyd\/#breadcrumb\",\"itemListElement\":[{\"@type\":\"ListItem\",\"position\":1,\"name\":\"Home\",\"item\":\"https:\/\/dypall.com\/\"},{\"@type\":\"ListItem\",\"position\":2,\"name\":\"DYPALL Network at the 20th edition of the UYD\"}]},{\"@type\":\"WebSite\",\"@id\":\"https:\/\/dypall.com\/#website\",\"url\":\"https:\/\/dypall.com\/\",\"name\":\"DYPALL Network\",\"description\":\"We are a European network of civil society organisations, municipalities and research institutions dedicated to improving democracy through youth participation.\",\"potentialAction\":[{\"@type\":\"SearchAction\",\"target\":{\"@type\":\"EntryPoint\",\"urlTemplate\":\"https:\/\/dypall.com\/?s={search_term_string}\"},\"query-input\":\"required name=search_term_string\"}],\"inLanguage\":\"lv-LV\"},{\"@type\":\"Person\",\"@id\":\"https:\/\/dypall.com\/#\/schema\/person\/206350efe851997fcdedef75d118766b\",\"name\":\"dypall\",\"image\":{\"@type\":\"ImageObject\",\"inLanguage\":\"lv-LV\",\"@id\":\"https:\/\/dypall.com\/#\/schema\/person\/image\/\",\"url\":\"https:\/\/secure.gravatar.com\/avatar\/14e8d3d8841cd0bdf69915120bcf9fcfac1567f1dc7035664907322ac47efe29?s=96&d=mm&r=g\",\"contentUrl\":\"https:\/\/secure.gravatar.com\/avatar\/14e8d3d8841cd0bdf69915120bcf9fcfac1567f1dc7035664907322ac47efe29?s=96&d=mm&r=g\",\"caption\":\"dypall\"},\"url\":\"https:\/\/dypall.com\/lv\/author\/dypall_info\/\"}]}<\/script>\n<!-- \/ Yoast SEO plugin. -->","yoast_head_json":{"title":"DYPALL Network at the 20th edition of the UYD - DYPALL Network","robots":{"index":"index","follow":"follow","max-snippet":"max-snippet:-1","max-image-preview":"max-image-preview:large","max-video-preview":"max-video-preview:-1"},"canonical":"https:\/\/dypall.com\/lv\/activity\/dypall-network-at-the-20th-edition-of-the-uyd\/","og_locale":"lv_LV","og_type":"article","og_title":"DYPALL Network at the 20th edition of the UYD - DYPALL Network","og_description":"From 15th-18th of September, DYPALL Network participated in the 20th edition of the University on Youth and Development, at CEULAJ (Mollina, Spain), facilitated by the North-South Centre of the Council of Europe, on the topic \u201cYouth and Justice\u201d. We reflected on the Network&#8217;s strategic priorities for the upcoming years (2021-2023), with the sense of bettering&hellip; Turpiniet las\u012bt DYPALL Network at the 20th edition of the UYD","og_url":"https:\/\/dypall.com\/lv\/activity\/dypall-network-at-the-20th-edition-of-the-uyd\/","og_site_name":"DYPALL Network","article_published_time":"2019-10-11T10:08:36+00:00","author":"dypall","twitter_card":"summary_large_image","twitter_misc":{"Written by":"dypall","Est. reading time":"1 min\u016bte"},"schema":{"@context":"https:\/\/schema.org","@graph":[{"@type":"WebPage","@id":"https:\/\/dypall.com\/activity\/dypall-network-at-the-20th-edition-of-the-uyd\/","url":"https:\/\/dypall.com\/activity\/dypall-network-at-the-20th-edition-of-the-uyd\/","name":"DYPALL Network at the 20th edition of the UYD - DYPALL Network","isPartOf":{"@id":"https:\/\/dypall.com\/#website"},"primaryImageOfPage":{"@id":"https:\/\/dypall.com\/activity\/dypall-network-at-the-20th-edition-of-the-uyd\/#primaryimage"},"image":{"@id":"https:\/\/dypall.com\/activity\/dypall-network-at-the-20th-edition-of-the-uyd\/#primaryimage"},"thumbnailUrl":"","datePublished":"2019-10-11T10:08:36+00:00","dateModified":"2019-10-11T10:08:36+00:00","author":{"@id":"https:\/\/dypall.com\/#\/schema\/person\/206350efe851997fcdedef75d118766b"},"breadcrumb":{"@id":"https:\/\/dypall.com\/activity\/dypall-network-at-the-20th-edition-of-the-uyd\/#breadcrumb"},"inLanguage":"lv-LV","potentialAction":[{"@type":"ReadAction","target":["https:\/\/dypall.com\/activity\/dypall-network-at-the-20th-edition-of-the-uyd\/"]}]},{"@type":"ImageObject","inLanguage":"lv-LV","@id":"https:\/\/dypall.com\/activity\/dypall-network-at-the-20th-edition-of-the-uyd\/#primaryimage","url":"","contentUrl":""},{"@type":"BreadcrumbList","@id":"https:\/\/dypall.com\/activity\/dypall-network-at-the-20th-edition-of-the-uyd\/#breadcrumb","itemListElement":[{"@type":"ListItem","position":1,"name":"Home","item":"https:\/\/dypall.com\/"},{"@type":"ListItem","position":2,"name":"DYPALL Network at the 20th edition of the UYD"}]},{"@type":"WebSite","@id":"https:\/\/dypall.com\/#website","url":"https:\/\/dypall.com\/","name":"DYPALL Network","description":"We are a European network of civil society organisations, municipalities and research institutions dedicated to improving democracy through youth participation.","potentialAction":[{"@type":"SearchAction","target":{"@type":"EntryPoint","urlTemplate":"https:\/\/dypall.com\/?s={search_term_string}"},"query-input":"required name=search_term_string"}],"inLanguage":"lv-LV"},{"@type":"Person","@id":"https:\/\/dypall.com\/#\/schema\/person\/206350efe851997fcdedef75d118766b","name":"dypall","image":{"@type":"ImageObject","inLanguage":"lv-LV","@id":"https:\/\/dypall.com\/#\/schema\/person\/image\/","url":"https:\/\/secure.gravatar.com\/avatar\/14e8d3d8841cd0bdf69915120bcf9fcfac1567f1dc7035664907322ac47efe29?s=96&d=mm&r=g","contentUrl":"https:\/\/secure.gravatar.com\/avatar\/14e8d3d8841cd0bdf69915120bcf9fcfac1567f1dc7035664907322ac47efe29?s=96&d=mm&r=g","caption":"dypall"},"url":"https:\/\/dypall.com\/lv\/author\/dypall_info\/"}]}},"jetpack_featured_media_url":"","jetpack_sharing_enabled":true,"_links":{"self":[{"href":"https:\/\/dypall.com\/lv\/wp-json\/wp\/v2\/posts\/3979","targetHints":{"allow":["GET"]}}],"collection":[{"href":"https:\/\/dypall.com\/lv\/wp-json\/wp\/v2\/posts"}],"about":[{"href":"https:\/\/dypall.com\/lv\/wp-json\/wp\/v2\/types\/post"}],"author":[{"embeddable":true,"href":"https:\/\/dypall.com\/lv\/wp-json\/wp\/v2\/users\/2"}],"replies":[{"embeddable":true,"href":"https:\/\/dypall.com\/lv\/wp-json\/wp\/v2\/comments?post=3979"}],"version-history":[{"count":0,"href":"https:\/\/dypall.com\/lv\/wp-json\/wp\/v2\/posts\/3979\/revisions"}],"wp:featuredmedia":[{"embeddable":true,"href":"https:\/\/dypall.com\/lv\/wp-json\/"}],"wp:attachment":[{"href":"https:\/\/dypall.com\/lv\/wp-json\/wp\/v2\/media?parent=3979"}],"wp:term":[{"taxonomy":"category","embeddable":true,"href":"https:\/\/dypall.com\/lv\/wp-json\/wp\/v2\/categories?post=3979"},{"taxonomy":"post_tag","embeddable":true,"href":"https:\/\/dypall.com\/lv\/wp-json\/wp\/v2\/tags?post=3979"}],"curies":[{"name":"wp","href":"https:\/\/api.w.org\/{rel}","templated":true}]}}