{"id":2730,"date":"2017-12-13T15:04:15","date_gmt":"2017-12-13T14:04:15","guid":{"rendered":"http:\/\/dypall.com\/?p=2730"},"modified":"2017-12-13T15:04:15","modified_gmt":"2017-12-13T14:04:15","slug":"training-course-young-migrant-voices","status":"publish","type":"post","link":"https:\/\/dypall.com\/lv\/activity\/training-course-young-migrant-voices\/","title":{"rendered":"M\u0101c\u012bbu kurss \u201cJauno migrantu balsis\u201d"},"content":{"rendered":"<p>\u201cJauno migrantu balsis: m\u0101c\u012bbu kurss gados jaunu migrantu l\u012bdzdal\u012bbas veicin\u0101\u0161anai l\u0113mumu pie\u0146em\u0161anas procesos viet\u0113j\u0101 l\u012bmen\u012b\u201d notika Lisabon\u0101 (Portug\u0101le) 2017. gada 3.\u20139. decembr\u012b. Taj\u0101 piedal\u012bj\u0101s 30 jaunatnes darbinieki no desmit da\u017e\u0101d\u0101m valst\u012bm (V\u0101cijas, N\u012bderlandes, Turcijas, Ma\u0137edonijas, Somijas, Maltas, Rum\u0101nijas, It\u0101lijas, Slov\u0101kijas un Portug\u0101les), lai izp\u0113t\u012btu, cik svar\u012bga un problem\u0101tiska ir gados jaunu migrantu un migrantu izcelsmes jaunie\u0161u l\u012bdzdal\u012bba viet\u0113j\u0101 l\u012bmen\u012b.<\/p>\n<p>Apm\u0101c\u012bbas laik\u0101 dal\u012bbniekiem bija iesp\u0113ja apmain\u012bties ar realit\u0101ti un labu praksi un veicin\u0101t to attiec\u012bb\u0101 uz sadarb\u012bbu starp viet\u0113j\u0101m iest\u0101d\u0113m un pilsonisk\u0101s sabiedr\u012bbas organiz\u0101cij\u0101m, lai iesaist\u012btu gados jaunus migrantus l\u0113mumu pie\u0146em\u0161anas procesos; uzlabot vi\u0146u prasmes attiec\u012bb\u0101 uz to, k\u0101 motiv\u0113t un akt\u012bvi iesaist\u012bt gados jaunus migrantus un migrantu izcelsmes jaunie\u0161us to kopienu uzlabo\u0161an\u0101, kur\u0101s vi\u0146i dz\u012bvo; k\u0101 palielin\u0101t visu ieinteres\u0113to personu iesaisti gados jaunu migrantu integr\u0101cijas proces\u0101 l\u0113mumu pie\u0146em\u0161anas procesos un k\u0101 atbalst\u012bt gados jaunu migrantu integr\u0101ciju un att\u012bst\u012bt vi\u0146u pieder\u012bbas saj\u016btu uz\u0146emo\u0161aj\u0101s kopien\u0101s.<\/p>\n<p>Apm\u0101c\u012bbu programmas ietvaros m\u0113s apmekl\u0113j\u0101m\u00a0<span style=\"color: #3366ff;\"><a style=\"color: #3366ff;\" href=\"http:\/\/www.acm.gov.pt\/acm\">Augstais migr\u0101cijas komis\u0101rs<\/a><\/span>\u00a0k\u0101 ar\u012b divi projekti <span style=\"color: #3366ff;\"><a style=\"color: #3366ff;\" href=\"http:\/\/www.programaescolhas.pt\/\">Programma \u201cIzv\u0113les\u201d\u00a0<\/a><\/span>, vald\u012bbas programma, kas atbalsta neaizsarg\u0101tu jaunie\u0161u soci\u0101lo iek\u013cau\u0161anu Apela\u00e7\u00e3o un Quinta do Mocho apkaim\u0113 Lisabon\u0101.<\/p>\n<p>Viena no apm\u0101c\u012bbu sesij\u0101m, kas tika integr\u0113ta \u201cAtv\u0113rtaj\u0101 ned\u0113\u013c\u0101\u201d Lisabonas Jaunatnes centr\u0101, kur notika apm\u0101c\u012bba, bija apa\u013c\u0101 galda san\u0101ksme \u201cSadarb\u012bba iek\u013caujo\u0161ai jaunie\u0161u l\u012bdzdal\u012bbai\u201d, kas pievienoj\u0101s apm\u0101c\u012bbas dal\u012bbniekiem kop\u0101 ar viet\u0113jiem jaunatnes akt\u012bvistiem, Jaunatnes sadarb\u012bbas organiz\u0113t\u0101s \u201cBoot\u201d nometnes par br\u012bvpr\u0101t\u012bgo darbu dal\u012bbniekiem.\u00a0 Viesreferenti Luisa Magnano (izv\u0113les programma), Cristina Silva (Almada pa\u0161vald\u012bbas Jaunatnes departamenta vad\u012bt\u0101ja), Ana Morgado (jaunatnes darbiniece), Nuno Loureiro (Potugu Nacion\u0101l\u0101 jaunatnes padome) un Ludgero Teixeira iepaz\u012bstin\u0101ja ar savu darbu, kas saist\u012bts ar migrantu jaunie\u0161u un migrantu izcelsmes jaunie\u0161u iek\u013cau\u0161anu un vi\u0146u akt\u012bvas l\u012bdzdal\u012bbas noz\u012bmi, lai rad\u012btu pieder\u012bbas saj\u016btu kopienai un t\u0101d\u0113j\u0101di veidotu sp\u0113c\u012bgu un iek\u013caujo\u0161u demokr\u0101tisku sabiedr\u012bbu.<\/p>\n<p>\u0160is bija otrais m\u0101c\u012bbu kurss \u201cJaunie migranti\u201d, ko organiz\u0113ja DYPALL Network sadarb\u012bb\u0101 ar Migrafrica ar programmas \u201cErasmus+\u201d atbalstu.<\/p>\n<p><img loading=\"lazy\" decoding=\"async\" class=\"alignnone size-full wp-image-2756\" src=\"http:\/\/dypall.com\/wp-content\/uploads\/2017\/12\/IMG_0558-1.jpg\" alt=\"\" width=\"1920\" height=\"1280\" \/><\/p>\n<p><img loading=\"lazy\" decoding=\"async\" class=\"alignnone size-full wp-image-2755\" src=\"http:\/\/dypall.com\/wp-content\/uploads\/2017\/12\/IMG_0514.jpg\" alt=\"\" width=\"1920\" height=\"1280\" \/><\/p>\n<p><img loading=\"lazy\" decoding=\"async\" class=\"alignnone size-full wp-image-2751\" src=\"http:\/\/dypall.com\/wp-content\/uploads\/2017\/12\/IMG_0554-1.jpg\" alt=\"\" width=\"1920\" height=\"1280\" \/><\/p>\n<p><img loading=\"lazy\" decoding=\"async\" class=\"alignnone size-full wp-image-2750\" src=\"http:\/\/dypall.com\/wp-content\/uploads\/2017\/12\/IMG_0513.jpg\" alt=\"\" width=\"1920\" height=\"1280\" \/><\/p>\n<p><img loading=\"lazy\" decoding=\"async\" class=\"alignnone size-full wp-image-2748\" src=\"http:\/\/dypall.com\/wp-content\/uploads\/2017\/12\/IMG_0466-1-1.jpg\" alt=\"\" width=\"1920\" height=\"1280\" \/><\/p>\n<p><img loading=\"lazy\" decoding=\"async\" class=\"alignnone size-full wp-image-2747\" src=\"http:\/\/dypall.com\/wp-content\/uploads\/2017\/12\/IMG_0447-1.jpg\" alt=\"\" width=\"1920\" height=\"1280\" \/><\/p>\n<p><img loading=\"lazy\" decoding=\"async\" class=\"alignnone size-full wp-image-2744\" src=\"http:\/\/dypall.com\/wp-content\/uploads\/2017\/12\/IMG_0508-1.jpg\" alt=\"\" width=\"1920\" height=\"1280\" \/><\/p>\n<p><img loading=\"lazy\" decoding=\"async\" class=\"alignnone size-full wp-image-2743\" src=\"http:\/\/dypall.com\/wp-content\/uploads\/2017\/12\/IMG_0491-1.jpg\" alt=\"\" width=\"1920\" height=\"1280\" \/><\/p>\n<p><img loading=\"lazy\" decoding=\"async\" class=\"alignnone size-full wp-image-2738\" src=\"http:\/\/dypall.com\/wp-content\/uploads\/2017\/12\/YMVK-2-page-001.jpg\" alt=\"\" width=\"3508\" height=\"4961\" \/><\/p>","protected":false},"excerpt":{"rendered":"<p>\u201cJauno migrantu balsis: m\u0101c\u012bbu kurss gados jaunu migrantu l\u012bdzdal\u012bbas veicin\u0101\u0161anai l\u0113mumu pie\u0146em\u0161anas procesos viet\u0113j\u0101 l\u012bmen\u012b\u201d notika Lisabon\u0101 (Portug\u0101le) 2017. gada 3.\u20139. decembr\u012b. Taj\u0101 piedal\u012bj\u0101s 30 jaunatnes darbinieki no desmit da\u017e\u0101d\u0101m valst\u012bm (V\u0101cijas, N\u012bderlandes, Turcijas, Ma\u0137edonijas, Somijas, Maltas, Rum\u0101nijas, It\u0101lijas, Slov\u0101kijas un Portug\u0101les), lai izp\u0113t\u012btu... <a class=\"more-link\" href=\"https:\/\/dypall.com\/lv\/activity\/training-course-young-migrant-voices\/\">Turpiniet las\u012bt <span class=\"screen-reader-text\">M\u0101c\u012bbu kurss \u201cJauno migrantu balsis\u201d<\/span><\/a><\/p>","protected":false},"author":1,"featured_media":2747,"comment_status":"closed","ping_status":"open","sticky":false,"template":"","format":"standard","meta":{"_acf_changed":false,"_jetpack_memberships_contains_paid_content":false,"footnotes":""},"categories":[111,141],"tags":[136],"class_list":["post-2730","post","type-post","status-publish","format-standard","has-post-thumbnail","hentry","category-activity","category-training-course","tag-training-course","entry"],"acf":[],"yoast_head":"<!-- This site is optimized with the Yoast SEO plugin v22.8 - https:\/\/yoast.com\/wordpress\/plugins\/seo\/ -->\n<title>Training Course &quot;Young Migrant Voices&quot; - DYPALL Network<\/title>\n<meta name=\"robots\" content=\"index, follow, max-snippet:-1, max-image-preview:large, max-video-preview:-1\" \/>\n<link rel=\"canonical\" href=\"https:\/\/dypall.com\/lv\/activity\/training-course-young-migrant-voices\/\" \/>\n<meta property=\"og:locale\" content=\"lv_LV\" \/>\n<meta property=\"og:type\" content=\"article\" \/>\n<meta property=\"og:title\" content=\"Training Course &quot;Young Migrant Voices&quot; - DYPALL Network\" \/>\n<meta property=\"og:description\" content=\"&#8220;Young Migrant Voices: a training course for boosting participation of young migrants in decision-making processes at local level&#8221; took place from 3rd &#8211; 9th December 2017 in in Lisbon, Portugal. It brought together 30 youth workers from ten different countries (Germany, Netherlands, Turkey, Macedonia, Finland, Malta, Romania, Italy, Slovakia and Portugal) to explore the importance&hellip; Turpiniet las\u012bt Training Course &#8220;Young Migrant Voices&#8221;\" \/>\n<meta property=\"og:url\" content=\"https:\/\/dypall.com\/lv\/activity\/training-course-young-migrant-voices\/\" \/>\n<meta property=\"og:site_name\" content=\"DYPALL Network\" \/>\n<meta property=\"article:published_time\" content=\"2017-12-13T14:04:15+00:00\" \/>\n<meta name=\"author\" content=\"DYPALL Network\" \/>\n<meta name=\"twitter:card\" content=\"summary_large_image\" \/>\n<meta name=\"twitter:label1\" content=\"Written by\" \/>\n\t<meta name=\"twitter:data1\" content=\"DYPALL Network\" \/>\n\t<meta name=\"twitter:label2\" content=\"Est. reading time\" \/>\n\t<meta name=\"twitter:data2\" content=\"2 min\u016btes\" \/>\n<script type=\"application\/ld+json\" class=\"yoast-schema-graph\">{\"@context\":\"https:\/\/schema.org\",\"@graph\":[{\"@type\":\"WebPage\",\"@id\":\"https:\/\/dypall.com\/activity\/training-course-young-migrant-voices\/\",\"url\":\"https:\/\/dypall.com\/activity\/training-course-young-migrant-voices\/\",\"name\":\"Training Course \\\"Young Migrant Voices\\\" - DYPALL Network\",\"isPartOf\":{\"@id\":\"https:\/\/dypall.com\/#website\"},\"primaryImageOfPage\":{\"@id\":\"https:\/\/dypall.com\/activity\/training-course-young-migrant-voices\/#primaryimage\"},\"image\":{\"@id\":\"https:\/\/dypall.com\/activity\/training-course-young-migrant-voices\/#primaryimage\"},\"thumbnailUrl\":\"\",\"datePublished\":\"2017-12-13T14:04:15+00:00\",\"dateModified\":\"2017-12-13T14:04:15+00:00\",\"author\":{\"@id\":\"https:\/\/dypall.com\/#\/schema\/person\/f92e08aa15c8ba711a9d153129f03377\"},\"breadcrumb\":{\"@id\":\"https:\/\/dypall.com\/activity\/training-course-young-migrant-voices\/#breadcrumb\"},\"inLanguage\":\"lv-LV\",\"potentialAction\":[{\"@type\":\"ReadAction\",\"target\":[\"https:\/\/dypall.com\/activity\/training-course-young-migrant-voices\/\"]}]},{\"@type\":\"ImageObject\",\"inLanguage\":\"lv-LV\",\"@id\":\"https:\/\/dypall.com\/activity\/training-course-young-migrant-voices\/#primaryimage\",\"url\":\"\",\"contentUrl\":\"\"},{\"@type\":\"BreadcrumbList\",\"@id\":\"https:\/\/dypall.com\/activity\/training-course-young-migrant-voices\/#breadcrumb\",\"itemListElement\":[{\"@type\":\"ListItem\",\"position\":1,\"name\":\"Home\",\"item\":\"https:\/\/dypall.com\/\"},{\"@type\":\"ListItem\",\"position\":2,\"name\":\"Training Course &#8220;Young Migrant Voices&#8221;\"}]},{\"@type\":\"WebSite\",\"@id\":\"https:\/\/dypall.com\/#website\",\"url\":\"https:\/\/dypall.com\/\",\"name\":\"DYPALL Network\",\"description\":\"We are a European network of civil society organisations, municipalities and research institutions dedicated to improving democracy through youth participation.\",\"potentialAction\":[{\"@type\":\"SearchAction\",\"target\":{\"@type\":\"EntryPoint\",\"urlTemplate\":\"https:\/\/dypall.com\/?s={search_term_string}\"},\"query-input\":\"required name=search_term_string\"}],\"inLanguage\":\"lv-LV\"},{\"@type\":\"Person\",\"@id\":\"https:\/\/dypall.com\/#\/schema\/person\/f92e08aa15c8ba711a9d153129f03377\",\"name\":\"DYPALL Network\",\"image\":{\"@type\":\"ImageObject\",\"inLanguage\":\"lv-LV\",\"@id\":\"https:\/\/dypall.com\/#\/schema\/person\/image\/\",\"url\":\"https:\/\/secure.gravatar.com\/avatar\/9c39e299279800c6d69c5e02cf613e7bab060889f373052a03d7ac399e8f0d3c?s=96&d=mm&r=g\",\"contentUrl\":\"https:\/\/secure.gravatar.com\/avatar\/9c39e299279800c6d69c5e02cf613e7bab060889f373052a03d7ac399e8f0d3c?s=96&d=mm&r=g\",\"caption\":\"DYPALL Network\"},\"sameAs\":[\"https:\/\/dypall.com\"],\"url\":\"https:\/\/dypall.com\/lv\/author\/dypall\/\"}]}<\/script>\n<!-- \/ Yoast SEO plugin. -->","yoast_head_json":{"title":"Training Course \"Young Migrant Voices\" - DYPALL Network","robots":{"index":"index","follow":"follow","max-snippet":"max-snippet:-1","max-image-preview":"max-image-preview:large","max-video-preview":"max-video-preview:-1"},"canonical":"https:\/\/dypall.com\/lv\/activity\/training-course-young-migrant-voices\/","og_locale":"lv_LV","og_type":"article","og_title":"Training Course \"Young Migrant Voices\" - DYPALL Network","og_description":"&#8220;Young Migrant Voices: a training course for boosting participation of young migrants in decision-making processes at local level&#8221; took place from 3rd &#8211; 9th December 2017 in in Lisbon, Portugal. It brought together 30 youth workers from ten different countries (Germany, Netherlands, Turkey, Macedonia, Finland, Malta, Romania, Italy, Slovakia and Portugal) to explore the importance&hellip; Turpiniet las\u012bt Training Course &#8220;Young Migrant Voices&#8221;","og_url":"https:\/\/dypall.com\/lv\/activity\/training-course-young-migrant-voices\/","og_site_name":"DYPALL Network","article_published_time":"2017-12-13T14:04:15+00:00","author":"DYPALL Network","twitter_card":"summary_large_image","twitter_misc":{"Written by":"DYPALL Network","Est. reading time":"2 min\u016btes"},"schema":{"@context":"https:\/\/schema.org","@graph":[{"@type":"WebPage","@id":"https:\/\/dypall.com\/activity\/training-course-young-migrant-voices\/","url":"https:\/\/dypall.com\/activity\/training-course-young-migrant-voices\/","name":"Training Course \"Young Migrant Voices\" - DYPALL Network","isPartOf":{"@id":"https:\/\/dypall.com\/#website"},"primaryImageOfPage":{"@id":"https:\/\/dypall.com\/activity\/training-course-young-migrant-voices\/#primaryimage"},"image":{"@id":"https:\/\/dypall.com\/activity\/training-course-young-migrant-voices\/#primaryimage"},"thumbnailUrl":"","datePublished":"2017-12-13T14:04:15+00:00","dateModified":"2017-12-13T14:04:15+00:00","author":{"@id":"https:\/\/dypall.com\/#\/schema\/person\/f92e08aa15c8ba711a9d153129f03377"},"breadcrumb":{"@id":"https:\/\/dypall.com\/activity\/training-course-young-migrant-voices\/#breadcrumb"},"inLanguage":"lv-LV","potentialAction":[{"@type":"ReadAction","target":["https:\/\/dypall.com\/activity\/training-course-young-migrant-voices\/"]}]},{"@type":"ImageObject","inLanguage":"lv-LV","@id":"https:\/\/dypall.com\/activity\/training-course-young-migrant-voices\/#primaryimage","url":"","contentUrl":""},{"@type":"BreadcrumbList","@id":"https:\/\/dypall.com\/activity\/training-course-young-migrant-voices\/#breadcrumb","itemListElement":[{"@type":"ListItem","position":1,"name":"Home","item":"https:\/\/dypall.com\/"},{"@type":"ListItem","position":2,"name":"Training Course &#8220;Young Migrant Voices&#8221;"}]},{"@type":"WebSite","@id":"https:\/\/dypall.com\/#website","url":"https:\/\/dypall.com\/","name":"DYPALL Network","description":"We are a European network of civil society organisations, municipalities and research institutions dedicated to improving democracy through youth participation.","potentialAction":[{"@type":"SearchAction","target":{"@type":"EntryPoint","urlTemplate":"https:\/\/dypall.com\/?s={search_term_string}"},"query-input":"required name=search_term_string"}],"inLanguage":"lv-LV"},{"@type":"Person","@id":"https:\/\/dypall.com\/#\/schema\/person\/f92e08aa15c8ba711a9d153129f03377","name":"DYPALL Network","image":{"@type":"ImageObject","inLanguage":"lv-LV","@id":"https:\/\/dypall.com\/#\/schema\/person\/image\/","url":"https:\/\/secure.gravatar.com\/avatar\/9c39e299279800c6d69c5e02cf613e7bab060889f373052a03d7ac399e8f0d3c?s=96&d=mm&r=g","contentUrl":"https:\/\/secure.gravatar.com\/avatar\/9c39e299279800c6d69c5e02cf613e7bab060889f373052a03d7ac399e8f0d3c?s=96&d=mm&r=g","caption":"DYPALL Network"},"sameAs":["https:\/\/dypall.com"],"url":"https:\/\/dypall.com\/lv\/author\/dypall\/"}]}},"jetpack_featured_media_url":"","jetpack_sharing_enabled":true,"_links":{"self":[{"href":"https:\/\/dypall.com\/lv\/wp-json\/wp\/v2\/posts\/2730","targetHints":{"allow":["GET"]}}],"collection":[{"href":"https:\/\/dypall.com\/lv\/wp-json\/wp\/v2\/posts"}],"about":[{"href":"https:\/\/dypall.com\/lv\/wp-json\/wp\/v2\/types\/post"}],"author":[{"embeddable":true,"href":"https:\/\/dypall.com\/lv\/wp-json\/wp\/v2\/users\/1"}],"replies":[{"embeddable":true,"href":"https:\/\/dypall.com\/lv\/wp-json\/wp\/v2\/comments?post=2730"}],"version-history":[{"count":0,"href":"https:\/\/dypall.com\/lv\/wp-json\/wp\/v2\/posts\/2730\/revisions"}],"wp:featuredmedia":[{"embeddable":true,"href":"https:\/\/dypall.com\/lv\/wp-json\/"}],"wp:attachment":[{"href":"https:\/\/dypall.com\/lv\/wp-json\/wp\/v2\/media?parent=2730"}],"wp:term":[{"taxonomy":"category","embeddable":true,"href":"https:\/\/dypall.com\/lv\/wp-json\/wp\/v2\/categories?post=2730"},{"taxonomy":"post_tag","embeddable":true,"href":"https:\/\/dypall.com\/lv\/wp-json\/wp\/v2\/tags?post=2730"}],"curies":[{"name":"wp","href":"https:\/\/api.w.org\/{rel}","templated":true}]}}