{"id":2706,"date":"2017-11-27T19:06:49","date_gmt":"2017-11-27T18:06:49","guid":{"rendered":"http:\/\/dypall.com\/?p=2706"},"modified":"2017-11-27T19:06:49","modified_gmt":"2017-11-27T18:06:49","slug":"an-overview-of-the-first-study-visit-of-the-project-boosting-youth-participation-at-local-level-november-2017-south-of-portugal","status":"publish","type":"post","link":"https:\/\/dypall.com\/lv\/activity\/an-overview-of-the-first-study-visit-of-the-project-boosting-youth-participation-at-local-level-november-2017-south-of-portugal\/","title":{"rendered":"Izp\u0113tes viz\u012bte Portimaun\u0101 \u201cJaunie\u0161u l\u012bdzdal\u012bbas veicin\u0101\u0161ana viet\u0113j\u0101 l\u012bmen\u012b\u201d"},"content":{"rendered":"<p>no 2017. gada 13. l\u012bdz 18. novembrim, <strong>DYPALL t\u012bkls<\/strong> sadarb\u012bb\u0101 ar <strong>Puntlendas diasporas forums<\/strong> un <strong>Portimaunas pa\u0161vald\u012bba<\/strong> uz\u0146\u0113ma 26 p\u0101rst\u0101vju grupu no organiz\u0101cij\u0101m, kas str\u0101d\u0101 ar jaunie\u0161iem svar\u012bgiem jaut\u0101jumiem, un pa\u0161vald\u012bb\u0101m izp\u0113tes viz\u012btei \u201cJaunie\u0161u l\u012bdzdal\u012bbas veicin\u0101\u0161ana viet\u0113j\u0101 l\u012bmen\u012b\u201d (Boosting YP) Portimaun\u0101 (Portug\u0101le). \u0160ie dal\u012bbnieki bija no Portug\u0101les, Zviedrijas, Turcijas, Slov\u0101kijas, Rum\u0101nijas, Ung\u0101rijas, Maltas, N\u012bderlandes un It\u0101lijas, un viz\u012bte Portug\u0101les dienvidos bija pirmais \u0161\u0101 projekta \u012bsteno\u0161anas posms.<\/p>\n<p>Programmas \u201cErasmus+\u201d ietvaros ar Zviedrijas Jaunatnes un pilsonisk\u0101s sabiedr\u012bbas a\u0123ent\u016bras starpniec\u012bbu tika l\u012bdzfinans\u0113ta programmas \u201cJaunatne darb\u012bb\u0101\u201d veicin\u0101\u0161ana, un t\u0101s m\u0113r\u0137is ir stiprin\u0101t eso\u0161\u0101s programmas par jaunie\u0161u l\u012bdzdal\u012bbu \u0123eogr\u0101fiski izol\u0113tos apgabalos, apmain\u012bties ar praksi un tuvin\u0101t pilsonisk\u0101s sabiedr\u012bbas organiz\u0101cijas valsts iest\u0101d\u0113m un instit\u016bcij\u0101m.<\/p>\n<p>Projekts tuvin\u0101ja dal\u012bbniekus l\u0113mumu pie\u0146em\u0161anas procesiem viet\u0113j\u0101 un l\u012bmen\u012b, k\u0101 ar\u012b pal\u012bdz\u0113ja uzlabot vi\u0146u uztveri un iesaist\u012b\u0161anos p\u0101rst\u0101v\u012bbas un l\u012bdzdal\u012bbas demokr\u0101tij\u0101. \u00a0V\u0113l viens rezult\u0101ts bija tas, ka dal\u012bbnieki ar\u012b str\u0101d\u0101ja kop\u0101, struktur\u0113jot ilgtermi\u0146a ietekmi atpaka\u013c sav\u0101 realit\u0101t\u0113.<\/p>\n<p>Prec\u012bz\u0101k, saska\u0146\u0101 ar Violeta Ciuciuc, projekta vad\u012bt\u0101jas <strong>Dabuleni pa\u0161vald\u012bba<\/strong> (Rum\u0101nija), pau\u017eot gan savu viedokli, gan \u0218tefan Zaria (pa\u0161vald\u012bbas m\u0113ra vietnieks):<\/p>\n<p><em>\u201cT\u0101 bija intens\u012bva darba ned\u0113\u013ca, kur\u0101 m\u0113s uzzin\u0101j\u0101m par jaunie\u0161u l\u012bdzdal\u012bbu un daudz redz\u0113j\u0101m, k\u0101 da\u017eas lietas tiek dar\u012btas. Man tas \u0161\u0137ita interesanti, bet v\u0113l p\u0101rsteidzo\u0161\u0101k bija tas, ka vicem\u0113ram bija da\u017e\u0101das pak\u0101pes citu cilv\u0113ku iesaist\u012b\u0161ana politikas darb\u0101. Vi\u0146\u0161 n\u0101ca ar p\u0101rmai\u0146u viedokli par jaunie\u0161u l\u012bdzdal\u012bbu un (ne tikai no \u0161\u012b viedok\u013ca), k\u0101 tas ir un var b\u016bt \u0101rk\u0101rtas lieta Dabuleni jaunie\u0161iem.<\/em><\/p>\n<p><em>Cerams, ka da\u017eas no m\u016bsu idej\u0101m \u012bstenosies un n\u0101kamaj\u0101 san\u0101ksm\u0113 situ\u0101cija uzlabosies.\u201d<a href=\"http:\/\/dypall.com\/lv\/2017\/11\/27\/an-overview-of-the-first-study-visit-of-the-project-boosting-youth-participation-at-local-level-november-2017-south-of-portugal\/img_9492\/#main\" rel=\"attachment wp-att-2707\"><img loading=\"lazy\" decoding=\"async\" class=\"aligncenter wp-image-2707\" src=\"http:\/\/dypall.com\/wp-content\/uploads\/2017\/11\/IMG_9492.jpg\" alt=\"\" width=\"1920\" height=\"1280\" \/><\/a><\/em><\/p>\n<p><em> <a href=\"http:\/\/dypall.com\/lv\/2017\/11\/27\/an-overview-of-the-first-study-visit-of-the-project-boosting-youth-participation-at-local-level-november-2017-south-of-portugal\/img_8986\/#main\" rel=\"attachment wp-att-2708\"><img loading=\"lazy\" decoding=\"async\" class=\"aligncenter size-full wp-image-2708\" src=\"http:\/\/dypall.com\/wp-content\/uploads\/2017\/11\/IMG_8986.jpg\" alt=\"\" width=\"1920\" height=\"1280\" \/><\/a><\/em><\/p>\n<p><em> <a href=\"http:\/\/dypall.com\/lv\/2017\/11\/27\/an-overview-of-the-first-study-visit-of-the-project-boosting-youth-participation-at-local-level-november-2017-south-of-portugal\/23559668_2004203559595052_8086517710705140950_n\/#main\" rel=\"attachment wp-att-2709\"><img loading=\"lazy\" decoding=\"async\" class=\"aligncenter size-full wp-image-2709\" src=\"http:\/\/dypall.com\/wp-content\/uploads\/2017\/11\/23559668_2004203559595052_8086517710705140950_n.jpg\" alt=\"\" width=\"960\" height=\"717\" \/><\/a><\/em><\/p>\n<p><em> <a href=\"http:\/\/dypall.com\/lv\/2017\/11\/27\/an-overview-of-the-first-study-visit-of-the-project-boosting-youth-participation-at-local-level-november-2017-south-of-portugal\/23621662_2004204279594980_588875645577009014_n\/#main\" rel=\"attachment wp-att-2710\"><img loading=\"lazy\" decoding=\"async\" class=\"aligncenter size-full wp-image-2710\" src=\"http:\/\/dypall.com\/wp-content\/uploads\/2017\/11\/23621662_2004204279594980_588875645577009014_n.jpg\" alt=\"\" width=\"960\" height=\"717\" \/><\/a><\/em><\/p>\n<p><em> <a href=\"http:\/\/dypall.com\/lv\/2017\/11\/27\/an-overview-of-the-first-study-visit-of-the-project-boosting-youth-participation-at-local-level-november-2017-south-of-portugal\/23559809_2004203552928386_4188660648908589012_n\/#main\" rel=\"attachment wp-att-2712\"><img loading=\"lazy\" decoding=\"async\" class=\"aligncenter size-full wp-image-2712\" src=\"http:\/\/dypall.com\/wp-content\/uploads\/2017\/11\/23559809_2004203552928386_4188660648908589012_n.jpg\" alt=\"\" width=\"960\" height=\"717\" \/><\/a><\/em><\/p>\n<p><em><a href=\"http:\/\/dypall.com\/lv\/2017\/11\/27\/an-overview-of-the-first-study-visit-of-the-project-boosting-youth-participation-at-local-level-november-2017-south-of-portugal\/img_9221\/#main\" rel=\"attachment wp-att-2711\"><img loading=\"lazy\" decoding=\"async\" class=\"aligncenter size-full wp-image-2711\" src=\"http:\/\/dypall.com\/wp-content\/uploads\/2017\/11\/IMG_9221.jpg\" alt=\"\" width=\"1920\" height=\"1280\" \/><\/a><\/em><\/p>\n<p>&nbsp;<\/p>","protected":false},"excerpt":{"rendered":"<p>No 2017. gada 13. l\u012bdz 18. novembrim DYPALL t\u012bkls sadarb\u012bb\u0101 ar Puntland Diaspora forumu un Portimaunas pa\u0161vald\u012bbu uz\u0146\u0113ma 26 p\u0101rst\u0101vju grupu no organiz\u0101cij\u0101m, kas str\u0101d\u0101 ar jaunie\u0161iem svar\u012bgiem jaut\u0101jumiem, un pa\u0161vald\u012bb\u0101m izp\u0113tes viz\u012btei \u201cJaunie\u0161u l\u012bdzdal\u012bbas veicin\u0101\u0161ana viet\u0113j\u0101 l\u012bmen\u012b\u201d (Boosting YP) Portimaun\u0101 (Portug\u0101le). \u0160ie dal\u012bbnieki bija no Portug\u0101les, Zviedrijas, Turcijas, Slov\u0101kijas,... <a class=\"more-link\" href=\"https:\/\/dypall.com\/lv\/activity\/an-overview-of-the-first-study-visit-of-the-project-boosting-youth-participation-at-local-level-november-2017-south-of-portugal\/\">Turpiniet las\u012bt <span class=\"screen-reader-text\">Izp\u0113tes viz\u012bte Portimaun\u0101 \u201cJaunie\u0161u l\u012bdzdal\u012bbas veicin\u0101\u0161ana viet\u0113j\u0101 l\u012bmen\u012b\u201d<\/span><\/a><\/p>","protected":false},"author":1,"featured_media":2714,"comment_status":"closed","ping_status":"open","sticky":false,"template":"","format":"standard","meta":{"_acf_changed":false,"_jetpack_memberships_contains_paid_content":false,"footnotes":""},"categories":[111,152],"tags":[129],"class_list":["post-2706","post","type-post","status-publish","format-standard","has-post-thumbnail","hentry","category-activity","category-study-visits","tag-study-visit","entry"],"acf":[],"yoast_head":"<!-- This site is optimized with the Yoast SEO plugin v22.8 - https:\/\/yoast.com\/wordpress\/plugins\/seo\/ -->\n<title>\u201cBoosting Youth Participation at Local Level\u201d Study visit to Portim\u00e3o - DYPALL Network<\/title>\n<meta name=\"robots\" content=\"index, follow, max-snippet:-1, max-image-preview:large, max-video-preview:-1\" \/>\n<link rel=\"canonical\" href=\"https:\/\/dypall.com\/lv\/activity\/an-overview-of-the-first-study-visit-of-the-project-boosting-youth-participation-at-local-level-november-2017-south-of-portugal\/\" \/>\n<meta property=\"og:locale\" content=\"lv_LV\" \/>\n<meta property=\"og:type\" content=\"article\" \/>\n<meta property=\"og:title\" content=\"\u201cBoosting Youth Participation at Local Level\u201d Study visit to Portim\u00e3o - DYPALL Network\" \/>\n<meta property=\"og:description\" content=\"From 13 to 18 November 2017, DYPALL Network in cooperation with Puntland Diaspora Forum and Portim\u00e3o Municipality received a group of 26 representatives from organizations working with youth relevant issues and municipalities, for the study visit \u201cBoosting Youth Participation at Local Level\u201d (Boosting YP) in Portim\u00e3o (Portugal). These participants were from Portugal, Sweden, Turkey, Slovakia,&hellip; Turpiniet las\u012bt \u201cBoosting Youth Participation at Local Level\u201d Study visit to Portim\u00e3o\" \/>\n<meta property=\"og:url\" content=\"https:\/\/dypall.com\/lv\/activity\/an-overview-of-the-first-study-visit-of-the-project-boosting-youth-participation-at-local-level-november-2017-south-of-portugal\/\" \/>\n<meta property=\"og:site_name\" content=\"DYPALL Network\" \/>\n<meta property=\"article:published_time\" content=\"2017-11-27T18:06:49+00:00\" \/>\n<meta name=\"author\" content=\"DYPALL Network\" \/>\n<meta name=\"twitter:card\" content=\"summary_large_image\" \/>\n<meta name=\"twitter:label1\" content=\"Written by\" \/>\n\t<meta name=\"twitter:data1\" content=\"DYPALL Network\" \/>\n\t<meta name=\"twitter:label2\" content=\"Est. reading time\" \/>\n\t<meta name=\"twitter:data2\" content=\"1 min\u016bte\" \/>\n<script type=\"application\/ld+json\" class=\"yoast-schema-graph\">{\"@context\":\"https:\/\/schema.org\",\"@graph\":[{\"@type\":\"WebPage\",\"@id\":\"https:\/\/dypall.com\/activity\/an-overview-of-the-first-study-visit-of-the-project-boosting-youth-participation-at-local-level-november-2017-south-of-portugal\/\",\"url\":\"https:\/\/dypall.com\/activity\/an-overview-of-the-first-study-visit-of-the-project-boosting-youth-participation-at-local-level-november-2017-south-of-portugal\/\",\"name\":\"\u201cBoosting Youth Participation at Local Level\u201d Study visit to Portim\u00e3o - DYPALL Network\",\"isPartOf\":{\"@id\":\"https:\/\/dypall.com\/#website\"},\"primaryImageOfPage\":{\"@id\":\"https:\/\/dypall.com\/activity\/an-overview-of-the-first-study-visit-of-the-project-boosting-youth-participation-at-local-level-november-2017-south-of-portugal\/#primaryimage\"},\"image\":{\"@id\":\"https:\/\/dypall.com\/activity\/an-overview-of-the-first-study-visit-of-the-project-boosting-youth-participation-at-local-level-november-2017-south-of-portugal\/#primaryimage\"},\"thumbnailUrl\":\"\",\"datePublished\":\"2017-11-27T18:06:49+00:00\",\"dateModified\":\"2017-11-27T18:06:49+00:00\",\"author\":{\"@id\":\"https:\/\/dypall.com\/#\/schema\/person\/f92e08aa15c8ba711a9d153129f03377\"},\"breadcrumb\":{\"@id\":\"https:\/\/dypall.com\/activity\/an-overview-of-the-first-study-visit-of-the-project-boosting-youth-participation-at-local-level-november-2017-south-of-portugal\/#breadcrumb\"},\"inLanguage\":\"lv-LV\",\"potentialAction\":[{\"@type\":\"ReadAction\",\"target\":[\"https:\/\/dypall.com\/activity\/an-overview-of-the-first-study-visit-of-the-project-boosting-youth-participation-at-local-level-november-2017-south-of-portugal\/\"]}]},{\"@type\":\"ImageObject\",\"inLanguage\":\"lv-LV\",\"@id\":\"https:\/\/dypall.com\/activity\/an-overview-of-the-first-study-visit-of-the-project-boosting-youth-participation-at-local-level-november-2017-south-of-portugal\/#primaryimage\",\"url\":\"\",\"contentUrl\":\"\"},{\"@type\":\"BreadcrumbList\",\"@id\":\"https:\/\/dypall.com\/activity\/an-overview-of-the-first-study-visit-of-the-project-boosting-youth-participation-at-local-level-november-2017-south-of-portugal\/#breadcrumb\",\"itemListElement\":[{\"@type\":\"ListItem\",\"position\":1,\"name\":\"Home\",\"item\":\"https:\/\/dypall.com\/\"},{\"@type\":\"ListItem\",\"position\":2,\"name\":\"\u201cBoosting Youth Participation at Local Level\u201d Study visit to Portim\u00e3o\"}]},{\"@type\":\"WebSite\",\"@id\":\"https:\/\/dypall.com\/#website\",\"url\":\"https:\/\/dypall.com\/\",\"name\":\"DYPALL Network\",\"description\":\"We are a European network of civil society organisations, municipalities and research institutions dedicated to improving democracy through youth participation.\",\"potentialAction\":[{\"@type\":\"SearchAction\",\"target\":{\"@type\":\"EntryPoint\",\"urlTemplate\":\"https:\/\/dypall.com\/?s={search_term_string}\"},\"query-input\":\"required name=search_term_string\"}],\"inLanguage\":\"lv-LV\"},{\"@type\":\"Person\",\"@id\":\"https:\/\/dypall.com\/#\/schema\/person\/f92e08aa15c8ba711a9d153129f03377\",\"name\":\"DYPALL Network\",\"image\":{\"@type\":\"ImageObject\",\"inLanguage\":\"lv-LV\",\"@id\":\"https:\/\/dypall.com\/#\/schema\/person\/image\/\",\"url\":\"https:\/\/secure.gravatar.com\/avatar\/9c39e299279800c6d69c5e02cf613e7bab060889f373052a03d7ac399e8f0d3c?s=96&d=mm&r=g\",\"contentUrl\":\"https:\/\/secure.gravatar.com\/avatar\/9c39e299279800c6d69c5e02cf613e7bab060889f373052a03d7ac399e8f0d3c?s=96&d=mm&r=g\",\"caption\":\"DYPALL Network\"},\"sameAs\":[\"https:\/\/dypall.com\"],\"url\":\"https:\/\/dypall.com\/lv\/author\/dypall\/\"}]}<\/script>\n<!-- \/ Yoast SEO plugin. -->","yoast_head_json":{"title":"\u201cBoosting Youth Participation at Local Level\u201d Study visit to Portim\u00e3o - DYPALL Network","robots":{"index":"index","follow":"follow","max-snippet":"max-snippet:-1","max-image-preview":"max-image-preview:large","max-video-preview":"max-video-preview:-1"},"canonical":"https:\/\/dypall.com\/lv\/activity\/an-overview-of-the-first-study-visit-of-the-project-boosting-youth-participation-at-local-level-november-2017-south-of-portugal\/","og_locale":"lv_LV","og_type":"article","og_title":"\u201cBoosting Youth Participation at Local Level\u201d Study visit to Portim\u00e3o - DYPALL Network","og_description":"From 13 to 18 November 2017, DYPALL Network in cooperation with Puntland Diaspora Forum and Portim\u00e3o Municipality received a group of 26 representatives from organizations working with youth relevant issues and municipalities, for the study visit \u201cBoosting Youth Participation at Local Level\u201d (Boosting YP) in Portim\u00e3o (Portugal). These participants were from Portugal, Sweden, Turkey, Slovakia,&hellip; Turpiniet las\u012bt \u201cBoosting Youth Participation at Local Level\u201d Study visit to Portim\u00e3o","og_url":"https:\/\/dypall.com\/lv\/activity\/an-overview-of-the-first-study-visit-of-the-project-boosting-youth-participation-at-local-level-november-2017-south-of-portugal\/","og_site_name":"DYPALL Network","article_published_time":"2017-11-27T18:06:49+00:00","author":"DYPALL Network","twitter_card":"summary_large_image","twitter_misc":{"Written by":"DYPALL Network","Est. reading time":"1 min\u016bte"},"schema":{"@context":"https:\/\/schema.org","@graph":[{"@type":"WebPage","@id":"https:\/\/dypall.com\/activity\/an-overview-of-the-first-study-visit-of-the-project-boosting-youth-participation-at-local-level-november-2017-south-of-portugal\/","url":"https:\/\/dypall.com\/activity\/an-overview-of-the-first-study-visit-of-the-project-boosting-youth-participation-at-local-level-november-2017-south-of-portugal\/","name":"\u201cBoosting Youth Participation at Local Level\u201d Study visit to Portim\u00e3o - DYPALL Network","isPartOf":{"@id":"https:\/\/dypall.com\/#website"},"primaryImageOfPage":{"@id":"https:\/\/dypall.com\/activity\/an-overview-of-the-first-study-visit-of-the-project-boosting-youth-participation-at-local-level-november-2017-south-of-portugal\/#primaryimage"},"image":{"@id":"https:\/\/dypall.com\/activity\/an-overview-of-the-first-study-visit-of-the-project-boosting-youth-participation-at-local-level-november-2017-south-of-portugal\/#primaryimage"},"thumbnailUrl":"","datePublished":"2017-11-27T18:06:49+00:00","dateModified":"2017-11-27T18:06:49+00:00","author":{"@id":"https:\/\/dypall.com\/#\/schema\/person\/f92e08aa15c8ba711a9d153129f03377"},"breadcrumb":{"@id":"https:\/\/dypall.com\/activity\/an-overview-of-the-first-study-visit-of-the-project-boosting-youth-participation-at-local-level-november-2017-south-of-portugal\/#breadcrumb"},"inLanguage":"lv-LV","potentialAction":[{"@type":"ReadAction","target":["https:\/\/dypall.com\/activity\/an-overview-of-the-first-study-visit-of-the-project-boosting-youth-participation-at-local-level-november-2017-south-of-portugal\/"]}]},{"@type":"ImageObject","inLanguage":"lv-LV","@id":"https:\/\/dypall.com\/activity\/an-overview-of-the-first-study-visit-of-the-project-boosting-youth-participation-at-local-level-november-2017-south-of-portugal\/#primaryimage","url":"","contentUrl":""},{"@type":"BreadcrumbList","@id":"https:\/\/dypall.com\/activity\/an-overview-of-the-first-study-visit-of-the-project-boosting-youth-participation-at-local-level-november-2017-south-of-portugal\/#breadcrumb","itemListElement":[{"@type":"ListItem","position":1,"name":"Home","item":"https:\/\/dypall.com\/"},{"@type":"ListItem","position":2,"name":"\u201cBoosting Youth Participation at Local Level\u201d Study visit to Portim\u00e3o"}]},{"@type":"WebSite","@id":"https:\/\/dypall.com\/#website","url":"https:\/\/dypall.com\/","name":"DYPALL Network","description":"We are a European network of civil society organisations, municipalities and research institutions dedicated to improving democracy through youth participation.","potentialAction":[{"@type":"SearchAction","target":{"@type":"EntryPoint","urlTemplate":"https:\/\/dypall.com\/?s={search_term_string}"},"query-input":"required name=search_term_string"}],"inLanguage":"lv-LV"},{"@type":"Person","@id":"https:\/\/dypall.com\/#\/schema\/person\/f92e08aa15c8ba711a9d153129f03377","name":"DYPALL Network","image":{"@type":"ImageObject","inLanguage":"lv-LV","@id":"https:\/\/dypall.com\/#\/schema\/person\/image\/","url":"https:\/\/secure.gravatar.com\/avatar\/9c39e299279800c6d69c5e02cf613e7bab060889f373052a03d7ac399e8f0d3c?s=96&d=mm&r=g","contentUrl":"https:\/\/secure.gravatar.com\/avatar\/9c39e299279800c6d69c5e02cf613e7bab060889f373052a03d7ac399e8f0d3c?s=96&d=mm&r=g","caption":"DYPALL Network"},"sameAs":["https:\/\/dypall.com"],"url":"https:\/\/dypall.com\/lv\/author\/dypall\/"}]}},"jetpack_featured_media_url":"","jetpack_sharing_enabled":true,"_links":{"self":[{"href":"https:\/\/dypall.com\/lv\/wp-json\/wp\/v2\/posts\/2706","targetHints":{"allow":["GET"]}}],"collection":[{"href":"https:\/\/dypall.com\/lv\/wp-json\/wp\/v2\/posts"}],"about":[{"href":"https:\/\/dypall.com\/lv\/wp-json\/wp\/v2\/types\/post"}],"author":[{"embeddable":true,"href":"https:\/\/dypall.com\/lv\/wp-json\/wp\/v2\/users\/1"}],"replies":[{"embeddable":true,"href":"https:\/\/dypall.com\/lv\/wp-json\/wp\/v2\/comments?post=2706"}],"version-history":[{"count":0,"href":"https:\/\/dypall.com\/lv\/wp-json\/wp\/v2\/posts\/2706\/revisions"}],"wp:featuredmedia":[{"embeddable":true,"href":"https:\/\/dypall.com\/lv\/wp-json\/"}],"wp:attachment":[{"href":"https:\/\/dypall.com\/lv\/wp-json\/wp\/v2\/media?parent=2706"}],"wp:term":[{"taxonomy":"category","embeddable":true,"href":"https:\/\/dypall.com\/lv\/wp-json\/wp\/v2\/categories?post=2706"},{"taxonomy":"post_tag","embeddable":true,"href":"https:\/\/dypall.com\/lv\/wp-json\/wp\/v2\/tags?post=2706"}],"curies":[{"name":"wp","href":"https:\/\/api.w.org\/{rel}","templated":true}]}}