{"id":2651,"date":"2017-10-20T17:50:30","date_gmt":"2017-10-20T15:50:30","guid":{"rendered":"http:\/\/dypall.com\/?p=2651"},"modified":"2017-10-20T17:50:30","modified_gmt":"2017-10-20T15:50:30","slug":"testimonies-from-participants-of-dypalls-activities","status":"publish","type":"post","link":"https:\/\/dypall.com\/lv\/activity\/testimonies-from-participants-of-dypalls-activities\/","title":{"rendered":"DYPALL t\u012bkla darb\u012bbu dal\u012bbnieku liec\u012bbas"},"content":{"rendered":"<p>Sara Shabana (jaunatnes darbiniece \/ Palest\u012bna)<br \/>\nPartner\u012bbas veido\u0161anas pas\u0101kuma \u201cVeidot tiltus, lai veicin\u0101tu jaunie\u0161u l\u012bdzdal\u012bbu viet\u0113j\u0101 l\u012bmen\u012b Vidusj\u016bras re\u0123iona valst\u012bs\u201d dal\u012bbnieks<img loading=\"lazy\" decoding=\"async\" class=\"size-column2-1\/1 wp-image-2658 alignright\" src=\"http:\/\/dypall.com\/wp-content\/uploads\/2017\/10\/sara-2-1-400x480.jpg\" alt=\"\" width=\"400\" height=\"480\" \/><\/p>\n<p>\u201cUzlabojot starptautisk\u0101s attiec\u012bbas un vienlaikus m\u0101coties par jaunie\u0161u l\u012bdzdal\u012bbu l\u0113mumu pie\u0146em\u0161an\u0101, DYPALL projekts bija lieliska pieredze, kas man k\u0101 palest\u012bnie\u0161u dal\u012bbniekam deva daudz. \u0160aj\u0101 gad\u012bjum\u0101 t\u0101 man deva iesp\u0113ju uzzin\u0101t vair\u0101k par jaunie\u0161u l\u012bdzdal\u012bbu da\u017e\u0101d\u0101s valst\u012bs un uzzin\u0101t par citu dal\u012bbnieku pieredzi jaunatnes jom\u0101, kas man pal\u012bdz\u0113ja ab\u0101s valst\u012bs; veidot partner\u012bbas ar da\u017e\u0101d\u0101m organiz\u0101cij\u0101m un pa\u0161vald\u012bb\u0101m, k\u0101 ar\u012b \u012bstenot jaunas idejas, ko es atgriezu sav\u0101 viet\u0113j\u0101 kopien\u0101, lai mudin\u0101tu jaunie\u0161us vair\u0101k iesaist\u012bties un akt\u012bvi piedal\u012bties l\u0113mumu pie\u0146em\u0161anas proces\u0101.<\/p>\n<p>Kop\u0101 DYPALL mums bija iesp\u0113ja ne tikai iem\u0101c\u012bties perfekti uzrakst\u012bt projekta priek\u0161likumu, bet ar\u012b uzzin\u0101t, k\u0101 att\u012bst\u012bt \u0161os projektus. P\u0113c tam, kad dal\u012bj\u0101mies ar realit\u0101ti par m\u016bsu valst\u012bm, m\u0113s izstr\u0101d\u0101j\u0101m daudzus jaunie\u0161u projektus, pamatojoties uz valstu kop\u012bgaj\u0101m vajadz\u012bb\u0101m, un m\u0113s pl\u0101nojam \u012bstenot \u0161os projektus n\u0101kam\u0101 gada laik\u0101.<\/p>\n<p>Turkl\u0101t DYPALL man deva iesp\u0113ju sazin\u0101ties ar citiem cilv\u0113kiem no visas pasaules, kuri seko t\u0101m pa\u0161\u0101m idej\u0101m par p\u0101rmai\u0146\u0101m un att\u012bst\u012bbu sav\u0101s izcelsmes valst\u012bs neatkar\u012bgi no vi\u0146u valodas, kult\u016bras, reli\u0123ijas vai etnisk\u0101s pieder\u012bbas. At\u0161\u0137ir\u012bgi viedok\u013ci no cit\u0101m kult\u016br\u0101m man pal\u012bdz\u0113ja dom\u0101t par da\u017e\u0101diem veidiem, k\u0101 risin\u0101t palest\u012bnie\u0161u jaunie\u0161u probl\u0113mas un uzlabot da\u017e\u0101das jomas, lai apmierin\u0101tu vi\u0146u vajadz\u012bbas. Visbeidzot, bet ne maz\u0101k svar\u012bgi, t\u0101 patie\u0161\u0101m bija lieliska iesp\u0113ja piedal\u012bties \u0161\u0101d\u0101 projekt\u0101 un piedal\u012bties t\u0101 v\u0113rt\u012bgaj\u0101s sesij\u0101s, es ceru, ka ikvienam b\u016bs iesp\u0113ja piedal\u012bties DYPALL darb\u012bb\u0101s.\u201d<\/p>\n<p>&nbsp;<\/p>\n<p>J\u0101nis \u0160audi\u0146\u0161 (R\u0113zeknes novada pa\u0161vald\u012bbas darbinieks \/ Latvija)<img loading=\"lazy\" decoding=\"async\" class=\"size-column2-1\/1 wp-image-2655 alignright\" src=\"http:\/\/dypall.com\/wp-content\/uploads\/2017\/10\/janis-480x480.jpg\" alt=\"\" width=\"480\" height=\"480\" \/><\/p>\n<p>Izp\u0113tes viz\u012btes dal\u012bbnieks D\u0101nij\u0101: Jaunie\u0161u l\u012bdzdal\u012bba lauku apvidos<\/p>\n<p>\u201cLaik\u0101 no 9. l\u012bdz 12. oktobrim R\u0113zeknes novada pa\u0161vald\u012bbas jaunatnes teritorijas p\u0101rst\u0101vji un nevalstisk\u0101s organiz\u0101cijas piedal\u012bj\u0101s DYPALL t\u012bkla organiz\u0113taj\u0101 m\u0101c\u012bbu viz\u012bt\u0113 \u201cJaunie\u0161u l\u012bdzdal\u012bba lauku apvidos\u201d, kas notika D\u0101nij\u0101, Egedal pa\u0161vald\u012bb\u0101.<\/p>\n<p>Izp\u0113tes viz\u012btes laik\u0101 R\u0113zeknes novada pa\u0161vald\u012bbas p\u0101rst\u0101vji, k\u0101 ar\u012b jaunatnes darbinieki, pa\u0161vald\u012bbu un nevalstisko organiz\u0101ciju p\u0101rst\u0101vji no D\u0101nijas, Ma\u0137edonijas, Portug\u0101les un It\u0101lijas dal\u012bj\u0101s pieredz\u0113 un izstr\u0101d\u0101ja vair\u0101kus risin\u0101jumus, lai \u012bstenotu akt\u012bv\u0101ku jaunie\u0161u l\u012bdzdal\u012bbu sabiedriskos un politiskos procesos da\u017e\u0101du valstu lauku apvidos.<\/p>\n<p>Rezult\u0101tu pamat\u0101 bija nepiecie\u0161am\u012bba veicin\u0101t cie\u0161\u0101ku sadarb\u012bbu starp viet\u0113jiem jaunie\u0161iem un l\u0113mumu pie\u0146\u0113m\u0113jiem jaut\u0101jumos, kas saist\u012bti ar jaunie\u0161u atp\u016btas iesp\u0113j\u0101m, transporta un infrastrukt\u016bras nodro\u0161in\u0101\u0161anu, nodarbin\u0101t\u012bbu un jaunuz\u0146\u0113mumu iesp\u0113j\u0101m.<br \/>\nProgrammas ietvaros tika organiz\u0113ta viet\u0113j\u0101 jaunie\u0161u nama apmekl\u0113\u0161ana un tik\u0161an\u0101s ar Egedal pa\u0161vald\u012bbas br\u012bv\u0101 laika skolas koordinatoru, kur\u0101 tika secin\u0101ts, ka darbs ar jaunie\u0161iem Egedal pa\u0161vald\u012bb\u0101 tiek att\u012bst\u012bts augst\u0101 l\u012bmen\u012b un liel\u0101 m\u0113r\u0101 balst\u0101s uz pla\u0161u intere\u0161u izgl\u012bt\u012bbas programmu kl\u0101stu, kas galvenok\u0101rt tiek \u012bstenotas p\u0113c skolas laika kult\u016bras namos (ska\u0146as, apgaismojums, \u0113diena gatavo\u0161ana, te\u0101tris utt.), jaunie\u0161u centros (\u0113dienu gatavo\u0161ana, e-sports, galda teniss utt.), sporta z\u0101l\u0113s un stadionos (komanda un individu\u0101lie sporta veidi), kur j\u0101atz\u012bm\u0113, ka D\u0101nijas br\u012bv\u0101 laika skolu sist\u0113ma tika izveidota un tiek \u012bstenota kop\u0161 1942. gada.\u201d<\/p>","protected":false},"excerpt":{"rendered":"<p>Sara Shabana (jaunatnes darbiniece \/ Palest\u012bna) Partner\u012bbas veido\u0161anas pas\u0101kuma \u201cVeidojot tiltus, lai veicin\u0101tu jaunie\u0161u l\u012bdzdal\u012bbu viet\u0113j\u0101 l\u012bmen\u012b Vidusj\u016bras re\u0123iona valst\u012bs\u201d dal\u012bbniece \u201cUzlabojot starptautisk\u0101s attiec\u012bbas un vienlaikus m\u0101coties par jaunie\u0161u l\u012bdzdal\u012bbu l\u0113mumu pie\u0146em\u0161an\u0101, DYPALL projekts bija lieliska pieredze, kas man k\u0101 palest\u012bnie\u0161u dal\u012bbniecei sniedza daudz. \u0160aj\u0101 gad\u012bjum\u0101 tas man deva... <a class=\"more-link\" href=\"https:\/\/dypall.com\/lv\/activity\/testimonies-from-participants-of-dypalls-activities\/\">Turpiniet las\u012bt <span class=\"screen-reader-text\">DYPALL t\u012bkla darb\u012bbu dal\u012bbnieku liec\u012bbas<\/span><\/a><\/p>","protected":false},"author":2,"featured_media":2656,"comment_status":"closed","ping_status":"open","sticky":false,"template":"","format":"standard","meta":{"_acf_changed":false,"_jetpack_memberships_contains_paid_content":false,"footnotes":""},"categories":[111],"tags":[156],"class_list":["post-2651","post","type-post","status-publish","format-standard","has-post-thumbnail","hentry","category-activity","tag-testimonies","entry"],"acf":[],"yoast_head":"<!-- This site is optimized with the Yoast SEO plugin v22.8 - https:\/\/yoast.com\/wordpress\/plugins\/seo\/ -->\n<title>Testimonies from participants of DYPALL Network&#039;s activities - DYPALL Network<\/title>\n<meta name=\"robots\" content=\"index, follow, max-snippet:-1, max-image-preview:large, max-video-preview:-1\" \/>\n<link rel=\"canonical\" href=\"https:\/\/dypall.com\/lv\/activity\/testimonies-from-participants-of-dypalls-activities\/\" \/>\n<meta property=\"og:locale\" content=\"lv_LV\" \/>\n<meta property=\"og:type\" content=\"article\" \/>\n<meta property=\"og:title\" content=\"Testimonies from participants of DYPALL Network&#039;s activities - DYPALL Network\" \/>\n<meta property=\"og:description\" content=\"Sara Shabana (Youth worker \/ Palestine) Participant of\u00a0Partnership-building\u00a0activity \u201cBuilding\u00a0bridges\u00a0to enhance youth participation at local level in Mediterranean countries\u201d &#8220;By enhancing international relations while also learning about youth participation in decision making, DYPALL project was a great experience that brought a lot to me as a Palestinian participant. A case in point, it gave me the&hellip; Turpiniet las\u012bt Testimonies from participants of DYPALL Network&#8217;s activities\" \/>\n<meta property=\"og:url\" content=\"https:\/\/dypall.com\/lv\/activity\/testimonies-from-participants-of-dypalls-activities\/\" \/>\n<meta property=\"og:site_name\" content=\"DYPALL Network\" \/>\n<meta property=\"article:published_time\" content=\"2017-10-20T15:50:30+00:00\" \/>\n<meta name=\"author\" content=\"dypall\" \/>\n<meta name=\"twitter:card\" content=\"summary_large_image\" \/>\n<meta name=\"twitter:label1\" content=\"Written by\" \/>\n\t<meta name=\"twitter:data1\" content=\"dypall\" \/>\n\t<meta name=\"twitter:label2\" content=\"Est. reading time\" \/>\n\t<meta name=\"twitter:data2\" content=\"3 min\u016btes\" \/>\n<script type=\"application\/ld+json\" class=\"yoast-schema-graph\">{\"@context\":\"https:\/\/schema.org\",\"@graph\":[{\"@type\":\"WebPage\",\"@id\":\"https:\/\/dypall.com\/activity\/testimonies-from-participants-of-dypalls-activities\/\",\"url\":\"https:\/\/dypall.com\/activity\/testimonies-from-participants-of-dypalls-activities\/\",\"name\":\"Testimonies from participants of DYPALL Network's activities - DYPALL Network\",\"isPartOf\":{\"@id\":\"https:\/\/dypall.com\/#website\"},\"primaryImageOfPage\":{\"@id\":\"https:\/\/dypall.com\/activity\/testimonies-from-participants-of-dypalls-activities\/#primaryimage\"},\"image\":{\"@id\":\"https:\/\/dypall.com\/activity\/testimonies-from-participants-of-dypalls-activities\/#primaryimage\"},\"thumbnailUrl\":\"\",\"datePublished\":\"2017-10-20T15:50:30+00:00\",\"dateModified\":\"2017-10-20T15:50:30+00:00\",\"author\":{\"@id\":\"https:\/\/dypall.com\/#\/schema\/person\/206350efe851997fcdedef75d118766b\"},\"breadcrumb\":{\"@id\":\"https:\/\/dypall.com\/activity\/testimonies-from-participants-of-dypalls-activities\/#breadcrumb\"},\"inLanguage\":\"lv-LV\",\"potentialAction\":[{\"@type\":\"ReadAction\",\"target\":[\"https:\/\/dypall.com\/activity\/testimonies-from-participants-of-dypalls-activities\/\"]}]},{\"@type\":\"ImageObject\",\"inLanguage\":\"lv-LV\",\"@id\":\"https:\/\/dypall.com\/activity\/testimonies-from-participants-of-dypalls-activities\/#primaryimage\",\"url\":\"\",\"contentUrl\":\"\"},{\"@type\":\"BreadcrumbList\",\"@id\":\"https:\/\/dypall.com\/activity\/testimonies-from-participants-of-dypalls-activities\/#breadcrumb\",\"itemListElement\":[{\"@type\":\"ListItem\",\"position\":1,\"name\":\"Home\",\"item\":\"https:\/\/dypall.com\/\"},{\"@type\":\"ListItem\",\"position\":2,\"name\":\"Testimonies from participants of DYPALL Network&#8217;s activities\"}]},{\"@type\":\"WebSite\",\"@id\":\"https:\/\/dypall.com\/#website\",\"url\":\"https:\/\/dypall.com\/\",\"name\":\"DYPALL Network\",\"description\":\"We are a European network of civil society organisations, municipalities and research institutions dedicated to improving democracy through youth participation.\",\"potentialAction\":[{\"@type\":\"SearchAction\",\"target\":{\"@type\":\"EntryPoint\",\"urlTemplate\":\"https:\/\/dypall.com\/?s={search_term_string}\"},\"query-input\":\"required name=search_term_string\"}],\"inLanguage\":\"lv-LV\"},{\"@type\":\"Person\",\"@id\":\"https:\/\/dypall.com\/#\/schema\/person\/206350efe851997fcdedef75d118766b\",\"name\":\"dypall\",\"image\":{\"@type\":\"ImageObject\",\"inLanguage\":\"lv-LV\",\"@id\":\"https:\/\/dypall.com\/#\/schema\/person\/image\/\",\"url\":\"https:\/\/secure.gravatar.com\/avatar\/14e8d3d8841cd0bdf69915120bcf9fcfac1567f1dc7035664907322ac47efe29?s=96&d=mm&r=g\",\"contentUrl\":\"https:\/\/secure.gravatar.com\/avatar\/14e8d3d8841cd0bdf69915120bcf9fcfac1567f1dc7035664907322ac47efe29?s=96&d=mm&r=g\",\"caption\":\"dypall\"},\"url\":\"https:\/\/dypall.com\/lv\/author\/dypall_info\/\"}]}<\/script>\n<!-- \/ Yoast SEO plugin. -->","yoast_head_json":{"title":"Testimonies from participants of DYPALL Network's activities - DYPALL Network","robots":{"index":"index","follow":"follow","max-snippet":"max-snippet:-1","max-image-preview":"max-image-preview:large","max-video-preview":"max-video-preview:-1"},"canonical":"https:\/\/dypall.com\/lv\/activity\/testimonies-from-participants-of-dypalls-activities\/","og_locale":"lv_LV","og_type":"article","og_title":"Testimonies from participants of DYPALL Network's activities - DYPALL Network","og_description":"Sara Shabana (Youth worker \/ Palestine) Participant of\u00a0Partnership-building\u00a0activity \u201cBuilding\u00a0bridges\u00a0to enhance youth participation at local level in Mediterranean countries\u201d &#8220;By enhancing international relations while also learning about youth participation in decision making, DYPALL project was a great experience that brought a lot to me as a Palestinian participant. A case in point, it gave me the&hellip; Turpiniet las\u012bt Testimonies from participants of DYPALL Network&#8217;s activities","og_url":"https:\/\/dypall.com\/lv\/activity\/testimonies-from-participants-of-dypalls-activities\/","og_site_name":"DYPALL Network","article_published_time":"2017-10-20T15:50:30+00:00","author":"dypall","twitter_card":"summary_large_image","twitter_misc":{"Written by":"dypall","Est. reading time":"3 min\u016btes"},"schema":{"@context":"https:\/\/schema.org","@graph":[{"@type":"WebPage","@id":"https:\/\/dypall.com\/activity\/testimonies-from-participants-of-dypalls-activities\/","url":"https:\/\/dypall.com\/activity\/testimonies-from-participants-of-dypalls-activities\/","name":"Testimonies from participants of DYPALL Network's activities - DYPALL Network","isPartOf":{"@id":"https:\/\/dypall.com\/#website"},"primaryImageOfPage":{"@id":"https:\/\/dypall.com\/activity\/testimonies-from-participants-of-dypalls-activities\/#primaryimage"},"image":{"@id":"https:\/\/dypall.com\/activity\/testimonies-from-participants-of-dypalls-activities\/#primaryimage"},"thumbnailUrl":"","datePublished":"2017-10-20T15:50:30+00:00","dateModified":"2017-10-20T15:50:30+00:00","author":{"@id":"https:\/\/dypall.com\/#\/schema\/person\/206350efe851997fcdedef75d118766b"},"breadcrumb":{"@id":"https:\/\/dypall.com\/activity\/testimonies-from-participants-of-dypalls-activities\/#breadcrumb"},"inLanguage":"lv-LV","potentialAction":[{"@type":"ReadAction","target":["https:\/\/dypall.com\/activity\/testimonies-from-participants-of-dypalls-activities\/"]}]},{"@type":"ImageObject","inLanguage":"lv-LV","@id":"https:\/\/dypall.com\/activity\/testimonies-from-participants-of-dypalls-activities\/#primaryimage","url":"","contentUrl":""},{"@type":"BreadcrumbList","@id":"https:\/\/dypall.com\/activity\/testimonies-from-participants-of-dypalls-activities\/#breadcrumb","itemListElement":[{"@type":"ListItem","position":1,"name":"Home","item":"https:\/\/dypall.com\/"},{"@type":"ListItem","position":2,"name":"Testimonies from participants of DYPALL Network&#8217;s activities"}]},{"@type":"WebSite","@id":"https:\/\/dypall.com\/#website","url":"https:\/\/dypall.com\/","name":"DYPALL Network","description":"We are a European network of civil society organisations, municipalities and research institutions dedicated to improving democracy through youth participation.","potentialAction":[{"@type":"SearchAction","target":{"@type":"EntryPoint","urlTemplate":"https:\/\/dypall.com\/?s={search_term_string}"},"query-input":"required name=search_term_string"}],"inLanguage":"lv-LV"},{"@type":"Person","@id":"https:\/\/dypall.com\/#\/schema\/person\/206350efe851997fcdedef75d118766b","name":"dypall","image":{"@type":"ImageObject","inLanguage":"lv-LV","@id":"https:\/\/dypall.com\/#\/schema\/person\/image\/","url":"https:\/\/secure.gravatar.com\/avatar\/14e8d3d8841cd0bdf69915120bcf9fcfac1567f1dc7035664907322ac47efe29?s=96&d=mm&r=g","contentUrl":"https:\/\/secure.gravatar.com\/avatar\/14e8d3d8841cd0bdf69915120bcf9fcfac1567f1dc7035664907322ac47efe29?s=96&d=mm&r=g","caption":"dypall"},"url":"https:\/\/dypall.com\/lv\/author\/dypall_info\/"}]}},"jetpack_featured_media_url":"","jetpack_sharing_enabled":true,"_links":{"self":[{"href":"https:\/\/dypall.com\/lv\/wp-json\/wp\/v2\/posts\/2651","targetHints":{"allow":["GET"]}}],"collection":[{"href":"https:\/\/dypall.com\/lv\/wp-json\/wp\/v2\/posts"}],"about":[{"href":"https:\/\/dypall.com\/lv\/wp-json\/wp\/v2\/types\/post"}],"author":[{"embeddable":true,"href":"https:\/\/dypall.com\/lv\/wp-json\/wp\/v2\/users\/2"}],"replies":[{"embeddable":true,"href":"https:\/\/dypall.com\/lv\/wp-json\/wp\/v2\/comments?post=2651"}],"version-history":[{"count":0,"href":"https:\/\/dypall.com\/lv\/wp-json\/wp\/v2\/posts\/2651\/revisions"}],"wp:featuredmedia":[{"embeddable":true,"href":"https:\/\/dypall.com\/lv\/wp-json\/"}],"wp:attachment":[{"href":"https:\/\/dypall.com\/lv\/wp-json\/wp\/v2\/media?parent=2651"}],"wp:term":[{"taxonomy":"category","embeddable":true,"href":"https:\/\/dypall.com\/lv\/wp-json\/wp\/v2\/categories?post=2651"},{"taxonomy":"post_tag","embeddable":true,"href":"https:\/\/dypall.com\/lv\/wp-json\/wp\/v2\/tags?post=2651"}],"curies":[{"name":"wp","href":"https:\/\/api.w.org\/{rel}","templated":true}]}}