{"id":2648,"date":"2017-09-20T17:03:41","date_gmt":"2017-09-20T15:03:41","guid":{"rendered":"http:\/\/dypall.com\/?p=2648"},"modified":"2017-09-20T17:03:41","modified_gmt":"2017-09-20T15:03:41","slug":"seed-social-entrepreneurship-and-educational-practices-for-young-people","status":"publish","type":"post","link":"https:\/\/dypall.com\/lv\/activity\/seed-social-entrepreneurship-and-educational-practices-for-young-people\/","title":{"rendered":"SE+ED: Soci\u0101l\u0101 uz\u0146\u0113m\u0113jdarb\u012bba un izgl\u012bt\u012bbas prakse jaunie\u0161iem"},"content":{"rendered":"<p>Par 11<sup>th<\/sup>\u00a0septembr\u012b Portimaunas muzeja auditorij\u0101 DYPALL t\u012bkls sadarb\u012bb\u0101 ar Portimaunas pa\u0161vald\u012bbu un kooperat\u012bvo ECOS r\u012bkoja\u00a0<strong>Starptautiska konference \u201cSE+ED \u2014 soci\u0101l\u0101 uz\u0146\u0113m\u0113jdarb\u012bba un izgl\u012bt\u012bbas prakse jaunie\u0161iem\u201d<\/strong>.<\/p>\n<p>\u0160aj\u0101 san\u0101ksm\u0113 dal\u012bbniekiem bija iesp\u0113ja uzzin\u0101t par soci\u0101l\u0101s uz\u0146\u0113m\u0113jdarb\u012bbas noz\u012bmi m\u016bsdienu ekonomik\u0101 un t\u0101s \u012bpa\u0161o noz\u012bmi p\u0113ckr\u012bzes ekonomik\u0101. Turkl\u0101t \u0161\u012b konference tika izmantota k\u0101 platforma, lai dal\u012btos ar soci\u0101l\u0101s uz\u0146\u0113m\u0113jdarb\u012bbas perspekt\u012bv\u0101m da\u017e\u0101d\u0101s valst\u012bs. Tika apspriesta un analiz\u0113ta att\u012bst\u012bbas perspekt\u012bva un probl\u0113mas, ar kur\u0101m \u0161is uz\u0146\u0113m\u0113jdarb\u012bbas veids saskaras ar iesaist\u012bto ieinteres\u0113to personu starpniec\u012bbu. M\u0113s risin\u0101j\u0101m jaut\u0101jumus par sadarb\u012bbu starp tradicion\u0101lo uz\u0146\u0113m\u0113jdarb\u012bbas nozari un augo\u0161o jaunuz\u0146\u0113mumu nozari un to, k\u0101 \u0161o saikni var uzlabot.<\/p>\n<p>\u0160\u012b konference bija viena gada projekta ar t\u0101du pa\u0161u nosaukumu nosl\u0113guma pas\u0101kums: <strong>SE+ED \u2013 Soci\u0101l\u0101 uz\u0146\u0113m\u0113jdarb\u012bba un izgl\u012bt\u012bbas prakse jaunie\u0161iem, <\/strong>ko atbalsta <strong>Programma \u201cErasmus+\u201d<\/strong>, kuras m\u0113r\u0137is bija nodro\u0161in\u0101t metodolo\u0123isku un izgl\u012btojo\u0161u apm\u0101c\u012bbu par soci\u0101lo uz\u0146\u0113m\u0113jdarb\u012bbu. Divdesmit pieci jaunie\u0161i no Grie\u0137ijas, Polijas, Austrijas un Portug\u0101les guva labumu no \u0161iem pas\u0101kumiem, kuru pamat\u0101 bija apmai\u0146as un neform\u0101l\u0101s m\u0101c\u012b\u0161an\u0101s metodes.<\/p>\n<p>\u0160aj\u0101 projekt\u0101 dal\u012bbnieki intens\u012bvi apm\u0101c\u012bja pieredz\u0113ju\u0161us viedok\u013cus \u0161aj\u0101 jom\u0101, un vi\u0146iem bija forums, kur\u0101 vi\u0146i dal\u012bj\u0101s sav\u0101s zin\u0101\u0161an\u0101s un pieredz\u0113, ko vi\u0146i ieguva no sav\u0101m valst\u012bm. Darb\u012bbas un programmas tika aug\u0161upiel\u0101d\u0113tas turpm\u0101kai izmanto\u0161anai projekta t\u012bmek\u013ca vietn\u0113 (<span style=\"color: #0000ff;\"><a style=\"color: #0000ff;\" href=\"https:\/\/www.seed-uom.org\/\">https:\/\/www.seed-uom.org\/<\/a><\/span>). Konferences laik\u0101 galven\u0101 uzman\u012bba tika piev\u0113rsta tam, lai rad\u012btu darba atmosf\u0113ru ar sp\u0113c\u012bgu kopienas izj\u016btu un starptautisko garu.\u00a0 Konference nosl\u0113dz\u0101s ar pien\u0101c\u012bgu nov\u0113rt\u0113jumu, kas var dot mums iesp\u0113ju uzlabot turpm\u0101kos \u0161\u0101da veida projektus.<\/p>\n<p>\u0160is pas\u0101kums pulc\u0113ja soci\u0101los uz\u0146\u0113m\u0113jus, akad\u0113miskos ekspertus un studentus no Portug\u0101les, Polijas, Austrijas un Grie\u0137ijas un \u013c\u0101va vi\u0146iem izp\u0113t\u012bt da\u017e\u0101das iesp\u0113jas, k\u0101 veicin\u0101t soci\u0101lo uz\u0146\u0113m\u0113jdarb\u012bbu jaunie\u0161u vid\u016b gan kopienas, gan valsts l\u012bmen\u012b.<\/p>\n<p>Konferenc\u0113 tika uzsv\u0113rti projekta rezult\u0101ti, proti, paraugprakses apmai\u0146a, k\u0101 ar\u012b ieteikumi, kas \u013cautu pa\u0161vald\u012bb\u0101m r\u016bp\u012bg\u0101k apl\u016bkot soci\u0101lo uz\u0146\u0113m\u0113jdarb\u012bbu un t\u0101d\u0113j\u0101di lab\u0101k atbalst\u012bt iedz\u012bvot\u0101jus un jo \u012bpa\u0161i jaunie\u0161us, lai vi\u0146i var\u0113tu s\u0101kt pa\u0161i savas iniciat\u012bvas un akt\u012bv\u0101k rast risin\u0101jumus sav\u0101m kopien\u0101m.<\/p>\n<p>Visas projekta aktivit\u0101tes tika izstr\u0101d\u0101tas sadarb\u012bb\u0101 ar Ma\u0137edonijas Universit\u0101ti no Grie\u0137ijas, Gain and Sustain no Austrijas, Uniwersytet Rzeszowski no Polijas, ECOS no Portug\u0101les un MBM M\u0101c\u012bbu un att\u012bst\u012bbas centru no Apvienot\u0101s Karalistes.<\/p>\n<p><img loading=\"lazy\" decoding=\"async\" class=\"alignnone size-full wp-image-2649\" src=\"http:\/\/dypall.com\/wp-content\/uploads\/2017\/10\/IMG_20170911_122500.jpg\" alt=\"\" width=\"4160\" height=\"2340\" \/><\/p>","protected":false},"excerpt":{"rendered":"<p>11. septembr\u012b Portimaunas muzeja auditorij\u0101 DYPALL t\u012bkls sadarb\u012bb\u0101 ar Portimaunas pa\u0161vald\u012bbu un kooperat\u012bvo ECOS r\u012bkoja starptautisku konferenci \u201cSE+ED \u2014 soci\u0101l\u0101 uz\u0146\u0113m\u0113jdarb\u012bba un izgl\u012bt\u012bbas prakse jaunie\u0161iem\u201d. \u0160aj\u0101 san\u0101ksm\u0113 dal\u012bbniekiem bija iesp\u0113ja uzzin\u0101t par soci\u0101l\u0101s uz\u0146\u0113m\u0113jdarb\u012bbas noz\u012bmi... <a class=\"more-link\" href=\"https:\/\/dypall.com\/lv\/activity\/seed-social-entrepreneurship-and-educational-practices-for-young-people\/\">Turpiniet las\u012bt <span class=\"screen-reader-text\">SE+ED: Soci\u0101l\u0101 uz\u0146\u0113m\u0113jdarb\u012bba un izgl\u012bt\u012bbas prakse jaunie\u0161iem<\/span><\/a><\/p>","protected":false},"author":1,"featured_media":2649,"comment_status":"closed","ping_status":"open","sticky":false,"template":"","format":"standard","meta":{"_acf_changed":false,"_jetpack_memberships_contains_paid_content":false,"footnotes":""},"categories":[111,112],"tags":[113],"class_list":["post-2648","post","type-post","status-publish","format-standard","has-post-thumbnail","hentry","category-activity","category-conference","tag-conference","entry"],"acf":[],"yoast_head":"<!-- This site is optimized with the Yoast SEO plugin v22.8 - https:\/\/yoast.com\/wordpress\/plugins\/seo\/ -->\n<title>SE+ED: Social Entrepreneurship and Educational Practices for Young People - DYPALL Network<\/title>\n<meta name=\"robots\" content=\"index, follow, max-snippet:-1, max-image-preview:large, max-video-preview:-1\" \/>\n<link rel=\"canonical\" href=\"https:\/\/dypall.com\/lv\/activity\/seed-social-entrepreneurship-and-educational-practices-for-young-people\/\" \/>\n<meta property=\"og:locale\" content=\"lv_LV\" \/>\n<meta property=\"og:type\" content=\"article\" \/>\n<meta property=\"og:title\" content=\"SE+ED: Social Entrepreneurship and Educational Practices for Young People - DYPALL Network\" \/>\n<meta property=\"og:description\" content=\"On the 11th\u00a0of September, at the Auditorium of the Museu of Portim\u00e3o, DYPALL Network, partnering with the Municipality of Portim\u00e3o and Cooperative ECOS, hosted the\u00a0International Conference \u201cSE+ED &#8211; Social Entrepreneurship and Educational Practices for Young People\u201d. In this gathering the participants had a chance to learn about the importance of the social entrepreneurship in the&hellip; Turpiniet las\u012bt SE+ED: Social Entrepreneurship and Educational Practices for Young People\" \/>\n<meta property=\"og:url\" content=\"https:\/\/dypall.com\/lv\/activity\/seed-social-entrepreneurship-and-educational-practices-for-young-people\/\" \/>\n<meta property=\"og:site_name\" content=\"DYPALL Network\" \/>\n<meta property=\"article:published_time\" content=\"2017-09-20T15:03:41+00:00\" \/>\n<meta name=\"author\" content=\"DYPALL Network\" \/>\n<meta name=\"twitter:card\" content=\"summary_large_image\" \/>\n<meta name=\"twitter:label1\" content=\"Written by\" \/>\n\t<meta name=\"twitter:data1\" content=\"DYPALL Network\" \/>\n\t<meta name=\"twitter:label2\" content=\"Est. reading time\" \/>\n\t<meta name=\"twitter:data2\" content=\"2 min\u016btes\" \/>\n<script type=\"application\/ld+json\" class=\"yoast-schema-graph\">{\"@context\":\"https:\/\/schema.org\",\"@graph\":[{\"@type\":\"WebPage\",\"@id\":\"https:\/\/dypall.com\/activity\/seed-social-entrepreneurship-and-educational-practices-for-young-people\/\",\"url\":\"https:\/\/dypall.com\/activity\/seed-social-entrepreneurship-and-educational-practices-for-young-people\/\",\"name\":\"SE+ED: Social Entrepreneurship and Educational Practices for Young People - DYPALL Network\",\"isPartOf\":{\"@id\":\"https:\/\/dypall.com\/#website\"},\"primaryImageOfPage\":{\"@id\":\"https:\/\/dypall.com\/activity\/seed-social-entrepreneurship-and-educational-practices-for-young-people\/#primaryimage\"},\"image\":{\"@id\":\"https:\/\/dypall.com\/activity\/seed-social-entrepreneurship-and-educational-practices-for-young-people\/#primaryimage\"},\"thumbnailUrl\":\"\",\"datePublished\":\"2017-09-20T15:03:41+00:00\",\"dateModified\":\"2017-09-20T15:03:41+00:00\",\"author\":{\"@id\":\"https:\/\/dypall.com\/#\/schema\/person\/f92e08aa15c8ba711a9d153129f03377\"},\"breadcrumb\":{\"@id\":\"https:\/\/dypall.com\/activity\/seed-social-entrepreneurship-and-educational-practices-for-young-people\/#breadcrumb\"},\"inLanguage\":\"lv-LV\",\"potentialAction\":[{\"@type\":\"ReadAction\",\"target\":[\"https:\/\/dypall.com\/activity\/seed-social-entrepreneurship-and-educational-practices-for-young-people\/\"]}]},{\"@type\":\"ImageObject\",\"inLanguage\":\"lv-LV\",\"@id\":\"https:\/\/dypall.com\/activity\/seed-social-entrepreneurship-and-educational-practices-for-young-people\/#primaryimage\",\"url\":\"\",\"contentUrl\":\"\"},{\"@type\":\"BreadcrumbList\",\"@id\":\"https:\/\/dypall.com\/activity\/seed-social-entrepreneurship-and-educational-practices-for-young-people\/#breadcrumb\",\"itemListElement\":[{\"@type\":\"ListItem\",\"position\":1,\"name\":\"Home\",\"item\":\"https:\/\/dypall.com\/\"},{\"@type\":\"ListItem\",\"position\":2,\"name\":\"SE+ED: Social Entrepreneurship and Educational Practices for Young People\"}]},{\"@type\":\"WebSite\",\"@id\":\"https:\/\/dypall.com\/#website\",\"url\":\"https:\/\/dypall.com\/\",\"name\":\"DYPALL Network\",\"description\":\"We are a European network of civil society organisations, municipalities and research institutions dedicated to improving democracy through youth participation.\",\"potentialAction\":[{\"@type\":\"SearchAction\",\"target\":{\"@type\":\"EntryPoint\",\"urlTemplate\":\"https:\/\/dypall.com\/?s={search_term_string}\"},\"query-input\":\"required name=search_term_string\"}],\"inLanguage\":\"lv-LV\"},{\"@type\":\"Person\",\"@id\":\"https:\/\/dypall.com\/#\/schema\/person\/f92e08aa15c8ba711a9d153129f03377\",\"name\":\"DYPALL Network\",\"image\":{\"@type\":\"ImageObject\",\"inLanguage\":\"lv-LV\",\"@id\":\"https:\/\/dypall.com\/#\/schema\/person\/image\/\",\"url\":\"https:\/\/secure.gravatar.com\/avatar\/9c39e299279800c6d69c5e02cf613e7bab060889f373052a03d7ac399e8f0d3c?s=96&d=mm&r=g\",\"contentUrl\":\"https:\/\/secure.gravatar.com\/avatar\/9c39e299279800c6d69c5e02cf613e7bab060889f373052a03d7ac399e8f0d3c?s=96&d=mm&r=g\",\"caption\":\"DYPALL Network\"},\"sameAs\":[\"https:\/\/dypall.com\"],\"url\":\"https:\/\/dypall.com\/lv\/author\/dypall\/\"}]}<\/script>\n<!-- \/ Yoast SEO plugin. -->","yoast_head_json":{"title":"SE+ED: Social Entrepreneurship and Educational Practices for Young People - DYPALL Network","robots":{"index":"index","follow":"follow","max-snippet":"max-snippet:-1","max-image-preview":"max-image-preview:large","max-video-preview":"max-video-preview:-1"},"canonical":"https:\/\/dypall.com\/lv\/activity\/seed-social-entrepreneurship-and-educational-practices-for-young-people\/","og_locale":"lv_LV","og_type":"article","og_title":"SE+ED: Social Entrepreneurship and Educational Practices for Young People - DYPALL Network","og_description":"On the 11th\u00a0of September, at the Auditorium of the Museu of Portim\u00e3o, DYPALL Network, partnering with the Municipality of Portim\u00e3o and Cooperative ECOS, hosted the\u00a0International Conference \u201cSE+ED &#8211; Social Entrepreneurship and Educational Practices for Young People\u201d. In this gathering the participants had a chance to learn about the importance of the social entrepreneurship in the&hellip; Turpiniet las\u012bt SE+ED: Social Entrepreneurship and Educational Practices for Young People","og_url":"https:\/\/dypall.com\/lv\/activity\/seed-social-entrepreneurship-and-educational-practices-for-young-people\/","og_site_name":"DYPALL Network","article_published_time":"2017-09-20T15:03:41+00:00","author":"DYPALL Network","twitter_card":"summary_large_image","twitter_misc":{"Written by":"DYPALL Network","Est. reading time":"2 min\u016btes"},"schema":{"@context":"https:\/\/schema.org","@graph":[{"@type":"WebPage","@id":"https:\/\/dypall.com\/activity\/seed-social-entrepreneurship-and-educational-practices-for-young-people\/","url":"https:\/\/dypall.com\/activity\/seed-social-entrepreneurship-and-educational-practices-for-young-people\/","name":"SE+ED: Social Entrepreneurship and Educational Practices for Young People - DYPALL Network","isPartOf":{"@id":"https:\/\/dypall.com\/#website"},"primaryImageOfPage":{"@id":"https:\/\/dypall.com\/activity\/seed-social-entrepreneurship-and-educational-practices-for-young-people\/#primaryimage"},"image":{"@id":"https:\/\/dypall.com\/activity\/seed-social-entrepreneurship-and-educational-practices-for-young-people\/#primaryimage"},"thumbnailUrl":"","datePublished":"2017-09-20T15:03:41+00:00","dateModified":"2017-09-20T15:03:41+00:00","author":{"@id":"https:\/\/dypall.com\/#\/schema\/person\/f92e08aa15c8ba711a9d153129f03377"},"breadcrumb":{"@id":"https:\/\/dypall.com\/activity\/seed-social-entrepreneurship-and-educational-practices-for-young-people\/#breadcrumb"},"inLanguage":"lv-LV","potentialAction":[{"@type":"ReadAction","target":["https:\/\/dypall.com\/activity\/seed-social-entrepreneurship-and-educational-practices-for-young-people\/"]}]},{"@type":"ImageObject","inLanguage":"lv-LV","@id":"https:\/\/dypall.com\/activity\/seed-social-entrepreneurship-and-educational-practices-for-young-people\/#primaryimage","url":"","contentUrl":""},{"@type":"BreadcrumbList","@id":"https:\/\/dypall.com\/activity\/seed-social-entrepreneurship-and-educational-practices-for-young-people\/#breadcrumb","itemListElement":[{"@type":"ListItem","position":1,"name":"Home","item":"https:\/\/dypall.com\/"},{"@type":"ListItem","position":2,"name":"SE+ED: Social Entrepreneurship and Educational Practices for Young People"}]},{"@type":"WebSite","@id":"https:\/\/dypall.com\/#website","url":"https:\/\/dypall.com\/","name":"DYPALL Network","description":"We are a European network of civil society organisations, municipalities and research institutions dedicated to improving democracy through youth participation.","potentialAction":[{"@type":"SearchAction","target":{"@type":"EntryPoint","urlTemplate":"https:\/\/dypall.com\/?s={search_term_string}"},"query-input":"required name=search_term_string"}],"inLanguage":"lv-LV"},{"@type":"Person","@id":"https:\/\/dypall.com\/#\/schema\/person\/f92e08aa15c8ba711a9d153129f03377","name":"DYPALL Network","image":{"@type":"ImageObject","inLanguage":"lv-LV","@id":"https:\/\/dypall.com\/#\/schema\/person\/image\/","url":"https:\/\/secure.gravatar.com\/avatar\/9c39e299279800c6d69c5e02cf613e7bab060889f373052a03d7ac399e8f0d3c?s=96&d=mm&r=g","contentUrl":"https:\/\/secure.gravatar.com\/avatar\/9c39e299279800c6d69c5e02cf613e7bab060889f373052a03d7ac399e8f0d3c?s=96&d=mm&r=g","caption":"DYPALL Network"},"sameAs":["https:\/\/dypall.com"],"url":"https:\/\/dypall.com\/lv\/author\/dypall\/"}]}},"jetpack_featured_media_url":"","jetpack_sharing_enabled":true,"_links":{"self":[{"href":"https:\/\/dypall.com\/lv\/wp-json\/wp\/v2\/posts\/2648","targetHints":{"allow":["GET"]}}],"collection":[{"href":"https:\/\/dypall.com\/lv\/wp-json\/wp\/v2\/posts"}],"about":[{"href":"https:\/\/dypall.com\/lv\/wp-json\/wp\/v2\/types\/post"}],"author":[{"embeddable":true,"href":"https:\/\/dypall.com\/lv\/wp-json\/wp\/v2\/users\/1"}],"replies":[{"embeddable":true,"href":"https:\/\/dypall.com\/lv\/wp-json\/wp\/v2\/comments?post=2648"}],"version-history":[{"count":0,"href":"https:\/\/dypall.com\/lv\/wp-json\/wp\/v2\/posts\/2648\/revisions"}],"wp:featuredmedia":[{"embeddable":true,"href":"https:\/\/dypall.com\/lv\/wp-json\/"}],"wp:attachment":[{"href":"https:\/\/dypall.com\/lv\/wp-json\/wp\/v2\/media?parent=2648"}],"wp:term":[{"taxonomy":"category","embeddable":true,"href":"https:\/\/dypall.com\/lv\/wp-json\/wp\/v2\/categories?post=2648"},{"taxonomy":"post_tag","embeddable":true,"href":"https:\/\/dypall.com\/lv\/wp-json\/wp\/v2\/tags?post=2648"}],"curies":[{"name":"wp","href":"https:\/\/api.w.org\/{rel}","templated":true}]}}