{"id":2130,"date":"2017-06-20T12:36:48","date_gmt":"2017-06-20T10:36:48","guid":{"rendered":"http:\/\/dypall.com\/?p=2130"},"modified":"2017-06-20T12:36:48","modified_gmt":"2017-06-20T10:36:48","slug":"feedback-on-get-up-stand-up-a-training-course-on-democracy-and-active-citizenship-in-the-field-of-youth-work-may-2017-germany","status":"publish","type":"post","link":"https:\/\/dypall.com\/lv\/activity\/feedback-on-get-up-stand-up-a-training-course-on-democracy-and-active-citizenship-in-the-field-of-youth-work-may-2017-germany\/","title":{"rendered":"Atsauksmes par tematu \u201cPiecelieties, piecelieties! Apm\u0101c\u012bbas kurss par demokr\u0101tiju un akt\u012bvu pilsoniskumu darba ar jaunatni jom\u0101\u201d (2017. gada maijs, V\u0101cija)"},"content":{"rendered":"<p>P\u0101rst\u0101vis no <em>Associazione Elios<\/em>, kas ir It\u0101lij\u0101 b\u0101z\u0113ta bezpe\u013c\u0146as organiz\u0101cija un ar\u012b DYPALL t\u012bkla locekle, piedal\u012bj\u0101s m\u0101c\u012bbu kurs\u0101 \u201cGet up, Stand up!\u201d, kur\u0101 galven\u0101 uzman\u012bba tika piev\u0113rsta akt\u012bva pilsoniskuma un demokr\u0101tijas tematiem no diviem da\u017e\u0101diem skatpunktiem: personiski un k\u0101 jaunatnes darbinieks. \u0160o kursu organiz\u0113ja <em>JUGEND f\u00fcr Europa<\/em>, V\u0101cijas \u201cErasmus+\u201d a\u0123ent\u016bra.<\/p>\n<p>Apm\u0101c\u012bbas kurss tika izstr\u0101d\u0101ts, lai rad\u012btu \u0161\u0101du ietekmi:<\/p>\n<ul>\n<li>Lab\u0101k atbalst\u012bt jaunie\u0161us, lai izp\u0113t\u012btu akt\u012bva pilsoniskuma dimensijas demokr\u0101tisk\u0101 kontekst\u0101<\/li>\n<li>Sejas neskaidr\u012bba, sare\u017e\u0123\u012bt\u012bba un atbild\u012bba, kas n\u0101k kop\u0101 ar akt\u012bvu sabiedr\u012bbas locekli<\/li>\n<li>Pieredze, k\u0101 darbojas izgl\u012bt\u012bba demokr\u0101tijas un miera jom\u0101<\/li>\n<li>Uzziniet vair\u0101k par labu praksi saist\u012bb\u0101 ar akt\u012bvu l\u012bdzdal\u012bbu darb\u0101 ar jaunatni<\/li>\n<\/ul>\n<p><img loading=\"lazy\" decoding=\"async\" class=\"size-medium wp-image-2132 aligncenter\" src=\"http:\/\/dypall.com\/wp-content\/uploads\/2017\/06\/20170223democracyandactiveparticipation-300x187.jpeg\" alt=\"\" width=\"300\" height=\"187\" \/><\/p>\n<p>Dal\u012bbnieks no <em>Associazione Elios<\/em> dal\u012bj\u0101s ar DYPALL Network, ka \u0161is kurss deva iesp\u0113ju \u201cstr\u0101d\u0101t pie r\u012bc\u012bbas pl\u0101niem turpm\u0101k\u0101m darb\u012bb\u0101m demokr\u0101tijas un\/vai akt\u012bva pilsoniskuma jom\u0101\u201d, k\u0101 ar\u012b piek\u013c\u016bt \u201cviet\u0113jai labai praksei: <a href=\"https:\/\/www.facebook.com\/KiJuRatNRW\/\">Kinder &amp; Jugendrat [Kijurat]<\/a>, kas ir visu Zieme\u013creinas-Vestf\u0101lenes re\u0123iona jaunatnes padomju ofici\u0101la p\u0101rst\u0101vniec\u012bba. Tika paskaidrots, k\u0101 padome darbojas (t\u0101s uzdevumi un dialogs ar re\u0123ion\u0101laj\u0101m un valsts iest\u0101d\u0113m), k\u0101 ar\u012b tas, k\u0101 jaunie\u0161i var k\u013c\u016bt par t\u0101s da\u013cu un piedal\u012bties.<\/p>\n<p>Turkl\u0101t sesiju laik\u0101 dal\u012bbnieki str\u0101d\u0101ja ar\u012b pie \u201cprobl\u0113mkokiem\u201d, lai noteiktu c\u0113lo\u0146us un sekas div\u0101m galvenaj\u0101m demokr\u0101tisk\u0101s l\u012bdzdal\u012bbas probl\u0113m\u0101m, proti, intereses tr\u016bkumam un iesaistes tr\u016bkumam. P\u0113c \u0161\u0101 punkta dal\u012bbniekiem \u201cbija iesp\u0113ja izp\u0113t\u012bt savu viet\u0113jo realit\u0101ti, idejas un viedok\u013cus\u201d, k\u0101 ar\u012b ar pasniedz\u0113ju atbalstu izstr\u0101d\u0101t person\u012bgus r\u012bc\u012bbas pl\u0101nus turpm\u0101kiem projektiem un darb\u012bb\u0101m.<\/p>","protected":false},"excerpt":{"rendered":"<p>It\u0101lijas bezpe\u013c\u0146as organiz\u0101cijas Associazione Elios p\u0101rst\u0101vis un ar\u012b DYPALL t\u012bkla dal\u012bbnieks piedal\u012bj\u0101s m\u0101c\u012bbu kurs\u0101 \u201cGet up, Stand up!\u201d, kur\u0101 galven\u0101 uzman\u012bba tika piev\u0113rsta akt\u012bva pilsoniskuma un demokr\u0101tijas jaut\u0101jumiem no diviem da\u017e\u0101diem skatpunktiem: personiski un k\u0101 jaunatnes darbinieks. \u0160is kurss tika organiz\u0113ts... <a class=\"more-link\" href=\"https:\/\/dypall.com\/lv\/activity\/feedback-on-get-up-stand-up-a-training-course-on-democracy-and-active-citizenship-in-the-field-of-youth-work-may-2017-germany\/\">Turpiniet las\u012bt <span class=\"screen-reader-text\">Atsauksmes par tematu \u201cPiecelieties, piecelieties! Apm\u0101c\u012bbas kurss par demokr\u0101tiju un akt\u012bvu pilsoniskumu darba ar jaunatni jom\u0101\u201d (2017. gada maijs, V\u0101cija)<\/span><\/a><\/p>","protected":false},"author":2,"featured_media":2133,"comment_status":"closed","ping_status":"open","sticky":false,"template":"","format":"standard","meta":{"_acf_changed":false,"_jetpack_memberships_contains_paid_content":false,"footnotes":""},"categories":[111,141],"tags":[136],"class_list":["post-2130","post","type-post","status-publish","format-standard","has-post-thumbnail","hentry","category-activity","category-training-course","tag-training-course","entry"],"acf":[],"yoast_head":"<!-- This site is optimized with the Yoast SEO plugin v22.8 - https:\/\/yoast.com\/wordpress\/plugins\/seo\/ -->\n<title>Feedback on \u201cGet up, Stand up! A training course on democracy and active citizenship in the field of youth work\u201d (May 2017, Germany) - DYPALL Network<\/title>\n<meta name=\"robots\" content=\"index, follow, max-snippet:-1, max-image-preview:large, max-video-preview:-1\" \/>\n<link rel=\"canonical\" href=\"https:\/\/dypall.com\/lv\/activity\/feedback-on-get-up-stand-up-a-training-course-on-democracy-and-active-citizenship-in-the-field-of-youth-work-may-2017-germany\/\" \/>\n<meta property=\"og:locale\" content=\"lv_LV\" \/>\n<meta property=\"og:type\" content=\"article\" \/>\n<meta property=\"og:title\" content=\"Feedback on \u201cGet up, Stand up! A training course on democracy and active citizenship in the field of youth work\u201d (May 2017, Germany) - DYPALL Network\" \/>\n<meta property=\"og:description\" content=\"A representative of Associazione Elios, which is a non-profit organization based in Italy and also a member of DYPALL Network, participated in the Training Course \u201cGet up, Stand up!\u201d, which focuses on the topics of active citizenship and democracy from two different points of view: personal and as a youth worker. This course was organized&hellip; Turpiniet las\u012bt Feedback on \u201cGet up, Stand up! A training course on democracy and active citizenship in the field of youth work\u201d (May 2017, Germany)\" \/>\n<meta property=\"og:url\" content=\"https:\/\/dypall.com\/lv\/activity\/feedback-on-get-up-stand-up-a-training-course-on-democracy-and-active-citizenship-in-the-field-of-youth-work-may-2017-germany\/\" \/>\n<meta property=\"og:site_name\" content=\"DYPALL Network\" \/>\n<meta property=\"article:published_time\" content=\"2017-06-20T10:36:48+00:00\" \/>\n<meta name=\"author\" content=\"dypall\" \/>\n<meta name=\"twitter:card\" content=\"summary_large_image\" \/>\n<meta name=\"twitter:label1\" content=\"Written by\" \/>\n\t<meta name=\"twitter:data1\" content=\"dypall\" \/>\n\t<meta name=\"twitter:label2\" content=\"Est. reading time\" \/>\n\t<meta name=\"twitter:data2\" content=\"1 min\u016bte\" \/>\n<script type=\"application\/ld+json\" class=\"yoast-schema-graph\">{\"@context\":\"https:\/\/schema.org\",\"@graph\":[{\"@type\":\"WebPage\",\"@id\":\"https:\/\/dypall.com\/activity\/feedback-on-get-up-stand-up-a-training-course-on-democracy-and-active-citizenship-in-the-field-of-youth-work-may-2017-germany\/\",\"url\":\"https:\/\/dypall.com\/activity\/feedback-on-get-up-stand-up-a-training-course-on-democracy-and-active-citizenship-in-the-field-of-youth-work-may-2017-germany\/\",\"name\":\"Feedback on \u201cGet up, Stand up! A training course on democracy and active citizenship in the field of youth work\u201d (May 2017, Germany) - DYPALL Network\",\"isPartOf\":{\"@id\":\"https:\/\/dypall.com\/#website\"},\"primaryImageOfPage\":{\"@id\":\"https:\/\/dypall.com\/activity\/feedback-on-get-up-stand-up-a-training-course-on-democracy-and-active-citizenship-in-the-field-of-youth-work-may-2017-germany\/#primaryimage\"},\"image\":{\"@id\":\"https:\/\/dypall.com\/activity\/feedback-on-get-up-stand-up-a-training-course-on-democracy-and-active-citizenship-in-the-field-of-youth-work-may-2017-germany\/#primaryimage\"},\"thumbnailUrl\":\"\",\"datePublished\":\"2017-06-20T10:36:48+00:00\",\"dateModified\":\"2017-06-20T10:36:48+00:00\",\"author\":{\"@id\":\"https:\/\/dypall.com\/#\/schema\/person\/206350efe851997fcdedef75d118766b\"},\"breadcrumb\":{\"@id\":\"https:\/\/dypall.com\/activity\/feedback-on-get-up-stand-up-a-training-course-on-democracy-and-active-citizenship-in-the-field-of-youth-work-may-2017-germany\/#breadcrumb\"},\"inLanguage\":\"lv-LV\",\"potentialAction\":[{\"@type\":\"ReadAction\",\"target\":[\"https:\/\/dypall.com\/activity\/feedback-on-get-up-stand-up-a-training-course-on-democracy-and-active-citizenship-in-the-field-of-youth-work-may-2017-germany\/\"]}]},{\"@type\":\"ImageObject\",\"inLanguage\":\"lv-LV\",\"@id\":\"https:\/\/dypall.com\/activity\/feedback-on-get-up-stand-up-a-training-course-on-democracy-and-active-citizenship-in-the-field-of-youth-work-may-2017-germany\/#primaryimage\",\"url\":\"\",\"contentUrl\":\"\"},{\"@type\":\"BreadcrumbList\",\"@id\":\"https:\/\/dypall.com\/activity\/feedback-on-get-up-stand-up-a-training-course-on-democracy-and-active-citizenship-in-the-field-of-youth-work-may-2017-germany\/#breadcrumb\",\"itemListElement\":[{\"@type\":\"ListItem\",\"position\":1,\"name\":\"Home\",\"item\":\"https:\/\/dypall.com\/\"},{\"@type\":\"ListItem\",\"position\":2,\"name\":\"Feedback on \u201cGet up, Stand up! A training course on democracy and active citizenship in the field of youth work\u201d (May 2017, Germany)\"}]},{\"@type\":\"WebSite\",\"@id\":\"https:\/\/dypall.com\/#website\",\"url\":\"https:\/\/dypall.com\/\",\"name\":\"DYPALL Network\",\"description\":\"We are a European network of civil society organisations, municipalities and research institutions dedicated to improving democracy through youth participation.\",\"potentialAction\":[{\"@type\":\"SearchAction\",\"target\":{\"@type\":\"EntryPoint\",\"urlTemplate\":\"https:\/\/dypall.com\/?s={search_term_string}\"},\"query-input\":\"required name=search_term_string\"}],\"inLanguage\":\"lv-LV\"},{\"@type\":\"Person\",\"@id\":\"https:\/\/dypall.com\/#\/schema\/person\/206350efe851997fcdedef75d118766b\",\"name\":\"dypall\",\"image\":{\"@type\":\"ImageObject\",\"inLanguage\":\"lv-LV\",\"@id\":\"https:\/\/dypall.com\/#\/schema\/person\/image\/\",\"url\":\"https:\/\/secure.gravatar.com\/avatar\/14e8d3d8841cd0bdf69915120bcf9fcfac1567f1dc7035664907322ac47efe29?s=96&d=mm&r=g\",\"contentUrl\":\"https:\/\/secure.gravatar.com\/avatar\/14e8d3d8841cd0bdf69915120bcf9fcfac1567f1dc7035664907322ac47efe29?s=96&d=mm&r=g\",\"caption\":\"dypall\"},\"url\":\"https:\/\/dypall.com\/lv\/author\/dypall_info\/\"}]}<\/script>\n<!-- \/ Yoast SEO plugin. -->","yoast_head_json":{"title":"Feedback on \u201cGet up, Stand up! A training course on democracy and active citizenship in the field of youth work\u201d (May 2017, Germany) - DYPALL Network","robots":{"index":"index","follow":"follow","max-snippet":"max-snippet:-1","max-image-preview":"max-image-preview:large","max-video-preview":"max-video-preview:-1"},"canonical":"https:\/\/dypall.com\/lv\/activity\/feedback-on-get-up-stand-up-a-training-course-on-democracy-and-active-citizenship-in-the-field-of-youth-work-may-2017-germany\/","og_locale":"lv_LV","og_type":"article","og_title":"Feedback on \u201cGet up, Stand up! A training course on democracy and active citizenship in the field of youth work\u201d (May 2017, Germany) - DYPALL Network","og_description":"A representative of Associazione Elios, which is a non-profit organization based in Italy and also a member of DYPALL Network, participated in the Training Course \u201cGet up, Stand up!\u201d, which focuses on the topics of active citizenship and democracy from two different points of view: personal and as a youth worker. This course was organized&hellip; Turpiniet las\u012bt Feedback on \u201cGet up, Stand up! A training course on democracy and active citizenship in the field of youth work\u201d (May 2017, Germany)","og_url":"https:\/\/dypall.com\/lv\/activity\/feedback-on-get-up-stand-up-a-training-course-on-democracy-and-active-citizenship-in-the-field-of-youth-work-may-2017-germany\/","og_site_name":"DYPALL Network","article_published_time":"2017-06-20T10:36:48+00:00","author":"dypall","twitter_card":"summary_large_image","twitter_misc":{"Written by":"dypall","Est. reading time":"1 min\u016bte"},"schema":{"@context":"https:\/\/schema.org","@graph":[{"@type":"WebPage","@id":"https:\/\/dypall.com\/activity\/feedback-on-get-up-stand-up-a-training-course-on-democracy-and-active-citizenship-in-the-field-of-youth-work-may-2017-germany\/","url":"https:\/\/dypall.com\/activity\/feedback-on-get-up-stand-up-a-training-course-on-democracy-and-active-citizenship-in-the-field-of-youth-work-may-2017-germany\/","name":"Feedback on \u201cGet up, Stand up! A training course on democracy and active citizenship in the field of youth work\u201d (May 2017, Germany) - DYPALL Network","isPartOf":{"@id":"https:\/\/dypall.com\/#website"},"primaryImageOfPage":{"@id":"https:\/\/dypall.com\/activity\/feedback-on-get-up-stand-up-a-training-course-on-democracy-and-active-citizenship-in-the-field-of-youth-work-may-2017-germany\/#primaryimage"},"image":{"@id":"https:\/\/dypall.com\/activity\/feedback-on-get-up-stand-up-a-training-course-on-democracy-and-active-citizenship-in-the-field-of-youth-work-may-2017-germany\/#primaryimage"},"thumbnailUrl":"","datePublished":"2017-06-20T10:36:48+00:00","dateModified":"2017-06-20T10:36:48+00:00","author":{"@id":"https:\/\/dypall.com\/#\/schema\/person\/206350efe851997fcdedef75d118766b"},"breadcrumb":{"@id":"https:\/\/dypall.com\/activity\/feedback-on-get-up-stand-up-a-training-course-on-democracy-and-active-citizenship-in-the-field-of-youth-work-may-2017-germany\/#breadcrumb"},"inLanguage":"lv-LV","potentialAction":[{"@type":"ReadAction","target":["https:\/\/dypall.com\/activity\/feedback-on-get-up-stand-up-a-training-course-on-democracy-and-active-citizenship-in-the-field-of-youth-work-may-2017-germany\/"]}]},{"@type":"ImageObject","inLanguage":"lv-LV","@id":"https:\/\/dypall.com\/activity\/feedback-on-get-up-stand-up-a-training-course-on-democracy-and-active-citizenship-in-the-field-of-youth-work-may-2017-germany\/#primaryimage","url":"","contentUrl":""},{"@type":"BreadcrumbList","@id":"https:\/\/dypall.com\/activity\/feedback-on-get-up-stand-up-a-training-course-on-democracy-and-active-citizenship-in-the-field-of-youth-work-may-2017-germany\/#breadcrumb","itemListElement":[{"@type":"ListItem","position":1,"name":"Home","item":"https:\/\/dypall.com\/"},{"@type":"ListItem","position":2,"name":"Feedback on \u201cGet up, Stand up! A training course on democracy and active citizenship in the field of youth work\u201d (May 2017, Germany)"}]},{"@type":"WebSite","@id":"https:\/\/dypall.com\/#website","url":"https:\/\/dypall.com\/","name":"DYPALL Network","description":"We are a European network of civil society organisations, municipalities and research institutions dedicated to improving democracy through youth participation.","potentialAction":[{"@type":"SearchAction","target":{"@type":"EntryPoint","urlTemplate":"https:\/\/dypall.com\/?s={search_term_string}"},"query-input":"required name=search_term_string"}],"inLanguage":"lv-LV"},{"@type":"Person","@id":"https:\/\/dypall.com\/#\/schema\/person\/206350efe851997fcdedef75d118766b","name":"dypall","image":{"@type":"ImageObject","inLanguage":"lv-LV","@id":"https:\/\/dypall.com\/#\/schema\/person\/image\/","url":"https:\/\/secure.gravatar.com\/avatar\/14e8d3d8841cd0bdf69915120bcf9fcfac1567f1dc7035664907322ac47efe29?s=96&d=mm&r=g","contentUrl":"https:\/\/secure.gravatar.com\/avatar\/14e8d3d8841cd0bdf69915120bcf9fcfac1567f1dc7035664907322ac47efe29?s=96&d=mm&r=g","caption":"dypall"},"url":"https:\/\/dypall.com\/lv\/author\/dypall_info\/"}]}},"jetpack_featured_media_url":"","jetpack_sharing_enabled":true,"_links":{"self":[{"href":"https:\/\/dypall.com\/lv\/wp-json\/wp\/v2\/posts\/2130","targetHints":{"allow":["GET"]}}],"collection":[{"href":"https:\/\/dypall.com\/lv\/wp-json\/wp\/v2\/posts"}],"about":[{"href":"https:\/\/dypall.com\/lv\/wp-json\/wp\/v2\/types\/post"}],"author":[{"embeddable":true,"href":"https:\/\/dypall.com\/lv\/wp-json\/wp\/v2\/users\/2"}],"replies":[{"embeddable":true,"href":"https:\/\/dypall.com\/lv\/wp-json\/wp\/v2\/comments?post=2130"}],"version-history":[{"count":0,"href":"https:\/\/dypall.com\/lv\/wp-json\/wp\/v2\/posts\/2130\/revisions"}],"wp:featuredmedia":[{"embeddable":true,"href":"https:\/\/dypall.com\/lv\/wp-json\/"}],"wp:attachment":[{"href":"https:\/\/dypall.com\/lv\/wp-json\/wp\/v2\/media?parent=2130"}],"wp:term":[{"taxonomy":"category","embeddable":true,"href":"https:\/\/dypall.com\/lv\/wp-json\/wp\/v2\/categories?post=2130"},{"taxonomy":"post_tag","embeddable":true,"href":"https:\/\/dypall.com\/lv\/wp-json\/wp\/v2\/tags?post=2130"}],"curies":[{"name":"wp","href":"https:\/\/api.w.org\/{rel}","templated":true}]}}