{"id":2006,"date":"2017-05-05T15:31:43","date_gmt":"2017-05-05T13:31:43","guid":{"rendered":"http:\/\/dypall.com\/?p=2006"},"modified":"2017-05-05T15:31:43","modified_gmt":"2017-05-05T13:31:43","slug":"european-youth-week-2017-information-sessions-in-portimao-portugal","status":"publish","type":"post","link":"https:\/\/dypall.com\/lv\/activity\/european-youth-week-2017-information-sessions-in-portimao-portugal\/","title":{"rendered":"2017. gada Eiropas Jaunatnes ned\u0113\u013ca: Informat\u012bvas san\u0101ksmes Portimaun\u0101 (Portug\u0101le)."},"content":{"rendered":"<p>Eiropas Jaunatnes ned\u0113\u013cas ietvaros DYPALL t\u012bkls 2. maij\u0101 organiz\u0113ja divas informat\u012bvas sesijas, kas bija paredz\u0113tas jaunie\u0161iem un jaunatnes organiz\u0101ciju p\u0101rst\u0101vjiem Portimaun\u0101. R\u012bta sesij\u0101 Portimaunas pa\u0161vald\u012bbas bibliot\u0113k\u0101 pulc\u0113j\u0101s 60 viet\u0113jie vidusskol\u0113ni, lai piek\u013c\u016btu inform\u0101cijai par \u201cErasmus+\u201d jaunie\u0161u iesp\u0113j\u0101m.<\/p>\n<p class=\"alignnone\"><a href=\"http:\/\/dypall.com\/lv\/2017\/05\/05\/european-youth-week-2017-information-sessions-in-portimao-portugal\/18253804_1951357291744149_357261958_n\/#main\" rel=\"attachment wp-att-2007\"><img loading=\"lazy\" decoding=\"async\" class=\"wp-image-2007 alignleft\" src=\"http:\/\/dypall.com\/wp-content\/uploads\/2017\/05\/18253804_1951357291744149_357261958_n.jpg\" alt=\"\" width=\"235\" height=\"177\" \/><\/a>\u00a0 \u00a0 \u00a0<a href=\"http:\/\/dypall.com\/lv\/2017\/05\/05\/european-youth-week-2017-information-sessions-in-portimao-portugal\/18254315_1951356448410900_1429763080_n\/#main\" rel=\"attachment wp-att-2008\"><img loading=\"lazy\" decoding=\"async\" class=\"wp-image-2008 alignleft\" src=\"http:\/\/dypall.com\/wp-content\/uploads\/2017\/05\/18254315_1951356448410900_1429763080_n.jpg\" alt=\"\" width=\"235\" height=\"177\" \/><\/a> <a href=\"http:\/\/dypall.com\/lv\/2017\/05\/05\/european-youth-week-2017-information-sessions-in-portimao-portugal\/18254612_1951824338364111_858877064_n\/#main\" rel=\"attachment wp-att-2009\"><br \/>\n<\/a><\/p>\n<p>&nbsp;<\/p>\n<p>&nbsp;<\/p>\n<p>&nbsp;<\/p>\n<p>&nbsp;<\/p>\n<p>\u0160ie studenti ar\u012b uzklaus\u012bja to cilv\u0113ku pieredzi, kuri \u012bstenoja apmai\u0146as programmas, k\u0101 ar\u012b r\u012bkoja ideju \u0123ener\u0113\u0161anas grupas sesiju par projektiem, kurus vi\u0146i v\u0113l\u0113tos \u012bstenot programmas \u201cErasmus+\u201d ietvaros. Tika veicin\u0101tas t\u0101das v\u0113rt\u012bbas k\u0101 daudzveid\u012bba, Eiropas pilson\u012bba un iesp\u0113ju vienl\u012bdz\u012bba.<\/p>\n<p>Turkl\u0101t p\u0113cpusdienas informat\u012bvaj\u0101 sesij\u0101 jaunatnes organiz\u0101ciju p\u0101rst\u0101vjiem galven\u0101 uzman\u012bba tika piev\u0113rsta finans\u0113\u0161anas iesp\u0113j\u0101m programmas ietvaros un siner\u0123ijas veido\u0161anai starp da\u017e\u0101d\u0101m grup\u0101m.<\/p>\n<p><img loading=\"lazy\" decoding=\"async\" class=\"wp-image-2010 alignleft\" src=\"http:\/\/dypall.com\/wp-content\/uploads\/2017\/05\/18254731_1951354065077805_1354425318_n.jpg\" alt=\"\" width=\"234\" height=\"175\" \/>\u00a0 \u00a0 \u00a0<img loading=\"lazy\" decoding=\"async\" class=\"wp-image-2009 alignleft\" src=\"http:\/\/dypall.com\/wp-content\/uploads\/2017\/05\/18254612_1951824338364111_858877064_n.jpg\" alt=\"\" width=\"233\" height=\"175\" \/><\/p>\n<p>&nbsp;<\/p>\n<p>&nbsp;<\/p>\n<p>&nbsp;<\/p>\n<p>&nbsp;<\/p>","protected":false},"excerpt":{"rendered":"<p>Eiropas Jaunatnes ned\u0113\u013cas ietvaros DYPALL t\u012bkls 2. maij\u0101 organiz\u0113ja divas informat\u012bvas sesijas, kas bija paredz\u0113tas jaunie\u0161iem un jaunatnes organiz\u0101ciju p\u0101rst\u0101vjiem Portimaun\u0101. R\u012bta sesij\u0101 Portimaunas pa\u0161vald\u012bbas bibliot\u0113k\u0101 pulc\u0113j\u0101s 60 viet\u0113jie vidusskol\u0113ni, lai piek\u013c\u016btu inform\u0101cijai par \u201cErasmus+\u201d jaunie\u0161u iesp\u0113j\u0101m. \u00a0 \u00a0 \u00a0... <a class=\"more-link\" href=\"https:\/\/dypall.com\/lv\/activity\/european-youth-week-2017-information-sessions-in-portimao-portugal\/\">Turpiniet las\u012bt <span class=\"screen-reader-text\">2017. gada Eiropas Jaunatnes ned\u0113\u013ca: Informat\u012bvas san\u0101ksmes Portimaun\u0101 (Portug\u0101le).<\/span><\/a><\/p>","protected":false},"author":1,"featured_media":2044,"comment_status":"closed","ping_status":"open","sticky":false,"template":"","format":"standard","meta":{"_acf_changed":false,"_jetpack_memberships_contains_paid_content":false,"footnotes":""},"categories":[111],"tags":[149],"class_list":["post-2006","post","type-post","status-publish","format-standard","has-post-thumbnail","hentry","category-activity","tag-european-youth-week","entry"],"acf":[],"yoast_head":"<!-- This site is optimized with the Yoast SEO plugin v22.8 - https:\/\/yoast.com\/wordpress\/plugins\/seo\/ -->\n<title>European Youth Week 2017: Information sessions in Portim\u00e3o, Portugal. - DYPALL Network<\/title>\n<meta name=\"robots\" content=\"index, follow, max-snippet:-1, max-image-preview:large, max-video-preview:-1\" \/>\n<link rel=\"canonical\" href=\"https:\/\/dypall.com\/lv\/activity\/european-youth-week-2017-information-sessions-in-portimao-portugal\/\" \/>\n<meta property=\"og:locale\" content=\"lv_LV\" \/>\n<meta property=\"og:type\" content=\"article\" \/>\n<meta property=\"og:title\" content=\"European Youth Week 2017: Information sessions in Portim\u00e3o, Portugal. - DYPALL Network\" \/>\n<meta property=\"og:description\" content=\"Within the Framework of the European Youth Week, DYPALL Network organized in the 2nd of May two information sessions targeting youth and representatives of youth organizations in Portim\u00e3o. In the morning session, 60 local high school students were gathered in Portim\u00e3o\u2019s Municipal Library, to have access to information on Erasmus+ youth opportunities. \u00a0 \u00a0 \u00a0&hellip; Turpiniet las\u012bt European Youth Week 2017: Information sessions in Portim\u00e3o, Portugal.\" \/>\n<meta property=\"og:url\" content=\"https:\/\/dypall.com\/lv\/activity\/european-youth-week-2017-information-sessions-in-portimao-portugal\/\" \/>\n<meta property=\"og:site_name\" content=\"DYPALL Network\" \/>\n<meta property=\"article:published_time\" content=\"2017-05-05T13:31:43+00:00\" \/>\n<meta name=\"author\" content=\"DYPALL Network\" \/>\n<meta name=\"twitter:card\" content=\"summary_large_image\" \/>\n<meta name=\"twitter:label1\" content=\"Written by\" \/>\n\t<meta name=\"twitter:data1\" content=\"DYPALL Network\" \/>\n\t<meta name=\"twitter:label2\" content=\"Est. reading time\" \/>\n\t<meta name=\"twitter:data2\" content=\"1 min\u016bte\" \/>\n<script type=\"application\/ld+json\" class=\"yoast-schema-graph\">{\"@context\":\"https:\/\/schema.org\",\"@graph\":[{\"@type\":\"WebPage\",\"@id\":\"https:\/\/dypall.com\/activity\/european-youth-week-2017-information-sessions-in-portimao-portugal\/\",\"url\":\"https:\/\/dypall.com\/activity\/european-youth-week-2017-information-sessions-in-portimao-portugal\/\",\"name\":\"European Youth Week 2017: Information sessions in Portim\u00e3o, Portugal. - DYPALL Network\",\"isPartOf\":{\"@id\":\"https:\/\/dypall.com\/#website\"},\"primaryImageOfPage\":{\"@id\":\"https:\/\/dypall.com\/activity\/european-youth-week-2017-information-sessions-in-portimao-portugal\/#primaryimage\"},\"image\":{\"@id\":\"https:\/\/dypall.com\/activity\/european-youth-week-2017-information-sessions-in-portimao-portugal\/#primaryimage\"},\"thumbnailUrl\":\"\",\"datePublished\":\"2017-05-05T13:31:43+00:00\",\"dateModified\":\"2017-05-05T13:31:43+00:00\",\"author\":{\"@id\":\"https:\/\/dypall.com\/#\/schema\/person\/f92e08aa15c8ba711a9d153129f03377\"},\"breadcrumb\":{\"@id\":\"https:\/\/dypall.com\/activity\/european-youth-week-2017-information-sessions-in-portimao-portugal\/#breadcrumb\"},\"inLanguage\":\"lv-LV\",\"potentialAction\":[{\"@type\":\"ReadAction\",\"target\":[\"https:\/\/dypall.com\/activity\/european-youth-week-2017-information-sessions-in-portimao-portugal\/\"]}]},{\"@type\":\"ImageObject\",\"inLanguage\":\"lv-LV\",\"@id\":\"https:\/\/dypall.com\/activity\/european-youth-week-2017-information-sessions-in-portimao-portugal\/#primaryimage\",\"url\":\"\",\"contentUrl\":\"\"},{\"@type\":\"BreadcrumbList\",\"@id\":\"https:\/\/dypall.com\/activity\/european-youth-week-2017-information-sessions-in-portimao-portugal\/#breadcrumb\",\"itemListElement\":[{\"@type\":\"ListItem\",\"position\":1,\"name\":\"Home\",\"item\":\"https:\/\/dypall.com\/\"},{\"@type\":\"ListItem\",\"position\":2,\"name\":\"European Youth Week 2017: Information sessions in Portim\u00e3o, Portugal.\"}]},{\"@type\":\"WebSite\",\"@id\":\"https:\/\/dypall.com\/#website\",\"url\":\"https:\/\/dypall.com\/\",\"name\":\"DYPALL Network\",\"description\":\"We are a European network of civil society organisations, municipalities and research institutions dedicated to improving democracy through youth participation.\",\"potentialAction\":[{\"@type\":\"SearchAction\",\"target\":{\"@type\":\"EntryPoint\",\"urlTemplate\":\"https:\/\/dypall.com\/?s={search_term_string}\"},\"query-input\":\"required name=search_term_string\"}],\"inLanguage\":\"lv-LV\"},{\"@type\":\"Person\",\"@id\":\"https:\/\/dypall.com\/#\/schema\/person\/f92e08aa15c8ba711a9d153129f03377\",\"name\":\"DYPALL Network\",\"image\":{\"@type\":\"ImageObject\",\"inLanguage\":\"lv-LV\",\"@id\":\"https:\/\/dypall.com\/#\/schema\/person\/image\/\",\"url\":\"https:\/\/secure.gravatar.com\/avatar\/9c39e299279800c6d69c5e02cf613e7bab060889f373052a03d7ac399e8f0d3c?s=96&d=mm&r=g\",\"contentUrl\":\"https:\/\/secure.gravatar.com\/avatar\/9c39e299279800c6d69c5e02cf613e7bab060889f373052a03d7ac399e8f0d3c?s=96&d=mm&r=g\",\"caption\":\"DYPALL Network\"},\"sameAs\":[\"https:\/\/dypall.com\"],\"url\":\"https:\/\/dypall.com\/lv\/author\/dypall\/\"}]}<\/script>\n<!-- \/ Yoast SEO plugin. -->","yoast_head_json":{"title":"European Youth Week 2017: Information sessions in Portim\u00e3o, Portugal. - DYPALL Network","robots":{"index":"index","follow":"follow","max-snippet":"max-snippet:-1","max-image-preview":"max-image-preview:large","max-video-preview":"max-video-preview:-1"},"canonical":"https:\/\/dypall.com\/lv\/activity\/european-youth-week-2017-information-sessions-in-portimao-portugal\/","og_locale":"lv_LV","og_type":"article","og_title":"European Youth Week 2017: Information sessions in Portim\u00e3o, Portugal. - DYPALL Network","og_description":"Within the Framework of the European Youth Week, DYPALL Network organized in the 2nd of May two information sessions targeting youth and representatives of youth organizations in Portim\u00e3o. In the morning session, 60 local high school students were gathered in Portim\u00e3o\u2019s Municipal Library, to have access to information on Erasmus+ youth opportunities. \u00a0 \u00a0 \u00a0&hellip; Turpiniet las\u012bt European Youth Week 2017: Information sessions in Portim\u00e3o, Portugal.","og_url":"https:\/\/dypall.com\/lv\/activity\/european-youth-week-2017-information-sessions-in-portimao-portugal\/","og_site_name":"DYPALL Network","article_published_time":"2017-05-05T13:31:43+00:00","author":"DYPALL Network","twitter_card":"summary_large_image","twitter_misc":{"Written by":"DYPALL Network","Est. reading time":"1 min\u016bte"},"schema":{"@context":"https:\/\/schema.org","@graph":[{"@type":"WebPage","@id":"https:\/\/dypall.com\/activity\/european-youth-week-2017-information-sessions-in-portimao-portugal\/","url":"https:\/\/dypall.com\/activity\/european-youth-week-2017-information-sessions-in-portimao-portugal\/","name":"European Youth Week 2017: Information sessions in Portim\u00e3o, Portugal. - DYPALL Network","isPartOf":{"@id":"https:\/\/dypall.com\/#website"},"primaryImageOfPage":{"@id":"https:\/\/dypall.com\/activity\/european-youth-week-2017-information-sessions-in-portimao-portugal\/#primaryimage"},"image":{"@id":"https:\/\/dypall.com\/activity\/european-youth-week-2017-information-sessions-in-portimao-portugal\/#primaryimage"},"thumbnailUrl":"","datePublished":"2017-05-05T13:31:43+00:00","dateModified":"2017-05-05T13:31:43+00:00","author":{"@id":"https:\/\/dypall.com\/#\/schema\/person\/f92e08aa15c8ba711a9d153129f03377"},"breadcrumb":{"@id":"https:\/\/dypall.com\/activity\/european-youth-week-2017-information-sessions-in-portimao-portugal\/#breadcrumb"},"inLanguage":"lv-LV","potentialAction":[{"@type":"ReadAction","target":["https:\/\/dypall.com\/activity\/european-youth-week-2017-information-sessions-in-portimao-portugal\/"]}]},{"@type":"ImageObject","inLanguage":"lv-LV","@id":"https:\/\/dypall.com\/activity\/european-youth-week-2017-information-sessions-in-portimao-portugal\/#primaryimage","url":"","contentUrl":""},{"@type":"BreadcrumbList","@id":"https:\/\/dypall.com\/activity\/european-youth-week-2017-information-sessions-in-portimao-portugal\/#breadcrumb","itemListElement":[{"@type":"ListItem","position":1,"name":"Home","item":"https:\/\/dypall.com\/"},{"@type":"ListItem","position":2,"name":"European Youth Week 2017: Information sessions in Portim\u00e3o, Portugal."}]},{"@type":"WebSite","@id":"https:\/\/dypall.com\/#website","url":"https:\/\/dypall.com\/","name":"DYPALL Network","description":"We are a European network of civil society organisations, municipalities and research institutions dedicated to improving democracy through youth participation.","potentialAction":[{"@type":"SearchAction","target":{"@type":"EntryPoint","urlTemplate":"https:\/\/dypall.com\/?s={search_term_string}"},"query-input":"required name=search_term_string"}],"inLanguage":"lv-LV"},{"@type":"Person","@id":"https:\/\/dypall.com\/#\/schema\/person\/f92e08aa15c8ba711a9d153129f03377","name":"DYPALL Network","image":{"@type":"ImageObject","inLanguage":"lv-LV","@id":"https:\/\/dypall.com\/#\/schema\/person\/image\/","url":"https:\/\/secure.gravatar.com\/avatar\/9c39e299279800c6d69c5e02cf613e7bab060889f373052a03d7ac399e8f0d3c?s=96&d=mm&r=g","contentUrl":"https:\/\/secure.gravatar.com\/avatar\/9c39e299279800c6d69c5e02cf613e7bab060889f373052a03d7ac399e8f0d3c?s=96&d=mm&r=g","caption":"DYPALL Network"},"sameAs":["https:\/\/dypall.com"],"url":"https:\/\/dypall.com\/lv\/author\/dypall\/"}]}},"jetpack_featured_media_url":"","jetpack_sharing_enabled":true,"_links":{"self":[{"href":"https:\/\/dypall.com\/lv\/wp-json\/wp\/v2\/posts\/2006","targetHints":{"allow":["GET"]}}],"collection":[{"href":"https:\/\/dypall.com\/lv\/wp-json\/wp\/v2\/posts"}],"about":[{"href":"https:\/\/dypall.com\/lv\/wp-json\/wp\/v2\/types\/post"}],"author":[{"embeddable":true,"href":"https:\/\/dypall.com\/lv\/wp-json\/wp\/v2\/users\/1"}],"replies":[{"embeddable":true,"href":"https:\/\/dypall.com\/lv\/wp-json\/wp\/v2\/comments?post=2006"}],"version-history":[{"count":0,"href":"https:\/\/dypall.com\/lv\/wp-json\/wp\/v2\/posts\/2006\/revisions"}],"wp:featuredmedia":[{"embeddable":true,"href":"https:\/\/dypall.com\/lv\/wp-json\/"}],"wp:attachment":[{"href":"https:\/\/dypall.com\/lv\/wp-json\/wp\/v2\/media?parent=2006"}],"wp:term":[{"taxonomy":"category","embeddable":true,"href":"https:\/\/dypall.com\/lv\/wp-json\/wp\/v2\/categories?post=2006"},{"taxonomy":"post_tag","embeddable":true,"href":"https:\/\/dypall.com\/lv\/wp-json\/wp\/v2\/tags?post=2006"}],"curies":[{"name":"wp","href":"https:\/\/api.w.org\/{rel}","templated":true}]}}