{"id":8146,"date":"2024-12-19T16:50:57","date_gmt":"2024-12-19T16:50:57","guid":{"rendered":"https:\/\/dypall.com\/?p=8146"},"modified":"2024-12-19T16:50:57","modified_gmt":"2024-12-19T16:50:57","slug":"climbing-the-ladder-fostering-a-culture-of-youth-engagement-cl-ye-study-visit-to-brussels-belgium","status":"publish","type":"post","link":"https:\/\/dypall.com\/it\/activity\/climbing-the-ladder-fostering-a-culture-of-youth-engagement-cl-ye-study-visit-to-brussels-belgium\/","title":{"rendered":"\"Arrampicare la scala: promuovere una cultura dell'impegno dei giovani (CL-YE)\" Visita di studio a Bruxelles, Belgio"},"content":{"rendered":"<p>La terza e ultima visita di studio del progetto \"Climbing the Ladder: Fostering a Culture of Youth Engagement CL-YE\" si \u00e8 svolta dal 2 al 6 dicembre 2024 a Bruxelles, in Belgio, ospitata dall'Assemblea delle regioni d'Europa (ARE). Questo incontro ha riunito i rappresentanti del consorzio di progetto per entrare in contatto con le principali istituzioni europee, approfondendo il modo in cui le prospettive dei giovani sono integrate nei processi decisionali a livello regionale ed europeo.<\/p>\n\n\n\n<p>I partecipanti hanno partecipato all'Ufficio di presidenza autunnale dell'AER presso il Parlamento europeo, osservando i processi decisionali che stanno plasmando le regioni europee. Presso l'Ufficio di collegamento del Consiglio d'Europa, il consigliere politico Aleksandra Celar ha condiviso informazioni sugli sforzi volti a promuovere la partecipazione dei giovani ai processi democratici. I partecipanti hanno esplorato le opportunit\u00e0 di finanziamento di Erasmus+ con l'Agenzia esecutiva europea per l'istruzione e la cultura, imparando a conoscere il sostegno alle iniziative di coinvolgimento dei giovani in tutta Europa. L'incontro con Susannah Hallgren del gruppo ad hoc Giovent\u00f9 del CESE ha evidenziato i successi e le sfide nell'integrazione delle prospettive dei giovani nei processi consultivi dell'UE.<\/p>\n\n\n\n<p>Hanno anche avuto l'opportunit\u00e0 di incontrare i rappresentanti del Forum europeo della giovent\u00f9 e del Conseil de la Jeunesse Belgique (Consiglio belga della giovent\u00f9 della comunit\u00e0 francofona), per esplorare come le voci dei giovani modellano la governance e la difesa.<\/p>\n\n\n\n<p>La visita a Bruxelles ha segnato un passo importante del progetto CL-YE, dopo le precedenti visite a Bratislava e Vienna. I partecipanti hanno riflettuto sugli insegnamenti tratti e hanno sottolineato l'importanza della collaborazione transfrontaliera per amplificare la voce dei giovani nella governance.<\/p>\n\n\n\n<p>Salire la scala: promuovere una cultura dell'impegno giovanile (CL-YE) \u00e8 guidato dalla rete DYPALL in partenariato con Europiamo (Italia), Nordland fylkeskommune (Norvegia), EDYN (Slovacchia), YEPP Europe (Germania), Assembl\u00e9e des R\u00e9gions d'Europe \u2013 AER (Francia) e SQ Learn (Grecia), nell'ambito del programma Erasmus+.<\/p>\n\n\n\n<figure class=\"wp-block-gallery has-nested-images columns-default is-cropped wp-block-gallery-1 is-layout-flex wp-block-gallery-is-layout-flex\">\n<figure class=\"wp-block-image size-large\"><img loading=\"lazy\" decoding=\"async\" width=\"1200\" height=\"900\" data-id=\"8152\" src=\"https:\/\/dypall.com\/wp-content\/uploads\/2024\/12\/469287225_18336862057194866_2075258328803176463_n.jpg\" alt=\"\" class=\"wp-image-8152\" srcset=\"https:\/\/dypall.com\/wp-content\/uploads\/2024\/12\/469287225_18336862057194866_2075258328803176463_n.jpg 1200w, https:\/\/dypall.com\/wp-content\/uploads\/2024\/12\/469287225_18336862057194866_2075258328803176463_n-768x576.jpg 768w\" sizes=\"auto, (max-width: 1200px) 100vw, 1200px\" \/><\/figure>\n\n\n\n<figure class=\"wp-block-image size-large\"><img loading=\"lazy\" decoding=\"async\" width=\"1200\" height=\"900\" data-id=\"8150\" src=\"https:\/\/dypall.com\/wp-content\/uploads\/2024\/12\/469529369_18336862090194866_2331180784438110933_n.jpg\" alt=\"\" class=\"wp-image-8150\" srcset=\"https:\/\/dypall.com\/wp-content\/uploads\/2024\/12\/469529369_18336862090194866_2331180784438110933_n.jpg 1200w, https:\/\/dypall.com\/wp-content\/uploads\/2024\/12\/469529369_18336862090194866_2331180784438110933_n-768x576.jpg 768w\" sizes=\"auto, (max-width: 1200px) 100vw, 1200px\" \/><\/figure>\n\n\n\n<figure class=\"wp-block-image size-large\"><img loading=\"lazy\" decoding=\"async\" width=\"2000\" height=\"1500\" data-id=\"8149\" src=\"https:\/\/dypall.com\/wp-content\/uploads\/2024\/12\/WhatsApp-Image-2024-12-19-at-16.30.22.jpeg\" alt=\"\" class=\"wp-image-8149\" srcset=\"https:\/\/dypall.com\/wp-content\/uploads\/2024\/12\/WhatsApp-Image-2024-12-19-at-16.30.22.jpeg 2000w, https:\/\/dypall.com\/wp-content\/uploads\/2024\/12\/WhatsApp-Image-2024-12-19-at-16.30.22-768x576.jpeg 768w, https:\/\/dypall.com\/wp-content\/uploads\/2024\/12\/WhatsApp-Image-2024-12-19-at-16.30.22-1536x1152.jpeg 1536w, https:\/\/dypall.com\/wp-content\/uploads\/2024\/12\/WhatsApp-Image-2024-12-19-at-16.30.22-1568x1176.jpeg 1568w\" sizes=\"auto, (max-width: 2000px) 100vw, 2000px\" \/><\/figure>\n\n\n\n<figure class=\"wp-block-image size-large\"><img loading=\"lazy\" decoding=\"async\" width=\"1200\" height=\"900\" data-id=\"8151\" src=\"https:\/\/dypall.com\/wp-content\/uploads\/2024\/12\/469705963_18336862075194866_9128199404775648445_n.jpg\" alt=\"\" class=\"wp-image-8151\" srcset=\"https:\/\/dypall.com\/wp-content\/uploads\/2024\/12\/469705963_18336862075194866_9128199404775648445_n.jpg 1200w, https:\/\/dypall.com\/wp-content\/uploads\/2024\/12\/469705963_18336862075194866_9128199404775648445_n-768x576.jpg 768w\" sizes=\"auto, (max-width: 1200px) 100vw, 1200px\" \/><\/figure>\n\n\n\n<figure class=\"wp-block-image size-large\"><img loading=\"lazy\" decoding=\"async\" width=\"1600\" height=\"1200\" data-id=\"8147\" src=\"https:\/\/dypall.com\/wp-content\/uploads\/2024\/12\/WhatsApp-Image-2024-12-19-at-16.31.05.jpeg\" alt=\"\" class=\"wp-image-8147\" srcset=\"https:\/\/dypall.com\/wp-content\/uploads\/2024\/12\/WhatsApp-Image-2024-12-19-at-16.31.05.jpeg 1600w, https:\/\/dypall.com\/wp-content\/uploads\/2024\/12\/WhatsApp-Image-2024-12-19-at-16.31.05-768x576.jpeg 768w, https:\/\/dypall.com\/wp-content\/uploads\/2024\/12\/WhatsApp-Image-2024-12-19-at-16.31.05-1536x1152.jpeg 1536w, https:\/\/dypall.com\/wp-content\/uploads\/2024\/12\/WhatsApp-Image-2024-12-19-at-16.31.05-1568x1176.jpeg 1568w\" sizes=\"auto, (max-width: 1600px) 100vw, 1600px\" \/><\/figure>\n<\/figure>","protected":false},"excerpt":{"rendered":"<p>La terza e ultima visita di studio del progetto \"Climbing the Ladder: Fostering a Culture of Youth Engagement CL-YE\" si \u00e8 svolta dal 2 al 6 dicembre 2024 a Bruxelles, in Belgio, ospitata dall'Assemblea delle regioni d'Europa (ARE). Questo evento ha riunito i rappresentanti del consorzio del progetto per entrare in contatto con le principali istituzioni europee, approfondendo il modo in cui i giovani... <a class=\"more-link\" href=\"https:\/\/dypall.com\/it\/activity\/climbing-the-ladder-fostering-a-culture-of-youth-engagement-cl-ye-study-visit-to-brussels-belgium\/\">Continua a leggere <span class=\"screen-reader-text\">\"Arrampicare la scala: promuovere una cultura dell'impegno dei giovani (CL-YE)\" Visita di studio a Bruxelles, Belgio<\/span><\/a><\/p>","protected":false},"author":5,"featured_media":8149,"comment_status":"open","ping_status":"open","sticky":false,"template":"","format":"standard","meta":{"_acf_changed":false,"_jetpack_memberships_contains_paid_content":false,"footnotes":""},"categories":[111],"tags":[],"class_list":["post-8146","post","type-post","status-publish","format-standard","has-post-thumbnail","hentry","category-activity","entry"],"acf":[],"yoast_head":"<!-- This site is optimized with the Yoast SEO plugin v22.8 - https:\/\/yoast.com\/wordpress\/plugins\/seo\/ -->\n<title>\u201cClimbing the Ladder: fostering a culture of Youth Engagement (CL-YE)\u201d Study visit to Brussels, Belgium - DYPALL Network<\/title>\n<meta name=\"robots\" content=\"index, follow, max-snippet:-1, max-image-preview:large, max-video-preview:-1\" \/>\n<link rel=\"canonical\" href=\"https:\/\/dypall.com\/it\/activity\/climbing-the-ladder-fostering-a-culture-of-youth-engagement-cl-ye-study-visit-to-brussels-belgium\/\" \/>\n<meta property=\"og:locale\" content=\"it_IT\" \/>\n<meta property=\"og:type\" content=\"article\" \/>\n<meta property=\"og:title\" content=\"\u201cClimbing the Ladder: fostering a culture of Youth Engagement (CL-YE)\u201d Study visit to Brussels, Belgium - DYPALL Network\" \/>\n<meta property=\"og:description\" content=\"The third and final Study visit of the project \u201cClimbing the Ladder: Fostering a Culture of Youth Engagement CL-YE\u201d\u2019 took place from 2nd-6th December 2024 in Brussels, Belgium, hoste by the Assembly of European Regions (AER). This evebt brought together representatives of the project consortium to connect with Europe\u2019s key institutions, delving into how youth&hellip; Continua a leggere \u201cClimbing the Ladder: fostering a culture of Youth Engagement (CL-YE)\u201d Study visit to Brussels, Belgium\" \/>\n<meta property=\"og:url\" content=\"https:\/\/dypall.com\/it\/activity\/climbing-the-ladder-fostering-a-culture-of-youth-engagement-cl-ye-study-visit-to-brussels-belgium\/\" \/>\n<meta property=\"og:site_name\" content=\"DYPALL Network\" \/>\n<meta property=\"article:published_time\" content=\"2024-12-19T16:50:57+00:00\" \/>\n<meta property=\"og:image\" content=\"https:\/\/dypall.com\/wp-content\/uploads\/2024\/12\/WhatsApp-Image-2024-12-19-at-16.30.22.jpeg\" \/>\n\t<meta property=\"og:image:width\" content=\"2000\" \/>\n\t<meta property=\"og:image:height\" content=\"1500\" \/>\n\t<meta property=\"og:image:type\" content=\"image\/jpeg\" \/>\n<meta name=\"author\" content=\"DYPALL Network\" \/>\n<meta name=\"twitter:card\" content=\"summary_large_image\" \/>\n<meta name=\"twitter:label1\" content=\"Written by\" \/>\n\t<meta name=\"twitter:data1\" content=\"DYPALL Network\" \/>\n\t<meta name=\"twitter:label2\" content=\"Est. reading time\" \/>\n\t<meta name=\"twitter:data2\" content=\"3 minuti\" \/>\n<script type=\"application\/ld+json\" class=\"yoast-schema-graph\">{\"@context\":\"https:\/\/schema.org\",\"@graph\":[{\"@type\":\"WebPage\",\"@id\":\"https:\/\/dypall.com\/activity\/climbing-the-ladder-fostering-a-culture-of-youth-engagement-cl-ye-study-visit-to-brussels-belgium\/\",\"url\":\"https:\/\/dypall.com\/activity\/climbing-the-ladder-fostering-a-culture-of-youth-engagement-cl-ye-study-visit-to-brussels-belgium\/\",\"name\":\"\u201cClimbing the Ladder: fostering a culture of Youth Engagement (CL-YE)\u201d Study visit to Brussels, Belgium - DYPALL Network\",\"isPartOf\":{\"@id\":\"https:\/\/dypall.com\/#website\"},\"primaryImageOfPage\":{\"@id\":\"https:\/\/dypall.com\/activity\/climbing-the-ladder-fostering-a-culture-of-youth-engagement-cl-ye-study-visit-to-brussels-belgium\/#primaryimage\"},\"image\":{\"@id\":\"https:\/\/dypall.com\/activity\/climbing-the-ladder-fostering-a-culture-of-youth-engagement-cl-ye-study-visit-to-brussels-belgium\/#primaryimage\"},\"thumbnailUrl\":\"https:\/\/dypall.com\/wp-content\/uploads\/2024\/12\/WhatsApp-Image-2024-12-19-at-16.30.22.jpeg\",\"datePublished\":\"2024-12-19T16:50:57+00:00\",\"dateModified\":\"2024-12-19T16:50:57+00:00\",\"author\":{\"@id\":\"https:\/\/dypall.com\/#\/schema\/person\/e87206094ce8bcf88449b35f00e40fb1\"},\"breadcrumb\":{\"@id\":\"https:\/\/dypall.com\/activity\/climbing-the-ladder-fostering-a-culture-of-youth-engagement-cl-ye-study-visit-to-brussels-belgium\/#breadcrumb\"},\"inLanguage\":\"it-IT\",\"potentialAction\":[{\"@type\":\"ReadAction\",\"target\":[\"https:\/\/dypall.com\/activity\/climbing-the-ladder-fostering-a-culture-of-youth-engagement-cl-ye-study-visit-to-brussels-belgium\/\"]}]},{\"@type\":\"ImageObject\",\"inLanguage\":\"it-IT\",\"@id\":\"https:\/\/dypall.com\/activity\/climbing-the-ladder-fostering-a-culture-of-youth-engagement-cl-ye-study-visit-to-brussels-belgium\/#primaryimage\",\"url\":\"https:\/\/dypall.com\/wp-content\/uploads\/2024\/12\/WhatsApp-Image-2024-12-19-at-16.30.22.jpeg\",\"contentUrl\":\"https:\/\/dypall.com\/wp-content\/uploads\/2024\/12\/WhatsApp-Image-2024-12-19-at-16.30.22.jpeg\",\"width\":2000,\"height\":1500},{\"@type\":\"BreadcrumbList\",\"@id\":\"https:\/\/dypall.com\/activity\/climbing-the-ladder-fostering-a-culture-of-youth-engagement-cl-ye-study-visit-to-brussels-belgium\/#breadcrumb\",\"itemListElement\":[{\"@type\":\"ListItem\",\"position\":1,\"name\":\"Home\",\"item\":\"https:\/\/dypall.com\/\"},{\"@type\":\"ListItem\",\"position\":2,\"name\":\"\u201cClimbing the Ladder: fostering a culture of Youth Engagement (CL-YE)\u201d Study visit to Brussels, Belgium\"}]},{\"@type\":\"WebSite\",\"@id\":\"https:\/\/dypall.com\/#website\",\"url\":\"https:\/\/dypall.com\/\",\"name\":\"DYPALL Network\",\"description\":\"We are a European network of civil society organisations, municipalities and research institutions dedicated to improving democracy through youth participation.\",\"potentialAction\":[{\"@type\":\"SearchAction\",\"target\":{\"@type\":\"EntryPoint\",\"urlTemplate\":\"https:\/\/dypall.com\/?s={search_term_string}\"},\"query-input\":\"required name=search_term_string\"}],\"inLanguage\":\"it-IT\"},{\"@type\":\"Person\",\"@id\":\"https:\/\/dypall.com\/#\/schema\/person\/e87206094ce8bcf88449b35f00e40fb1\",\"name\":\"DYPALL Network\",\"image\":{\"@type\":\"ImageObject\",\"inLanguage\":\"it-IT\",\"@id\":\"https:\/\/dypall.com\/#\/schema\/person\/image\/\",\"url\":\"https:\/\/secure.gravatar.com\/avatar\/1061d2d4c9b4f1a9b496774795b5deac1200dfd1d3abecb8f85cf8b580e6963b?s=96&d=mm&r=g\",\"contentUrl\":\"https:\/\/secure.gravatar.com\/avatar\/1061d2d4c9b4f1a9b496774795b5deac1200dfd1d3abecb8f85cf8b580e6963b?s=96&d=mm&r=g\",\"caption\":\"DYPALL Network\"},\"sameAs\":[\"https:\/\/dypall.com\/\"],\"url\":\"https:\/\/dypall.com\/it\/author\/dypallonsteroids\/\"}]}<\/script>\n<!-- \/ Yoast SEO plugin. -->","yoast_head_json":{"title":"\u201cClimbing the Ladder: fostering a culture of Youth Engagement (CL-YE)\u201d Study visit to Brussels, Belgium - DYPALL Network","robots":{"index":"index","follow":"follow","max-snippet":"max-snippet:-1","max-image-preview":"max-image-preview:large","max-video-preview":"max-video-preview:-1"},"canonical":"https:\/\/dypall.com\/it\/activity\/climbing-the-ladder-fostering-a-culture-of-youth-engagement-cl-ye-study-visit-to-brussels-belgium\/","og_locale":"it_IT","og_type":"article","og_title":"\u201cClimbing the Ladder: fostering a culture of Youth Engagement (CL-YE)\u201d Study visit to Brussels, Belgium - DYPALL Network","og_description":"The third and final Study visit of the project \u201cClimbing the Ladder: Fostering a Culture of Youth Engagement CL-YE\u201d\u2019 took place from 2nd-6th December 2024 in Brussels, Belgium, hoste by the Assembly of European Regions (AER). This evebt brought together representatives of the project consortium to connect with Europe\u2019s key institutions, delving into how youth&hellip; Continua a leggere \u201cClimbing the Ladder: fostering a culture of Youth Engagement (CL-YE)\u201d Study visit to Brussels, Belgium","og_url":"https:\/\/dypall.com\/it\/activity\/climbing-the-ladder-fostering-a-culture-of-youth-engagement-cl-ye-study-visit-to-brussels-belgium\/","og_site_name":"DYPALL Network","article_published_time":"2024-12-19T16:50:57+00:00","og_image":[{"width":2000,"height":1500,"url":"https:\/\/dypall.com\/wp-content\/uploads\/2024\/12\/WhatsApp-Image-2024-12-19-at-16.30.22.jpeg","type":"image\/jpeg"}],"author":"DYPALL Network","twitter_card":"summary_large_image","twitter_misc":{"Written by":"DYPALL Network","Est. reading time":"3 minuti"},"schema":{"@context":"https:\/\/schema.org","@graph":[{"@type":"WebPage","@id":"https:\/\/dypall.com\/activity\/climbing-the-ladder-fostering-a-culture-of-youth-engagement-cl-ye-study-visit-to-brussels-belgium\/","url":"https:\/\/dypall.com\/activity\/climbing-the-ladder-fostering-a-culture-of-youth-engagement-cl-ye-study-visit-to-brussels-belgium\/","name":"\u201cClimbing the Ladder: fostering a culture of Youth Engagement (CL-YE)\u201d Study visit to Brussels, Belgium - DYPALL Network","isPartOf":{"@id":"https:\/\/dypall.com\/#website"},"primaryImageOfPage":{"@id":"https:\/\/dypall.com\/activity\/climbing-the-ladder-fostering-a-culture-of-youth-engagement-cl-ye-study-visit-to-brussels-belgium\/#primaryimage"},"image":{"@id":"https:\/\/dypall.com\/activity\/climbing-the-ladder-fostering-a-culture-of-youth-engagement-cl-ye-study-visit-to-brussels-belgium\/#primaryimage"},"thumbnailUrl":"https:\/\/dypall.com\/wp-content\/uploads\/2024\/12\/WhatsApp-Image-2024-12-19-at-16.30.22.jpeg","datePublished":"2024-12-19T16:50:57+00:00","dateModified":"2024-12-19T16:50:57+00:00","author":{"@id":"https:\/\/dypall.com\/#\/schema\/person\/e87206094ce8bcf88449b35f00e40fb1"},"breadcrumb":{"@id":"https:\/\/dypall.com\/activity\/climbing-the-ladder-fostering-a-culture-of-youth-engagement-cl-ye-study-visit-to-brussels-belgium\/#breadcrumb"},"inLanguage":"it-IT","potentialAction":[{"@type":"ReadAction","target":["https:\/\/dypall.com\/activity\/climbing-the-ladder-fostering-a-culture-of-youth-engagement-cl-ye-study-visit-to-brussels-belgium\/"]}]},{"@type":"ImageObject","inLanguage":"it-IT","@id":"https:\/\/dypall.com\/activity\/climbing-the-ladder-fostering-a-culture-of-youth-engagement-cl-ye-study-visit-to-brussels-belgium\/#primaryimage","url":"https:\/\/dypall.com\/wp-content\/uploads\/2024\/12\/WhatsApp-Image-2024-12-19-at-16.30.22.jpeg","contentUrl":"https:\/\/dypall.com\/wp-content\/uploads\/2024\/12\/WhatsApp-Image-2024-12-19-at-16.30.22.jpeg","width":2000,"height":1500},{"@type":"BreadcrumbList","@id":"https:\/\/dypall.com\/activity\/climbing-the-ladder-fostering-a-culture-of-youth-engagement-cl-ye-study-visit-to-brussels-belgium\/#breadcrumb","itemListElement":[{"@type":"ListItem","position":1,"name":"Home","item":"https:\/\/dypall.com\/"},{"@type":"ListItem","position":2,"name":"\u201cClimbing the Ladder: fostering a culture of Youth Engagement (CL-YE)\u201d Study visit to Brussels, Belgium"}]},{"@type":"WebSite","@id":"https:\/\/dypall.com\/#website","url":"https:\/\/dypall.com\/","name":"DYPALL Network","description":"We are a European network of civil society organisations, municipalities and research institutions dedicated to improving democracy through youth participation.","potentialAction":[{"@type":"SearchAction","target":{"@type":"EntryPoint","urlTemplate":"https:\/\/dypall.com\/?s={search_term_string}"},"query-input":"required name=search_term_string"}],"inLanguage":"it-IT"},{"@type":"Person","@id":"https:\/\/dypall.com\/#\/schema\/person\/e87206094ce8bcf88449b35f00e40fb1","name":"DYPALL Network","image":{"@type":"ImageObject","inLanguage":"it-IT","@id":"https:\/\/dypall.com\/#\/schema\/person\/image\/","url":"https:\/\/secure.gravatar.com\/avatar\/1061d2d4c9b4f1a9b496774795b5deac1200dfd1d3abecb8f85cf8b580e6963b?s=96&d=mm&r=g","contentUrl":"https:\/\/secure.gravatar.com\/avatar\/1061d2d4c9b4f1a9b496774795b5deac1200dfd1d3abecb8f85cf8b580e6963b?s=96&d=mm&r=g","caption":"DYPALL Network"},"sameAs":["https:\/\/dypall.com\/"],"url":"https:\/\/dypall.com\/it\/author\/dypallonsteroids\/"}]}},"jetpack_featured_media_url":"https:\/\/dypall.com\/wp-content\/uploads\/2024\/12\/WhatsApp-Image-2024-12-19-at-16.30.22.jpeg","jetpack_sharing_enabled":true,"_links":{"self":[{"href":"https:\/\/dypall.com\/it\/wp-json\/wp\/v2\/posts\/8146","targetHints":{"allow":["GET"]}}],"collection":[{"href":"https:\/\/dypall.com\/it\/wp-json\/wp\/v2\/posts"}],"about":[{"href":"https:\/\/dypall.com\/it\/wp-json\/wp\/v2\/types\/post"}],"author":[{"embeddable":true,"href":"https:\/\/dypall.com\/it\/wp-json\/wp\/v2\/users\/5"}],"replies":[{"embeddable":true,"href":"https:\/\/dypall.com\/it\/wp-json\/wp\/v2\/comments?post=8146"}],"version-history":[{"count":1,"href":"https:\/\/dypall.com\/it\/wp-json\/wp\/v2\/posts\/8146\/revisions"}],"predecessor-version":[{"id":8153,"href":"https:\/\/dypall.com\/it\/wp-json\/wp\/v2\/posts\/8146\/revisions\/8153"}],"wp:featuredmedia":[{"embeddable":true,"href":"https:\/\/dypall.com\/it\/wp-json\/wp\/v2\/media\/8149"}],"wp:attachment":[{"href":"https:\/\/dypall.com\/it\/wp-json\/wp\/v2\/media?parent=8146"}],"wp:term":[{"taxonomy":"category","embeddable":true,"href":"https:\/\/dypall.com\/it\/wp-json\/wp\/v2\/categories?post=8146"},{"taxonomy":"post_tag","embeddable":true,"href":"https:\/\/dypall.com\/it\/wp-json\/wp\/v2\/tags?post=8146"}],"curies":[{"name":"wp","href":"https:\/\/api.w.org\/{rel}","templated":true}]}}