{"id":8007,"date":"2024-11-08T16:37:31","date_gmt":"2024-11-08T16:37:31","guid":{"rendered":"https:\/\/dypall.com\/?p=8007"},"modified":"2024-11-08T17:11:13","modified_gmt":"2024-11-08T17:11:13","slug":"study-session-youth-democracy-academy-for-young-policy-makers-at-the-european-youth-centre-strasbourg-eycs","status":"publish","type":"post","link":"https:\/\/dypall.com\/it\/study-session\/study-session-youth-democracy-academy-for-young-policy-makers-at-the-european-youth-centre-strasbourg-eycs\/","title":{"rendered":"Sessione di studio \"Accademia della democrazia giovanile per i giovani responsabili politici\" presso il Centro europeo per la giovent\u00f9 di Strasburgo (EYCS)"},"content":{"rendered":"<p>Il <strong>Sessione di studio<\/strong> <strong>\"Youth Democracy Academy for young policy-makers\" (Accademia della democrazia giovanile per i giovani responsabili politici)<\/strong> organizzato dalla rete DYPALL in collaborazione con il <a href=\"https:\/\/www.coe.int\/en\/web\/youth\">Dipartimento della Giovent\u00f9 del Consiglio d'Europa<\/a>, si \u00e8 svolto dal 27 ottobre al 1 novembre presso il <a href=\"https:\/\/www.coe.int\/en\/web\/youth\/eyc-strasbourg\">Centro europeo per la giovent\u00f9 di Strasburgo (EYCS)<\/a>, Francia.\u00a0<\/p>\n\n\n\n<p>La sessione di studio mirava a dotare i partecipanti delle competenze necessarie per rivitalizzare la democrazia e coinvolgere efficacemente i giovani nei processi partecipativi a livello locale. Ha riunito 20 giovani provenienti da 16 Stati membri del Consiglio d'Europa, tra cui membri di consigli giovanili locali e partiti politici, leader giovanili, lavoratori comunali e rappresentanti eletti. L'attivit\u00e0 si \u00e8 basata su un approccio educativo non formale ed \u00e8 stata svolta attraverso varie sessioni condotte utilizzando diversi metodi, come simulazioni, giochi di ruolo, discussioni plenarie, presentazioni ed esercitazioni di gruppo.<\/p>\n\n\n\n<p>Durante la settimana, i partecipanti hanno approfondito i concetti di democrazia e partecipazione dei giovani, riflettendo sulle attuali opportunit\u00e0 e minacce per la democrazia e su come possono affrontare attivamente queste sfide a livello locale. Hanno avuto la possibilit\u00e0 di esaminare le proprie pratiche di partecipazione dei giovani ed esplorare anche metodi non convenzionali e innovativi di consultazione dei giovani. La sessione di studio si \u00e8 conclusa concentrandosi sui criteri e sugli indicatori che rendono i consigli locali della giovent\u00f9 di qualit\u00e0. I partecipanti hanno attuato la \"<a previewlistener=\"true\" href=\"https:\/\/drive.google.com\/file\/d\/1wmZgWujqUUvix5NTesulcZt8h4w9IHRY\/view\">Carta della qualit\u00e0 dei consigli locali della giovent\u00f9 partecipativi e inclusivi<\/a>\u201d strumento di valutazione sviluppato dalla rete DYPALL, concepito per valutare la struttura e il funzionamento dei consigli locali della giovent\u00f9, con particolare attenzione al rafforzamento della loro natura partecipativa e inclusiva e all'aumento del loro impatto. Uno dei principali risultati della sessione di studio \u00e8 stata la creazione di una mappa mentale completa basata sugli input acquisiti durante la settimana, insieme alla pianificazione di azioni di follow-up e alla riflessione sul primo passo fondamentale da compiere per costruire una rete di supporto per i LYC che sar\u00e0 lanciata e sostenuta come follow-up dell'attivit\u00e0 da parte della rete DYPALL a dicembre.&nbsp;<\/p>\n\n\n\n<p>Il programma includeva anche i seguenti momenti approfonditi:<\/p>\n\n\n\n<ul class=\"wp-block-list\">\n<li><strong>Una discussione in plenaria sulle strutture di cogestione e i principi di Reykjavik per la democrazia<\/strong>: I partecipanti hanno avuto l'opportunit\u00e0 di ascoltare approfondimenti e impegnarsi in un dialogo aperto con gli esperti Tobias Flessenkemper, capo del dipartimento per la giovent\u00f9 del Consiglio d'Europa, e Eva Kotnik, membro del Consiglio consultivo per la giovent\u00f9 del Consiglio d'Europa.&nbsp;<\/li>\n\n\n\n<li><strong>Una presentazione sul tema Giovent\u00f9 contro il razzismo - Rafforzare la possibilit\u00e0 nelle nostre comunit\u00e0<\/strong>: Guidati dal relatore ospite Serpil Temiz Unvar, che ha fornito un dialogo interattivo e un'opportunit\u00e0 unica per i giovani partecipanti di imparare da una voce d'impatto nella difesa dell'antirazzismo e dei diritti umani a livello locale ed europeo, sottolineando il ruolo dei giovani nella costruzione di comunit\u00e0 inclusive e come la partecipazione possa avere molte forme e avere un impatto in modi diversi.<\/li>\n\n\n\n<li><strong>Presentazione della Fondazione europea per la giovent\u00f9 (EYF)<\/strong>: I partecipanti hanno scoperto l'opportunit\u00e0 di sviluppare attivamente i loro piani locali per stimolare cambiamenti significativi nelle loro comunit\u00e0 in materia di democrazia.&nbsp;<\/li>\n\n\n\n<li><strong>Visita al Congresso dei poteri locali e regionali<\/strong>: Questa visita ha consentito lo scambio di buone pratiche e una maggiore comprensione da parte dei partecipanti del contributo del Congresso alla partecipazione dei giovani e all'elaborazione delle politiche giovanili.<\/li>\n<\/ul>\n\n\n\n<p>L'attivit\u00e0 ha raggiunto con successo il suo obiettivo di responsabilizzare i giovani responsabili politici con le competenze e gli strumenti per coinvolgere e rappresentare i giovani nei processi decisionali. In tal modo, \u00e8 direttamente in linea con gli obiettivi e le priorit\u00e0 a breve e lungo termine della rete DYPALL, promuovendo la crescita del coinvolgimento dei giovani all'interno delle strutture di governance locali.<\/p>\n\n\n\n<figure class=\"wp-block-gallery has-nested-images columns-default is-cropped wp-block-gallery-1 is-layout-flex wp-block-gallery-is-layout-flex\">\n<figure class=\"wp-block-image size-large\"><img loading=\"lazy\" decoding=\"async\" width=\"2560\" height=\"1707\" data-id=\"8062\" src=\"https:\/\/dypall.com\/wp-content\/uploads\/2024\/11\/DSC_0084-scaled.jpg\" alt=\"\" class=\"wp-image-8062\" srcset=\"https:\/\/dypall.com\/wp-content\/uploads\/2024\/11\/DSC_0084-scaled.jpg 2560w, https:\/\/dypall.com\/wp-content\/uploads\/2024\/11\/DSC_0084-768x512.jpg 768w, https:\/\/dypall.com\/wp-content\/uploads\/2024\/11\/DSC_0084-1536x1024.jpg 1536w, https:\/\/dypall.com\/wp-content\/uploads\/2024\/11\/DSC_0084-2048x1365.jpg 2048w, https:\/\/dypall.com\/wp-content\/uploads\/2024\/11\/DSC_0084-1568x1045.jpg 1568w\" sizes=\"auto, (max-width: 2560px) 100vw, 2560px\" \/><\/figure>\n\n\n\n<figure class=\"wp-block-image size-large\"><img loading=\"lazy\" decoding=\"async\" width=\"2560\" height=\"1707\" data-id=\"8061\" src=\"https:\/\/dypall.com\/wp-content\/uploads\/2024\/11\/DSC_0088-scaled.jpg\" alt=\"\" class=\"wp-image-8061\" srcset=\"https:\/\/dypall.com\/wp-content\/uploads\/2024\/11\/DSC_0088-scaled.jpg 2560w, https:\/\/dypall.com\/wp-content\/uploads\/2024\/11\/DSC_0088-768x512.jpg 768w, https:\/\/dypall.com\/wp-content\/uploads\/2024\/11\/DSC_0088-1536x1024.jpg 1536w, https:\/\/dypall.com\/wp-content\/uploads\/2024\/11\/DSC_0088-2048x1365.jpg 2048w, https:\/\/dypall.com\/wp-content\/uploads\/2024\/11\/DSC_0088-1568x1045.jpg 1568w\" sizes=\"auto, (max-width: 2560px) 100vw, 2560px\" \/><\/figure>\n\n\n\n<figure class=\"wp-block-image size-large\"><img loading=\"lazy\" decoding=\"async\" width=\"2560\" height=\"1707\" data-id=\"8059\" src=\"https:\/\/dypall.com\/wp-content\/uploads\/2024\/11\/DSC_0096-scaled.jpg\" alt=\"\" class=\"wp-image-8059\" srcset=\"https:\/\/dypall.com\/wp-content\/uploads\/2024\/11\/DSC_0096-scaled.jpg 2560w, https:\/\/dypall.com\/wp-content\/uploads\/2024\/11\/DSC_0096-768x512.jpg 768w, https:\/\/dypall.com\/wp-content\/uploads\/2024\/11\/DSC_0096-1536x1024.jpg 1536w, https:\/\/dypall.com\/wp-content\/uploads\/2024\/11\/DSC_0096-2048x1365.jpg 2048w, https:\/\/dypall.com\/wp-content\/uploads\/2024\/11\/DSC_0096-1568x1045.jpg 1568w\" sizes=\"auto, (max-width: 2560px) 100vw, 2560px\" \/><\/figure>\n\n\n\n<figure class=\"wp-block-image size-large\"><img loading=\"lazy\" decoding=\"async\" width=\"2560\" height=\"1707\" data-id=\"8058\" src=\"https:\/\/dypall.com\/wp-content\/uploads\/2024\/11\/DSC_0120-scaled.jpg\" alt=\"\" class=\"wp-image-8058\" srcset=\"https:\/\/dypall.com\/wp-content\/uploads\/2024\/11\/DSC_0120-scaled.jpg 2560w, https:\/\/dypall.com\/wp-content\/uploads\/2024\/11\/DSC_0120-768x512.jpg 768w, https:\/\/dypall.com\/wp-content\/uploads\/2024\/11\/DSC_0120-1536x1024.jpg 1536w, https:\/\/dypall.com\/wp-content\/uploads\/2024\/11\/DSC_0120-2048x1365.jpg 2048w, https:\/\/dypall.com\/wp-content\/uploads\/2024\/11\/DSC_0120-1568x1045.jpg 1568w\" sizes=\"auto, (max-width: 2560px) 100vw, 2560px\" \/><\/figure>\n\n\n\n<figure class=\"wp-block-image size-large\"><img loading=\"lazy\" decoding=\"async\" width=\"2560\" height=\"1707\" data-id=\"8057\" src=\"https:\/\/dypall.com\/wp-content\/uploads\/2024\/11\/DSC_0121-scaled.jpg\" alt=\"\" class=\"wp-image-8057\" srcset=\"https:\/\/dypall.com\/wp-content\/uploads\/2024\/11\/DSC_0121-scaled.jpg 2560w, https:\/\/dypall.com\/wp-content\/uploads\/2024\/11\/DSC_0121-768x512.jpg 768w, https:\/\/dypall.com\/wp-content\/uploads\/2024\/11\/DSC_0121-1536x1024.jpg 1536w, https:\/\/dypall.com\/wp-content\/uploads\/2024\/11\/DSC_0121-2048x1365.jpg 2048w, https:\/\/dypall.com\/wp-content\/uploads\/2024\/11\/DSC_0121-1568x1045.jpg 1568w\" sizes=\"auto, (max-width: 2560px) 100vw, 2560px\" \/><\/figure>\n\n\n\n<figure class=\"wp-block-image size-large\"><img loading=\"lazy\" decoding=\"async\" width=\"2560\" height=\"1707\" data-id=\"8051\" src=\"https:\/\/dypall.com\/wp-content\/uploads\/2024\/11\/DSC_0149-1-scaled.jpg\" alt=\"\" class=\"wp-image-8051\" srcset=\"https:\/\/dypall.com\/wp-content\/uploads\/2024\/11\/DSC_0149-1-scaled.jpg 2560w, https:\/\/dypall.com\/wp-content\/uploads\/2024\/11\/DSC_0149-1-768x512.jpg 768w, https:\/\/dypall.com\/wp-content\/uploads\/2024\/11\/DSC_0149-1-1536x1024.jpg 1536w, https:\/\/dypall.com\/wp-content\/uploads\/2024\/11\/DSC_0149-1-2048x1365.jpg 2048w, https:\/\/dypall.com\/wp-content\/uploads\/2024\/11\/DSC_0149-1-1568x1045.jpg 1568w\" sizes=\"auto, (max-width: 2560px) 100vw, 2560px\" \/><\/figure>\n\n\n\n<figure class=\"wp-block-image size-large\"><img loading=\"lazy\" decoding=\"async\" width=\"2560\" height=\"1707\" data-id=\"8050\" src=\"https:\/\/dypall.com\/wp-content\/uploads\/2024\/11\/DSC_0150-scaled.jpg\" alt=\"\" class=\"wp-image-8050\" srcset=\"https:\/\/dypall.com\/wp-content\/uploads\/2024\/11\/DSC_0150-scaled.jpg 2560w, https:\/\/dypall.com\/wp-content\/uploads\/2024\/11\/DSC_0150-768x512.jpg 768w, https:\/\/dypall.com\/wp-content\/uploads\/2024\/11\/DSC_0150-1536x1024.jpg 1536w, https:\/\/dypall.com\/wp-content\/uploads\/2024\/11\/DSC_0150-2048x1365.jpg 2048w, https:\/\/dypall.com\/wp-content\/uploads\/2024\/11\/DSC_0150-1568x1045.jpg 1568w\" sizes=\"auto, (max-width: 2560px) 100vw, 2560px\" \/><\/figure>\n\n\n\n<figure class=\"wp-block-image size-large\"><img loading=\"lazy\" decoding=\"async\" width=\"2560\" height=\"1707\" data-id=\"8049\" src=\"https:\/\/dypall.com\/wp-content\/uploads\/2024\/11\/DSC_0163-scaled.jpg\" alt=\"\" class=\"wp-image-8049\" srcset=\"https:\/\/dypall.com\/wp-content\/uploads\/2024\/11\/DSC_0163-scaled.jpg 2560w, https:\/\/dypall.com\/wp-content\/uploads\/2024\/11\/DSC_0163-768x512.jpg 768w, https:\/\/dypall.com\/wp-content\/uploads\/2024\/11\/DSC_0163-1536x1024.jpg 1536w, https:\/\/dypall.com\/wp-content\/uploads\/2024\/11\/DSC_0163-2048x1365.jpg 2048w, https:\/\/dypall.com\/wp-content\/uploads\/2024\/11\/DSC_0163-1568x1045.jpg 1568w\" sizes=\"auto, (max-width: 2560px) 100vw, 2560px\" \/><\/figure>\n\n\n\n<figure class=\"wp-block-image size-large\"><img loading=\"lazy\" decoding=\"async\" width=\"2560\" height=\"1707\" data-id=\"8048\" src=\"https:\/\/dypall.com\/wp-content\/uploads\/2024\/11\/DSC_0164-scaled.jpg\" alt=\"\" class=\"wp-image-8048\" srcset=\"https:\/\/dypall.com\/wp-content\/uploads\/2024\/11\/DSC_0164-scaled.jpg 2560w, https:\/\/dypall.com\/wp-content\/uploads\/2024\/11\/DSC_0164-768x512.jpg 768w, https:\/\/dypall.com\/wp-content\/uploads\/2024\/11\/DSC_0164-1536x1024.jpg 1536w, https:\/\/dypall.com\/wp-content\/uploads\/2024\/11\/DSC_0164-2048x1365.jpg 2048w, https:\/\/dypall.com\/wp-content\/uploads\/2024\/11\/DSC_0164-1568x1045.jpg 1568w\" sizes=\"auto, (max-width: 2560px) 100vw, 2560px\" \/><\/figure>\n\n\n\n<figure class=\"wp-block-image size-large\"><img loading=\"lazy\" decoding=\"async\" width=\"2560\" height=\"1707\" data-id=\"8046\" src=\"https:\/\/dypall.com\/wp-content\/uploads\/2024\/11\/DSC_0175-scaled.jpg\" alt=\"\" class=\"wp-image-8046\" srcset=\"https:\/\/dypall.com\/wp-content\/uploads\/2024\/11\/DSC_0175-scaled.jpg 2560w, https:\/\/dypall.com\/wp-content\/uploads\/2024\/11\/DSC_0175-768x512.jpg 768w, https:\/\/dypall.com\/wp-content\/uploads\/2024\/11\/DSC_0175-1536x1024.jpg 1536w, https:\/\/dypall.com\/wp-content\/uploads\/2024\/11\/DSC_0175-2048x1365.jpg 2048w, https:\/\/dypall.com\/wp-content\/uploads\/2024\/11\/DSC_0175-1568x1045.jpg 1568w\" sizes=\"auto, (max-width: 2560px) 100vw, 2560px\" \/><\/figure>\n\n\n\n<figure class=\"wp-block-image size-large\"><img loading=\"lazy\" decoding=\"async\" width=\"2560\" height=\"1707\" data-id=\"8043\" src=\"https:\/\/dypall.com\/wp-content\/uploads\/2024\/11\/DSC_0193-scaled.jpg\" alt=\"\" class=\"wp-image-8043\" srcset=\"https:\/\/dypall.com\/wp-content\/uploads\/2024\/11\/DSC_0193-scaled.jpg 2560w, https:\/\/dypall.com\/wp-content\/uploads\/2024\/11\/DSC_0193-768x512.jpg 768w, https:\/\/dypall.com\/wp-content\/uploads\/2024\/11\/DSC_0193-1536x1024.jpg 1536w, https:\/\/dypall.com\/wp-content\/uploads\/2024\/11\/DSC_0193-2048x1365.jpg 2048w, https:\/\/dypall.com\/wp-content\/uploads\/2024\/11\/DSC_0193-1568x1045.jpg 1568w\" sizes=\"auto, (max-width: 2560px) 100vw, 2560px\" \/><\/figure>\n\n\n\n<figure class=\"wp-block-image size-large\"><img loading=\"lazy\" decoding=\"async\" width=\"2560\" height=\"1707\" data-id=\"8041\" src=\"https:\/\/dypall.com\/wp-content\/uploads\/2024\/11\/DSC_0205-scaled.jpg\" alt=\"\" class=\"wp-image-8041\" srcset=\"https:\/\/dypall.com\/wp-content\/uploads\/2024\/11\/DSC_0205-scaled.jpg 2560w, https:\/\/dypall.com\/wp-content\/uploads\/2024\/11\/DSC_0205-768x512.jpg 768w, https:\/\/dypall.com\/wp-content\/uploads\/2024\/11\/DSC_0205-1536x1024.jpg 1536w, https:\/\/dypall.com\/wp-content\/uploads\/2024\/11\/DSC_0205-2048x1365.jpg 2048w, https:\/\/dypall.com\/wp-content\/uploads\/2024\/11\/DSC_0205-1568x1045.jpg 1568w\" sizes=\"auto, (max-width: 2560px) 100vw, 2560px\" \/><\/figure>\n\n\n\n<figure class=\"wp-block-image size-large\"><img loading=\"lazy\" decoding=\"async\" width=\"2560\" height=\"1707\" data-id=\"8040\" src=\"https:\/\/dypall.com\/wp-content\/uploads\/2024\/11\/DSC_0218-scaled.jpg\" alt=\"\" class=\"wp-image-8040\" srcset=\"https:\/\/dypall.com\/wp-content\/uploads\/2024\/11\/DSC_0218-scaled.jpg 2560w, https:\/\/dypall.com\/wp-content\/uploads\/2024\/11\/DSC_0218-768x512.jpg 768w, https:\/\/dypall.com\/wp-content\/uploads\/2024\/11\/DSC_0218-1536x1024.jpg 1536w, https:\/\/dypall.com\/wp-content\/uploads\/2024\/11\/DSC_0218-2048x1365.jpg 2048w, https:\/\/dypall.com\/wp-content\/uploads\/2024\/11\/DSC_0218-1568x1045.jpg 1568w\" sizes=\"auto, (max-width: 2560px) 100vw, 2560px\" \/><\/figure>\n\n\n\n<figure class=\"wp-block-image size-large\"><img loading=\"lazy\" decoding=\"async\" width=\"2560\" height=\"1707\" data-id=\"8038\" src=\"https:\/\/dypall.com\/wp-content\/uploads\/2024\/11\/DSC_0245-scaled.jpg\" alt=\"\" class=\"wp-image-8038\" srcset=\"https:\/\/dypall.com\/wp-content\/uploads\/2024\/11\/DSC_0245-scaled.jpg 2560w, https:\/\/dypall.com\/wp-content\/uploads\/2024\/11\/DSC_0245-768x512.jpg 768w, https:\/\/dypall.com\/wp-content\/uploads\/2024\/11\/DSC_0245-1536x1024.jpg 1536w, https:\/\/dypall.com\/wp-content\/uploads\/2024\/11\/DSC_0245-2048x1365.jpg 2048w, https:\/\/dypall.com\/wp-content\/uploads\/2024\/11\/DSC_0245-1568x1045.jpg 1568w\" sizes=\"auto, (max-width: 2560px) 100vw, 2560px\" \/><\/figure>\n\n\n\n<figure class=\"wp-block-image size-large\"><img loading=\"lazy\" decoding=\"async\" width=\"2560\" height=\"1707\" data-id=\"8034\" src=\"https:\/\/dypall.com\/wp-content\/uploads\/2024\/11\/DSC_0221-scaled.jpg\" alt=\"\" class=\"wp-image-8034\" srcset=\"https:\/\/dypall.com\/wp-content\/uploads\/2024\/11\/DSC_0221-scaled.jpg 2560w, https:\/\/dypall.com\/wp-content\/uploads\/2024\/11\/DSC_0221-768x512.jpg 768w, https:\/\/dypall.com\/wp-content\/uploads\/2024\/11\/DSC_0221-1536x1024.jpg 1536w, https:\/\/dypall.com\/wp-content\/uploads\/2024\/11\/DSC_0221-2048x1365.jpg 2048w, https:\/\/dypall.com\/wp-content\/uploads\/2024\/11\/DSC_0221-1568x1045.jpg 1568w\" sizes=\"auto, (max-width: 2560px) 100vw, 2560px\" \/><\/figure>\n\n\n\n<figure class=\"wp-block-image size-large\"><img loading=\"lazy\" decoding=\"async\" width=\"2560\" height=\"1920\" data-id=\"8033\" src=\"https:\/\/dypall.com\/wp-content\/uploads\/2024\/11\/20241030_101019-scaled.jpg\" alt=\"\" class=\"wp-image-8033\" srcset=\"https:\/\/dypall.com\/wp-content\/uploads\/2024\/11\/20241030_101019-scaled.jpg 2560w, https:\/\/dypall.com\/wp-content\/uploads\/2024\/11\/20241030_101019-768x576.jpg 768w, https:\/\/dypall.com\/wp-content\/uploads\/2024\/11\/20241030_101019-1536x1152.jpg 1536w, https:\/\/dypall.com\/wp-content\/uploads\/2024\/11\/20241030_101019-2048x1536.jpg 2048w, https:\/\/dypall.com\/wp-content\/uploads\/2024\/11\/20241030_101019-1568x1176.jpg 1568w\" sizes=\"auto, (max-width: 2560px) 100vw, 2560px\" \/><\/figure>\n\n\n\n<figure class=\"wp-block-image size-large\"><img loading=\"lazy\" decoding=\"async\" width=\"2560\" height=\"1707\" data-id=\"8030\" src=\"https:\/\/dypall.com\/wp-content\/uploads\/2024\/11\/DSC_0469-scaled.jpg\" alt=\"\" class=\"wp-image-8030\" srcset=\"https:\/\/dypall.com\/wp-content\/uploads\/2024\/11\/DSC_0469-scaled.jpg 2560w, https:\/\/dypall.com\/wp-content\/uploads\/2024\/11\/DSC_0469-768x512.jpg 768w, https:\/\/dypall.com\/wp-content\/uploads\/2024\/11\/DSC_0469-1536x1024.jpg 1536w, https:\/\/dypall.com\/wp-content\/uploads\/2024\/11\/DSC_0469-2048x1365.jpg 2048w, https:\/\/dypall.com\/wp-content\/uploads\/2024\/11\/DSC_0469-1568x1045.jpg 1568w\" sizes=\"auto, (max-width: 2560px) 100vw, 2560px\" \/><\/figure>\n\n\n\n<figure class=\"wp-block-image size-large\"><img loading=\"lazy\" decoding=\"async\" width=\"2256\" height=\"1496\" data-id=\"8026\" src=\"https:\/\/dypall.com\/wp-content\/uploads\/2024\/11\/DSC_6896.jpg\" alt=\"\" class=\"wp-image-8026\" srcset=\"https:\/\/dypall.com\/wp-content\/uploads\/2024\/11\/DSC_6896.jpg 2256w, https:\/\/dypall.com\/wp-content\/uploads\/2024\/11\/DSC_6896-768x509.jpg 768w, https:\/\/dypall.com\/wp-content\/uploads\/2024\/11\/DSC_6896-1536x1019.jpg 1536w, https:\/\/dypall.com\/wp-content\/uploads\/2024\/11\/DSC_6896-2048x1358.jpg 2048w, https:\/\/dypall.com\/wp-content\/uploads\/2024\/11\/DSC_6896-1568x1040.jpg 1568w\" sizes=\"auto, (max-width: 2256px) 100vw, 2256px\" \/><\/figure>\n\n\n\n<figure class=\"wp-block-image size-large\"><img loading=\"lazy\" decoding=\"async\" width=\"2256\" height=\"1496\" data-id=\"8025\" src=\"https:\/\/dypall.com\/wp-content\/uploads\/2024\/11\/DSC_6910.jpg\" alt=\"\" class=\"wp-image-8025\" srcset=\"https:\/\/dypall.com\/wp-content\/uploads\/2024\/11\/DSC_6910.jpg 2256w, https:\/\/dypall.com\/wp-content\/uploads\/2024\/11\/DSC_6910-768x509.jpg 768w, https:\/\/dypall.com\/wp-content\/uploads\/2024\/11\/DSC_6910-1536x1019.jpg 1536w, https:\/\/dypall.com\/wp-content\/uploads\/2024\/11\/DSC_6910-2048x1358.jpg 2048w, https:\/\/dypall.com\/wp-content\/uploads\/2024\/11\/DSC_6910-1568x1040.jpg 1568w\" sizes=\"auto, (max-width: 2256px) 100vw, 2256px\" \/><\/figure>\n\n\n\n<figure class=\"wp-block-image size-large\"><img loading=\"lazy\" decoding=\"async\" width=\"2256\" height=\"1496\" data-id=\"8021\" src=\"https:\/\/dypall.com\/wp-content\/uploads\/2024\/11\/DSC_6960.jpg\" alt=\"\" class=\"wp-image-8021\" srcset=\"https:\/\/dypall.com\/wp-content\/uploads\/2024\/11\/DSC_6960.jpg 2256w, https:\/\/dypall.com\/wp-content\/uploads\/2024\/11\/DSC_6960-768x509.jpg 768w, https:\/\/dypall.com\/wp-content\/uploads\/2024\/11\/DSC_6960-1536x1019.jpg 1536w, https:\/\/dypall.com\/wp-content\/uploads\/2024\/11\/DSC_6960-2048x1358.jpg 2048w, https:\/\/dypall.com\/wp-content\/uploads\/2024\/11\/DSC_6960-1568x1040.jpg 1568w\" sizes=\"auto, (max-width: 2256px) 100vw, 2256px\" \/><\/figure>\n\n\n\n<figure class=\"wp-block-image size-large\"><img loading=\"lazy\" decoding=\"async\" width=\"2256\" height=\"1496\" data-id=\"8020\" src=\"https:\/\/dypall.com\/wp-content\/uploads\/2024\/11\/DSC_6963.jpg\" alt=\"\" class=\"wp-image-8020\" srcset=\"https:\/\/dypall.com\/wp-content\/uploads\/2024\/11\/DSC_6963.jpg 2256w, https:\/\/dypall.com\/wp-content\/uploads\/2024\/11\/DSC_6963-768x509.jpg 768w, https:\/\/dypall.com\/wp-content\/uploads\/2024\/11\/DSC_6963-1536x1019.jpg 1536w, https:\/\/dypall.com\/wp-content\/uploads\/2024\/11\/DSC_6963-2048x1358.jpg 2048w, https:\/\/dypall.com\/wp-content\/uploads\/2024\/11\/DSC_6963-1568x1040.jpg 1568w\" sizes=\"auto, (max-width: 2256px) 100vw, 2256px\" \/><\/figure>\n\n\n\n<figure class=\"wp-block-image size-large\"><img loading=\"lazy\" decoding=\"async\" width=\"2256\" height=\"1496\" data-id=\"8018\" src=\"https:\/\/dypall.com\/wp-content\/uploads\/2024\/11\/DSC_6977.jpg\" alt=\"\" class=\"wp-image-8018\" srcset=\"https:\/\/dypall.com\/wp-content\/uploads\/2024\/11\/DSC_6977.jpg 2256w, https:\/\/dypall.com\/wp-content\/uploads\/2024\/11\/DSC_6977-768x509.jpg 768w, https:\/\/dypall.com\/wp-content\/uploads\/2024\/11\/DSC_6977-1536x1019.jpg 1536w, https:\/\/dypall.com\/wp-content\/uploads\/2024\/11\/DSC_6977-2048x1358.jpg 2048w, https:\/\/dypall.com\/wp-content\/uploads\/2024\/11\/DSC_6977-1568x1040.jpg 1568w\" sizes=\"auto, (max-width: 2256px) 100vw, 2256px\" \/><\/figure>\n\n\n\n<figure class=\"wp-block-image size-large\"><img loading=\"lazy\" decoding=\"async\" width=\"2560\" height=\"1702\" data-id=\"8015\" src=\"https:\/\/dypall.com\/wp-content\/uploads\/2024\/11\/DSC_7043-scaled.jpg\" alt=\"\" class=\"wp-image-8015\" srcset=\"https:\/\/dypall.com\/wp-content\/uploads\/2024\/11\/DSC_7043-scaled.jpg 2560w, https:\/\/dypall.com\/wp-content\/uploads\/2024\/11\/DSC_7043-768x511.jpg 768w, https:\/\/dypall.com\/wp-content\/uploads\/2024\/11\/DSC_7043-1536x1021.jpg 1536w, https:\/\/dypall.com\/wp-content\/uploads\/2024\/11\/DSC_7043-2048x1362.jpg 2048w, https:\/\/dypall.com\/wp-content\/uploads\/2024\/11\/DSC_7043-1568x1043.jpg 1568w\" sizes=\"auto, (max-width: 2560px) 100vw, 2560px\" \/><\/figure>\n\n\n\n<figure class=\"wp-block-image size-large\"><img loading=\"lazy\" decoding=\"async\" width=\"2560\" height=\"1702\" data-id=\"8010\" src=\"https:\/\/dypall.com\/wp-content\/uploads\/2024\/11\/DSC_7073-scaled.jpg\" alt=\"\" class=\"wp-image-8010\" srcset=\"https:\/\/dypall.com\/wp-content\/uploads\/2024\/11\/DSC_7073-scaled.jpg 2560w, https:\/\/dypall.com\/wp-content\/uploads\/2024\/11\/DSC_7073-768x511.jpg 768w, https:\/\/dypall.com\/wp-content\/uploads\/2024\/11\/DSC_7073-1536x1021.jpg 1536w, https:\/\/dypall.com\/wp-content\/uploads\/2024\/11\/DSC_7073-2048x1362.jpg 2048w, https:\/\/dypall.com\/wp-content\/uploads\/2024\/11\/DSC_7073-1568x1043.jpg 1568w\" sizes=\"auto, (max-width: 2560px) 100vw, 2560px\" \/><\/figure>\n<\/figure>\n\n\n\n<p><\/p>","protected":false},"excerpt":{"rendered":"<p>La sessione di studio \"Youth Democracy Academy for young policy-makers\", organizzata dalla rete DYPALL in collaborazione con il dipartimento per la giovent\u00f9 del Consiglio d'Europa, si \u00e8 svolta dal 27 ottobre al 1\u00b0 novembre presso il Centro europeo per la giovent\u00f9 di Strasburgo (EYCS), in Francia.\u00a0 La sessione di studio mirava a responsabilizzare i partecipanti con le competenze per rivitalizzare la democrazia e impegnarsi efficacemente... <a class=\"more-link\" href=\"https:\/\/dypall.com\/it\/study-session\/study-session-youth-democracy-academy-for-young-policy-makers-at-the-european-youth-centre-strasbourg-eycs\/\">Continua a leggere <span class=\"screen-reader-text\">Sessione di studio \"Accademia della democrazia giovanile per i giovani responsabili politici\" presso il Centro europeo per la giovent\u00f9 di Strasburgo (EYCS)<\/span><\/a><\/p>","protected":false},"author":5,"featured_media":8033,"comment_status":"open","ping_status":"open","sticky":false,"template":"","format":"standard","meta":{"_acf_changed":false,"_jetpack_memberships_contains_paid_content":false,"footnotes":""},"categories":[132],"tags":[],"class_list":["post-8007","post","type-post","status-publish","format-standard","has-post-thumbnail","hentry","category-study-session","entry"],"acf":[],"yoast_head":"<!-- This site is optimized with the Yoast SEO plugin v22.8 - https:\/\/yoast.com\/wordpress\/plugins\/seo\/ -->\n<title>Study Session \u201cYouth Democracy Academy for young policy-makers\u201d at the European Youth Centre Strasbourg (EYCS) - DYPALL Network<\/title>\n<meta name=\"robots\" content=\"index, follow, max-snippet:-1, max-image-preview:large, max-video-preview:-1\" \/>\n<link rel=\"canonical\" href=\"https:\/\/dypall.com\/it\/study-session\/study-session-youth-democracy-academy-for-young-policy-makers-at-the-european-youth-centre-strasbourg-eycs\/\" \/>\n<meta property=\"og:locale\" content=\"it_IT\" \/>\n<meta property=\"og:type\" content=\"article\" \/>\n<meta property=\"og:title\" content=\"Study Session \u201cYouth Democracy Academy for young policy-makers\u201d at the European Youth Centre Strasbourg (EYCS) - DYPALL Network\" \/>\n<meta property=\"og:description\" content=\"The Study Session \u201cYouth Democracy Academy for young policy-makers\u201d organised by DYPALL Network in co-operation with the Youth Department of the Council of Europe, took place from October 27th to November 1st at the European Youth Centre Strasbourg (EYCS), France.\u00a0 The Study Session aimed to empower participants with skills to revitalise democracy and effectively engage&hellip; Continua a leggere Study Session \u201cYouth Democracy Academy for young policy-makers\u201d at the European Youth Centre Strasbourg (EYCS)\" \/>\n<meta property=\"og:url\" content=\"https:\/\/dypall.com\/it\/study-session\/study-session-youth-democracy-academy-for-young-policy-makers-at-the-european-youth-centre-strasbourg-eycs\/\" \/>\n<meta property=\"og:site_name\" content=\"DYPALL Network\" \/>\n<meta property=\"article:published_time\" content=\"2024-11-08T16:37:31+00:00\" \/>\n<meta property=\"article:modified_time\" content=\"2024-11-08T17:11:13+00:00\" \/>\n<meta property=\"og:image\" content=\"https:\/\/dypall.com\/wp-content\/uploads\/2024\/11\/20241030_101019-scaled.jpg\" \/>\n\t<meta property=\"og:image:width\" content=\"2560\" \/>\n\t<meta property=\"og:image:height\" content=\"1920\" \/>\n\t<meta property=\"og:image:type\" content=\"image\/jpeg\" \/>\n<meta name=\"author\" content=\"DYPALL Network\" \/>\n<meta name=\"twitter:card\" content=\"summary_large_image\" \/>\n<meta name=\"twitter:label1\" content=\"Written by\" \/>\n\t<meta name=\"twitter:data1\" content=\"DYPALL Network\" \/>\n\t<meta name=\"twitter:label2\" content=\"Est. reading time\" \/>\n\t<meta name=\"twitter:data2\" content=\"8 minuti\" \/>\n<script type=\"application\/ld+json\" class=\"yoast-schema-graph\">{\"@context\":\"https:\/\/schema.org\",\"@graph\":[{\"@type\":\"WebPage\",\"@id\":\"https:\/\/dypall.com\/study-session\/study-session-youth-democracy-academy-for-young-policy-makers-at-the-european-youth-centre-strasbourg-eycs\/\",\"url\":\"https:\/\/dypall.com\/study-session\/study-session-youth-democracy-academy-for-young-policy-makers-at-the-european-youth-centre-strasbourg-eycs\/\",\"name\":\"Study Session \u201cYouth Democracy Academy for young policy-makers\u201d at the European Youth Centre Strasbourg (EYCS) - DYPALL Network\",\"isPartOf\":{\"@id\":\"https:\/\/dypall.com\/#website\"},\"primaryImageOfPage\":{\"@id\":\"https:\/\/dypall.com\/study-session\/study-session-youth-democracy-academy-for-young-policy-makers-at-the-european-youth-centre-strasbourg-eycs\/#primaryimage\"},\"image\":{\"@id\":\"https:\/\/dypall.com\/study-session\/study-session-youth-democracy-academy-for-young-policy-makers-at-the-european-youth-centre-strasbourg-eycs\/#primaryimage\"},\"thumbnailUrl\":\"https:\/\/dypall.com\/wp-content\/uploads\/2024\/11\/20241030_101019-scaled.jpg\",\"datePublished\":\"2024-11-08T16:37:31+00:00\",\"dateModified\":\"2024-11-08T17:11:13+00:00\",\"author\":{\"@id\":\"https:\/\/dypall.com\/#\/schema\/person\/e87206094ce8bcf88449b35f00e40fb1\"},\"breadcrumb\":{\"@id\":\"https:\/\/dypall.com\/study-session\/study-session-youth-democracy-academy-for-young-policy-makers-at-the-european-youth-centre-strasbourg-eycs\/#breadcrumb\"},\"inLanguage\":\"it-IT\",\"potentialAction\":[{\"@type\":\"ReadAction\",\"target\":[\"https:\/\/dypall.com\/study-session\/study-session-youth-democracy-academy-for-young-policy-makers-at-the-european-youth-centre-strasbourg-eycs\/\"]}]},{\"@type\":\"ImageObject\",\"inLanguage\":\"it-IT\",\"@id\":\"https:\/\/dypall.com\/study-session\/study-session-youth-democracy-academy-for-young-policy-makers-at-the-european-youth-centre-strasbourg-eycs\/#primaryimage\",\"url\":\"https:\/\/dypall.com\/wp-content\/uploads\/2024\/11\/20241030_101019-scaled.jpg\",\"contentUrl\":\"https:\/\/dypall.com\/wp-content\/uploads\/2024\/11\/20241030_101019-scaled.jpg\",\"width\":2560,\"height\":1920},{\"@type\":\"BreadcrumbList\",\"@id\":\"https:\/\/dypall.com\/study-session\/study-session-youth-democracy-academy-for-young-policy-makers-at-the-european-youth-centre-strasbourg-eycs\/#breadcrumb\",\"itemListElement\":[{\"@type\":\"ListItem\",\"position\":1,\"name\":\"Home\",\"item\":\"https:\/\/dypall.com\/\"},{\"@type\":\"ListItem\",\"position\":2,\"name\":\"Study Session \u201cYouth Democracy Academy for young policy-makers\u201d at the European Youth Centre Strasbourg (EYCS)\"}]},{\"@type\":\"WebSite\",\"@id\":\"https:\/\/dypall.com\/#website\",\"url\":\"https:\/\/dypall.com\/\",\"name\":\"DYPALL Network\",\"description\":\"We are a European network of civil society organisations, municipalities and research institutions dedicated to improving democracy through youth participation.\",\"potentialAction\":[{\"@type\":\"SearchAction\",\"target\":{\"@type\":\"EntryPoint\",\"urlTemplate\":\"https:\/\/dypall.com\/?s={search_term_string}\"},\"query-input\":\"required name=search_term_string\"}],\"inLanguage\":\"it-IT\"},{\"@type\":\"Person\",\"@id\":\"https:\/\/dypall.com\/#\/schema\/person\/e87206094ce8bcf88449b35f00e40fb1\",\"name\":\"DYPALL Network\",\"image\":{\"@type\":\"ImageObject\",\"inLanguage\":\"it-IT\",\"@id\":\"https:\/\/dypall.com\/#\/schema\/person\/image\/\",\"url\":\"https:\/\/secure.gravatar.com\/avatar\/1061d2d4c9b4f1a9b496774795b5deac1200dfd1d3abecb8f85cf8b580e6963b?s=96&d=mm&r=g\",\"contentUrl\":\"https:\/\/secure.gravatar.com\/avatar\/1061d2d4c9b4f1a9b496774795b5deac1200dfd1d3abecb8f85cf8b580e6963b?s=96&d=mm&r=g\",\"caption\":\"DYPALL Network\"},\"sameAs\":[\"https:\/\/dypall.com\/\"],\"url\":\"https:\/\/dypall.com\/it\/author\/dypallonsteroids\/\"}]}<\/script>\n<!-- \/ Yoast SEO plugin. -->","yoast_head_json":{"title":"Study Session \u201cYouth Democracy Academy for young policy-makers\u201d at the European Youth Centre Strasbourg (EYCS) - DYPALL Network","robots":{"index":"index","follow":"follow","max-snippet":"max-snippet:-1","max-image-preview":"max-image-preview:large","max-video-preview":"max-video-preview:-1"},"canonical":"https:\/\/dypall.com\/it\/study-session\/study-session-youth-democracy-academy-for-young-policy-makers-at-the-european-youth-centre-strasbourg-eycs\/","og_locale":"it_IT","og_type":"article","og_title":"Study Session \u201cYouth Democracy Academy for young policy-makers\u201d at the European Youth Centre Strasbourg (EYCS) - DYPALL Network","og_description":"The Study Session \u201cYouth Democracy Academy for young policy-makers\u201d organised by DYPALL Network in co-operation with the Youth Department of the Council of Europe, took place from October 27th to November 1st at the European Youth Centre Strasbourg (EYCS), France.\u00a0 The Study Session aimed to empower participants with skills to revitalise democracy and effectively engage&hellip; Continua a leggere Study Session \u201cYouth Democracy Academy for young policy-makers\u201d at the European Youth Centre Strasbourg (EYCS)","og_url":"https:\/\/dypall.com\/it\/study-session\/study-session-youth-democracy-academy-for-young-policy-makers-at-the-european-youth-centre-strasbourg-eycs\/","og_site_name":"DYPALL Network","article_published_time":"2024-11-08T16:37:31+00:00","article_modified_time":"2024-11-08T17:11:13+00:00","og_image":[{"width":2560,"height":1920,"url":"https:\/\/dypall.com\/wp-content\/uploads\/2024\/11\/20241030_101019-scaled.jpg","type":"image\/jpeg"}],"author":"DYPALL Network","twitter_card":"summary_large_image","twitter_misc":{"Written by":"DYPALL Network","Est. reading time":"8 minuti"},"schema":{"@context":"https:\/\/schema.org","@graph":[{"@type":"WebPage","@id":"https:\/\/dypall.com\/study-session\/study-session-youth-democracy-academy-for-young-policy-makers-at-the-european-youth-centre-strasbourg-eycs\/","url":"https:\/\/dypall.com\/study-session\/study-session-youth-democracy-academy-for-young-policy-makers-at-the-european-youth-centre-strasbourg-eycs\/","name":"Study Session \u201cYouth Democracy Academy for young policy-makers\u201d at the European Youth Centre Strasbourg (EYCS) - DYPALL Network","isPartOf":{"@id":"https:\/\/dypall.com\/#website"},"primaryImageOfPage":{"@id":"https:\/\/dypall.com\/study-session\/study-session-youth-democracy-academy-for-young-policy-makers-at-the-european-youth-centre-strasbourg-eycs\/#primaryimage"},"image":{"@id":"https:\/\/dypall.com\/study-session\/study-session-youth-democracy-academy-for-young-policy-makers-at-the-european-youth-centre-strasbourg-eycs\/#primaryimage"},"thumbnailUrl":"https:\/\/dypall.com\/wp-content\/uploads\/2024\/11\/20241030_101019-scaled.jpg","datePublished":"2024-11-08T16:37:31+00:00","dateModified":"2024-11-08T17:11:13+00:00","author":{"@id":"https:\/\/dypall.com\/#\/schema\/person\/e87206094ce8bcf88449b35f00e40fb1"},"breadcrumb":{"@id":"https:\/\/dypall.com\/study-session\/study-session-youth-democracy-academy-for-young-policy-makers-at-the-european-youth-centre-strasbourg-eycs\/#breadcrumb"},"inLanguage":"it-IT","potentialAction":[{"@type":"ReadAction","target":["https:\/\/dypall.com\/study-session\/study-session-youth-democracy-academy-for-young-policy-makers-at-the-european-youth-centre-strasbourg-eycs\/"]}]},{"@type":"ImageObject","inLanguage":"it-IT","@id":"https:\/\/dypall.com\/study-session\/study-session-youth-democracy-academy-for-young-policy-makers-at-the-european-youth-centre-strasbourg-eycs\/#primaryimage","url":"https:\/\/dypall.com\/wp-content\/uploads\/2024\/11\/20241030_101019-scaled.jpg","contentUrl":"https:\/\/dypall.com\/wp-content\/uploads\/2024\/11\/20241030_101019-scaled.jpg","width":2560,"height":1920},{"@type":"BreadcrumbList","@id":"https:\/\/dypall.com\/study-session\/study-session-youth-democracy-academy-for-young-policy-makers-at-the-european-youth-centre-strasbourg-eycs\/#breadcrumb","itemListElement":[{"@type":"ListItem","position":1,"name":"Home","item":"https:\/\/dypall.com\/"},{"@type":"ListItem","position":2,"name":"Study Session \u201cYouth Democracy Academy for young policy-makers\u201d at the European Youth Centre Strasbourg (EYCS)"}]},{"@type":"WebSite","@id":"https:\/\/dypall.com\/#website","url":"https:\/\/dypall.com\/","name":"DYPALL Network","description":"We are a European network of civil society organisations, municipalities and research institutions dedicated to improving democracy through youth participation.","potentialAction":[{"@type":"SearchAction","target":{"@type":"EntryPoint","urlTemplate":"https:\/\/dypall.com\/?s={search_term_string}"},"query-input":"required name=search_term_string"}],"inLanguage":"it-IT"},{"@type":"Person","@id":"https:\/\/dypall.com\/#\/schema\/person\/e87206094ce8bcf88449b35f00e40fb1","name":"DYPALL Network","image":{"@type":"ImageObject","inLanguage":"it-IT","@id":"https:\/\/dypall.com\/#\/schema\/person\/image\/","url":"https:\/\/secure.gravatar.com\/avatar\/1061d2d4c9b4f1a9b496774795b5deac1200dfd1d3abecb8f85cf8b580e6963b?s=96&d=mm&r=g","contentUrl":"https:\/\/secure.gravatar.com\/avatar\/1061d2d4c9b4f1a9b496774795b5deac1200dfd1d3abecb8f85cf8b580e6963b?s=96&d=mm&r=g","caption":"DYPALL Network"},"sameAs":["https:\/\/dypall.com\/"],"url":"https:\/\/dypall.com\/it\/author\/dypallonsteroids\/"}]}},"jetpack_featured_media_url":"https:\/\/dypall.com\/wp-content\/uploads\/2024\/11\/20241030_101019-scaled.jpg","jetpack_sharing_enabled":true,"_links":{"self":[{"href":"https:\/\/dypall.com\/it\/wp-json\/wp\/v2\/posts\/8007","targetHints":{"allow":["GET"]}}],"collection":[{"href":"https:\/\/dypall.com\/it\/wp-json\/wp\/v2\/posts"}],"about":[{"href":"https:\/\/dypall.com\/it\/wp-json\/wp\/v2\/types\/post"}],"author":[{"embeddable":true,"href":"https:\/\/dypall.com\/it\/wp-json\/wp\/v2\/users\/5"}],"replies":[{"embeddable":true,"href":"https:\/\/dypall.com\/it\/wp-json\/wp\/v2\/comments?post=8007"}],"version-history":[{"count":2,"href":"https:\/\/dypall.com\/it\/wp-json\/wp\/v2\/posts\/8007\/revisions"}],"predecessor-version":[{"id":8066,"href":"https:\/\/dypall.com\/it\/wp-json\/wp\/v2\/posts\/8007\/revisions\/8066"}],"wp:featuredmedia":[{"embeddable":true,"href":"https:\/\/dypall.com\/it\/wp-json\/wp\/v2\/media\/8033"}],"wp:attachment":[{"href":"https:\/\/dypall.com\/it\/wp-json\/wp\/v2\/media?parent=8007"}],"wp:term":[{"taxonomy":"category","embeddable":true,"href":"https:\/\/dypall.com\/it\/wp-json\/wp\/v2\/categories?post=8007"},{"taxonomy":"post_tag","embeddable":true,"href":"https:\/\/dypall.com\/it\/wp-json\/wp\/v2\/tags?post=8007"}],"curies":[{"name":"wp","href":"https:\/\/api.w.org\/{rel}","templated":true}]}}