{"id":6855,"date":"2024-01-09T14:29:53","date_gmt":"2024-01-09T14:29:53","guid":{"rendered":"https:\/\/dypall.com\/?p=6855"},"modified":"2024-10-31T09:57:17","modified_gmt":"2024-10-31T09:57:17","slug":"winter-democracy-academy-a-week-long-focus-on-youth-participation-for-stronger-local-democracies","status":"publish","type":"post","link":"https:\/\/dypall.com\/it\/activity\/winter-democracy-academy-a-week-long-focus-on-youth-participation-for-stronger-local-democracies\/","title":{"rendered":"Accademia invernale della democrazia: Un evento di una settimana incentrato sulla partecipazione dei giovani alle democrazie locali pi\u00f9 forti"},"content":{"rendered":"<p><span style=\"font-weight: 400;\">La prima edizione di <em><strong>Accademia della Democrazia Invernale<\/strong><\/em><strong> (AED)<\/strong> si \u00e8 svolto dal 10 al 16 dicembre 2023 a Lisbona (Portogallo). \u00c8 stato organizzato dalla rete DYPALL e dal Centro per la giovent\u00f9 di Lisbona, in collaborazione con diverse istituzioni con importanti lavori sulla partecipazione dei giovani come uno dei pilastri della democrazia locale. Il WDA si \u00e8 sforzato di diventare un evento di riferimento per operatori giovanili, decisori, esperti del settore e rappresentanti istituzionali, fornendo a tutti loro uno spazio per incontrarsi, discutere, costruire le loro capacit\u00e0 e cooperare su questioni di partecipazione giovanile. Per raggiungere questo ambizioso obiettivo, l'evento ha incluso diverse attivit\u00e0 che si sono svolte contemporaneamente.\u00a0<\/span><\/p>\n<p><span style=\"font-weight: 400;\">Il <strong>Gruppo direttivo europeo della rete DYPALL<\/strong> e <strong>Riunione dei membri della rete<\/strong> Si \u00e8 svolto nei primi giorni dell'evento. La riunione del gruppo direttivo \u00e8 iniziata con la panoramica 2023 del lavoro della rete DYPALL, che comprende una serie di progetti internazionali, tra cui attivit\u00e0 quali corsi di formazione, una conferenza internazionale, visite di studio, attivit\u00e0 di costruzione di partenariati, scambi di giovani, una sessione di studio, ecc. <\/span><span style=\"font-weight: 400;\">Le discussioni durante l'incontro hanno sottolineato l'importanza di allineare i progetti, ottimizzare le risorse e misurare l'impatto sulle parti interessate e sulla definizione delle politiche. I membri del gruppo direttivo hanno sottolineato l'importanza di standardizzare i metodi di valutazione, migliorare la connettivit\u00e0 dei progetti e monitorare l'impatto attraverso il feedback e la pianificazione degli eventi di qualit\u00e0.<\/span><span style=\"font-weight: 400;\"> I<\/span><span style=\"font-weight: 400;\">Nel 2024, la rete DYPALL mira a organizzare ulteriori conferenze online, estendere le visite di studio e attuare un piano d'azione ambientale incentrato su seminari sulla sostenibilit\u00e0 per promuovere la nostra sensibilizzazione e il nostro impatto.<\/span><\/p>\n<p><span style=\"font-weight: 400;\">Durante il <strong>Assemblea dei membri<\/strong> il 12 dicembre il coordinatore della rete DYPALL Bruno Antonio ha sottolineato la costante dedizione dell'organizzazione alla promozione dell'impegno dei giovani e alla promozione della democrazia a livello locale. Tra gli altri, gli sforzi hanno incluso la creazione di pubblicazioni sulla partecipazione dei giovani migranti e consigli giovanili locali per creare citt\u00e0 favorevoli ai migranti e migliorare gli spazi di coinvolgimento dei giovani. L'accento \u00e8 stato posto anche su progetti di istruzione tra pari come gli Influencer dell'UE e le visite di studio come opportunit\u00e0 efficaci di sviluppo delle capacit\u00e0. Le iniziative strutturali della rete DYPALL miravano a rafforzare le democrazie, responsabilizzare i giovani e collaborare pi\u00f9 strettamente con i comuni portoghesi per migliorare le politiche locali in materia di giovent\u00f9.\u00a0<\/span><span style=\"font-weight: 400;\">I membri hanno presentato diversi progetti e si sono impegnati in sessioni che sottolineano la partecipazione dei giovani e le democrazie sostenibili, promuovendo discussioni per migliorare gli eventi internazionali della rete e sottolineando i processi inclusivi all'interno della rete DYPALL.<\/span><\/p>\n<p><span style=\"font-weight: 400;\">Il <strong>Attivit\u00e0 di costruzione di partenariati (PBA) <em>\"Costruire sinergie per democrazie locali sostenibili\"<\/em><\/strong> Si \u00e8 svolta tutta la settimana, parallelamente alle altre attivit\u00e0. Il PBA ha riunito 24 partecipanti provenienti da Norvegia, Turchia, Croazia, Spagna, Macedonia del Nord, Slovacchia, Grecia, Portogallo, Armenia, Georgia, Serbia, Cipro e Italia, che hanno condiviso un obiettivo comune: rafforzare il ruolo dei giovani nella formazione di democrazie sostenibili. Attraverso una serie di sessioni basate su metodi di istruzione non formale, i partecipanti hanno esplorato vari aspetti della partecipazione dei giovani, il programma Erasmus + e metodi e strumenti collaborativi per la creazione di progetti sostenibili. Le sessioni chiave hanno incluso una discussione congiunta incentrata sull'integrazione di diverse prospettive organizzative e culturali per affrontare la partecipazione dei giovani e il suo ruolo nella costruzione di democrazie sostenibili.\u00a0<\/span><span style=\"font-weight: 400;\">L'attivit\u00e0 ha visto anche presentazioni di progetti, evidenziando iniziative innovative per aumentare la qualit\u00e0 e l'affluenza alle urne e migliorare l'educazione tra pari. Ogni progetto ha dimostrato l'impegno dei partecipanti a creare cambiamenti di impatto nelle loro comunit\u00e0.<\/span><\/p>\n<p><span style=\"font-weight: 400;\">Inoltre, il <strong>conferenza internazionale<\/strong>, <em><strong>\"Le sfide odierne in materia di democrazia\",<\/strong><\/em> si \u00e8 svolto il 13 dicembre, offrendo uno spazio di riflessione e scambio tra leader giovanili, ricercatori, rappresentanti delle organizzazioni della societ\u00e0 civile e autorit\u00e0 locali. Durante la conferenza, il suo <strong>discorso di apertura<\/strong>, dal titolo <em><strong>\"Le sfide odierne in materia di democrazia\",<\/strong><\/em>\u00a0\u00e8 stato consegnato da <strong>Sofia Serra-Silva<\/strong>, politologo e professore presso l'Universit\u00e0 di Lisbona. La sua presentazione ha chiarito il concetto di \"patologie politiche\", il \"deficit della democrazia\" e la crisi di legittimit\u00e0 che minaccia le democrazie moderne. Dopo di che, i leader giovanili hanno avuto uno spazio per discutere lo stato delle democrazie moderne e il posto dei giovani in loro durante il periodo di transizione. <strong>tavola rotonda<\/strong> <em><strong>\"Soluzioni emergenti per le sfide di partecipazione dei giovani\"<\/strong><\/em>. La conferenza si \u00e8 conclusa con la <strong>serie di presentazioni dell'animazione socioeducativa nella pratica<\/strong>: <strong>\"Progetti e pratiche europei\"<\/strong>, in cui sono stati presentati tre progetti partecipativi: <em><strong>Il mio Polis<\/strong><\/em>, <em><strong>Trasformatori<\/strong><\/em>, e <em><strong>Accademia di nuova generazione<\/strong><\/em>.\u00a0<\/span><\/p>\n<p><span style=\"font-weight: 400;\">La giornata della conferenza \u00e8 proseguita con un <strong>Visita di studio<\/strong>, <em><strong>\"Esplorare il successo delle pratiche di animazione socioeducativa di Lisbona\",<\/strong><\/em>\u00a0alla <strong>Centro Giovanile<\/strong> nella <strong>Comune di Almada<\/strong>. La visita di studio ha illustrato le sfide pratiche per coinvolgere i giovani nei processi democratici. Le discussioni e le osservazioni di questa conferenza offrono prospettive preziose per le iniziative future volte a rafforzare la partecipazione democratica e ad affrontare le sfide attuali.\u00a0<\/span><\/p>\n<p><span style=\"font-weight: 400;\">Nel complesso, l'Accademia invernale della democrazia, della durata di una settimana, ha presentato una serie di attivit\u00e0 e ha sottolineato l'importanza di coinvolgere i giovani nei processi democratici e di promuovere democrazie sostenibili rafforzando le politiche giovanili locali. Il <strong>Settimana invernale dell'Accademia della Democrazia<\/strong> e <strong>Conferenza internazionale \"Le sfide odierne per la democrazia\"<\/strong> \u00e8 stato organizzato con il sostegno del programma Erasmus + attraverso l'Agenzia nazionale portoghese e la Commissione europea, in collaborazione con <a href=\"https:\/\/cjl.ipdj.gov.pt\/\">Centro Giovanile di Lisbona (CJL)<\/a> della <a href=\"https:\/\/ipdj.gov.pt\/\">Istituto Portoghese dello Sport e della Giovent\u00f9<\/a>.<\/span><\/p>\n<p><em><span style=\"font-weight: 400;\">Finanziato dall'Unione Europea. Le opinioni e le opinioni espresse sono tuttavia solo quelle dell'autore o degli autori e non riflettono necessariamente quelle dell'Unione europea o della Commissione europea. N\u00e9 l'Unione europea n\u00e9 l'autorit\u00e0 che concede l'aiuto possono esserne ritenuti responsabili.<\/span><\/em><\/p>\n<p>\u00a0<\/p>\n\n\n<figure class=\"wp-block-gallery has-nested-images columns-default is-cropped wp-block-gallery-1 is-layout-flex wp-block-gallery-is-layout-flex\">\n<figure class=\"wp-block-image size-large\"><img loading=\"lazy\" decoding=\"async\" width=\"2560\" height=\"1707\" data-id=\"7984\" src=\"https:\/\/dypall.com\/wp-content\/uploads\/2024\/01\/DSC_0020-min-1-scaled.jpg\" alt=\"\" class=\"wp-image-7984\" srcset=\"https:\/\/dypall.com\/wp-content\/uploads\/2024\/01\/DSC_0020-min-1-scaled.jpg 2560w, https:\/\/dypall.com\/wp-content\/uploads\/2024\/01\/DSC_0020-min-1-768x512.jpg 768w, https:\/\/dypall.com\/wp-content\/uploads\/2024\/01\/DSC_0020-min-1-1536x1024.jpg 1536w, https:\/\/dypall.com\/wp-content\/uploads\/2024\/01\/DSC_0020-min-1-2048x1365.jpg 2048w, https:\/\/dypall.com\/wp-content\/uploads\/2024\/01\/DSC_0020-min-1-1568x1045.jpg 1568w\" sizes=\"auto, (max-width: 2560px) 100vw, 2560px\" \/><\/figure>\n\n\n\n<figure class=\"wp-block-image size-large\"><img loading=\"lazy\" decoding=\"async\" width=\"2560\" height=\"1707\" data-id=\"7985\" src=\"https:\/\/dypall.com\/wp-content\/uploads\/2024\/01\/DSC_0023-min-1-scaled.jpg\" alt=\"\" class=\"wp-image-7985\" srcset=\"https:\/\/dypall.com\/wp-content\/uploads\/2024\/01\/DSC_0023-min-1-scaled.jpg 2560w, https:\/\/dypall.com\/wp-content\/uploads\/2024\/01\/DSC_0023-min-1-768x512.jpg 768w, https:\/\/dypall.com\/wp-content\/uploads\/2024\/01\/DSC_0023-min-1-1536x1024.jpg 1536w, https:\/\/dypall.com\/wp-content\/uploads\/2024\/01\/DSC_0023-min-1-2048x1365.jpg 2048w, https:\/\/dypall.com\/wp-content\/uploads\/2024\/01\/DSC_0023-min-1-1568x1045.jpg 1568w\" sizes=\"auto, (max-width: 2560px) 100vw, 2560px\" \/><\/figure>\n\n\n\n<figure class=\"wp-block-image size-large\"><img loading=\"lazy\" decoding=\"async\" width=\"2560\" height=\"1707\" data-id=\"7986\" src=\"https:\/\/dypall.com\/wp-content\/uploads\/2024\/01\/DSC_0052-min-1-scaled.jpg\" alt=\"\" class=\"wp-image-7986\" srcset=\"https:\/\/dypall.com\/wp-content\/uploads\/2024\/01\/DSC_0052-min-1-scaled.jpg 2560w, https:\/\/dypall.com\/wp-content\/uploads\/2024\/01\/DSC_0052-min-1-768x512.jpg 768w, https:\/\/dypall.com\/wp-content\/uploads\/2024\/01\/DSC_0052-min-1-1536x1024.jpg 1536w, https:\/\/dypall.com\/wp-content\/uploads\/2024\/01\/DSC_0052-min-1-2048x1365.jpg 2048w, https:\/\/dypall.com\/wp-content\/uploads\/2024\/01\/DSC_0052-min-1-1568x1045.jpg 1568w\" sizes=\"auto, (max-width: 2560px) 100vw, 2560px\" \/><\/figure>\n\n\n\n<figure class=\"wp-block-image size-large\"><img loading=\"lazy\" decoding=\"async\" width=\"2560\" height=\"1707\" data-id=\"7987\" src=\"https:\/\/dypall.com\/wp-content\/uploads\/2024\/01\/DSC_0917-min-2-scaled.jpg\" alt=\"\" class=\"wp-image-7987\" srcset=\"https:\/\/dypall.com\/wp-content\/uploads\/2024\/01\/DSC_0917-min-2-scaled.jpg 2560w, https:\/\/dypall.com\/wp-content\/uploads\/2024\/01\/DSC_0917-min-2-768x512.jpg 768w, https:\/\/dypall.com\/wp-content\/uploads\/2024\/01\/DSC_0917-min-2-1536x1024.jpg 1536w, https:\/\/dypall.com\/wp-content\/uploads\/2024\/01\/DSC_0917-min-2-2048x1365.jpg 2048w, https:\/\/dypall.com\/wp-content\/uploads\/2024\/01\/DSC_0917-min-2-1568x1045.jpg 1568w\" sizes=\"auto, (max-width: 2560px) 100vw, 2560px\" \/><\/figure>\n<\/figure>","protected":false},"excerpt":{"rendered":"<p>La prima edizione della Winter Democracy Academy (WDA) si \u00e8 svolta dal 10 al 16 dicembre 2023 a Lisbona, in Portogallo. \u00c8 stato organizzato dalla rete DYPALL e dal Centro per la giovent\u00f9 di Lisbona, in collaborazione con diverse istituzioni con importanti lavori sulla partecipazione dei giovani come uno dei pilastri della democrazia locale. Il WDA si \u00e8 sforzato di diventare un evento di riferimento... <a class=\"more-link\" href=\"https:\/\/dypall.com\/it\/activity\/winter-democracy-academy-a-week-long-focus-on-youth-participation-for-stronger-local-democracies\/\">Continua a leggere <span class=\"screen-reader-text\">Accademia invernale della democrazia: Un evento di una settimana incentrato sulla partecipazione dei giovani alle democrazie locali pi\u00f9 forti<\/span><\/a><\/p>","protected":false},"author":1,"featured_media":7167,"comment_status":"closed","ping_status":"open","sticky":false,"template":"","format":"standard","meta":{"_acf_changed":false,"_jetpack_memberships_contains_paid_content":false,"footnotes":""},"categories":[111,112,152],"tags":[],"class_list":["post-6855","post","type-post","status-publish","format-standard","has-post-thumbnail","hentry","category-activity","category-conference","category-study-visits","entry"],"acf":[],"yoast_head":"<!-- This site is optimized with the Yoast SEO plugin v22.8 - https:\/\/yoast.com\/wordpress\/plugins\/seo\/ -->\n<title>Winter Democracy Academy: A Week-long event Focused on Youth Participation for Stronger Local Democracies - DYPALL Network<\/title>\n<meta name=\"robots\" content=\"index, follow, max-snippet:-1, max-image-preview:large, max-video-preview:-1\" \/>\n<link rel=\"canonical\" href=\"https:\/\/dypall.com\/it\/activity\/winter-democracy-academy-a-week-long-focus-on-youth-participation-for-stronger-local-democracies\/\" \/>\n<meta property=\"og:locale\" content=\"it_IT\" \/>\n<meta property=\"og:type\" content=\"article\" \/>\n<meta property=\"og:title\" content=\"Winter Democracy Academy: A Week-long event Focused on Youth Participation for Stronger Local Democracies - DYPALL Network\" \/>\n<meta property=\"og:description\" content=\"The first edition of Winter Democracy Academy (WDA) took place from 10th-16th December 2023 in Lisbon, Portugal. It was organised by DYPALL Network and the Lisbon Youth Centre, cooperating with several institutions with important work on youth participation as one of the pillars of local democracy. The WDA strived to become an event of reference&hellip; Continua a leggere Winter Democracy Academy: A Week-long event Focused on Youth Participation for Stronger Local Democracies\" \/>\n<meta property=\"og:url\" content=\"https:\/\/dypall.com\/it\/activity\/winter-democracy-academy-a-week-long-focus-on-youth-participation-for-stronger-local-democracies\/\" \/>\n<meta property=\"og:site_name\" content=\"DYPALL Network\" \/>\n<meta property=\"article:published_time\" content=\"2024-01-09T14:29:53+00:00\" \/>\n<meta property=\"article:modified_time\" content=\"2024-10-31T09:57:17+00:00\" \/>\n<meta property=\"og:image\" content=\"https:\/\/dypall.com\/wp-content\/uploads\/2024\/01\/DYPALL_03.jpeg\" \/>\n\t<meta property=\"og:image:width\" content=\"2048\" \/>\n\t<meta property=\"og:image:height\" content=\"1365\" \/>\n\t<meta property=\"og:image:type\" content=\"image\/jpeg\" \/>\n<meta name=\"author\" content=\"DYPALL Network\" \/>\n<meta name=\"twitter:card\" content=\"summary_large_image\" \/>\n<meta name=\"twitter:label1\" content=\"Written by\" \/>\n\t<meta name=\"twitter:data1\" content=\"DYPALL Network\" \/>\n\t<meta name=\"twitter:label2\" content=\"Est. reading time\" \/>\n\t<meta name=\"twitter:data2\" content=\"5 minuti\" \/>\n<script type=\"application\/ld+json\" class=\"yoast-schema-graph\">{\"@context\":\"https:\/\/schema.org\",\"@graph\":[{\"@type\":\"WebPage\",\"@id\":\"https:\/\/dypall.com\/activity\/winter-democracy-academy-a-week-long-focus-on-youth-participation-for-stronger-local-democracies\/\",\"url\":\"https:\/\/dypall.com\/activity\/winter-democracy-academy-a-week-long-focus-on-youth-participation-for-stronger-local-democracies\/\",\"name\":\"Winter Democracy Academy: A Week-long event Focused on Youth Participation for Stronger Local Democracies - DYPALL Network\",\"isPartOf\":{\"@id\":\"https:\/\/dypall.com\/#website\"},\"primaryImageOfPage\":{\"@id\":\"https:\/\/dypall.com\/activity\/winter-democracy-academy-a-week-long-focus-on-youth-participation-for-stronger-local-democracies\/#primaryimage\"},\"image\":{\"@id\":\"https:\/\/dypall.com\/activity\/winter-democracy-academy-a-week-long-focus-on-youth-participation-for-stronger-local-democracies\/#primaryimage\"},\"thumbnailUrl\":\"https:\/\/dypall.com\/wp-content\/uploads\/2024\/01\/DYPALL_03.jpeg\",\"datePublished\":\"2024-01-09T14:29:53+00:00\",\"dateModified\":\"2024-10-31T09:57:17+00:00\",\"author\":{\"@id\":\"https:\/\/dypall.com\/#\/schema\/person\/f92e08aa15c8ba711a9d153129f03377\"},\"breadcrumb\":{\"@id\":\"https:\/\/dypall.com\/activity\/winter-democracy-academy-a-week-long-focus-on-youth-participation-for-stronger-local-democracies\/#breadcrumb\"},\"inLanguage\":\"it-IT\",\"potentialAction\":[{\"@type\":\"ReadAction\",\"target\":[\"https:\/\/dypall.com\/activity\/winter-democracy-academy-a-week-long-focus-on-youth-participation-for-stronger-local-democracies\/\"]}]},{\"@type\":\"ImageObject\",\"inLanguage\":\"it-IT\",\"@id\":\"https:\/\/dypall.com\/activity\/winter-democracy-academy-a-week-long-focus-on-youth-participation-for-stronger-local-democracies\/#primaryimage\",\"url\":\"https:\/\/dypall.com\/wp-content\/uploads\/2024\/01\/DYPALL_03.jpeg\",\"contentUrl\":\"https:\/\/dypall.com\/wp-content\/uploads\/2024\/01\/DYPALL_03.jpeg\",\"width\":2048,\"height\":1365},{\"@type\":\"BreadcrumbList\",\"@id\":\"https:\/\/dypall.com\/activity\/winter-democracy-academy-a-week-long-focus-on-youth-participation-for-stronger-local-democracies\/#breadcrumb\",\"itemListElement\":[{\"@type\":\"ListItem\",\"position\":1,\"name\":\"Home\",\"item\":\"https:\/\/dypall.com\/\"},{\"@type\":\"ListItem\",\"position\":2,\"name\":\"Winter Democracy Academy: A Week-long event Focused on Youth Participation for Stronger Local Democracies\"}]},{\"@type\":\"WebSite\",\"@id\":\"https:\/\/dypall.com\/#website\",\"url\":\"https:\/\/dypall.com\/\",\"name\":\"DYPALL Network\",\"description\":\"We are a European network of civil society organisations, municipalities and research institutions dedicated to improving democracy through youth participation.\",\"potentialAction\":[{\"@type\":\"SearchAction\",\"target\":{\"@type\":\"EntryPoint\",\"urlTemplate\":\"https:\/\/dypall.com\/?s={search_term_string}\"},\"query-input\":\"required name=search_term_string\"}],\"inLanguage\":\"it-IT\"},{\"@type\":\"Person\",\"@id\":\"https:\/\/dypall.com\/#\/schema\/person\/f92e08aa15c8ba711a9d153129f03377\",\"name\":\"DYPALL Network\",\"image\":{\"@type\":\"ImageObject\",\"inLanguage\":\"it-IT\",\"@id\":\"https:\/\/dypall.com\/#\/schema\/person\/image\/\",\"url\":\"https:\/\/secure.gravatar.com\/avatar\/9c39e299279800c6d69c5e02cf613e7bab060889f373052a03d7ac399e8f0d3c?s=96&d=mm&r=g\",\"contentUrl\":\"https:\/\/secure.gravatar.com\/avatar\/9c39e299279800c6d69c5e02cf613e7bab060889f373052a03d7ac399e8f0d3c?s=96&d=mm&r=g\",\"caption\":\"DYPALL Network\"},\"sameAs\":[\"https:\/\/dypall.com\"],\"url\":\"https:\/\/dypall.com\/it\/author\/dypall\/\"}]}<\/script>\n<!-- \/ Yoast SEO plugin. -->","yoast_head_json":{"title":"Winter Democracy Academy: A Week-long event Focused on Youth Participation for Stronger Local Democracies - DYPALL Network","robots":{"index":"index","follow":"follow","max-snippet":"max-snippet:-1","max-image-preview":"max-image-preview:large","max-video-preview":"max-video-preview:-1"},"canonical":"https:\/\/dypall.com\/it\/activity\/winter-democracy-academy-a-week-long-focus-on-youth-participation-for-stronger-local-democracies\/","og_locale":"it_IT","og_type":"article","og_title":"Winter Democracy Academy: A Week-long event Focused on Youth Participation for Stronger Local Democracies - DYPALL Network","og_description":"The first edition of Winter Democracy Academy (WDA) took place from 10th-16th December 2023 in Lisbon, Portugal. It was organised by DYPALL Network and the Lisbon Youth Centre, cooperating with several institutions with important work on youth participation as one of the pillars of local democracy. The WDA strived to become an event of reference&hellip; Continua a leggere Winter Democracy Academy: A Week-long event Focused on Youth Participation for Stronger Local Democracies","og_url":"https:\/\/dypall.com\/it\/activity\/winter-democracy-academy-a-week-long-focus-on-youth-participation-for-stronger-local-democracies\/","og_site_name":"DYPALL Network","article_published_time":"2024-01-09T14:29:53+00:00","article_modified_time":"2024-10-31T09:57:17+00:00","og_image":[{"width":2048,"height":1365,"url":"https:\/\/dypall.com\/wp-content\/uploads\/2024\/01\/DYPALL_03.jpeg","type":"image\/jpeg"}],"author":"DYPALL Network","twitter_card":"summary_large_image","twitter_misc":{"Written by":"DYPALL Network","Est. reading time":"5 minuti"},"schema":{"@context":"https:\/\/schema.org","@graph":[{"@type":"WebPage","@id":"https:\/\/dypall.com\/activity\/winter-democracy-academy-a-week-long-focus-on-youth-participation-for-stronger-local-democracies\/","url":"https:\/\/dypall.com\/activity\/winter-democracy-academy-a-week-long-focus-on-youth-participation-for-stronger-local-democracies\/","name":"Winter Democracy Academy: A Week-long event Focused on Youth Participation for Stronger Local Democracies - DYPALL Network","isPartOf":{"@id":"https:\/\/dypall.com\/#website"},"primaryImageOfPage":{"@id":"https:\/\/dypall.com\/activity\/winter-democracy-academy-a-week-long-focus-on-youth-participation-for-stronger-local-democracies\/#primaryimage"},"image":{"@id":"https:\/\/dypall.com\/activity\/winter-democracy-academy-a-week-long-focus-on-youth-participation-for-stronger-local-democracies\/#primaryimage"},"thumbnailUrl":"https:\/\/dypall.com\/wp-content\/uploads\/2024\/01\/DYPALL_03.jpeg","datePublished":"2024-01-09T14:29:53+00:00","dateModified":"2024-10-31T09:57:17+00:00","author":{"@id":"https:\/\/dypall.com\/#\/schema\/person\/f92e08aa15c8ba711a9d153129f03377"},"breadcrumb":{"@id":"https:\/\/dypall.com\/activity\/winter-democracy-academy-a-week-long-focus-on-youth-participation-for-stronger-local-democracies\/#breadcrumb"},"inLanguage":"it-IT","potentialAction":[{"@type":"ReadAction","target":["https:\/\/dypall.com\/activity\/winter-democracy-academy-a-week-long-focus-on-youth-participation-for-stronger-local-democracies\/"]}]},{"@type":"ImageObject","inLanguage":"it-IT","@id":"https:\/\/dypall.com\/activity\/winter-democracy-academy-a-week-long-focus-on-youth-participation-for-stronger-local-democracies\/#primaryimage","url":"https:\/\/dypall.com\/wp-content\/uploads\/2024\/01\/DYPALL_03.jpeg","contentUrl":"https:\/\/dypall.com\/wp-content\/uploads\/2024\/01\/DYPALL_03.jpeg","width":2048,"height":1365},{"@type":"BreadcrumbList","@id":"https:\/\/dypall.com\/activity\/winter-democracy-academy-a-week-long-focus-on-youth-participation-for-stronger-local-democracies\/#breadcrumb","itemListElement":[{"@type":"ListItem","position":1,"name":"Home","item":"https:\/\/dypall.com\/"},{"@type":"ListItem","position":2,"name":"Winter Democracy Academy: A Week-long event Focused on Youth Participation for Stronger Local Democracies"}]},{"@type":"WebSite","@id":"https:\/\/dypall.com\/#website","url":"https:\/\/dypall.com\/","name":"DYPALL Network","description":"We are a European network of civil society organisations, municipalities and research institutions dedicated to improving democracy through youth participation.","potentialAction":[{"@type":"SearchAction","target":{"@type":"EntryPoint","urlTemplate":"https:\/\/dypall.com\/?s={search_term_string}"},"query-input":"required name=search_term_string"}],"inLanguage":"it-IT"},{"@type":"Person","@id":"https:\/\/dypall.com\/#\/schema\/person\/f92e08aa15c8ba711a9d153129f03377","name":"DYPALL Network","image":{"@type":"ImageObject","inLanguage":"it-IT","@id":"https:\/\/dypall.com\/#\/schema\/person\/image\/","url":"https:\/\/secure.gravatar.com\/avatar\/9c39e299279800c6d69c5e02cf613e7bab060889f373052a03d7ac399e8f0d3c?s=96&d=mm&r=g","contentUrl":"https:\/\/secure.gravatar.com\/avatar\/9c39e299279800c6d69c5e02cf613e7bab060889f373052a03d7ac399e8f0d3c?s=96&d=mm&r=g","caption":"DYPALL Network"},"sameAs":["https:\/\/dypall.com"],"url":"https:\/\/dypall.com\/it\/author\/dypall\/"}]}},"jetpack_featured_media_url":"https:\/\/dypall.com\/wp-content\/uploads\/2024\/01\/DYPALL_03.jpeg","jetpack_sharing_enabled":true,"_links":{"self":[{"href":"https:\/\/dypall.com\/it\/wp-json\/wp\/v2\/posts\/6855","targetHints":{"allow":["GET"]}}],"collection":[{"href":"https:\/\/dypall.com\/it\/wp-json\/wp\/v2\/posts"}],"about":[{"href":"https:\/\/dypall.com\/it\/wp-json\/wp\/v2\/types\/post"}],"author":[{"embeddable":true,"href":"https:\/\/dypall.com\/it\/wp-json\/wp\/v2\/users\/1"}],"replies":[{"embeddable":true,"href":"https:\/\/dypall.com\/it\/wp-json\/wp\/v2\/comments?post=6855"}],"version-history":[{"count":6,"href":"https:\/\/dypall.com\/it\/wp-json\/wp\/v2\/posts\/6855\/revisions"}],"predecessor-version":[{"id":7988,"href":"https:\/\/dypall.com\/it\/wp-json\/wp\/v2\/posts\/6855\/revisions\/7988"}],"wp:featuredmedia":[{"embeddable":true,"href":"https:\/\/dypall.com\/it\/wp-json\/wp\/v2\/media\/7167"}],"wp:attachment":[{"href":"https:\/\/dypall.com\/it\/wp-json\/wp\/v2\/media?parent=6855"}],"wp:term":[{"taxonomy":"category","embeddable":true,"href":"https:\/\/dypall.com\/it\/wp-json\/wp\/v2\/categories?post=6855"},{"taxonomy":"post_tag","embeddable":true,"href":"https:\/\/dypall.com\/it\/wp-json\/wp\/v2\/tags?post=6855"}],"curies":[{"name":"wp","href":"https:\/\/api.w.org\/{rel}","templated":true}]}}