{"id":5040,"date":"2021-05-29T10:29:20","date_gmt":"2021-05-29T09:29:20","guid":{"rendered":"https:\/\/dypall.com\/?p=5040"},"modified":"2021-05-29T10:29:20","modified_gmt":"2021-05-29T09:29:20","slug":"dypall-network-represented-in-the-digital-transformation-advisory-board-of-salto-pi","status":"publish","type":"post","link":"https:\/\/dypall.com\/it\/activity\/dypall-network-represented-in-the-digital-transformation-advisory-board-of-salto-pi\/","title":{"rendered":"DYPALL Network rappresentata nel Digital Transformation Advisory Board di Salto PI"},"content":{"rendered":"<p>Questo maggio la rete DYPALL si \u00e8 unita al nuovo comitato consultivo per la trasformazione digitale di Salto Participation &amp; Information, per co-creare un approccio coordinato alla trasformazione digitale, che \u00e8 anche una delle priorit\u00e0 orizzontali nella nuova generazione di programmi dell'UE per la giovent\u00f9: Erasmus+ e il Corpo europeo di solidariet\u00e0 (2021-2027).<\/p>\n<p>I compiti principali del comitato consultivo sono consigliare SALTO PI sullo sviluppo dell'approccio alla trasformazione digitale nei giovani.<br \/>\nnell'ambito dei programmi dell'UE per la giovent\u00f9 e per contribuire a creare un tema di trasformazione digitale per il pool di risorse per la partecipazione. La consulenza<br \/>\nil consiglio di amministrazione lavorer\u00e0 nel periodo compreso tra maggio 2021 e marzo 2022. Il suo lavoro \u00e8 coordinato dal Salto PI con il supporto della consulente strategica, la dott.ssa Alicja Pawluczuk.<\/p>\n<p>L'obiettivo di questo processo \u00e8 quello di sviluppare i seguenti risultati:<\/p>\n<ul>\n<li>una definizione di trasformazione digitale nel contesto dei programmi dell'UE per la giovent\u00f9 (Erasmus+ e Corpo europeo di solidariet\u00e0)<br \/>\nin linea con la strategia dell'UE per la giovent\u00f9 e con la priorit\u00e0 orizzontale (inclusione e diversit\u00e0, ambiente e lotta contro<br \/>\ncambiamenti climatici, trasformazione digitale, partecipazione alla vita democratica) stabiliti per i programmi dell'UE per la giovent\u00f9 per il periodo 2021-2027 e tenendo conto dei pertinenti sviluppi politici e pratici relativi alla trasformazione digitale nel settore della giovent\u00f9.<\/li>\n<li>informazioni di orientamento sui diversi formati dei progetti Erasmus+ Giovent\u00f9 e Corpo europeo di solidariet\u00e0 per i candidati, i valutatori dei progetti e le agenzie nazionali per sostenere la promozione della trasformazione digitale nel settore della giovent\u00f9 attraverso i programmi dell'UE per la giovent\u00f9.<\/li>\n<li>un nuovo tema \"Trasformazione digitale\" nel pool di risorse per la partecipazione con sottotemi e risorse adeguati ad esso collegati, quali materiali di formazione, migliori pratiche, strumenti, sintesi di ricerca di facile lettura e tendenze per promuovere la comprensione della trasformazione digitale tra i giovani e gli animatori socioeducativi<\/li>\n<li>una relazione di mappatura che illustra gli ostacoli incontrati dai giovani, dagli animatori socioeducativi e dalle agenzie nazionali nel promuovere la trasformazione digitale<\/li>\n<li>criteri di qualit\u00e0 per i premi SALTO PI 2021 sulla trasformazione digitale. Individuazione di 5 buone pratiche nella trasformazione digitale connesse ai programmi dell'UE per la giovent\u00f9 che possono essere ulteriormente presentate nella raccolta dei progetti faro.<\/li>\n<\/ul>\n<p>(fonte: Salto PI)<\/p>\n<p><a href=\"https:\/\/dypall.com\/it\/2021\/05\/29\/dypall-network-represented-in-the-digital-transformation-advisory-board-of-salto-pi\/screen-shot-2021-05-28-at-14-38-093\/#main\" rel=\"attachment wp-att-5042\"><img loading=\"lazy\" decoding=\"async\" class=\"alignleft size-large wp-image-5042\" src=\"https:\/\/dypall.com\/wp-content\/uploads\/2021\/07\/Screen-Shot-2021-05-28-at-14.38.093-1024x640.png\" alt=\"\" width=\"1024\" height=\"640\" \/><\/a><\/p>\n<p><a href=\"https:\/\/dypall.com\/it\/2021\/05\/29\/dypall-network-represented-in-the-digital-transformation-advisory-board-of-salto-pi\/screenshot_20210528_141632\/#main\" rel=\"attachment wp-att-5041\"><img loading=\"lazy\" decoding=\"async\" class=\"alignleft size-large wp-image-5041\" src=\"https:\/\/dypall.com\/wp-content\/uploads\/2021\/07\/screenshot_20210528_141632-1024x576.png\" alt=\"\" width=\"1024\" height=\"576\" \/><\/a><\/p>","protected":false},"excerpt":{"rendered":"<p>Questo maggio la rete DYPALL si \u00e8 unita al nuovo comitato consultivo per la trasformazione digitale di Salto Participation &amp; Information, per co-creare un approccio coordinato alla trasformazione digitale, che \u00e8 anche una delle priorit\u00e0 orizzontali nella nuova generazione di programmi dell'UE per la giovent\u00f9: Erasmus+ e il Corpo europeo di solidariet\u00e0 (2021-2027). I compiti principali dell'advisory... <a class=\"more-link\" href=\"https:\/\/dypall.com\/it\/activity\/dypall-network-represented-in-the-digital-transformation-advisory-board-of-salto-pi\/\">Continua a leggere <span class=\"screen-reader-text\">DYPALL Network rappresentata nel Digital Transformation Advisory Board di Salto PI<\/span><\/a><\/p>","protected":false},"author":2,"featured_media":5048,"comment_status":"closed","ping_status":"open","sticky":false,"template":"","format":"standard","meta":{"_acf_changed":false,"_jetpack_memberships_contains_paid_content":false,"footnotes":""},"categories":[111,158],"tags":[],"class_list":["post-5040","post","type-post","status-publish","format-standard","has-post-thumbnail","hentry","category-activity","category-consultancy","entry"],"acf":[],"yoast_head":"<!-- This site is optimized with the Yoast SEO plugin v22.8 - https:\/\/yoast.com\/wordpress\/plugins\/seo\/ -->\n<title>DYPALL Network represented in the Digital Transformation Advisory Board of Salto PI - DYPALL Network<\/title>\n<meta name=\"robots\" content=\"index, follow, max-snippet:-1, max-image-preview:large, max-video-preview:-1\" \/>\n<link rel=\"canonical\" href=\"https:\/\/dypall.com\/it\/activity\/dypall-network-represented-in-the-digital-transformation-advisory-board-of-salto-pi\/\" \/>\n<meta property=\"og:locale\" content=\"it_IT\" \/>\n<meta property=\"og:type\" content=\"article\" \/>\n<meta property=\"og:title\" content=\"DYPALL Network represented in the Digital Transformation Advisory Board of Salto PI - DYPALL Network\" \/>\n<meta property=\"og:description\" content=\"This May DYPALL Network joined the newly established Digital Transformation Advisory Board of Salto Participation &amp; Information, to co-create a coordinated approach on Digital Transformation, which is also one of the horizontal priorities in the new generation of EU Youth Programmes: the Erasmus+ and the European Solidarity Corps (2021-2027). The main tasks of the advisory&hellip; Continua a leggere DYPALL Network represented in the Digital Transformation Advisory Board of Salto PI\" \/>\n<meta property=\"og:url\" content=\"https:\/\/dypall.com\/it\/activity\/dypall-network-represented-in-the-digital-transformation-advisory-board-of-salto-pi\/\" \/>\n<meta property=\"og:site_name\" content=\"DYPALL Network\" \/>\n<meta property=\"article:published_time\" content=\"2021-05-29T09:29:20+00:00\" \/>\n<meta name=\"author\" content=\"dypall\" \/>\n<meta name=\"twitter:card\" content=\"summary_large_image\" \/>\n<meta name=\"twitter:label1\" content=\"Written by\" \/>\n\t<meta name=\"twitter:data1\" content=\"dypall\" \/>\n\t<meta name=\"twitter:label2\" content=\"Est. reading time\" \/>\n\t<meta name=\"twitter:data2\" content=\"2 minuti\" \/>\n<script type=\"application\/ld+json\" class=\"yoast-schema-graph\">{\"@context\":\"https:\/\/schema.org\",\"@graph\":[{\"@type\":\"WebPage\",\"@id\":\"https:\/\/dypall.com\/activity\/dypall-network-represented-in-the-digital-transformation-advisory-board-of-salto-pi\/\",\"url\":\"https:\/\/dypall.com\/activity\/dypall-network-represented-in-the-digital-transformation-advisory-board-of-salto-pi\/\",\"name\":\"DYPALL Network represented in the Digital Transformation Advisory Board of Salto PI - DYPALL Network\",\"isPartOf\":{\"@id\":\"https:\/\/dypall.com\/#website\"},\"primaryImageOfPage\":{\"@id\":\"https:\/\/dypall.com\/activity\/dypall-network-represented-in-the-digital-transformation-advisory-board-of-salto-pi\/#primaryimage\"},\"image\":{\"@id\":\"https:\/\/dypall.com\/activity\/dypall-network-represented-in-the-digital-transformation-advisory-board-of-salto-pi\/#primaryimage\"},\"thumbnailUrl\":\"\",\"datePublished\":\"2021-05-29T09:29:20+00:00\",\"dateModified\":\"2021-05-29T09:29:20+00:00\",\"author\":{\"@id\":\"https:\/\/dypall.com\/#\/schema\/person\/206350efe851997fcdedef75d118766b\"},\"breadcrumb\":{\"@id\":\"https:\/\/dypall.com\/activity\/dypall-network-represented-in-the-digital-transformation-advisory-board-of-salto-pi\/#breadcrumb\"},\"inLanguage\":\"it-IT\",\"potentialAction\":[{\"@type\":\"ReadAction\",\"target\":[\"https:\/\/dypall.com\/activity\/dypall-network-represented-in-the-digital-transformation-advisory-board-of-salto-pi\/\"]}]},{\"@type\":\"ImageObject\",\"inLanguage\":\"it-IT\",\"@id\":\"https:\/\/dypall.com\/activity\/dypall-network-represented-in-the-digital-transformation-advisory-board-of-salto-pi\/#primaryimage\",\"url\":\"\",\"contentUrl\":\"\"},{\"@type\":\"BreadcrumbList\",\"@id\":\"https:\/\/dypall.com\/activity\/dypall-network-represented-in-the-digital-transformation-advisory-board-of-salto-pi\/#breadcrumb\",\"itemListElement\":[{\"@type\":\"ListItem\",\"position\":1,\"name\":\"Home\",\"item\":\"https:\/\/dypall.com\/\"},{\"@type\":\"ListItem\",\"position\":2,\"name\":\"DYPALL Network represented in the Digital Transformation Advisory Board of Salto PI\"}]},{\"@type\":\"WebSite\",\"@id\":\"https:\/\/dypall.com\/#website\",\"url\":\"https:\/\/dypall.com\/\",\"name\":\"DYPALL Network\",\"description\":\"We are a European network of civil society organisations, municipalities and research institutions dedicated to improving democracy through youth participation.\",\"potentialAction\":[{\"@type\":\"SearchAction\",\"target\":{\"@type\":\"EntryPoint\",\"urlTemplate\":\"https:\/\/dypall.com\/?s={search_term_string}\"},\"query-input\":\"required name=search_term_string\"}],\"inLanguage\":\"it-IT\"},{\"@type\":\"Person\",\"@id\":\"https:\/\/dypall.com\/#\/schema\/person\/206350efe851997fcdedef75d118766b\",\"name\":\"dypall\",\"image\":{\"@type\":\"ImageObject\",\"inLanguage\":\"it-IT\",\"@id\":\"https:\/\/dypall.com\/#\/schema\/person\/image\/\",\"url\":\"https:\/\/secure.gravatar.com\/avatar\/14e8d3d8841cd0bdf69915120bcf9fcfac1567f1dc7035664907322ac47efe29?s=96&d=mm&r=g\",\"contentUrl\":\"https:\/\/secure.gravatar.com\/avatar\/14e8d3d8841cd0bdf69915120bcf9fcfac1567f1dc7035664907322ac47efe29?s=96&d=mm&r=g\",\"caption\":\"dypall\"},\"url\":\"https:\/\/dypall.com\/it\/author\/dypall_info\/\"}]}<\/script>\n<!-- \/ Yoast SEO plugin. -->","yoast_head_json":{"title":"DYPALL Network represented in the Digital Transformation Advisory Board of Salto PI - DYPALL Network","robots":{"index":"index","follow":"follow","max-snippet":"max-snippet:-1","max-image-preview":"max-image-preview:large","max-video-preview":"max-video-preview:-1"},"canonical":"https:\/\/dypall.com\/it\/activity\/dypall-network-represented-in-the-digital-transformation-advisory-board-of-salto-pi\/","og_locale":"it_IT","og_type":"article","og_title":"DYPALL Network represented in the Digital Transformation Advisory Board of Salto PI - DYPALL Network","og_description":"This May DYPALL Network joined the newly established Digital Transformation Advisory Board of Salto Participation &amp; Information, to co-create a coordinated approach on Digital Transformation, which is also one of the horizontal priorities in the new generation of EU Youth Programmes: the Erasmus+ and the European Solidarity Corps (2021-2027). The main tasks of the advisory&hellip; Continua a leggere DYPALL Network represented in the Digital Transformation Advisory Board of Salto PI","og_url":"https:\/\/dypall.com\/it\/activity\/dypall-network-represented-in-the-digital-transformation-advisory-board-of-salto-pi\/","og_site_name":"DYPALL Network","article_published_time":"2021-05-29T09:29:20+00:00","author":"dypall","twitter_card":"summary_large_image","twitter_misc":{"Written by":"dypall","Est. reading time":"2 minuti"},"schema":{"@context":"https:\/\/schema.org","@graph":[{"@type":"WebPage","@id":"https:\/\/dypall.com\/activity\/dypall-network-represented-in-the-digital-transformation-advisory-board-of-salto-pi\/","url":"https:\/\/dypall.com\/activity\/dypall-network-represented-in-the-digital-transformation-advisory-board-of-salto-pi\/","name":"DYPALL Network represented in the Digital Transformation Advisory Board of Salto PI - DYPALL Network","isPartOf":{"@id":"https:\/\/dypall.com\/#website"},"primaryImageOfPage":{"@id":"https:\/\/dypall.com\/activity\/dypall-network-represented-in-the-digital-transformation-advisory-board-of-salto-pi\/#primaryimage"},"image":{"@id":"https:\/\/dypall.com\/activity\/dypall-network-represented-in-the-digital-transformation-advisory-board-of-salto-pi\/#primaryimage"},"thumbnailUrl":"","datePublished":"2021-05-29T09:29:20+00:00","dateModified":"2021-05-29T09:29:20+00:00","author":{"@id":"https:\/\/dypall.com\/#\/schema\/person\/206350efe851997fcdedef75d118766b"},"breadcrumb":{"@id":"https:\/\/dypall.com\/activity\/dypall-network-represented-in-the-digital-transformation-advisory-board-of-salto-pi\/#breadcrumb"},"inLanguage":"it-IT","potentialAction":[{"@type":"ReadAction","target":["https:\/\/dypall.com\/activity\/dypall-network-represented-in-the-digital-transformation-advisory-board-of-salto-pi\/"]}]},{"@type":"ImageObject","inLanguage":"it-IT","@id":"https:\/\/dypall.com\/activity\/dypall-network-represented-in-the-digital-transformation-advisory-board-of-salto-pi\/#primaryimage","url":"","contentUrl":""},{"@type":"BreadcrumbList","@id":"https:\/\/dypall.com\/activity\/dypall-network-represented-in-the-digital-transformation-advisory-board-of-salto-pi\/#breadcrumb","itemListElement":[{"@type":"ListItem","position":1,"name":"Home","item":"https:\/\/dypall.com\/"},{"@type":"ListItem","position":2,"name":"DYPALL Network represented in the Digital Transformation Advisory Board of Salto PI"}]},{"@type":"WebSite","@id":"https:\/\/dypall.com\/#website","url":"https:\/\/dypall.com\/","name":"DYPALL Network","description":"We are a European network of civil society organisations, municipalities and research institutions dedicated to improving democracy through youth participation.","potentialAction":[{"@type":"SearchAction","target":{"@type":"EntryPoint","urlTemplate":"https:\/\/dypall.com\/?s={search_term_string}"},"query-input":"required name=search_term_string"}],"inLanguage":"it-IT"},{"@type":"Person","@id":"https:\/\/dypall.com\/#\/schema\/person\/206350efe851997fcdedef75d118766b","name":"dypall","image":{"@type":"ImageObject","inLanguage":"it-IT","@id":"https:\/\/dypall.com\/#\/schema\/person\/image\/","url":"https:\/\/secure.gravatar.com\/avatar\/14e8d3d8841cd0bdf69915120bcf9fcfac1567f1dc7035664907322ac47efe29?s=96&d=mm&r=g","contentUrl":"https:\/\/secure.gravatar.com\/avatar\/14e8d3d8841cd0bdf69915120bcf9fcfac1567f1dc7035664907322ac47efe29?s=96&d=mm&r=g","caption":"dypall"},"url":"https:\/\/dypall.com\/it\/author\/dypall_info\/"}]}},"jetpack_featured_media_url":"","jetpack_sharing_enabled":true,"_links":{"self":[{"href":"https:\/\/dypall.com\/it\/wp-json\/wp\/v2\/posts\/5040","targetHints":{"allow":["GET"]}}],"collection":[{"href":"https:\/\/dypall.com\/it\/wp-json\/wp\/v2\/posts"}],"about":[{"href":"https:\/\/dypall.com\/it\/wp-json\/wp\/v2\/types\/post"}],"author":[{"embeddable":true,"href":"https:\/\/dypall.com\/it\/wp-json\/wp\/v2\/users\/2"}],"replies":[{"embeddable":true,"href":"https:\/\/dypall.com\/it\/wp-json\/wp\/v2\/comments?post=5040"}],"version-history":[{"count":0,"href":"https:\/\/dypall.com\/it\/wp-json\/wp\/v2\/posts\/5040\/revisions"}],"wp:featuredmedia":[{"embeddable":true,"href":"https:\/\/dypall.com\/it\/wp-json\/"}],"wp:attachment":[{"href":"https:\/\/dypall.com\/it\/wp-json\/wp\/v2\/media?parent=5040"}],"wp:term":[{"taxonomy":"category","embeddable":true,"href":"https:\/\/dypall.com\/it\/wp-json\/wp\/v2\/categories?post=5040"},{"taxonomy":"post_tag","embeddable":true,"href":"https:\/\/dypall.com\/it\/wp-json\/wp\/v2\/tags?post=5040"}],"curies":[{"name":"wp","href":"https:\/\/api.w.org\/{rel}","templated":true}]}}