{"id":4820,"date":"2021-03-11T10:46:00","date_gmt":"2021-03-11T10:46:00","guid":{"rendered":"https:\/\/dypall.com\/?p=4820"},"modified":"2021-03-11T10:46:00","modified_gmt":"2021-03-11T10:46:00","slug":"gamifyeu-ideathon-what-if-you-were-in-charge-of-the-eu-for-48-hours","status":"publish","type":"post","link":"https:\/\/dypall.com\/it\/activity\/gamifyeu-ideathon-what-if-you-were-in-charge-of-the-eu-for-48-hours\/","title":{"rendered":"GamifyEU Ideathon: E se fossi responsabile dell'UE per 48 ore?"},"content":{"rendered":"<p><b>Quando? <\/b><span style=\"font-weight: 400;\">Da venerd\u00ec 26 marzo alle 18:27 CET a domenica 28 marzo alle 18.27 CET<br \/>\n<\/span><b>Dove? <\/b><span style=\"font-weight: 400;\">Online, su Zoom &amp; Gathertown<br \/>\n<\/span><b>Chi pu\u00f2 partecipare? <\/b><span style=\"font-weight: 400;\">Giovani di et\u00e0 compresa tra i 16 e i 30 anni provenienti da qualsiasi parte d'Europa<\/span><span style=\"font-weight: 400;\"><br \/>\n<\/span><b>Dove fare domanda?<\/b><a href=\"https:\/\/l.facebook.com\/l.php?u=https%3A%2F%2Fforms.gle%2FmwQp8cCJgMrZYCaZA%3Ffbclid%3DIwAR1Ck3qin3mMXPP0b5z6lb4vIqcc1uIN1Q9zfszBxGnbcqbArRA9YYqRQsY&amp;h=AT3q261ELk-d0iHcOIXqsCDW2QvUeMRDxqUa_54QSiXvWrCjmNE8SjWZuuk97D79evrLXhwH5Yjz0H8NlhUaWiat-hl5-xWzD3JxO7mgYVL3OH7s4ijNcZty90IGKm4i7KoRSl4&amp;__tn__=-UK-R&amp;c[0]=AT01lStYSmj8nvm-z4p7puSpKIofFSjmKPO9oi5EqMRCyCMoQR9gijVCT1mLVpNSNovF8OQ2pWRgXCA2L6uNAcKOKyfNonQQxOuD8Rdhqwl8xHeTvV578g0-WnRd6OoSfIrH_wX-JXwRxx1awhRZS3XNEV670Zxi2QNOhoFYksM659v6sZlz4hr-J1LRL6L-j7np3Xcx\"> <span style=\"font-weight: 400;\">https:\/\/forms.gle\/mwQp8cCJgMrZYCaZA<\/span><\/a> <span style=\"font-weight: 400;\"><br \/>\n<\/span><b>Termine ultimo per la presentazione delle candidature: <\/b><span style=\"font-weight: 400;\">19 marzo, 23:59 CET<\/span><\/p>\n<p><span style=\"font-weight: 400;\">Unisciti a noi per un'avventura di 48 ore in cui i giovani prendono il comando! Partecipa a una sfida collaborativa insieme ai tuoi colleghi di tutta Europa e mostraci come sarebbe l'Unione europea dei tuoi sogni.\u00a0<\/span><\/p>\n<p><span style=\"font-weight: 400;\">Con il sostegno di facilitatori entrerai in un viaggio di apprendimento esperienziale in cui costruirai soluzioni per le diverse sfide che l'UE sta affrontando. Proprio come un hackathon, in questo Ideathon ti impegnerai in un processo di pensiero creativo e di ricerca di soluzioni durante il quale imparerai cose nuove, svilupperai un'idea, preparerai un campo e competerai con gli altri partecipanti, lavorando tutto il tempo come una squadra.<\/span><\/p>\n<p><span style=\"font-weight: 400;\">Utilizzeremo diverse piattaforme e strumenti online, ci saranno gamification, workshop interattivi, relatori stimolanti e molto divertimento.\u00a0<\/span><\/p>\n<p>Scopri il programma <a href=\"https:\/\/u.pcloud.link\/publink\/show?code=XZc8Q2XZtaWuCBs8arjBPPuicBfCr8YovhrV\">qui<\/a>.<\/p>\n<p><b>Posso candidarmi come singolo o come team?<\/b><span style=\"font-weight: 400;\"> Entrambe le opzioni sono possibili. Se hai gi\u00e0 una squadra, puoi candidarti tutti insieme. In caso contrario, puoi candidarti individualmente e faremo squadre all'inizio dell'evento.<\/span><\/p>\n<p><b>Devo venire con un'idea? <\/b><span style=\"font-weight: 400;\">No, all'inizio dell'evento formeremo team basati su argomenti di tuo interesse e poi inizierai a sviluppare la tua idea con il supporto dei facilitatori.<\/span><\/p>\n<p><b>Dovrei essere online per 48 ore di fila? <\/b><span style=\"font-weight: 400;\">Puoi farlo tu e il tuo team, ma non \u00e8 obbligatorio. Avremo diversi momenti durante le 48h in cui saremo tutti insieme online cos\u00ec come momenti per voi di lavorare nei vostri team e di avere un po 'di riposo.\u00a0<\/span><\/p>\n<p><b>Devo avere delle abilit\u00e0 speciali? <\/b><span style=\"font-weight: 400;\">No, solo una mente aperta e spirito di squadra.<\/span><\/p>\n<p>&nbsp;<\/p>\n<p><span style=\"font-weight: 400;\">Ideathon \u00e8 organizzato da YEU International e DYPALL Network<\/span><span style=\"font-weight: 400;\"> nel quadro del progetto GamifyEU. Scopri di pi\u00f9 su <\/span><\/p>\n<p>&nbsp;<\/p>\n<p><a href=\"https:\/\/dypall.com\/it\/2021\/03\/11\/gamifyeu-ideathon-what-if-you-were-in-charge-of-the-eu-for-48-hours\/ideathon-poster\/#main\" rel=\"attachment wp-att-4821\"><img loading=\"lazy\" decoding=\"async\" class=\"aligncenter size-large wp-image-4821\" src=\"https:\/\/dypall.com\/wp-content\/uploads\/2021\/03\/Ideathon-Poster-819x1024.png\" alt=\"\" width=\"819\" height=\"1024\" \/><\/a><\/p>\n<div id=\"gtx-trans\" style=\"position: absolute; left: 204px; top: 328.667px;\">\n<div class=\"gtx-trans-icon\"><\/div>\n<\/div>","protected":false},"excerpt":{"rendered":"<p>Quando? Da venerd\u00ec 26 marzo alle 18:27 CET a domenica 28 marzo alle 18.27 CET Dove? Online, su Zoom &amp; Gathertown Chi pu\u00f2 partecipare? Giovani di et\u00e0 compresa tra i 16 e i 30 anni provenienti da qualsiasi parte d'Europa Dove presentare domanda? https:\/\/forms.gle\/mwQp8cCJgMrZYCaZA Termine ultimo per presentare domanda: 19 marzo, 23:59 CET Unisciti a noi per un'avventura di 48 ore in cui i giovani prendono il comando!... <a class=\"more-link\" href=\"https:\/\/dypall.com\/it\/activity\/gamifyeu-ideathon-what-if-you-were-in-charge-of-the-eu-for-48-hours\/\">Continua a leggere <span class=\"screen-reader-text\">GamifyEU Ideathon: E se fossi responsabile dell'UE per 48 ore?<\/span><\/a><\/p>","protected":false},"author":1,"featured_media":4822,"comment_status":"closed","ping_status":"open","sticky":false,"template":"","format":"standard","meta":{"_acf_changed":false,"_jetpack_memberships_contains_paid_content":false,"footnotes":""},"categories":[111,141],"tags":[],"class_list":["post-4820","post","type-post","status-publish","format-standard","has-post-thumbnail","hentry","category-activity","category-training-course","entry"],"acf":[],"yoast_head":"<!-- This site is optimized with the Yoast SEO plugin v22.8 - https:\/\/yoast.com\/wordpress\/plugins\/seo\/ -->\n<title>GamifyEU Ideathon: What if you were in charge of the EU for 48 hours? - DYPALL Network<\/title>\n<meta name=\"robots\" content=\"index, follow, max-snippet:-1, max-image-preview:large, max-video-preview:-1\" \/>\n<link rel=\"canonical\" href=\"https:\/\/dypall.com\/it\/activity\/gamifyeu-ideathon-what-if-you-were-in-charge-of-the-eu-for-48-hours\/\" \/>\n<meta property=\"og:locale\" content=\"it_IT\" \/>\n<meta property=\"og:type\" content=\"article\" \/>\n<meta property=\"og:title\" content=\"GamifyEU Ideathon: What if you were in charge of the EU for 48 hours? - DYPALL Network\" \/>\n<meta property=\"og:description\" content=\"When? From Friday 26th March at 18:27 CET to Sunday 28th March at 18.27 CET Where? Online, on Zoom &amp; Gathertown Who can participate? Young people aged 16-30 from anywhere in Europe Where to apply? https:\/\/forms.gle\/mwQp8cCJgMrZYCaZA Deadline to apply: 19th March, 23:59 CET Join us for a 48h adventure in which young people take charge!&hellip; Continua a leggere GamifyEU Ideathon: What if you were in charge of the EU for 48 hours?\" \/>\n<meta property=\"og:url\" content=\"https:\/\/dypall.com\/it\/activity\/gamifyeu-ideathon-what-if-you-were-in-charge-of-the-eu-for-48-hours\/\" \/>\n<meta property=\"og:site_name\" content=\"DYPALL Network\" \/>\n<meta property=\"article:published_time\" content=\"2021-03-11T10:46:00+00:00\" \/>\n<meta name=\"author\" content=\"DYPALL Network\" \/>\n<meta name=\"twitter:card\" content=\"summary_large_image\" \/>\n<meta name=\"twitter:label1\" content=\"Written by\" \/>\n\t<meta name=\"twitter:data1\" content=\"DYPALL Network\" \/>\n\t<meta name=\"twitter:label2\" content=\"Est. reading time\" \/>\n\t<meta name=\"twitter:data2\" content=\"2 minuti\" \/>\n<script type=\"application\/ld+json\" class=\"yoast-schema-graph\">{\"@context\":\"https:\/\/schema.org\",\"@graph\":[{\"@type\":\"WebPage\",\"@id\":\"https:\/\/dypall.com\/activity\/gamifyeu-ideathon-what-if-you-were-in-charge-of-the-eu-for-48-hours\/\",\"url\":\"https:\/\/dypall.com\/activity\/gamifyeu-ideathon-what-if-you-were-in-charge-of-the-eu-for-48-hours\/\",\"name\":\"GamifyEU Ideathon: What if you were in charge of the EU for 48 hours? - DYPALL Network\",\"isPartOf\":{\"@id\":\"https:\/\/dypall.com\/#website\"},\"primaryImageOfPage\":{\"@id\":\"https:\/\/dypall.com\/activity\/gamifyeu-ideathon-what-if-you-were-in-charge-of-the-eu-for-48-hours\/#primaryimage\"},\"image\":{\"@id\":\"https:\/\/dypall.com\/activity\/gamifyeu-ideathon-what-if-you-were-in-charge-of-the-eu-for-48-hours\/#primaryimage\"},\"thumbnailUrl\":\"\",\"datePublished\":\"2021-03-11T10:46:00+00:00\",\"dateModified\":\"2021-03-11T10:46:00+00:00\",\"author\":{\"@id\":\"https:\/\/dypall.com\/#\/schema\/person\/f92e08aa15c8ba711a9d153129f03377\"},\"breadcrumb\":{\"@id\":\"https:\/\/dypall.com\/activity\/gamifyeu-ideathon-what-if-you-were-in-charge-of-the-eu-for-48-hours\/#breadcrumb\"},\"inLanguage\":\"it-IT\",\"potentialAction\":[{\"@type\":\"ReadAction\",\"target\":[\"https:\/\/dypall.com\/activity\/gamifyeu-ideathon-what-if-you-were-in-charge-of-the-eu-for-48-hours\/\"]}]},{\"@type\":\"ImageObject\",\"inLanguage\":\"it-IT\",\"@id\":\"https:\/\/dypall.com\/activity\/gamifyeu-ideathon-what-if-you-were-in-charge-of-the-eu-for-48-hours\/#primaryimage\",\"url\":\"\",\"contentUrl\":\"\"},{\"@type\":\"BreadcrumbList\",\"@id\":\"https:\/\/dypall.com\/activity\/gamifyeu-ideathon-what-if-you-were-in-charge-of-the-eu-for-48-hours\/#breadcrumb\",\"itemListElement\":[{\"@type\":\"ListItem\",\"position\":1,\"name\":\"Home\",\"item\":\"https:\/\/dypall.com\/\"},{\"@type\":\"ListItem\",\"position\":2,\"name\":\"GamifyEU Ideathon: What if you were in charge of the EU for 48 hours?\"}]},{\"@type\":\"WebSite\",\"@id\":\"https:\/\/dypall.com\/#website\",\"url\":\"https:\/\/dypall.com\/\",\"name\":\"DYPALL Network\",\"description\":\"We are a European network of civil society organisations, municipalities and research institutions dedicated to improving democracy through youth participation.\",\"potentialAction\":[{\"@type\":\"SearchAction\",\"target\":{\"@type\":\"EntryPoint\",\"urlTemplate\":\"https:\/\/dypall.com\/?s={search_term_string}\"},\"query-input\":\"required name=search_term_string\"}],\"inLanguage\":\"it-IT\"},{\"@type\":\"Person\",\"@id\":\"https:\/\/dypall.com\/#\/schema\/person\/f92e08aa15c8ba711a9d153129f03377\",\"name\":\"DYPALL Network\",\"image\":{\"@type\":\"ImageObject\",\"inLanguage\":\"it-IT\",\"@id\":\"https:\/\/dypall.com\/#\/schema\/person\/image\/\",\"url\":\"https:\/\/secure.gravatar.com\/avatar\/9c39e299279800c6d69c5e02cf613e7bab060889f373052a03d7ac399e8f0d3c?s=96&d=mm&r=g\",\"contentUrl\":\"https:\/\/secure.gravatar.com\/avatar\/9c39e299279800c6d69c5e02cf613e7bab060889f373052a03d7ac399e8f0d3c?s=96&d=mm&r=g\",\"caption\":\"DYPALL Network\"},\"sameAs\":[\"https:\/\/dypall.com\"],\"url\":\"https:\/\/dypall.com\/it\/author\/dypall\/\"}]}<\/script>\n<!-- \/ Yoast SEO plugin. -->","yoast_head_json":{"title":"GamifyEU Ideathon: What if you were in charge of the EU for 48 hours? - DYPALL Network","robots":{"index":"index","follow":"follow","max-snippet":"max-snippet:-1","max-image-preview":"max-image-preview:large","max-video-preview":"max-video-preview:-1"},"canonical":"https:\/\/dypall.com\/it\/activity\/gamifyeu-ideathon-what-if-you-were-in-charge-of-the-eu-for-48-hours\/","og_locale":"it_IT","og_type":"article","og_title":"GamifyEU Ideathon: What if you were in charge of the EU for 48 hours? - DYPALL Network","og_description":"When? From Friday 26th March at 18:27 CET to Sunday 28th March at 18.27 CET Where? Online, on Zoom &amp; Gathertown Who can participate? Young people aged 16-30 from anywhere in Europe Where to apply? https:\/\/forms.gle\/mwQp8cCJgMrZYCaZA Deadline to apply: 19th March, 23:59 CET Join us for a 48h adventure in which young people take charge!&hellip; Continua a leggere GamifyEU Ideathon: What if you were in charge of the EU for 48 hours?","og_url":"https:\/\/dypall.com\/it\/activity\/gamifyeu-ideathon-what-if-you-were-in-charge-of-the-eu-for-48-hours\/","og_site_name":"DYPALL Network","article_published_time":"2021-03-11T10:46:00+00:00","author":"DYPALL Network","twitter_card":"summary_large_image","twitter_misc":{"Written by":"DYPALL Network","Est. reading time":"2 minuti"},"schema":{"@context":"https:\/\/schema.org","@graph":[{"@type":"WebPage","@id":"https:\/\/dypall.com\/activity\/gamifyeu-ideathon-what-if-you-were-in-charge-of-the-eu-for-48-hours\/","url":"https:\/\/dypall.com\/activity\/gamifyeu-ideathon-what-if-you-were-in-charge-of-the-eu-for-48-hours\/","name":"GamifyEU Ideathon: What if you were in charge of the EU for 48 hours? - DYPALL Network","isPartOf":{"@id":"https:\/\/dypall.com\/#website"},"primaryImageOfPage":{"@id":"https:\/\/dypall.com\/activity\/gamifyeu-ideathon-what-if-you-were-in-charge-of-the-eu-for-48-hours\/#primaryimage"},"image":{"@id":"https:\/\/dypall.com\/activity\/gamifyeu-ideathon-what-if-you-were-in-charge-of-the-eu-for-48-hours\/#primaryimage"},"thumbnailUrl":"","datePublished":"2021-03-11T10:46:00+00:00","dateModified":"2021-03-11T10:46:00+00:00","author":{"@id":"https:\/\/dypall.com\/#\/schema\/person\/f92e08aa15c8ba711a9d153129f03377"},"breadcrumb":{"@id":"https:\/\/dypall.com\/activity\/gamifyeu-ideathon-what-if-you-were-in-charge-of-the-eu-for-48-hours\/#breadcrumb"},"inLanguage":"it-IT","potentialAction":[{"@type":"ReadAction","target":["https:\/\/dypall.com\/activity\/gamifyeu-ideathon-what-if-you-were-in-charge-of-the-eu-for-48-hours\/"]}]},{"@type":"ImageObject","inLanguage":"it-IT","@id":"https:\/\/dypall.com\/activity\/gamifyeu-ideathon-what-if-you-were-in-charge-of-the-eu-for-48-hours\/#primaryimage","url":"","contentUrl":""},{"@type":"BreadcrumbList","@id":"https:\/\/dypall.com\/activity\/gamifyeu-ideathon-what-if-you-were-in-charge-of-the-eu-for-48-hours\/#breadcrumb","itemListElement":[{"@type":"ListItem","position":1,"name":"Home","item":"https:\/\/dypall.com\/"},{"@type":"ListItem","position":2,"name":"GamifyEU Ideathon: What if you were in charge of the EU for 48 hours?"}]},{"@type":"WebSite","@id":"https:\/\/dypall.com\/#website","url":"https:\/\/dypall.com\/","name":"DYPALL Network","description":"We are a European network of civil society organisations, municipalities and research institutions dedicated to improving democracy through youth participation.","potentialAction":[{"@type":"SearchAction","target":{"@type":"EntryPoint","urlTemplate":"https:\/\/dypall.com\/?s={search_term_string}"},"query-input":"required name=search_term_string"}],"inLanguage":"it-IT"},{"@type":"Person","@id":"https:\/\/dypall.com\/#\/schema\/person\/f92e08aa15c8ba711a9d153129f03377","name":"DYPALL Network","image":{"@type":"ImageObject","inLanguage":"it-IT","@id":"https:\/\/dypall.com\/#\/schema\/person\/image\/","url":"https:\/\/secure.gravatar.com\/avatar\/9c39e299279800c6d69c5e02cf613e7bab060889f373052a03d7ac399e8f0d3c?s=96&d=mm&r=g","contentUrl":"https:\/\/secure.gravatar.com\/avatar\/9c39e299279800c6d69c5e02cf613e7bab060889f373052a03d7ac399e8f0d3c?s=96&d=mm&r=g","caption":"DYPALL Network"},"sameAs":["https:\/\/dypall.com"],"url":"https:\/\/dypall.com\/it\/author\/dypall\/"}]}},"jetpack_featured_media_url":"","jetpack_sharing_enabled":true,"_links":{"self":[{"href":"https:\/\/dypall.com\/it\/wp-json\/wp\/v2\/posts\/4820","targetHints":{"allow":["GET"]}}],"collection":[{"href":"https:\/\/dypall.com\/it\/wp-json\/wp\/v2\/posts"}],"about":[{"href":"https:\/\/dypall.com\/it\/wp-json\/wp\/v2\/types\/post"}],"author":[{"embeddable":true,"href":"https:\/\/dypall.com\/it\/wp-json\/wp\/v2\/users\/1"}],"replies":[{"embeddable":true,"href":"https:\/\/dypall.com\/it\/wp-json\/wp\/v2\/comments?post=4820"}],"version-history":[{"count":0,"href":"https:\/\/dypall.com\/it\/wp-json\/wp\/v2\/posts\/4820\/revisions"}],"wp:featuredmedia":[{"embeddable":true,"href":"https:\/\/dypall.com\/it\/wp-json\/"}],"wp:attachment":[{"href":"https:\/\/dypall.com\/it\/wp-json\/wp\/v2\/media?parent=4820"}],"wp:term":[{"taxonomy":"category","embeddable":true,"href":"https:\/\/dypall.com\/it\/wp-json\/wp\/v2\/categories?post=4820"},{"taxonomy":"post_tag","embeddable":true,"href":"https:\/\/dypall.com\/it\/wp-json\/wp\/v2\/tags?post=4820"}],"curies":[{"name":"wp","href":"https:\/\/api.w.org\/{rel}","templated":true}]}}