{"id":3171,"date":"2018-11-28T11:53:39","date_gmt":"2018-11-28T10:53:39","guid":{"rendered":"http:\/\/dypall.com\/?p=3171"},"modified":"2018-11-28T11:53:39","modified_gmt":"2018-11-28T10:53:39","slug":"youth-democracy-academy-campaign-coordination-meeting","status":"publish","type":"post","link":"https:\/\/dypall.com\/it\/activity\/youth-democracy-academy-campaign-coordination-meeting\/","title":{"rendered":"Accademia per la democrazia giovanile \u2013 Riunione di coordinamento della campagna"},"content":{"rendered":"<p><span lang=\"EN-US\"><span style=\"color: #000000; font-family: Calibri;\">Il <strong>Riunione di coordinamento della campagna<\/strong> del progetto della durata di 18 mesi <strong>\"Accademia della democrazia giovanile\"<\/strong> ha avuto luogo dal 20<sup>th<\/sup> al 25<sup>th<\/sup> Novembre a Portim\u00e3o (Portogallo).<\/span><\/span><\/p>\n<p><span lang=\"EN-US\"><span style=\"color: #000000; font-family: Calibri;\">Il progetto si concentra sul coinvolgimento dei giovani di et\u00e0 compresa tra i 17 e i 21 anni, provenienti da 12 diversi paesi dell'UE, nella transizione verso un'Europa pi\u00f9 vicina ai suoi cittadini. <\/span><\/span><span lang=\"EN-US\"><span style=\"color: #000000; font-family: Calibri;\">Alla luce delle prossime elezioni europee del maggio 2019, \"Youth Democracy Academy\" sensibilizzer\u00e0 i giovani sull'importanza di essere coinvolti nell'elaborazione delle politiche a livello europeo e dar\u00e0 priorit\u00e0 all'impegno degli elettori per la prima volta in un dialogo sul futuro dell'Europa e sul loro ruolo in tale contesto.<\/span><\/span><\/p>\n<p><span lang=\"EN-US\"><span style=\"color: #000000; font-family: Calibri;\">La riunione di coordinamento della campagna ha riunito tutti i coordinatori di progetto delle organizzazioni partner per discutere l'attuazione del progetto, le attivit\u00e0 e le responsabilit\u00e0. Ha inoltre riunito 24 rappresentanti dei giovani di tutti i paesi partecipanti: Bulgaria, Francia, Germania, Grecia, Ungheria, Italia, Lettonia, Portogallo, Romania, Slovacchia, Spagna e Svezia.<\/span><\/span><\/p>\n<p><span lang=\"EN-US\"><span style=\"color: #000000; font-family: Calibri;\">Durante l'evento di 6 giorni, i partecipanti hanno avuto la possibilit\u00e0 di discutere le principali strategie per creare efficaci campagne Get-Out-The-Vote (GOTV), hanno esplorato esempi provenienti da diversi paesi europei, e anche dagli Stati Uniti, e hanno discusso delle principali ragioni sociologiche per l'assenteismo giovanile. <\/span><\/span><span lang=\"EN-US\"><span style=\"color: #000000; font-family: Calibri;\">Attraverso una serie di attivit\u00e0 esperienziali e interessanti, i rappresentanti dei giovani hanno avuto la possibilit\u00e0 di creare diversi esempi di campagne GOTV per implementarle eventualmente nei propri paesi, mentre i coordinatori del progetto hanno discusso le attivit\u00e0 del progetto e la tempistica generale. <\/span><\/span><span lang=\"EN-US\"><span style=\"color: #000000; font-family: Calibri;\">Molti risultati diversi e interessanti sono stati discussi durante le diverse sessioni: se i giovani sono la causa della loro mancanza di partecipazione politica; se il progetto europeo coinvolge realmente tutti i cittadini; in che modo l'istruzione pu\u00f2 contribuire a diffondere informazioni sulle istituzioni europee.<\/span><\/span><\/p>\n<p><span lang=\"EN-US\"><span style=\"font-family: Calibri;\"><span style=\"color: #000000;\">Entro la fine del progetto YDA, i partecipanti svilupperanno campagne GOTV locali per incoraggiare i giovani ad essere politicamente attivi nei loro diversi contesti e comunit\u00e0 e coinvolgeranno gli elettori per la prima volta in attivit\u00e0 incentrate sull'importanza del voto nelle prossime elezioni europee 2019.\u00a0 <\/span><\/span><\/span><\/p>\n<p><span lang=\"EN-US\"><span style=\"color: #000000; font-family: Calibri;\">Durante l'evento, il gruppo ha anche avuto la possibilit\u00e0 di incontrare Teresa Filipa Mendes, Consigliera per lo Sport e la Giovent\u00f9 nel Comune di Portim\u00e3o, a Casa Manuel Teixeira Gomes, casa dei 7<sup>th<\/sup> Presidente del Portogallo. In questa occasione, Mendes ha discusso con i partecipanti delle diverse opportunit\u00e0 per i giovani a Portim\u00e3o e dell'importanza di eventi come questo per far rivivere la citt\u00e0, oltre al turismo. <\/span><\/span><\/p>\n<p><span lang=\"EN-US\"><span style=\"color: #000000; font-family: Calibri;\">L'attivit\u00e0 \u00e8 stata organizzata da DYPALL Network, con il sostegno del programma Erasmus+ European Youth Together.<\/span><\/span><\/p>\n<p><img loading=\"lazy\" decoding=\"async\" class=\"aligncenter wp-image-3200 size-full\" src=\"http:\/\/dypall.com\/wp-content\/uploads\/2018\/11\/received_2190562114560084.jpeg\" alt=\"\" width=\"2250\" height=\"1500\" \/><b><\/b><i><\/i><u><\/u><\/p>\n<p><img loading=\"lazy\" decoding=\"async\" class=\"aligncenter wp-image-3205 size-full\" src=\"http:\/\/dypall.com\/wp-content\/uploads\/2018\/11\/46524060_2543753285640074_8462906085202722816_n-1.jpg\" alt=\"\" width=\"720\" height=\"960\" \/><br \/>\n<img loading=\"lazy\" decoding=\"async\" class=\"aligncenter wp-image-3198 size-full\" src=\"http:\/\/dypall.com\/wp-content\/uploads\/2018\/11\/received_269954327037372.jpeg\" alt=\"\" width=\"2250\" height=\"1500\" \/><\/p>\n<p><img loading=\"lazy\" decoding=\"async\" class=\"aligncenter wp-image-3214 size-full\" src=\"http:\/\/dypall.com\/wp-content\/uploads\/2018\/11\/Webp.net-resizeimage.jpg\" alt=\"\" width=\"2100\" height=\"1400\" \/><\/p>\n<p><img loading=\"lazy\" decoding=\"async\" class=\"aligncenter wp-image-3217 size-full\" src=\"http:\/\/dypall.com\/wp-content\/uploads\/2018\/11\/1.jpg\" alt=\"\" width=\"3000\" height=\"2000\" \/><\/p>\n<p><img loading=\"lazy\" decoding=\"async\" class=\"aligncenter wp-image-3225 size-full\" src=\"http:\/\/dypall.com\/wp-content\/uploads\/2018\/11\/6.jpg\" alt=\"\" width=\"2400\" height=\"1600\" \/><\/p>\n<p><img loading=\"lazy\" decoding=\"async\" class=\"aligncenter wp-image-3226 size-full\" src=\"http:\/\/dypall.com\/wp-content\/uploads\/2018\/11\/2.jpg\" alt=\"\" width=\"2400\" height=\"1600\" \/><\/p>\n<p><img loading=\"lazy\" decoding=\"async\" class=\"aligncenter wp-image-3227 size-full\" src=\"http:\/\/dypall.com\/wp-content\/uploads\/2018\/11\/4.jpg\" alt=\"\" width=\"2400\" height=\"1600\" \/><\/p>\n<p><img loading=\"lazy\" decoding=\"async\" class=\"aligncenter wp-image-3228 size-full\" src=\"http:\/\/dypall.com\/wp-content\/uploads\/2018\/11\/5-1.jpg\" alt=\"\" width=\"2400\" height=\"1600\" \/><\/p>\n<p><img loading=\"lazy\" decoding=\"async\" class=\"aligncenter wp-image-3229 size-full\" src=\"http:\/\/dypall.com\/wp-content\/uploads\/2018\/11\/7.jpg\" alt=\"\" width=\"2400\" height=\"1600\" \/><\/p>","protected":false},"excerpt":{"rendered":"<p>La riunione di coordinamento della campagna del progetto di 18 mesi \"Youth Democracy Academy\" si \u00e8 svolta dal 20 al 25 novembre a Portim\u00e3o (Portogallo). Il progetto si concentra sul coinvolgimento dei giovani di et\u00e0 compresa tra i 17 e i 21 anni, provenienti da 12 diversi paesi dell'UE, nella transizione verso un'Europa pi\u00f9 vicina ai suoi cittadini. Alla luce dell'imminente... <a class=\"more-link\" href=\"https:\/\/dypall.com\/it\/activity\/youth-democracy-academy-campaign-coordination-meeting\/\">Continua a leggere <span class=\"screen-reader-text\">Accademia per la democrazia giovanile \u2013 Riunione di coordinamento della campagna<\/span><\/a><\/p>","protected":false},"author":2,"featured_media":3239,"comment_status":"closed","ping_status":"open","sticky":false,"template":"","format":"standard","meta":{"_acf_changed":false,"_jetpack_memberships_contains_paid_content":false,"footnotes":""},"categories":[111],"tags":[163],"class_list":["post-3171","post","type-post","status-publish","format-standard","has-post-thumbnail","hentry","category-activity","tag-campaign-coordination-meeting","entry"],"acf":[],"yoast_head":"<!-- This site is optimized with the Yoast SEO plugin v22.8 - https:\/\/yoast.com\/wordpress\/plugins\/seo\/ -->\n<title>Youth Democracy Academy - Campaign Coordination Meeting - DYPALL Network<\/title>\n<meta name=\"robots\" content=\"index, follow, max-snippet:-1, max-image-preview:large, max-video-preview:-1\" \/>\n<link rel=\"canonical\" href=\"https:\/\/dypall.com\/it\/activity\/youth-democracy-academy-campaign-coordination-meeting\/\" \/>\n<meta property=\"og:locale\" content=\"it_IT\" \/>\n<meta property=\"og:type\" content=\"article\" \/>\n<meta property=\"og:title\" content=\"Youth Democracy Academy - Campaign Coordination Meeting - DYPALL Network\" \/>\n<meta property=\"og:description\" content=\"The Campaign Coordination Meeting of the 18 months-long project \u201cYouth Democracy Academy\u201d took place from the 20th to the 25th of November in Portim\u00e3o (Portugal). The project focuses on engaging young people aged 17-21, from 12 different EU countries, in moving towards a Europe that is closer to its citizens. In light of the upcoming&hellip; Continua a leggere Youth Democracy Academy &#8211; Campaign Coordination Meeting\" \/>\n<meta property=\"og:url\" content=\"https:\/\/dypall.com\/it\/activity\/youth-democracy-academy-campaign-coordination-meeting\/\" \/>\n<meta property=\"og:site_name\" content=\"DYPALL Network\" \/>\n<meta property=\"article:published_time\" content=\"2018-11-28T10:53:39+00:00\" \/>\n<meta name=\"author\" content=\"dypall\" \/>\n<meta name=\"twitter:card\" content=\"summary_large_image\" \/>\n<meta name=\"twitter:label1\" content=\"Written by\" \/>\n\t<meta name=\"twitter:data1\" content=\"dypall\" \/>\n\t<meta name=\"twitter:label2\" content=\"Est. reading time\" \/>\n\t<meta name=\"twitter:data2\" content=\"2 minuti\" \/>\n<script type=\"application\/ld+json\" class=\"yoast-schema-graph\">{\"@context\":\"https:\/\/schema.org\",\"@graph\":[{\"@type\":\"WebPage\",\"@id\":\"https:\/\/dypall.com\/activity\/youth-democracy-academy-campaign-coordination-meeting\/\",\"url\":\"https:\/\/dypall.com\/activity\/youth-democracy-academy-campaign-coordination-meeting\/\",\"name\":\"Youth Democracy Academy - Campaign Coordination Meeting - DYPALL Network\",\"isPartOf\":{\"@id\":\"https:\/\/dypall.com\/#website\"},\"primaryImageOfPage\":{\"@id\":\"https:\/\/dypall.com\/activity\/youth-democracy-academy-campaign-coordination-meeting\/#primaryimage\"},\"image\":{\"@id\":\"https:\/\/dypall.com\/activity\/youth-democracy-academy-campaign-coordination-meeting\/#primaryimage\"},\"thumbnailUrl\":\"\",\"datePublished\":\"2018-11-28T10:53:39+00:00\",\"dateModified\":\"2018-11-28T10:53:39+00:00\",\"author\":{\"@id\":\"https:\/\/dypall.com\/#\/schema\/person\/206350efe851997fcdedef75d118766b\"},\"breadcrumb\":{\"@id\":\"https:\/\/dypall.com\/activity\/youth-democracy-academy-campaign-coordination-meeting\/#breadcrumb\"},\"inLanguage\":\"it-IT\",\"potentialAction\":[{\"@type\":\"ReadAction\",\"target\":[\"https:\/\/dypall.com\/activity\/youth-democracy-academy-campaign-coordination-meeting\/\"]}]},{\"@type\":\"ImageObject\",\"inLanguage\":\"it-IT\",\"@id\":\"https:\/\/dypall.com\/activity\/youth-democracy-academy-campaign-coordination-meeting\/#primaryimage\",\"url\":\"\",\"contentUrl\":\"\"},{\"@type\":\"BreadcrumbList\",\"@id\":\"https:\/\/dypall.com\/activity\/youth-democracy-academy-campaign-coordination-meeting\/#breadcrumb\",\"itemListElement\":[{\"@type\":\"ListItem\",\"position\":1,\"name\":\"Home\",\"item\":\"https:\/\/dypall.com\/\"},{\"@type\":\"ListItem\",\"position\":2,\"name\":\"Youth Democracy Academy &#8211; Campaign Coordination Meeting\"}]},{\"@type\":\"WebSite\",\"@id\":\"https:\/\/dypall.com\/#website\",\"url\":\"https:\/\/dypall.com\/\",\"name\":\"DYPALL Network\",\"description\":\"We are a European network of civil society organisations, municipalities and research institutions dedicated to improving democracy through youth participation.\",\"potentialAction\":[{\"@type\":\"SearchAction\",\"target\":{\"@type\":\"EntryPoint\",\"urlTemplate\":\"https:\/\/dypall.com\/?s={search_term_string}\"},\"query-input\":\"required name=search_term_string\"}],\"inLanguage\":\"it-IT\"},{\"@type\":\"Person\",\"@id\":\"https:\/\/dypall.com\/#\/schema\/person\/206350efe851997fcdedef75d118766b\",\"name\":\"dypall\",\"image\":{\"@type\":\"ImageObject\",\"inLanguage\":\"it-IT\",\"@id\":\"https:\/\/dypall.com\/#\/schema\/person\/image\/\",\"url\":\"https:\/\/secure.gravatar.com\/avatar\/14e8d3d8841cd0bdf69915120bcf9fcfac1567f1dc7035664907322ac47efe29?s=96&d=mm&r=g\",\"contentUrl\":\"https:\/\/secure.gravatar.com\/avatar\/14e8d3d8841cd0bdf69915120bcf9fcfac1567f1dc7035664907322ac47efe29?s=96&d=mm&r=g\",\"caption\":\"dypall\"},\"url\":\"https:\/\/dypall.com\/it\/author\/dypall_info\/\"}]}<\/script>\n<!-- \/ Yoast SEO plugin. -->","yoast_head_json":{"title":"Youth Democracy Academy - Campaign Coordination Meeting - DYPALL Network","robots":{"index":"index","follow":"follow","max-snippet":"max-snippet:-1","max-image-preview":"max-image-preview:large","max-video-preview":"max-video-preview:-1"},"canonical":"https:\/\/dypall.com\/it\/activity\/youth-democracy-academy-campaign-coordination-meeting\/","og_locale":"it_IT","og_type":"article","og_title":"Youth Democracy Academy - Campaign Coordination Meeting - DYPALL Network","og_description":"The Campaign Coordination Meeting of the 18 months-long project \u201cYouth Democracy Academy\u201d took place from the 20th to the 25th of November in Portim\u00e3o (Portugal). The project focuses on engaging young people aged 17-21, from 12 different EU countries, in moving towards a Europe that is closer to its citizens. In light of the upcoming&hellip; Continua a leggere Youth Democracy Academy &#8211; Campaign Coordination Meeting","og_url":"https:\/\/dypall.com\/it\/activity\/youth-democracy-academy-campaign-coordination-meeting\/","og_site_name":"DYPALL Network","article_published_time":"2018-11-28T10:53:39+00:00","author":"dypall","twitter_card":"summary_large_image","twitter_misc":{"Written by":"dypall","Est. reading time":"2 minuti"},"schema":{"@context":"https:\/\/schema.org","@graph":[{"@type":"WebPage","@id":"https:\/\/dypall.com\/activity\/youth-democracy-academy-campaign-coordination-meeting\/","url":"https:\/\/dypall.com\/activity\/youth-democracy-academy-campaign-coordination-meeting\/","name":"Youth Democracy Academy - Campaign Coordination Meeting - DYPALL Network","isPartOf":{"@id":"https:\/\/dypall.com\/#website"},"primaryImageOfPage":{"@id":"https:\/\/dypall.com\/activity\/youth-democracy-academy-campaign-coordination-meeting\/#primaryimage"},"image":{"@id":"https:\/\/dypall.com\/activity\/youth-democracy-academy-campaign-coordination-meeting\/#primaryimage"},"thumbnailUrl":"","datePublished":"2018-11-28T10:53:39+00:00","dateModified":"2018-11-28T10:53:39+00:00","author":{"@id":"https:\/\/dypall.com\/#\/schema\/person\/206350efe851997fcdedef75d118766b"},"breadcrumb":{"@id":"https:\/\/dypall.com\/activity\/youth-democracy-academy-campaign-coordination-meeting\/#breadcrumb"},"inLanguage":"it-IT","potentialAction":[{"@type":"ReadAction","target":["https:\/\/dypall.com\/activity\/youth-democracy-academy-campaign-coordination-meeting\/"]}]},{"@type":"ImageObject","inLanguage":"it-IT","@id":"https:\/\/dypall.com\/activity\/youth-democracy-academy-campaign-coordination-meeting\/#primaryimage","url":"","contentUrl":""},{"@type":"BreadcrumbList","@id":"https:\/\/dypall.com\/activity\/youth-democracy-academy-campaign-coordination-meeting\/#breadcrumb","itemListElement":[{"@type":"ListItem","position":1,"name":"Home","item":"https:\/\/dypall.com\/"},{"@type":"ListItem","position":2,"name":"Youth Democracy Academy &#8211; Campaign Coordination Meeting"}]},{"@type":"WebSite","@id":"https:\/\/dypall.com\/#website","url":"https:\/\/dypall.com\/","name":"DYPALL Network","description":"We are a European network of civil society organisations, municipalities and research institutions dedicated to improving democracy through youth participation.","potentialAction":[{"@type":"SearchAction","target":{"@type":"EntryPoint","urlTemplate":"https:\/\/dypall.com\/?s={search_term_string}"},"query-input":"required name=search_term_string"}],"inLanguage":"it-IT"},{"@type":"Person","@id":"https:\/\/dypall.com\/#\/schema\/person\/206350efe851997fcdedef75d118766b","name":"dypall","image":{"@type":"ImageObject","inLanguage":"it-IT","@id":"https:\/\/dypall.com\/#\/schema\/person\/image\/","url":"https:\/\/secure.gravatar.com\/avatar\/14e8d3d8841cd0bdf69915120bcf9fcfac1567f1dc7035664907322ac47efe29?s=96&d=mm&r=g","contentUrl":"https:\/\/secure.gravatar.com\/avatar\/14e8d3d8841cd0bdf69915120bcf9fcfac1567f1dc7035664907322ac47efe29?s=96&d=mm&r=g","caption":"dypall"},"url":"https:\/\/dypall.com\/it\/author\/dypall_info\/"}]}},"jetpack_featured_media_url":"","jetpack_sharing_enabled":true,"_links":{"self":[{"href":"https:\/\/dypall.com\/it\/wp-json\/wp\/v2\/posts\/3171","targetHints":{"allow":["GET"]}}],"collection":[{"href":"https:\/\/dypall.com\/it\/wp-json\/wp\/v2\/posts"}],"about":[{"href":"https:\/\/dypall.com\/it\/wp-json\/wp\/v2\/types\/post"}],"author":[{"embeddable":true,"href":"https:\/\/dypall.com\/it\/wp-json\/wp\/v2\/users\/2"}],"replies":[{"embeddable":true,"href":"https:\/\/dypall.com\/it\/wp-json\/wp\/v2\/comments?post=3171"}],"version-history":[{"count":0,"href":"https:\/\/dypall.com\/it\/wp-json\/wp\/v2\/posts\/3171\/revisions"}],"wp:featuredmedia":[{"embeddable":true,"href":"https:\/\/dypall.com\/it\/wp-json\/"}],"wp:attachment":[{"href":"https:\/\/dypall.com\/it\/wp-json\/wp\/v2\/media?parent=3171"}],"wp:term":[{"taxonomy":"category","embeddable":true,"href":"https:\/\/dypall.com\/it\/wp-json\/wp\/v2\/categories?post=3171"},{"taxonomy":"post_tag","embeddable":true,"href":"https:\/\/dypall.com\/it\/wp-json\/wp\/v2\/tags?post=3171"}],"curies":[{"name":"wp","href":"https:\/\/api.w.org\/{rel}","templated":true}]}}