{"id":2706,"date":"2017-11-27T19:06:49","date_gmt":"2017-11-27T18:06:49","guid":{"rendered":"http:\/\/dypall.com\/?p=2706"},"modified":"2017-11-27T19:06:49","modified_gmt":"2017-11-27T18:06:49","slug":"an-overview-of-the-first-study-visit-of-the-project-boosting-youth-participation-at-local-level-november-2017-south-of-portugal","status":"publish","type":"post","link":"https:\/\/dypall.com\/it\/activity\/an-overview-of-the-first-study-visit-of-the-project-boosting-youth-participation-at-local-level-november-2017-south-of-portugal\/","title":{"rendered":"Visita di studio \"Rafforzare la partecipazione dei giovani a livello locale\" a Portim\u00e3o"},"content":{"rendered":"<p>Dal 13 al 18 novembre 2017, <strong>Rete DYPALL<\/strong> in collaborazione con <strong>Forum della diaspora del Puntland<\/strong> e <strong>Municipalit\u00e0 di Portim\u00e3o<\/strong> ha ricevuto un gruppo di 26 rappresentanti di organizzazioni che si occupano di questioni giovanili e di comuni per la visita di studio \"Rafforzare la partecipazione dei giovani a livello locale\" (Rafforzare la partecipazione dei giovani a livello locale) a Portim\u00e3o (Portogallo). Questi partecipanti provenivano da Portogallo, Svezia, Turchia, Slovacchia, Romania, Ungheria, Malta, Paesi Bassi e Italia, e la visita nel sud del Portogallo \u00e8 stata la prima fase di attuazione di questo progetto.<\/p>\n<p>Boosting YP \u00e8 stato cofinanziato dal programma Erasmus+ attraverso l'Agenzia svedese per la giovent\u00f9 e la societ\u00e0 civile e mira a rafforzare i programmi esistenti sulla partecipazione dei giovani in aree geograficamente isolate, condividendo pratiche e avvicinando le organizzazioni della societ\u00e0 civile alle autorit\u00e0 e alle istituzioni pubbliche.<\/p>\n<p>Il progetto ha avvicinato i partecipanti ai processi decisionali a livello locale e locale e ha contribuito a migliorare la loro percezione e il loro impegno nella democrazia rappresentativa e partecipativa. \u00a0Un altro risultato \u00e8 stato che i partecipanti hanno anche lavorato insieme, strutturando l'impatto a lungo termine nelle loro realt\u00e0.<\/p>\n<p>Pi\u00f9 concretamente, secondo le parole di Violeta Ciuciuc, Project Manager di <strong>Municipalit\u00e0 di Dabuleni<\/strong> (Romania), esprimendo sia il suo parere che quello di \u0218tefan Zaria (vicesindaco del comune):<\/p>\n<p><em>\"\u00c8 stata un'intensa settimana di lavoro in cui abbiamo imparato a conoscere la partecipazione dei giovani e abbiamo visto molto su come vengono fatte alcune cose. \u00c8 stato interessante per me, ma ci\u00f2 che \u00e8 stato pi\u00f9 sorprendente per il vice sindaco \u00e8 stato il diverso grado di coinvolgimento di altre persone nel lavoro politico. \u00c8 venuto con un'opinione diversa sulla partecipazione dei giovani, e (non solo da questo punto di vista), come \u00e8 e pu\u00f2 essere una cosa straordinaria per i giovani di Dabuleni.<\/em><\/p>\n<p><em>Speriamo che alcune delle idee che avevamo si concretizzino e che per la prossima riunione le cose migliorino.\"<a href=\"http:\/\/dypall.com\/it\/2017\/11\/27\/an-overview-of-the-first-study-visit-of-the-project-boosting-youth-participation-at-local-level-november-2017-south-of-portugal\/img_9492\/#main\" rel=\"attachment wp-att-2707\"><img loading=\"lazy\" decoding=\"async\" class=\"aligncenter wp-image-2707\" src=\"http:\/\/dypall.com\/wp-content\/uploads\/2017\/11\/IMG_9492.jpg\" alt=\"\" width=\"1920\" height=\"1280\" \/><\/a><\/em><\/p>\n<p><em> <a href=\"http:\/\/dypall.com\/it\/2017\/11\/27\/an-overview-of-the-first-study-visit-of-the-project-boosting-youth-participation-at-local-level-november-2017-south-of-portugal\/img_8986\/#main\" rel=\"attachment wp-att-2708\"><img loading=\"lazy\" decoding=\"async\" class=\"aligncenter size-full wp-image-2708\" src=\"http:\/\/dypall.com\/wp-content\/uploads\/2017\/11\/IMG_8986.jpg\" alt=\"\" width=\"1920\" height=\"1280\" \/><\/a><\/em><\/p>\n<p><em> <a href=\"http:\/\/dypall.com\/it\/2017\/11\/27\/an-overview-of-the-first-study-visit-of-the-project-boosting-youth-participation-at-local-level-november-2017-south-of-portugal\/23559668_2004203559595052_8086517710705140950_n\/#main\" rel=\"attachment wp-att-2709\"><img loading=\"lazy\" decoding=\"async\" class=\"aligncenter size-full wp-image-2709\" src=\"http:\/\/dypall.com\/wp-content\/uploads\/2017\/11\/23559668_2004203559595052_8086517710705140950_n.jpg\" alt=\"\" width=\"960\" height=\"717\" \/><\/a><\/em><\/p>\n<p><em> <a href=\"http:\/\/dypall.com\/it\/2017\/11\/27\/an-overview-of-the-first-study-visit-of-the-project-boosting-youth-participation-at-local-level-november-2017-south-of-portugal\/23621662_2004204279594980_588875645577009014_n\/#main\" rel=\"attachment wp-att-2710\"><img loading=\"lazy\" decoding=\"async\" class=\"aligncenter size-full wp-image-2710\" src=\"http:\/\/dypall.com\/wp-content\/uploads\/2017\/11\/23621662_2004204279594980_588875645577009014_n.jpg\" alt=\"\" width=\"960\" height=\"717\" \/><\/a><\/em><\/p>\n<p><em> <a href=\"http:\/\/dypall.com\/it\/2017\/11\/27\/an-overview-of-the-first-study-visit-of-the-project-boosting-youth-participation-at-local-level-november-2017-south-of-portugal\/23559809_2004203552928386_4188660648908589012_n\/#main\" rel=\"attachment wp-att-2712\"><img loading=\"lazy\" decoding=\"async\" class=\"aligncenter size-full wp-image-2712\" src=\"http:\/\/dypall.com\/wp-content\/uploads\/2017\/11\/23559809_2004203552928386_4188660648908589012_n.jpg\" alt=\"\" width=\"960\" height=\"717\" \/><\/a><\/em><\/p>\n<p><em><a href=\"http:\/\/dypall.com\/it\/2017\/11\/27\/an-overview-of-the-first-study-visit-of-the-project-boosting-youth-participation-at-local-level-november-2017-south-of-portugal\/img_9221\/#main\" rel=\"attachment wp-att-2711\"><img loading=\"lazy\" decoding=\"async\" class=\"aligncenter size-full wp-image-2711\" src=\"http:\/\/dypall.com\/wp-content\/uploads\/2017\/11\/IMG_9221.jpg\" alt=\"\" width=\"1920\" height=\"1280\" \/><\/a><\/em><\/p>\n<p>&nbsp;<\/p>","protected":false},"excerpt":{"rendered":"<p>Dal 13 al 18 novembre 2017 la rete DYPALL, in collaborazione con il Puntland Diaspora Forum e il comune di Portim\u00e3o, ha ricevuto un gruppo di 26 rappresentanti di organizzazioni che si occupano di questioni giovanili e di comuni per la visita di studio \"Boosting Youth Participation at Local Level\" (Boosting YP) a Portim\u00e3o (Portogallo). Questi partecipanti provenivano da Portogallo, Svezia, Turchia, Slovacchia,... <a class=\"more-link\" href=\"https:\/\/dypall.com\/it\/activity\/an-overview-of-the-first-study-visit-of-the-project-boosting-youth-participation-at-local-level-november-2017-south-of-portugal\/\">Continua a leggere <span class=\"screen-reader-text\">Visita di studio \"Rafforzare la partecipazione dei giovani a livello locale\" a Portim\u00e3o<\/span><\/a><\/p>","protected":false},"author":1,"featured_media":2714,"comment_status":"closed","ping_status":"open","sticky":false,"template":"","format":"standard","meta":{"_acf_changed":false,"_jetpack_memberships_contains_paid_content":false,"footnotes":""},"categories":[111,152],"tags":[129],"class_list":["post-2706","post","type-post","status-publish","format-standard","has-post-thumbnail","hentry","category-activity","category-study-visits","tag-study-visit","entry"],"acf":[],"yoast_head":"<!-- This site is optimized with the Yoast SEO plugin v22.8 - https:\/\/yoast.com\/wordpress\/plugins\/seo\/ -->\n<title>\u201cBoosting Youth Participation at Local Level\u201d Study visit to Portim\u00e3o - DYPALL Network<\/title>\n<meta name=\"robots\" content=\"index, follow, max-snippet:-1, max-image-preview:large, max-video-preview:-1\" \/>\n<link rel=\"canonical\" href=\"https:\/\/dypall.com\/it\/activity\/an-overview-of-the-first-study-visit-of-the-project-boosting-youth-participation-at-local-level-november-2017-south-of-portugal\/\" \/>\n<meta property=\"og:locale\" content=\"it_IT\" \/>\n<meta property=\"og:type\" content=\"article\" \/>\n<meta property=\"og:title\" content=\"\u201cBoosting Youth Participation at Local Level\u201d Study visit to Portim\u00e3o - DYPALL Network\" \/>\n<meta property=\"og:description\" content=\"From 13 to 18 November 2017, DYPALL Network in cooperation with Puntland Diaspora Forum and Portim\u00e3o Municipality received a group of 26 representatives from organizations working with youth relevant issues and municipalities, for the study visit \u201cBoosting Youth Participation at Local Level\u201d (Boosting YP) in Portim\u00e3o (Portugal). These participants were from Portugal, Sweden, Turkey, Slovakia,&hellip; Continua a leggere \u201cBoosting Youth Participation at Local Level\u201d Study visit to Portim\u00e3o\" \/>\n<meta property=\"og:url\" content=\"https:\/\/dypall.com\/it\/activity\/an-overview-of-the-first-study-visit-of-the-project-boosting-youth-participation-at-local-level-november-2017-south-of-portugal\/\" \/>\n<meta property=\"og:site_name\" content=\"DYPALL Network\" \/>\n<meta property=\"article:published_time\" content=\"2017-11-27T18:06:49+00:00\" \/>\n<meta name=\"author\" content=\"DYPALL Network\" \/>\n<meta name=\"twitter:card\" content=\"summary_large_image\" \/>\n<meta name=\"twitter:label1\" content=\"Written by\" \/>\n\t<meta name=\"twitter:data1\" content=\"DYPALL Network\" \/>\n\t<meta name=\"twitter:label2\" content=\"Est. reading time\" \/>\n\t<meta name=\"twitter:data2\" content=\"1 minuto\" \/>\n<script type=\"application\/ld+json\" class=\"yoast-schema-graph\">{\"@context\":\"https:\/\/schema.org\",\"@graph\":[{\"@type\":\"WebPage\",\"@id\":\"https:\/\/dypall.com\/activity\/an-overview-of-the-first-study-visit-of-the-project-boosting-youth-participation-at-local-level-november-2017-south-of-portugal\/\",\"url\":\"https:\/\/dypall.com\/activity\/an-overview-of-the-first-study-visit-of-the-project-boosting-youth-participation-at-local-level-november-2017-south-of-portugal\/\",\"name\":\"\u201cBoosting Youth Participation at Local Level\u201d Study visit to Portim\u00e3o - DYPALL Network\",\"isPartOf\":{\"@id\":\"https:\/\/dypall.com\/#website\"},\"primaryImageOfPage\":{\"@id\":\"https:\/\/dypall.com\/activity\/an-overview-of-the-first-study-visit-of-the-project-boosting-youth-participation-at-local-level-november-2017-south-of-portugal\/#primaryimage\"},\"image\":{\"@id\":\"https:\/\/dypall.com\/activity\/an-overview-of-the-first-study-visit-of-the-project-boosting-youth-participation-at-local-level-november-2017-south-of-portugal\/#primaryimage\"},\"thumbnailUrl\":\"\",\"datePublished\":\"2017-11-27T18:06:49+00:00\",\"dateModified\":\"2017-11-27T18:06:49+00:00\",\"author\":{\"@id\":\"https:\/\/dypall.com\/#\/schema\/person\/f92e08aa15c8ba711a9d153129f03377\"},\"breadcrumb\":{\"@id\":\"https:\/\/dypall.com\/activity\/an-overview-of-the-first-study-visit-of-the-project-boosting-youth-participation-at-local-level-november-2017-south-of-portugal\/#breadcrumb\"},\"inLanguage\":\"it-IT\",\"potentialAction\":[{\"@type\":\"ReadAction\",\"target\":[\"https:\/\/dypall.com\/activity\/an-overview-of-the-first-study-visit-of-the-project-boosting-youth-participation-at-local-level-november-2017-south-of-portugal\/\"]}]},{\"@type\":\"ImageObject\",\"inLanguage\":\"it-IT\",\"@id\":\"https:\/\/dypall.com\/activity\/an-overview-of-the-first-study-visit-of-the-project-boosting-youth-participation-at-local-level-november-2017-south-of-portugal\/#primaryimage\",\"url\":\"\",\"contentUrl\":\"\"},{\"@type\":\"BreadcrumbList\",\"@id\":\"https:\/\/dypall.com\/activity\/an-overview-of-the-first-study-visit-of-the-project-boosting-youth-participation-at-local-level-november-2017-south-of-portugal\/#breadcrumb\",\"itemListElement\":[{\"@type\":\"ListItem\",\"position\":1,\"name\":\"Home\",\"item\":\"https:\/\/dypall.com\/\"},{\"@type\":\"ListItem\",\"position\":2,\"name\":\"\u201cBoosting Youth Participation at Local Level\u201d Study visit to Portim\u00e3o\"}]},{\"@type\":\"WebSite\",\"@id\":\"https:\/\/dypall.com\/#website\",\"url\":\"https:\/\/dypall.com\/\",\"name\":\"DYPALL Network\",\"description\":\"We are a European network of civil society organisations, municipalities and research institutions dedicated to improving democracy through youth participation.\",\"potentialAction\":[{\"@type\":\"SearchAction\",\"target\":{\"@type\":\"EntryPoint\",\"urlTemplate\":\"https:\/\/dypall.com\/?s={search_term_string}\"},\"query-input\":\"required name=search_term_string\"}],\"inLanguage\":\"it-IT\"},{\"@type\":\"Person\",\"@id\":\"https:\/\/dypall.com\/#\/schema\/person\/f92e08aa15c8ba711a9d153129f03377\",\"name\":\"DYPALL Network\",\"image\":{\"@type\":\"ImageObject\",\"inLanguage\":\"it-IT\",\"@id\":\"https:\/\/dypall.com\/#\/schema\/person\/image\/\",\"url\":\"https:\/\/secure.gravatar.com\/avatar\/9c39e299279800c6d69c5e02cf613e7bab060889f373052a03d7ac399e8f0d3c?s=96&d=mm&r=g\",\"contentUrl\":\"https:\/\/secure.gravatar.com\/avatar\/9c39e299279800c6d69c5e02cf613e7bab060889f373052a03d7ac399e8f0d3c?s=96&d=mm&r=g\",\"caption\":\"DYPALL Network\"},\"sameAs\":[\"https:\/\/dypall.com\"],\"url\":\"https:\/\/dypall.com\/it\/author\/dypall\/\"}]}<\/script>\n<!-- \/ Yoast SEO plugin. -->","yoast_head_json":{"title":"\u201cBoosting Youth Participation at Local Level\u201d Study visit to Portim\u00e3o - DYPALL Network","robots":{"index":"index","follow":"follow","max-snippet":"max-snippet:-1","max-image-preview":"max-image-preview:large","max-video-preview":"max-video-preview:-1"},"canonical":"https:\/\/dypall.com\/it\/activity\/an-overview-of-the-first-study-visit-of-the-project-boosting-youth-participation-at-local-level-november-2017-south-of-portugal\/","og_locale":"it_IT","og_type":"article","og_title":"\u201cBoosting Youth Participation at Local Level\u201d Study visit to Portim\u00e3o - DYPALL Network","og_description":"From 13 to 18 November 2017, DYPALL Network in cooperation with Puntland Diaspora Forum and Portim\u00e3o Municipality received a group of 26 representatives from organizations working with youth relevant issues and municipalities, for the study visit \u201cBoosting Youth Participation at Local Level\u201d (Boosting YP) in Portim\u00e3o (Portugal). These participants were from Portugal, Sweden, Turkey, Slovakia,&hellip; Continua a leggere \u201cBoosting Youth Participation at Local Level\u201d Study visit to Portim\u00e3o","og_url":"https:\/\/dypall.com\/it\/activity\/an-overview-of-the-first-study-visit-of-the-project-boosting-youth-participation-at-local-level-november-2017-south-of-portugal\/","og_site_name":"DYPALL Network","article_published_time":"2017-11-27T18:06:49+00:00","author":"DYPALL Network","twitter_card":"summary_large_image","twitter_misc":{"Written by":"DYPALL Network","Est. reading time":"1 minuto"},"schema":{"@context":"https:\/\/schema.org","@graph":[{"@type":"WebPage","@id":"https:\/\/dypall.com\/activity\/an-overview-of-the-first-study-visit-of-the-project-boosting-youth-participation-at-local-level-november-2017-south-of-portugal\/","url":"https:\/\/dypall.com\/activity\/an-overview-of-the-first-study-visit-of-the-project-boosting-youth-participation-at-local-level-november-2017-south-of-portugal\/","name":"\u201cBoosting Youth Participation at Local Level\u201d Study visit to Portim\u00e3o - DYPALL Network","isPartOf":{"@id":"https:\/\/dypall.com\/#website"},"primaryImageOfPage":{"@id":"https:\/\/dypall.com\/activity\/an-overview-of-the-first-study-visit-of-the-project-boosting-youth-participation-at-local-level-november-2017-south-of-portugal\/#primaryimage"},"image":{"@id":"https:\/\/dypall.com\/activity\/an-overview-of-the-first-study-visit-of-the-project-boosting-youth-participation-at-local-level-november-2017-south-of-portugal\/#primaryimage"},"thumbnailUrl":"","datePublished":"2017-11-27T18:06:49+00:00","dateModified":"2017-11-27T18:06:49+00:00","author":{"@id":"https:\/\/dypall.com\/#\/schema\/person\/f92e08aa15c8ba711a9d153129f03377"},"breadcrumb":{"@id":"https:\/\/dypall.com\/activity\/an-overview-of-the-first-study-visit-of-the-project-boosting-youth-participation-at-local-level-november-2017-south-of-portugal\/#breadcrumb"},"inLanguage":"it-IT","potentialAction":[{"@type":"ReadAction","target":["https:\/\/dypall.com\/activity\/an-overview-of-the-first-study-visit-of-the-project-boosting-youth-participation-at-local-level-november-2017-south-of-portugal\/"]}]},{"@type":"ImageObject","inLanguage":"it-IT","@id":"https:\/\/dypall.com\/activity\/an-overview-of-the-first-study-visit-of-the-project-boosting-youth-participation-at-local-level-november-2017-south-of-portugal\/#primaryimage","url":"","contentUrl":""},{"@type":"BreadcrumbList","@id":"https:\/\/dypall.com\/activity\/an-overview-of-the-first-study-visit-of-the-project-boosting-youth-participation-at-local-level-november-2017-south-of-portugal\/#breadcrumb","itemListElement":[{"@type":"ListItem","position":1,"name":"Home","item":"https:\/\/dypall.com\/"},{"@type":"ListItem","position":2,"name":"\u201cBoosting Youth Participation at Local Level\u201d Study visit to Portim\u00e3o"}]},{"@type":"WebSite","@id":"https:\/\/dypall.com\/#website","url":"https:\/\/dypall.com\/","name":"DYPALL Network","description":"We are a European network of civil society organisations, municipalities and research institutions dedicated to improving democracy through youth participation.","potentialAction":[{"@type":"SearchAction","target":{"@type":"EntryPoint","urlTemplate":"https:\/\/dypall.com\/?s={search_term_string}"},"query-input":"required name=search_term_string"}],"inLanguage":"it-IT"},{"@type":"Person","@id":"https:\/\/dypall.com\/#\/schema\/person\/f92e08aa15c8ba711a9d153129f03377","name":"DYPALL Network","image":{"@type":"ImageObject","inLanguage":"it-IT","@id":"https:\/\/dypall.com\/#\/schema\/person\/image\/","url":"https:\/\/secure.gravatar.com\/avatar\/9c39e299279800c6d69c5e02cf613e7bab060889f373052a03d7ac399e8f0d3c?s=96&d=mm&r=g","contentUrl":"https:\/\/secure.gravatar.com\/avatar\/9c39e299279800c6d69c5e02cf613e7bab060889f373052a03d7ac399e8f0d3c?s=96&d=mm&r=g","caption":"DYPALL Network"},"sameAs":["https:\/\/dypall.com"],"url":"https:\/\/dypall.com\/it\/author\/dypall\/"}]}},"jetpack_featured_media_url":"","jetpack_sharing_enabled":true,"_links":{"self":[{"href":"https:\/\/dypall.com\/it\/wp-json\/wp\/v2\/posts\/2706","targetHints":{"allow":["GET"]}}],"collection":[{"href":"https:\/\/dypall.com\/it\/wp-json\/wp\/v2\/posts"}],"about":[{"href":"https:\/\/dypall.com\/it\/wp-json\/wp\/v2\/types\/post"}],"author":[{"embeddable":true,"href":"https:\/\/dypall.com\/it\/wp-json\/wp\/v2\/users\/1"}],"replies":[{"embeddable":true,"href":"https:\/\/dypall.com\/it\/wp-json\/wp\/v2\/comments?post=2706"}],"version-history":[{"count":0,"href":"https:\/\/dypall.com\/it\/wp-json\/wp\/v2\/posts\/2706\/revisions"}],"wp:featuredmedia":[{"embeddable":true,"href":"https:\/\/dypall.com\/it\/wp-json\/"}],"wp:attachment":[{"href":"https:\/\/dypall.com\/it\/wp-json\/wp\/v2\/media?parent=2706"}],"wp:term":[{"taxonomy":"category","embeddable":true,"href":"https:\/\/dypall.com\/it\/wp-json\/wp\/v2\/categories?post=2706"},{"taxonomy":"post_tag","embeddable":true,"href":"https:\/\/dypall.com\/it\/wp-json\/wp\/v2\/tags?post=2706"}],"curies":[{"name":"wp","href":"https:\/\/api.w.org\/{rel}","templated":true}]}}