{"id":2086,"date":"2017-05-30T12:51:42","date_gmt":"2017-05-30T10:51:42","guid":{"rendered":"http:\/\/dypall.com\/?p=2086"},"modified":"2017-05-30T12:51:42","modified_gmt":"2017-05-30T10:51:42","slug":"europe-goes-local-academia-de-desenvolvimento-juvenil-youth-development-academy","status":"publish","type":"post","link":"https:\/\/dypall.com\/it\/activity\/europe-goes-local-academia-de-desenvolvimento-juvenil-youth-development-academy\/","title":{"rendered":"L'Europa diventa locale  \u2047  Academia de Desenvolvimento Juvenil (Accademia per lo sviluppo giovanile)"},"content":{"rendered":"<p>Europe Goes Local \u00e8 una cooperazione a lungo termine nell'ambito del programma Erasmus+ per la giovent\u00f9 a sostegno dell'animazione socioeducativa a livello comunale. Pertanto, 21 agenzie nazionali del programma Erasmus+ nel settore della giovent\u00f9 mirano con questa iniziativa a migliorare la qualit\u00e0 del lavoro con i giovani, attraverso una cooperazione rafforzata tra diverse parti interessate e parti interessate.<\/p>\n<p>Sempre in linea con questi obiettivi, dal 20 al 22 maggio 2017 al Faro Youth Centre (IPDJ) nella regione portoghese dell'Algarve, la seconda edizione di <strong>Academia de Desenvolvimento Juvenil<\/strong> (Youth Development Academy) \u00e8 stato lanciato. Questo evento mira a creare uno spazio per lo scambio di buone pratiche, nonch\u00e9 per lo sviluppo di capacit\u00e0 e la formazione di operatori giovanili, leader e organizzazioni giovanili.<\/p>\n<p><img loading=\"lazy\" decoding=\"async\" class=\"wp-image-2088 aligncenter\" src=\"http:\/\/dypall.com\/wp-content\/uploads\/2017\/05\/IMG_20170522_141310-300x169.jpg\" alt=\"\" width=\"327\" height=\"184\" \/><\/p>\n<p>Bruno Ant\u00f3nio, membro dell'\u00e9quipe e rappresentante della rete DYPALL, era presente all'evento in qualit\u00e0 di formatore in rappresentanza dell'Agenzia nazionale portoghese Erasmus+. Nella \"formazione dei formatori\" fornita, gli animatori socioeducativi, i funzionari comunali e i rappresentanti dei giovani hanno avuto l'opportunit\u00e0 di esplorare a fondo i temi dell'apprendimento nel contesto dell'istruzione non formale, costruendo un programma di formazione per i giovani e dinamiche di gruppo. Questa \u00e8 stata anche l'occasione per consentire agli operatori giovanili dei comuni e delle organizzazioni di conoscere DYPALL Network come possibile partner e sostenitore nei progetti e nella creazione di sinergie.<img loading=\"lazy\" decoding=\"async\" class=\"size-medium wp-image-2089 alignright\" src=\"http:\/\/dypall.com\/wp-content\/uploads\/2017\/05\/IMG_20170521_122253-300x169.jpg\" alt=\"\" width=\"300\" height=\"169\" \/><\/p>\n<p>In questo modo, \u00e8 stato comunemente percepito che dopo questa iniziativa, sono stati raggiunti i seguenti obiettivi di Europe Goes Local a livello nazionale:<\/p>\n<ul>\n<li>avvicinare l'Agenzia nazionale all'animazione socioeducativa a livello locale;<\/li>\n<li>introdurre l'elemento internazionale\/europeo (animazione socioeducativa internazionale) nei comuni;<\/li>\n<li>mappare le esigenze delle opere per i giovani e dell'animazione socioeducativa a livello comunale;<\/li>\n<li>Costruire reti con le parti interessate (giovani lavoratori, funzionari comunali e politici) a livello locale;<\/li>\n<li>scambiare pratiche in materia di beni e condividere esempi di buoni progetti che sono stati realizzati e attuati a livello locale;<\/li>\n<li>Sensibilizzare gli animatori socioeducativi in merito all'agenda europea.<\/li>\n<\/ul>\n<p><img loading=\"lazy\" decoding=\"async\" class=\"wp-image-2090 aligncenter\" src=\"http:\/\/dypall.com\/wp-content\/uploads\/2017\/05\/IMG_20170522_101150-300x169.jpg\" alt=\"\" width=\"311\" height=\"175\" \/><\/p>","protected":false},"excerpt":{"rendered":"<p>Europe Goes Local \u00e8 una cooperazione a lungo termine nell'ambito del programma Erasmus+ per la giovent\u00f9 a sostegno dell'animazione socioeducativa a livello comunale. Pertanto, 21 agenzie nazionali del programma Erasmus+ nel settore della giovent\u00f9 mirano con questa iniziativa a migliorare la qualit\u00e0 del lavoro con i giovani, attraverso una cooperazione rafforzata tra diverse parti interessate e parti interessate. Anche in linea con... <a class=\"more-link\" href=\"https:\/\/dypall.com\/it\/activity\/europe-goes-local-academia-de-desenvolvimento-juvenil-youth-development-academy\/\">Continua a leggere <span class=\"screen-reader-text\">L'Europa diventa locale  \u2047  Academia de Desenvolvimento Juvenil (Accademia per lo sviluppo giovanile)<\/span><\/a><\/p>","protected":false},"author":1,"featured_media":2087,"comment_status":"closed","ping_status":"open","sticky":false,"template":"","format":"standard","meta":{"_acf_changed":false,"_jetpack_memberships_contains_paid_content":false,"footnotes":""},"categories":[111,141],"tags":[136],"class_list":["post-2086","post","type-post","status-publish","format-standard","has-post-thumbnail","hentry","category-activity","category-training-course","tag-training-course","entry"],"acf":[],"yoast_head":"<!-- This site is optimized with the Yoast SEO plugin v22.8 - https:\/\/yoast.com\/wordpress\/plugins\/seo\/ -->\n<title>Europe Goes Local | Academia de Desenvolvimento Juvenil (Youth Development Academy) - DYPALL Network<\/title>\n<meta name=\"robots\" content=\"index, follow, max-snippet:-1, max-image-preview:large, max-video-preview:-1\" \/>\n<link rel=\"canonical\" href=\"https:\/\/dypall.com\/it\/activity\/europe-goes-local-academia-de-desenvolvimento-juvenil-youth-development-academy\/\" \/>\n<meta property=\"og:locale\" content=\"it_IT\" \/>\n<meta property=\"og:type\" content=\"article\" \/>\n<meta property=\"og:title\" content=\"Europe Goes Local | Academia de Desenvolvimento Juvenil (Youth Development Academy) - DYPALL Network\" \/>\n<meta property=\"og:description\" content=\"Europe Goes Local is a long-term cooperation within the Erasmus+ youth programme to support youth work at the municipal level. Thus, 21 National Agencies of the Erasmus+ programme in the youth sector aim with this initiative, to improve work quality with youth, through strengthened cooperation between several interested parties and stakeholders. Also in line with&hellip; Continua a leggere Europe Goes Local | Academia de Desenvolvimento Juvenil (Youth Development Academy)\" \/>\n<meta property=\"og:url\" content=\"https:\/\/dypall.com\/it\/activity\/europe-goes-local-academia-de-desenvolvimento-juvenil-youth-development-academy\/\" \/>\n<meta property=\"og:site_name\" content=\"DYPALL Network\" \/>\n<meta property=\"article:published_time\" content=\"2017-05-30T10:51:42+00:00\" \/>\n<meta name=\"author\" content=\"DYPALL Network\" \/>\n<meta name=\"twitter:card\" content=\"summary_large_image\" \/>\n<meta name=\"twitter:label1\" content=\"Written by\" \/>\n\t<meta name=\"twitter:data1\" content=\"DYPALL Network\" \/>\n\t<meta name=\"twitter:label2\" content=\"Est. reading time\" \/>\n\t<meta name=\"twitter:data2\" content=\"1 minuto\" \/>\n<script type=\"application\/ld+json\" class=\"yoast-schema-graph\">{\"@context\":\"https:\/\/schema.org\",\"@graph\":[{\"@type\":\"WebPage\",\"@id\":\"https:\/\/dypall.com\/activity\/europe-goes-local-academia-de-desenvolvimento-juvenil-youth-development-academy\/\",\"url\":\"https:\/\/dypall.com\/activity\/europe-goes-local-academia-de-desenvolvimento-juvenil-youth-development-academy\/\",\"name\":\"Europe Goes Local | Academia de Desenvolvimento Juvenil (Youth Development Academy) - DYPALL Network\",\"isPartOf\":{\"@id\":\"https:\/\/dypall.com\/#website\"},\"primaryImageOfPage\":{\"@id\":\"https:\/\/dypall.com\/activity\/europe-goes-local-academia-de-desenvolvimento-juvenil-youth-development-academy\/#primaryimage\"},\"image\":{\"@id\":\"https:\/\/dypall.com\/activity\/europe-goes-local-academia-de-desenvolvimento-juvenil-youth-development-academy\/#primaryimage\"},\"thumbnailUrl\":\"\",\"datePublished\":\"2017-05-30T10:51:42+00:00\",\"dateModified\":\"2017-05-30T10:51:42+00:00\",\"author\":{\"@id\":\"https:\/\/dypall.com\/#\/schema\/person\/f92e08aa15c8ba711a9d153129f03377\"},\"breadcrumb\":{\"@id\":\"https:\/\/dypall.com\/activity\/europe-goes-local-academia-de-desenvolvimento-juvenil-youth-development-academy\/#breadcrumb\"},\"inLanguage\":\"it-IT\",\"potentialAction\":[{\"@type\":\"ReadAction\",\"target\":[\"https:\/\/dypall.com\/activity\/europe-goes-local-academia-de-desenvolvimento-juvenil-youth-development-academy\/\"]}]},{\"@type\":\"ImageObject\",\"inLanguage\":\"it-IT\",\"@id\":\"https:\/\/dypall.com\/activity\/europe-goes-local-academia-de-desenvolvimento-juvenil-youth-development-academy\/#primaryimage\",\"url\":\"\",\"contentUrl\":\"\"},{\"@type\":\"BreadcrumbList\",\"@id\":\"https:\/\/dypall.com\/activity\/europe-goes-local-academia-de-desenvolvimento-juvenil-youth-development-academy\/#breadcrumb\",\"itemListElement\":[{\"@type\":\"ListItem\",\"position\":1,\"name\":\"Home\",\"item\":\"https:\/\/dypall.com\/\"},{\"@type\":\"ListItem\",\"position\":2,\"name\":\"Europe Goes Local | Academia de Desenvolvimento Juvenil (Youth Development Academy)\"}]},{\"@type\":\"WebSite\",\"@id\":\"https:\/\/dypall.com\/#website\",\"url\":\"https:\/\/dypall.com\/\",\"name\":\"DYPALL Network\",\"description\":\"We are a European network of civil society organisations, municipalities and research institutions dedicated to improving democracy through youth participation.\",\"potentialAction\":[{\"@type\":\"SearchAction\",\"target\":{\"@type\":\"EntryPoint\",\"urlTemplate\":\"https:\/\/dypall.com\/?s={search_term_string}\"},\"query-input\":\"required name=search_term_string\"}],\"inLanguage\":\"it-IT\"},{\"@type\":\"Person\",\"@id\":\"https:\/\/dypall.com\/#\/schema\/person\/f92e08aa15c8ba711a9d153129f03377\",\"name\":\"DYPALL Network\",\"image\":{\"@type\":\"ImageObject\",\"inLanguage\":\"it-IT\",\"@id\":\"https:\/\/dypall.com\/#\/schema\/person\/image\/\",\"url\":\"https:\/\/secure.gravatar.com\/avatar\/9c39e299279800c6d69c5e02cf613e7bab060889f373052a03d7ac399e8f0d3c?s=96&d=mm&r=g\",\"contentUrl\":\"https:\/\/secure.gravatar.com\/avatar\/9c39e299279800c6d69c5e02cf613e7bab060889f373052a03d7ac399e8f0d3c?s=96&d=mm&r=g\",\"caption\":\"DYPALL Network\"},\"sameAs\":[\"https:\/\/dypall.com\"],\"url\":\"https:\/\/dypall.com\/it\/author\/dypall\/\"}]}<\/script>\n<!-- \/ Yoast SEO plugin. -->","yoast_head_json":{"title":"Europe Goes Local | Academia de Desenvolvimento Juvenil (Youth Development Academy) - DYPALL Network","robots":{"index":"index","follow":"follow","max-snippet":"max-snippet:-1","max-image-preview":"max-image-preview:large","max-video-preview":"max-video-preview:-1"},"canonical":"https:\/\/dypall.com\/it\/activity\/europe-goes-local-academia-de-desenvolvimento-juvenil-youth-development-academy\/","og_locale":"it_IT","og_type":"article","og_title":"Europe Goes Local | Academia de Desenvolvimento Juvenil (Youth Development Academy) - DYPALL Network","og_description":"Europe Goes Local is a long-term cooperation within the Erasmus+ youth programme to support youth work at the municipal level. Thus, 21 National Agencies of the Erasmus+ programme in the youth sector aim with this initiative, to improve work quality with youth, through strengthened cooperation between several interested parties and stakeholders. Also in line with&hellip; Continua a leggere Europe Goes Local | Academia de Desenvolvimento Juvenil (Youth Development Academy)","og_url":"https:\/\/dypall.com\/it\/activity\/europe-goes-local-academia-de-desenvolvimento-juvenil-youth-development-academy\/","og_site_name":"DYPALL Network","article_published_time":"2017-05-30T10:51:42+00:00","author":"DYPALL Network","twitter_card":"summary_large_image","twitter_misc":{"Written by":"DYPALL Network","Est. reading time":"1 minuto"},"schema":{"@context":"https:\/\/schema.org","@graph":[{"@type":"WebPage","@id":"https:\/\/dypall.com\/activity\/europe-goes-local-academia-de-desenvolvimento-juvenil-youth-development-academy\/","url":"https:\/\/dypall.com\/activity\/europe-goes-local-academia-de-desenvolvimento-juvenil-youth-development-academy\/","name":"Europe Goes Local | Academia de Desenvolvimento Juvenil (Youth Development Academy) - DYPALL Network","isPartOf":{"@id":"https:\/\/dypall.com\/#website"},"primaryImageOfPage":{"@id":"https:\/\/dypall.com\/activity\/europe-goes-local-academia-de-desenvolvimento-juvenil-youth-development-academy\/#primaryimage"},"image":{"@id":"https:\/\/dypall.com\/activity\/europe-goes-local-academia-de-desenvolvimento-juvenil-youth-development-academy\/#primaryimage"},"thumbnailUrl":"","datePublished":"2017-05-30T10:51:42+00:00","dateModified":"2017-05-30T10:51:42+00:00","author":{"@id":"https:\/\/dypall.com\/#\/schema\/person\/f92e08aa15c8ba711a9d153129f03377"},"breadcrumb":{"@id":"https:\/\/dypall.com\/activity\/europe-goes-local-academia-de-desenvolvimento-juvenil-youth-development-academy\/#breadcrumb"},"inLanguage":"it-IT","potentialAction":[{"@type":"ReadAction","target":["https:\/\/dypall.com\/activity\/europe-goes-local-academia-de-desenvolvimento-juvenil-youth-development-academy\/"]}]},{"@type":"ImageObject","inLanguage":"it-IT","@id":"https:\/\/dypall.com\/activity\/europe-goes-local-academia-de-desenvolvimento-juvenil-youth-development-academy\/#primaryimage","url":"","contentUrl":""},{"@type":"BreadcrumbList","@id":"https:\/\/dypall.com\/activity\/europe-goes-local-academia-de-desenvolvimento-juvenil-youth-development-academy\/#breadcrumb","itemListElement":[{"@type":"ListItem","position":1,"name":"Home","item":"https:\/\/dypall.com\/"},{"@type":"ListItem","position":2,"name":"Europe Goes Local | Academia de Desenvolvimento Juvenil (Youth Development Academy)"}]},{"@type":"WebSite","@id":"https:\/\/dypall.com\/#website","url":"https:\/\/dypall.com\/","name":"DYPALL Network","description":"We are a European network of civil society organisations, municipalities and research institutions dedicated to improving democracy through youth participation.","potentialAction":[{"@type":"SearchAction","target":{"@type":"EntryPoint","urlTemplate":"https:\/\/dypall.com\/?s={search_term_string}"},"query-input":"required name=search_term_string"}],"inLanguage":"it-IT"},{"@type":"Person","@id":"https:\/\/dypall.com\/#\/schema\/person\/f92e08aa15c8ba711a9d153129f03377","name":"DYPALL Network","image":{"@type":"ImageObject","inLanguage":"it-IT","@id":"https:\/\/dypall.com\/#\/schema\/person\/image\/","url":"https:\/\/secure.gravatar.com\/avatar\/9c39e299279800c6d69c5e02cf613e7bab060889f373052a03d7ac399e8f0d3c?s=96&d=mm&r=g","contentUrl":"https:\/\/secure.gravatar.com\/avatar\/9c39e299279800c6d69c5e02cf613e7bab060889f373052a03d7ac399e8f0d3c?s=96&d=mm&r=g","caption":"DYPALL Network"},"sameAs":["https:\/\/dypall.com"],"url":"https:\/\/dypall.com\/it\/author\/dypall\/"}]}},"jetpack_featured_media_url":"","jetpack_sharing_enabled":true,"_links":{"self":[{"href":"https:\/\/dypall.com\/it\/wp-json\/wp\/v2\/posts\/2086","targetHints":{"allow":["GET"]}}],"collection":[{"href":"https:\/\/dypall.com\/it\/wp-json\/wp\/v2\/posts"}],"about":[{"href":"https:\/\/dypall.com\/it\/wp-json\/wp\/v2\/types\/post"}],"author":[{"embeddable":true,"href":"https:\/\/dypall.com\/it\/wp-json\/wp\/v2\/users\/1"}],"replies":[{"embeddable":true,"href":"https:\/\/dypall.com\/it\/wp-json\/wp\/v2\/comments?post=2086"}],"version-history":[{"count":0,"href":"https:\/\/dypall.com\/it\/wp-json\/wp\/v2\/posts\/2086\/revisions"}],"wp:featuredmedia":[{"embeddable":true,"href":"https:\/\/dypall.com\/it\/wp-json\/"}],"wp:attachment":[{"href":"https:\/\/dypall.com\/it\/wp-json\/wp\/v2\/media?parent=2086"}],"wp:term":[{"taxonomy":"category","embeddable":true,"href":"https:\/\/dypall.com\/it\/wp-json\/wp\/v2\/categories?post=2086"},{"taxonomy":"post_tag","embeddable":true,"href":"https:\/\/dypall.com\/it\/wp-json\/wp\/v2\/tags?post=2086"}],"curies":[{"name":"wp","href":"https:\/\/api.w.org\/{rel}","templated":true}]}}