{"id":1486,"date":"2016-04-13T09:20:07","date_gmt":"2016-04-13T07:20:07","guid":{"rendered":"http:\/\/dypall.com\/?p=1486"},"modified":"2016-04-13T09:20:07","modified_gmt":"2016-04-13T07:20:07","slug":"hearyourvoices-2","status":"publish","type":"post","link":"https:\/\/dypall.com\/it\/activity\/hearyourvoices-2\/","title":{"rendered":"#hearyourvoices : Sguardi della Conferenza"},"content":{"rendered":"<p><em><a href=\"http:\/\/dypall.com\/it\/2016\/04\/13\/hearyourvoices-2\/armend\/#main\" rel=\"attachment wp-att-1490\"><img loading=\"lazy\" decoding=\"async\" class=\"size-medium wp-image-1490 alignleft\" src=\"http:\/\/dypall.com\/wp-content\/uploads\/2016\/11\/Armend-300x213.png\" alt=\"armend\" width=\"300\" height=\"213\" \/><\/a>\"Sono del comune di Kumanovo (Macedonia), dipartimento per l'Eurointegrazione e la cooperazione internazionale. Sono venuto qui alla conferenza <\/em><em>\"Politica dei giovani a livello locale e regionale\" per condividere esperienze tra il mio comune, il comune di Portim\u00e3o e le altre autorit\u00e0 locali qui presenti, per scambiare conoscenze, contatti e creare una rete.<br \/>\nLa mia aspettativa \u00e8 quella di aumentare la nostra conoscenza sui diversi meccanismi di partecipazione dei giovani.<\/em><\/p>\n<p>La partecipazione dei giovani significa molto per me in quanto sono un funzionario pubblico nel comune e lavoro su vari progetti con i movimenti giovanili locali, quindi \u00e8 bello vedere esperienze simili e confrontarle con il modo in cui le implementiamo nel nostro paese. L'opportunit\u00e0 offerta dalla rete DYPALL e da questa conferenza di riunire la societ\u00e0 civile e le organizzazioni giovanili con i comuni \u00e8 molto importante perch\u00e9 tutti i progetti di queste ONG integrano e alimentano il programma degli enti locali e regionali.<\/p>\n<p>I giovani sono il presente e il futuro, quindi le esigenze dei giovani sono davvero importanti e ogni paese, ogni regione dovrebbe avere un piano strategico per lo sviluppo dei giovani e il loro benessere, in quanto sono la generazione che guider\u00e0 il futuro.\"<\/p>\n<p><strong>Armend Mehmeti, comune di Kumanovo (Macedonia)<\/strong><\/p>\n<p>&nbsp;<\/p>\n<p>Leggi la conferenza internazionale su <a href=\"https:\/\/dypall.com\/it\/activity\/international-conference-developing-our-territories-through-youth-participation-in-decision-making\/\">\"Politica dei giovani a livello locale e regionale \u2013 Sviluppare i nostri territori attraverso la partecipazione dei giovani ai processi decisionali\"<\/a> Portim\u00e3o (Portogallo) 12 -15 aprile 2016<\/p>","protected":false},"excerpt":{"rendered":"<p>\"Sono del comune di Kumanovo (Macedonia), dipartimento per l'Eurointegrazione e la cooperazione internazionale. Sono venuto qui alla conferenza \"Politica dei giovani a livello locale e regionale\" per condividere esperienze tra il mio comune, il comune di Portim\u00e3o e le altre autorit\u00e0 locali qui presenti, per scambiare conoscenze, contatti e creare una rete. La mia aspettativa \u00e8... <a class=\"more-link\" href=\"https:\/\/dypall.com\/it\/activity\/hearyourvoices-2\/\">Continua a leggere <span class=\"screen-reader-text\">#hearyourvoices : Sguardi della Conferenza<\/span><\/a><\/p>","protected":false},"author":2,"featured_media":1490,"comment_status":"closed","ping_status":"open","sticky":false,"template":"","format":"standard","meta":{"_acf_changed":false,"_jetpack_memberships_contains_paid_content":false,"footnotes":""},"categories":[111,112],"tags":[113,115,121],"class_list":["post-1486","post","type-post","status-publish","format-standard","has-post-thumbnail","hentry","category-activity","category-conference","tag-conference","tag-seminar","tag-testimony","entry"],"acf":[],"yoast_head":"<!-- This site is optimized with the Yoast SEO plugin v22.8 - https:\/\/yoast.com\/wordpress\/plugins\/seo\/ -->\n<title>#hearyourvoices : glimpses of the Conference - DYPALL Network<\/title>\n<meta name=\"robots\" content=\"index, follow, max-snippet:-1, max-image-preview:large, max-video-preview:-1\" \/>\n<link rel=\"canonical\" href=\"https:\/\/dypall.com\/it\/activity\/hearyourvoices-2\/\" \/>\n<meta property=\"og:locale\" content=\"it_IT\" \/>\n<meta property=\"og:type\" content=\"article\" \/>\n<meta property=\"og:title\" content=\"#hearyourvoices : glimpses of the Conference - DYPALL Network\" \/>\n<meta property=\"og:description\" content=\"&#8220;I am from the Municipality of Kumanovo (Macedonia), Department for Euro-integration and international cooperation. I came here to the Conference \u201cYouth Policy at Local and Regional level\u201d to share experiences among my municipality, the municipality of Portim\u00e3o and the other local authorities here present, to exchange knowledge, contacts and create a network. My expectation is&hellip; Continua a leggere #hearyourvoices : glimpses of the Conference\" \/>\n<meta property=\"og:url\" content=\"https:\/\/dypall.com\/it\/activity\/hearyourvoices-2\/\" \/>\n<meta property=\"og:site_name\" content=\"DYPALL Network\" \/>\n<meta property=\"article:published_time\" content=\"2016-04-13T07:20:07+00:00\" \/>\n<meta name=\"author\" content=\"dypall\" \/>\n<meta name=\"twitter:card\" content=\"summary_large_image\" \/>\n<meta name=\"twitter:label1\" content=\"Written by\" \/>\n\t<meta name=\"twitter:data1\" content=\"dypall\" \/>\n\t<meta name=\"twitter:label2\" content=\"Est. reading time\" \/>\n\t<meta name=\"twitter:data2\" content=\"1 minuto\" \/>\n<script type=\"application\/ld+json\" class=\"yoast-schema-graph\">{\"@context\":\"https:\/\/schema.org\",\"@graph\":[{\"@type\":\"WebPage\",\"@id\":\"https:\/\/dypall.com\/activity\/hearyourvoices-2\/\",\"url\":\"https:\/\/dypall.com\/activity\/hearyourvoices-2\/\",\"name\":\"#hearyourvoices : glimpses of the Conference - DYPALL Network\",\"isPartOf\":{\"@id\":\"https:\/\/dypall.com\/#website\"},\"primaryImageOfPage\":{\"@id\":\"https:\/\/dypall.com\/activity\/hearyourvoices-2\/#primaryimage\"},\"image\":{\"@id\":\"https:\/\/dypall.com\/activity\/hearyourvoices-2\/#primaryimage\"},\"thumbnailUrl\":\"\",\"datePublished\":\"2016-04-13T07:20:07+00:00\",\"dateModified\":\"2016-04-13T07:20:07+00:00\",\"author\":{\"@id\":\"https:\/\/dypall.com\/#\/schema\/person\/206350efe851997fcdedef75d118766b\"},\"breadcrumb\":{\"@id\":\"https:\/\/dypall.com\/activity\/hearyourvoices-2\/#breadcrumb\"},\"inLanguage\":\"it-IT\",\"potentialAction\":[{\"@type\":\"ReadAction\",\"target\":[\"https:\/\/dypall.com\/activity\/hearyourvoices-2\/\"]}]},{\"@type\":\"ImageObject\",\"inLanguage\":\"it-IT\",\"@id\":\"https:\/\/dypall.com\/activity\/hearyourvoices-2\/#primaryimage\",\"url\":\"\",\"contentUrl\":\"\"},{\"@type\":\"BreadcrumbList\",\"@id\":\"https:\/\/dypall.com\/activity\/hearyourvoices-2\/#breadcrumb\",\"itemListElement\":[{\"@type\":\"ListItem\",\"position\":1,\"name\":\"Home\",\"item\":\"https:\/\/dypall.com\/\"},{\"@type\":\"ListItem\",\"position\":2,\"name\":\"#hearyourvoices : glimpses of the Conference\"}]},{\"@type\":\"WebSite\",\"@id\":\"https:\/\/dypall.com\/#website\",\"url\":\"https:\/\/dypall.com\/\",\"name\":\"DYPALL Network\",\"description\":\"We are a European network of civil society organisations, municipalities and research institutions dedicated to improving democracy through youth participation.\",\"potentialAction\":[{\"@type\":\"SearchAction\",\"target\":{\"@type\":\"EntryPoint\",\"urlTemplate\":\"https:\/\/dypall.com\/?s={search_term_string}\"},\"query-input\":\"required name=search_term_string\"}],\"inLanguage\":\"it-IT\"},{\"@type\":\"Person\",\"@id\":\"https:\/\/dypall.com\/#\/schema\/person\/206350efe851997fcdedef75d118766b\",\"name\":\"dypall\",\"image\":{\"@type\":\"ImageObject\",\"inLanguage\":\"it-IT\",\"@id\":\"https:\/\/dypall.com\/#\/schema\/person\/image\/\",\"url\":\"https:\/\/secure.gravatar.com\/avatar\/14e8d3d8841cd0bdf69915120bcf9fcfac1567f1dc7035664907322ac47efe29?s=96&d=mm&r=g\",\"contentUrl\":\"https:\/\/secure.gravatar.com\/avatar\/14e8d3d8841cd0bdf69915120bcf9fcfac1567f1dc7035664907322ac47efe29?s=96&d=mm&r=g\",\"caption\":\"dypall\"},\"url\":\"https:\/\/dypall.com\/it\/author\/dypall_info\/\"}]}<\/script>\n<!-- \/ Yoast SEO plugin. -->","yoast_head_json":{"title":"#hearyourvoices : glimpses of the Conference - DYPALL Network","robots":{"index":"index","follow":"follow","max-snippet":"max-snippet:-1","max-image-preview":"max-image-preview:large","max-video-preview":"max-video-preview:-1"},"canonical":"https:\/\/dypall.com\/it\/activity\/hearyourvoices-2\/","og_locale":"it_IT","og_type":"article","og_title":"#hearyourvoices : glimpses of the Conference - DYPALL Network","og_description":"&#8220;I am from the Municipality of Kumanovo (Macedonia), Department for Euro-integration and international cooperation. I came here to the Conference \u201cYouth Policy at Local and Regional level\u201d to share experiences among my municipality, the municipality of Portim\u00e3o and the other local authorities here present, to exchange knowledge, contacts and create a network. My expectation is&hellip; Continua a leggere #hearyourvoices : glimpses of the Conference","og_url":"https:\/\/dypall.com\/it\/activity\/hearyourvoices-2\/","og_site_name":"DYPALL Network","article_published_time":"2016-04-13T07:20:07+00:00","author":"dypall","twitter_card":"summary_large_image","twitter_misc":{"Written by":"dypall","Est. reading time":"1 minuto"},"schema":{"@context":"https:\/\/schema.org","@graph":[{"@type":"WebPage","@id":"https:\/\/dypall.com\/activity\/hearyourvoices-2\/","url":"https:\/\/dypall.com\/activity\/hearyourvoices-2\/","name":"#hearyourvoices : glimpses of the Conference - DYPALL Network","isPartOf":{"@id":"https:\/\/dypall.com\/#website"},"primaryImageOfPage":{"@id":"https:\/\/dypall.com\/activity\/hearyourvoices-2\/#primaryimage"},"image":{"@id":"https:\/\/dypall.com\/activity\/hearyourvoices-2\/#primaryimage"},"thumbnailUrl":"","datePublished":"2016-04-13T07:20:07+00:00","dateModified":"2016-04-13T07:20:07+00:00","author":{"@id":"https:\/\/dypall.com\/#\/schema\/person\/206350efe851997fcdedef75d118766b"},"breadcrumb":{"@id":"https:\/\/dypall.com\/activity\/hearyourvoices-2\/#breadcrumb"},"inLanguage":"it-IT","potentialAction":[{"@type":"ReadAction","target":["https:\/\/dypall.com\/activity\/hearyourvoices-2\/"]}]},{"@type":"ImageObject","inLanguage":"it-IT","@id":"https:\/\/dypall.com\/activity\/hearyourvoices-2\/#primaryimage","url":"","contentUrl":""},{"@type":"BreadcrumbList","@id":"https:\/\/dypall.com\/activity\/hearyourvoices-2\/#breadcrumb","itemListElement":[{"@type":"ListItem","position":1,"name":"Home","item":"https:\/\/dypall.com\/"},{"@type":"ListItem","position":2,"name":"#hearyourvoices : glimpses of the Conference"}]},{"@type":"WebSite","@id":"https:\/\/dypall.com\/#website","url":"https:\/\/dypall.com\/","name":"DYPALL Network","description":"We are a European network of civil society organisations, municipalities and research institutions dedicated to improving democracy through youth participation.","potentialAction":[{"@type":"SearchAction","target":{"@type":"EntryPoint","urlTemplate":"https:\/\/dypall.com\/?s={search_term_string}"},"query-input":"required name=search_term_string"}],"inLanguage":"it-IT"},{"@type":"Person","@id":"https:\/\/dypall.com\/#\/schema\/person\/206350efe851997fcdedef75d118766b","name":"dypall","image":{"@type":"ImageObject","inLanguage":"it-IT","@id":"https:\/\/dypall.com\/#\/schema\/person\/image\/","url":"https:\/\/secure.gravatar.com\/avatar\/14e8d3d8841cd0bdf69915120bcf9fcfac1567f1dc7035664907322ac47efe29?s=96&d=mm&r=g","contentUrl":"https:\/\/secure.gravatar.com\/avatar\/14e8d3d8841cd0bdf69915120bcf9fcfac1567f1dc7035664907322ac47efe29?s=96&d=mm&r=g","caption":"dypall"},"url":"https:\/\/dypall.com\/it\/author\/dypall_info\/"}]}},"jetpack_featured_media_url":"","jetpack_sharing_enabled":true,"_links":{"self":[{"href":"https:\/\/dypall.com\/it\/wp-json\/wp\/v2\/posts\/1486","targetHints":{"allow":["GET"]}}],"collection":[{"href":"https:\/\/dypall.com\/it\/wp-json\/wp\/v2\/posts"}],"about":[{"href":"https:\/\/dypall.com\/it\/wp-json\/wp\/v2\/types\/post"}],"author":[{"embeddable":true,"href":"https:\/\/dypall.com\/it\/wp-json\/wp\/v2\/users\/2"}],"replies":[{"embeddable":true,"href":"https:\/\/dypall.com\/it\/wp-json\/wp\/v2\/comments?post=1486"}],"version-history":[{"count":0,"href":"https:\/\/dypall.com\/it\/wp-json\/wp\/v2\/posts\/1486\/revisions"}],"wp:featuredmedia":[{"embeddable":true,"href":"https:\/\/dypall.com\/it\/wp-json\/"}],"wp:attachment":[{"href":"https:\/\/dypall.com\/it\/wp-json\/wp\/v2\/media?parent=1486"}],"wp:term":[{"taxonomy":"category","embeddable":true,"href":"https:\/\/dypall.com\/it\/wp-json\/wp\/v2\/categories?post=1486"},{"taxonomy":"post_tag","embeddable":true,"href":"https:\/\/dypall.com\/it\/wp-json\/wp\/v2\/tags?post=1486"}],"curies":[{"name":"wp","href":"https:\/\/api.w.org\/{rel}","templated":true}]}}