{"id":7742,"date":"2024-09-27T15:16:28","date_gmt":"2024-09-27T15:16:28","guid":{"rendered":"https:\/\/dypall.com\/?p=7742"},"modified":"2024-09-27T15:16:28","modified_gmt":"2024-09-27T15:16:28","slug":"empowereu-academy-in-santa-cruz-portugal","status":"publish","type":"post","link":"https:\/\/dypall.com\/hr\/activity\/empowereu-academy-in-santa-cruz-portugal\/","title":{"rendered":"Akademija EmpowerEU u Santa Cruzu, Portugal"},"content":{"rendered":"<p>Mre\u017ea DYPALL organizirala je Akademiju EmpowerEU u Santa Cruzu (Portugal) od 19. do 21. rujna 2024.<\/p>\n\n\n\n<p>Akademija je okupila vi\u0161e od 15 sudionika iz cijelog Portugala koji su sudjelovali na pronicljivim sastancima na kojima su se ispitivali struktura i funkcije institucija EU-a, va\u017enost anga\u017emana mladih i razvoj vje\u0161tina kriti\u010dkog razmi\u0161ljanja. Program se temeljio na skupu alata \u201eObrazovanje za demokraciju\u201d, u kojem su se primjenjivale metode neformalnog obrazovanja kako bi se potaknulo interaktivno u\u010denje i aktivno sudjelovanje mladih.<\/p>\n\n\n\n<p>Klju\u010dni naglasak bila je prakti\u010dna simulacija u kojoj su sudionici igrali ulogu ministara i ministrica iz razli\u010ditih zemalja EU-a te su stekli prakti\u010dno znanje o funkcioniranju Vije\u0107a Europske unije.<\/p>\n\n\n\n<p>Pridru\u017eio nam se i Felso, predstavnik Europske komisije u Portugalu, \u010dija je prisutnost dodatno produbila rasprave i aktivnosti.<\/p>\n\n\n\n<p>EmpowerEU: Projekt Mladi multiplikatori za demokraciju dio je projekta \u201eGlas gra\u0111ana: inicijativa \u201eKako se uklju\u010diti u vrijednosti i politike EU-a\u201d, kojom upravlja ALDA i koju financira Europska komisija u okviru programa Gra\u0111ani, jednakost, prava i vrijednosti<\/p>\n\n\n\n<p><\/p>\n\n\n\n<figure class=\"wp-block-gallery has-nested-images columns-default is-cropped wp-block-gallery-1 is-layout-flex wp-block-gallery-is-layout-flex\">\n<figure class=\"wp-block-image size-large\"><img loading=\"lazy\" decoding=\"async\" width=\"2560\" height=\"1920\" data-id=\"7743\" src=\"https:\/\/dypall.com\/wp-content\/uploads\/2024\/09\/image00031-scaled.jpeg\" alt=\"\" class=\"wp-image-7743\" srcset=\"https:\/\/dypall.com\/wp-content\/uploads\/2024\/09\/image00031-scaled.jpeg 2560w, https:\/\/dypall.com\/wp-content\/uploads\/2024\/09\/image00031-768x576.jpeg 768w, https:\/\/dypall.com\/wp-content\/uploads\/2024\/09\/image00031-1536x1152.jpeg 1536w, https:\/\/dypall.com\/wp-content\/uploads\/2024\/09\/image00031-2048x1536.jpeg 2048w, https:\/\/dypall.com\/wp-content\/uploads\/2024\/09\/image00031-1568x1176.jpeg 1568w\" sizes=\"auto, (max-width: 2560px) 100vw, 2560px\" \/><\/figure>\n\n\n\n<figure class=\"wp-block-image size-large\"><img loading=\"lazy\" decoding=\"async\" width=\"1200\" height=\"1600\" data-id=\"7744\" src=\"https:\/\/dypall.com\/wp-content\/uploads\/2024\/09\/image00005.jpeg\" alt=\"\" class=\"wp-image-7744\" srcset=\"https:\/\/dypall.com\/wp-content\/uploads\/2024\/09\/image00005.jpeg 1200w, https:\/\/dypall.com\/wp-content\/uploads\/2024\/09\/image00005-768x1024.jpeg 768w, https:\/\/dypall.com\/wp-content\/uploads\/2024\/09\/image00005-1152x1536.jpeg 1152w\" sizes=\"auto, (max-width: 1200px) 100vw, 1200px\" \/><\/figure>\n\n\n\n<figure class=\"wp-block-image size-large\"><img loading=\"lazy\" decoding=\"async\" width=\"2560\" height=\"1440\" data-id=\"7746\" src=\"https:\/\/dypall.com\/wp-content\/uploads\/2024\/09\/image00042-scaled.jpeg\" alt=\"\" class=\"wp-image-7746\" srcset=\"https:\/\/dypall.com\/wp-content\/uploads\/2024\/09\/image00042-scaled.jpeg 2560w, https:\/\/dypall.com\/wp-content\/uploads\/2024\/09\/image00042-768x432.jpeg 768w, https:\/\/dypall.com\/wp-content\/uploads\/2024\/09\/image00042-1536x864.jpeg 1536w, https:\/\/dypall.com\/wp-content\/uploads\/2024\/09\/image00042-2048x1152.jpeg 2048w, https:\/\/dypall.com\/wp-content\/uploads\/2024\/09\/image00042-1568x882.jpeg 1568w\" sizes=\"auto, (max-width: 2560px) 100vw, 2560px\" \/><\/figure>\n\n\n\n<figure class=\"wp-block-image size-large\"><img loading=\"lazy\" decoding=\"async\" width=\"2560\" height=\"1920\" data-id=\"7745\" src=\"https:\/\/dypall.com\/wp-content\/uploads\/2024\/09\/image00023-scaled.jpeg\" alt=\"\" class=\"wp-image-7745\" srcset=\"https:\/\/dypall.com\/wp-content\/uploads\/2024\/09\/image00023-scaled.jpeg 2560w, https:\/\/dypall.com\/wp-content\/uploads\/2024\/09\/image00023-768x576.jpeg 768w, https:\/\/dypall.com\/wp-content\/uploads\/2024\/09\/image00023-1536x1152.jpeg 1536w, https:\/\/dypall.com\/wp-content\/uploads\/2024\/09\/image00023-2048x1536.jpeg 2048w, https:\/\/dypall.com\/wp-content\/uploads\/2024\/09\/image00023-1568x1176.jpeg 1568w\" sizes=\"auto, (max-width: 2560px) 100vw, 2560px\" \/><\/figure>\n<\/figure>","protected":false},"excerpt":{"rendered":"<p>Mre\u017ea DYPALL organizirala je Akademiju EmpowerEU u Santa Cruzu (Portugal) od 19. do 21. rujna 2024. Akademija je okupila vi\u0161e od 15 sudionika iz cijelog Portugala koji su sudjelovali na pronicljivim sastancima na kojima su se ispitivali struktura i funkcije institucija EU-a, va\u017enost anga\u017emana mladih i razvoj vje\u0161tina kriti\u010dkog razmi\u0161ljanja. Program... <a class=\"more-link\" href=\"https:\/\/dypall.com\/hr\/activity\/empowereu-academy-in-santa-cruz-portugal\/\">Nastavi \u010ditati <span class=\"screen-reader-text\">Akademija EmpowerEU u Santa Cruzu, Portugal<\/span><\/a><\/p>","protected":false},"author":5,"featured_media":7743,"comment_status":"open","ping_status":"open","sticky":false,"template":"","format":"standard","meta":{"_acf_changed":false,"_jetpack_memberships_contains_paid_content":false,"footnotes":""},"categories":[111],"tags":[],"class_list":["post-7742","post","type-post","status-publish","format-standard","has-post-thumbnail","hentry","category-activity","entry"],"acf":[],"yoast_head":"<!-- This site is optimized with the Yoast SEO plugin v22.8 - https:\/\/yoast.com\/wordpress\/plugins\/seo\/ -->\n<title>EmpowerEU Academy in Santa Cruz, Portugal - DYPALL Network<\/title>\n<meta name=\"description\" content=\"DYPALL Network organised the EmpowerEU Academy in Santa Cruz, Portugal, from 19th - 21st September 2024.The academy brought together more than 15 participants from across Portugal, who took part in insightful sessions exploring the structure and functions of EU institutions, the significance of youth engagement, and the development of critical thinking skills.\" \/>\n<meta name=\"robots\" content=\"index, follow, max-snippet:-1, max-image-preview:large, max-video-preview:-1\" \/>\n<link rel=\"canonical\" href=\"https:\/\/dypall.com\/hr\/activity\/empowereu-academy-in-santa-cruz-portugal\/\" \/>\n<meta property=\"og:locale\" content=\"hr_HR\" \/>\n<meta property=\"og:type\" content=\"article\" \/>\n<meta property=\"og:title\" content=\"EmpowerEU Academy in Santa Cruz, Portugal - DYPALL Network\" \/>\n<meta property=\"og:description\" content=\"DYPALL Network organised the EmpowerEU Academy in Santa Cruz, Portugal, from 19th - 21st September 2024.The academy brought together more than 15 participants from across Portugal, who took part in insightful sessions exploring the structure and functions of EU institutions, the significance of youth engagement, and the development of critical thinking skills.\" \/>\n<meta property=\"og:url\" content=\"https:\/\/dypall.com\/hr\/activity\/empowereu-academy-in-santa-cruz-portugal\/\" \/>\n<meta property=\"og:site_name\" content=\"DYPALL Network\" \/>\n<meta property=\"article:published_time\" content=\"2024-09-27T15:16:28+00:00\" \/>\n<meta property=\"og:image\" content=\"https:\/\/dypall.com\/wp-content\/uploads\/2024\/09\/image00031-scaled.jpeg\" \/>\n\t<meta property=\"og:image:width\" content=\"2560\" \/>\n\t<meta property=\"og:image:height\" content=\"1920\" \/>\n\t<meta property=\"og:image:type\" content=\"image\/jpeg\" \/>\n<meta name=\"author\" content=\"DYPALL Network\" \/>\n<meta name=\"twitter:card\" content=\"summary_large_image\" \/>\n<meta name=\"twitter:label1\" content=\"Written by\" \/>\n\t<meta name=\"twitter:data1\" content=\"DYPALL Network\" \/>\n\t<meta name=\"twitter:label2\" content=\"Est. reading time\" \/>\n\t<meta name=\"twitter:data2\" content=\"2 minute\" \/>\n<script type=\"application\/ld+json\" class=\"yoast-schema-graph\">{\"@context\":\"https:\/\/schema.org\",\"@graph\":[{\"@type\":\"WebPage\",\"@id\":\"https:\/\/dypall.com\/activity\/empowereu-academy-in-santa-cruz-portugal\/\",\"url\":\"https:\/\/dypall.com\/activity\/empowereu-academy-in-santa-cruz-portugal\/\",\"name\":\"EmpowerEU Academy in Santa Cruz, Portugal - DYPALL Network\",\"isPartOf\":{\"@id\":\"https:\/\/dypall.com\/#website\"},\"primaryImageOfPage\":{\"@id\":\"https:\/\/dypall.com\/activity\/empowereu-academy-in-santa-cruz-portugal\/#primaryimage\"},\"image\":{\"@id\":\"https:\/\/dypall.com\/activity\/empowereu-academy-in-santa-cruz-portugal\/#primaryimage\"},\"thumbnailUrl\":\"https:\/\/dypall.com\/wp-content\/uploads\/2024\/09\/image00031-scaled.jpeg\",\"datePublished\":\"2024-09-27T15:16:28+00:00\",\"dateModified\":\"2024-09-27T15:16:28+00:00\",\"author\":{\"@id\":\"https:\/\/dypall.com\/#\/schema\/person\/e87206094ce8bcf88449b35f00e40fb1\"},\"description\":\"DYPALL Network organised the EmpowerEU Academy in Santa Cruz, Portugal, from 19th - 21st September 2024.The academy brought together more than 15 participants from across Portugal, who took part in insightful sessions exploring the structure and functions of EU institutions, the significance of youth engagement, and the development of critical thinking skills.\",\"breadcrumb\":{\"@id\":\"https:\/\/dypall.com\/activity\/empowereu-academy-in-santa-cruz-portugal\/#breadcrumb\"},\"inLanguage\":\"hr\",\"potentialAction\":[{\"@type\":\"ReadAction\",\"target\":[\"https:\/\/dypall.com\/activity\/empowereu-academy-in-santa-cruz-portugal\/\"]}]},{\"@type\":\"ImageObject\",\"inLanguage\":\"hr\",\"@id\":\"https:\/\/dypall.com\/activity\/empowereu-academy-in-santa-cruz-portugal\/#primaryimage\",\"url\":\"https:\/\/dypall.com\/wp-content\/uploads\/2024\/09\/image00031-scaled.jpeg\",\"contentUrl\":\"https:\/\/dypall.com\/wp-content\/uploads\/2024\/09\/image00031-scaled.jpeg\",\"width\":2560,\"height\":1920},{\"@type\":\"BreadcrumbList\",\"@id\":\"https:\/\/dypall.com\/activity\/empowereu-academy-in-santa-cruz-portugal\/#breadcrumb\",\"itemListElement\":[{\"@type\":\"ListItem\",\"position\":1,\"name\":\"Home\",\"item\":\"https:\/\/dypall.com\/\"},{\"@type\":\"ListItem\",\"position\":2,\"name\":\"EmpowerEU Academy in Santa Cruz, Portugal\"}]},{\"@type\":\"WebSite\",\"@id\":\"https:\/\/dypall.com\/#website\",\"url\":\"https:\/\/dypall.com\/\",\"name\":\"DYPALL Network\",\"description\":\"We are a European network of civil society organisations, municipalities and research institutions dedicated to improving democracy through youth participation.\",\"potentialAction\":[{\"@type\":\"SearchAction\",\"target\":{\"@type\":\"EntryPoint\",\"urlTemplate\":\"https:\/\/dypall.com\/?s={search_term_string}\"},\"query-input\":\"required name=search_term_string\"}],\"inLanguage\":\"hr\"},{\"@type\":\"Person\",\"@id\":\"https:\/\/dypall.com\/#\/schema\/person\/e87206094ce8bcf88449b35f00e40fb1\",\"name\":\"DYPALL Network\",\"image\":{\"@type\":\"ImageObject\",\"inLanguage\":\"hr\",\"@id\":\"https:\/\/dypall.com\/#\/schema\/person\/image\/\",\"url\":\"https:\/\/secure.gravatar.com\/avatar\/1061d2d4c9b4f1a9b496774795b5deac1200dfd1d3abecb8f85cf8b580e6963b?s=96&d=mm&r=g\",\"contentUrl\":\"https:\/\/secure.gravatar.com\/avatar\/1061d2d4c9b4f1a9b496774795b5deac1200dfd1d3abecb8f85cf8b580e6963b?s=96&d=mm&r=g\",\"caption\":\"DYPALL Network\"},\"sameAs\":[\"https:\/\/dypall.com\/\"],\"url\":\"https:\/\/dypall.com\/hr\/author\/dypallonsteroids\/\"}]}<\/script>\n<!-- \/ Yoast SEO plugin. -->","yoast_head_json":{"title":"EmpowerEU Academy in Santa Cruz, Portugal - DYPALL Network","description":"DYPALL Network organised the EmpowerEU Academy in Santa Cruz, Portugal, from 19th - 21st September 2024.The academy brought together more than 15 participants from across Portugal, who took part in insightful sessions exploring the structure and functions of EU institutions, the significance of youth engagement, and the development of critical thinking skills.","robots":{"index":"index","follow":"follow","max-snippet":"max-snippet:-1","max-image-preview":"max-image-preview:large","max-video-preview":"max-video-preview:-1"},"canonical":"https:\/\/dypall.com\/hr\/activity\/empowereu-academy-in-santa-cruz-portugal\/","og_locale":"hr_HR","og_type":"article","og_title":"EmpowerEU Academy in Santa Cruz, Portugal - DYPALL Network","og_description":"DYPALL Network organised the EmpowerEU Academy in Santa Cruz, Portugal, from 19th - 21st September 2024.The academy brought together more than 15 participants from across Portugal, who took part in insightful sessions exploring the structure and functions of EU institutions, the significance of youth engagement, and the development of critical thinking skills.","og_url":"https:\/\/dypall.com\/hr\/activity\/empowereu-academy-in-santa-cruz-portugal\/","og_site_name":"DYPALL Network","article_published_time":"2024-09-27T15:16:28+00:00","og_image":[{"width":2560,"height":1920,"url":"https:\/\/dypall.com\/wp-content\/uploads\/2024\/09\/image00031-scaled.jpeg","type":"image\/jpeg"}],"author":"DYPALL Network","twitter_card":"summary_large_image","twitter_misc":{"Written by":"DYPALL Network","Est. reading time":"2 minute"},"schema":{"@context":"https:\/\/schema.org","@graph":[{"@type":"WebPage","@id":"https:\/\/dypall.com\/activity\/empowereu-academy-in-santa-cruz-portugal\/","url":"https:\/\/dypall.com\/activity\/empowereu-academy-in-santa-cruz-portugal\/","name":"EmpowerEU Academy in Santa Cruz, Portugal - DYPALL Network","isPartOf":{"@id":"https:\/\/dypall.com\/#website"},"primaryImageOfPage":{"@id":"https:\/\/dypall.com\/activity\/empowereu-academy-in-santa-cruz-portugal\/#primaryimage"},"image":{"@id":"https:\/\/dypall.com\/activity\/empowereu-academy-in-santa-cruz-portugal\/#primaryimage"},"thumbnailUrl":"https:\/\/dypall.com\/wp-content\/uploads\/2024\/09\/image00031-scaled.jpeg","datePublished":"2024-09-27T15:16:28+00:00","dateModified":"2024-09-27T15:16:28+00:00","author":{"@id":"https:\/\/dypall.com\/#\/schema\/person\/e87206094ce8bcf88449b35f00e40fb1"},"description":"DYPALL Network organised the EmpowerEU Academy in Santa Cruz, Portugal, from 19th - 21st September 2024.The academy brought together more than 15 participants from across Portugal, who took part in insightful sessions exploring the structure and functions of EU institutions, the significance of youth engagement, and the development of critical thinking skills.","breadcrumb":{"@id":"https:\/\/dypall.com\/activity\/empowereu-academy-in-santa-cruz-portugal\/#breadcrumb"},"inLanguage":"hr","potentialAction":[{"@type":"ReadAction","target":["https:\/\/dypall.com\/activity\/empowereu-academy-in-santa-cruz-portugal\/"]}]},{"@type":"ImageObject","inLanguage":"hr","@id":"https:\/\/dypall.com\/activity\/empowereu-academy-in-santa-cruz-portugal\/#primaryimage","url":"https:\/\/dypall.com\/wp-content\/uploads\/2024\/09\/image00031-scaled.jpeg","contentUrl":"https:\/\/dypall.com\/wp-content\/uploads\/2024\/09\/image00031-scaled.jpeg","width":2560,"height":1920},{"@type":"BreadcrumbList","@id":"https:\/\/dypall.com\/activity\/empowereu-academy-in-santa-cruz-portugal\/#breadcrumb","itemListElement":[{"@type":"ListItem","position":1,"name":"Home","item":"https:\/\/dypall.com\/"},{"@type":"ListItem","position":2,"name":"EmpowerEU Academy in Santa Cruz, Portugal"}]},{"@type":"WebSite","@id":"https:\/\/dypall.com\/#website","url":"https:\/\/dypall.com\/","name":"DYPALL Network","description":"We are a European network of civil society organisations, municipalities and research institutions dedicated to improving democracy through youth participation.","potentialAction":[{"@type":"SearchAction","target":{"@type":"EntryPoint","urlTemplate":"https:\/\/dypall.com\/?s={search_term_string}"},"query-input":"required name=search_term_string"}],"inLanguage":"hr"},{"@type":"Person","@id":"https:\/\/dypall.com\/#\/schema\/person\/e87206094ce8bcf88449b35f00e40fb1","name":"DYPALL Network","image":{"@type":"ImageObject","inLanguage":"hr","@id":"https:\/\/dypall.com\/#\/schema\/person\/image\/","url":"https:\/\/secure.gravatar.com\/avatar\/1061d2d4c9b4f1a9b496774795b5deac1200dfd1d3abecb8f85cf8b580e6963b?s=96&d=mm&r=g","contentUrl":"https:\/\/secure.gravatar.com\/avatar\/1061d2d4c9b4f1a9b496774795b5deac1200dfd1d3abecb8f85cf8b580e6963b?s=96&d=mm&r=g","caption":"DYPALL Network"},"sameAs":["https:\/\/dypall.com\/"],"url":"https:\/\/dypall.com\/hr\/author\/dypallonsteroids\/"}]}},"jetpack_featured_media_url":"https:\/\/dypall.com\/wp-content\/uploads\/2024\/09\/image00031-scaled.jpeg","jetpack_sharing_enabled":true,"_links":{"self":[{"href":"https:\/\/dypall.com\/hr\/wp-json\/wp\/v2\/posts\/7742","targetHints":{"allow":["GET"]}}],"collection":[{"href":"https:\/\/dypall.com\/hr\/wp-json\/wp\/v2\/posts"}],"about":[{"href":"https:\/\/dypall.com\/hr\/wp-json\/wp\/v2\/types\/post"}],"author":[{"embeddable":true,"href":"https:\/\/dypall.com\/hr\/wp-json\/wp\/v2\/users\/5"}],"replies":[{"embeddable":true,"href":"https:\/\/dypall.com\/hr\/wp-json\/wp\/v2\/comments?post=7742"}],"version-history":[{"count":1,"href":"https:\/\/dypall.com\/hr\/wp-json\/wp\/v2\/posts\/7742\/revisions"}],"predecessor-version":[{"id":7747,"href":"https:\/\/dypall.com\/hr\/wp-json\/wp\/v2\/posts\/7742\/revisions\/7747"}],"wp:featuredmedia":[{"embeddable":true,"href":"https:\/\/dypall.com\/hr\/wp-json\/wp\/v2\/media\/7743"}],"wp:attachment":[{"href":"https:\/\/dypall.com\/hr\/wp-json\/wp\/v2\/media?parent=7742"}],"wp:term":[{"taxonomy":"category","embeddable":true,"href":"https:\/\/dypall.com\/hr\/wp-json\/wp\/v2\/categories?post=7742"},{"taxonomy":"post_tag","embeddable":true,"href":"https:\/\/dypall.com\/hr\/wp-json\/wp\/v2\/tags?post=7742"}],"curies":[{"name":"wp","href":"https:\/\/api.w.org\/{rel}","templated":true}]}}